{"id":63818,"date":"2023-10-16T06:40:01","date_gmt":"2023-10-16T10:40:01","guid":{"rendered":"https:\/\/lasprimeras.com.do\/?p=63818"},"modified":"2023-10-16T06:40:02","modified_gmt":"2023-10-16T10:40:02","slug":"refuerzos-del-licey-se-preparan-para-temporada-beisbol-de-la-rd","status":"publish","type":"post","link":"https:\/\/lasprimeras.com.do\/index.php\/2023\/10\/16\/refuerzos-del-licey-se-preparan-para-temporada-beisbol-de-la-rd\/","title":{"rendered":"Refuerzos del Licey se preparan para temporada beisbol de la RD"},"content":{"rendered":"\n<p>BOCA CHICA (Licey.com).- Siguen haciendo acto de presencia los refuerzos de los Campeones Nacionales, Tigres del Licey, en los entrenamientos de la organizaci\u00f3n a pocos d\u00edas para que inicie la temporada 2023-24, dedicada a la periodista deportiva Onfalia Morillo.<\/p>\n\n\n\n<p>En esta ocasi\u00f3n el inicialista Tristin English estuvo hablando sobre sus expectativas en la cual ser\u00eda su primera experiencia en la Liga de B\u00e9isbol Profesional Dominicano.<\/p>\n\n\n\n<p>\u201cEstoy emocionado de estar aqu\u00ed. He tenido compa\u00f1eros que han jugado en esta liga y me han hablado del ambiente que se vive en ella y como es lo m\u00e1s cercano a Grandes Ligas\u201d, expres\u00f3.<\/p>\n\n\n\n<p>English, de 26 a\u00f1os, es un jugador que lanza y batea a la derecha, mide seis pies y pesa 208 libras, pertenece a la organizaci\u00f3n de los Diamondbacks de Arizona y en el 2023, jug\u00f3 para el equipo Amarillo Sod Poodles y para Reno Aces, sucursales Doble-A y Triple-A, respectivamente.<\/p>\n\n\n\n<p>Combinando su actuaci\u00f3n en ambos circuitos, English bate\u00f3 para .300 con 23 cuadrangulares, 27 dobles, 74 carreras anotadas, 93 impulsadas, con OBP de .390 y .548 de SLG en 102 partidos.<\/p>\n\n\n\n<p>Sobre su participaci\u00f3n en el equipo azul, coment\u00f3:<\/p>\n\n\n\n<p>\u201cCreo que probablemente tenga m\u00e1s actuaci\u00f3n desde la primera base, me siento c\u00f3modo jugando desde los jardines o dentro del cuadro. Yo solo espero poder estar en la alineaci\u00f3n y aportar de cualquier forma posible\u201d.<\/p>\n\n\n\n<p>El nativo de Georgia hizo un llamado a los fan\u00e1ticos a traer las mejores de las energ\u00edas y ver que tan emocionante pueden ser.<\/p>\n\n\n\n<p>El campeonato oto\u00f1o-invernal 2023-24, dedicado a la periodista deportiva Onfalia Morillo, arranca el pr\u00f3ximo 19 de octubre, cuando los Tigres reciben la visita de los Leones del Escogido a las 7:15 pm, en el Estadio Quisqueya Juan Marichal.<\/p>\n","protected":false},"excerpt":{"rendered":"<p>BOCA CHICA (Licey.com).- Siguen haciendo acto de presencia los refuerzos de los Campeones Nacionales, Tigres del Licey, en los entrenamientos de la organizaci\u00f3n a pocos d\u00edas para que inicie la&hellip;<\/p>\n","protected":false},"author":3,"featured_media":63819,"comment_status":"open","ping_status":"open","sticky":false,"template":"","format":"standard","meta":{"content-type":"","jetpack_post_was_ever_published":false,"_jetpack_newsletter_access":"","_jetpack_dont_email_post_to_subs":false,"_jetpack_newsletter_tier_id":0,"_jetpack_memberships_contains_paywalled_content":false,"_jetpack_memberships_contains_paid_content":false,"footnotes":""},"categories":[1],"tags":[],"class_list":["post-63818","post","type-post","status-publish","format-standard","has-post-thumbnail","hentry","category-sin-categoria"],"jetpack_featured_media_url":"https:\/\/lasprimeras.com.do\/wp-content\/uploads\/2023\/10\/WhatsApp-Image-2023-10-15-at-8.04.52-PM-4.jpeg","jetpack-related-posts":[{"id":67249,"url":"https:\/\/lasprimeras.com.do\/index.php\/2023\/11\/14\/colombiano-jair-camargo-regresa-como-refuerzo-tigres-del-licey\/","url_meta":{"origin":63818,"position":0},"title":"Colombiano Jair Camargo regresa como refuerzo Tigres del Licey","author":"Nelson Feliz","date":"14 de noviembre de 2023","format":false,"excerpt":"SANTO DOMINGO (Licey.com).- Los Campeones Nacionales y del Caribe Tigres del Licey anunciaron la contrataci\u00f3n del receptor Jair Camargo, como refuerzo para la temporada en curso de la Liga de B\u00e9isbol Profesional de la Rep\u00fablica Dominicana, dedicada a Onfalia Morillo. Camargo, de 24 a\u00f1os, es un jugador nativo de Barranquilla,\u2026","rel":"","context":"En \u00abSin categor\u00eda\u00bb","block_context":{"text":"Sin categor\u00eda","link":"https:\/\/lasprimeras.com.do\/index.php\/category\/sin-categoria\/"},"img":{"alt_text":"Jair Camargo","src":"https:\/\/i0.wp.com\/lasprimeras.com.do\/wp-content\/uploads\/2023\/11\/Jair-Camargo.jpg?resize=350%2C200&ssl=1","width":350,"height":200},"classes":[]},{"id":65919,"url":"https:\/\/lasprimeras.com.do\/index.php\/2023\/11\/01\/los-tigres-del-licey-contratan-al-veterano-agente-libre-robel-garcia\/","url_meta":{"origin":63818,"position":1},"title":"Los Tigres del Licey contratan al veterano agente libre Robel Garc\u00eda","author":"BIMARY DE JES\u00daS Matos","date":"1 de noviembre de 2023","format":false,"excerpt":"SANTO DOMINGO.- Los Tigres del Licey han firmado al veterano jugador de cuadro, Robel Garc\u00eda. \u00abGarc\u00eda nos ofrece una gran versatilidad que ser\u00e1 muy \u00fatil para buscar el bicampeonato. Tiene la capacidad de batear a ambos lados del plato. Llega al conjunto a aportar su gran experiencia y habilidad de\u2026","rel":"","context":"En \u00abSin categor\u00eda\u00bb","block_context":{"text":"Sin categor\u00eda","link":"https:\/\/lasprimeras.com.do\/index.php\/category\/sin-categoria\/"},"img":{"alt_text":"","src":"https:\/\/i0.wp.com\/lasprimeras.com.do\/wp-content\/uploads\/2023\/11\/WhatsApp-Image-2023-11-01-at-9.19.48-AM-4.jpeg?resize=350%2C200&ssl=1","width":350,"height":200,"srcset":"https:\/\/i0.wp.com\/lasprimeras.com.do\/wp-content\/uploads\/2023\/11\/WhatsApp-Image-2023-11-01-at-9.19.48-AM-4.jpeg?resize=350%2C200&ssl=1 1x, https:\/\/i0.wp.com\/lasprimeras.com.do\/wp-content\/uploads\/2023\/11\/WhatsApp-Image-2023-11-01-at-9.19.48-AM-4.jpeg?resize=525%2C300&ssl=1 1.5x"},"classes":[]},{"id":72572,"url":"https:\/\/lasprimeras.com.do\/index.php\/2024\/01\/01\/licey-anuncia-a-sam-mcwilliams-como-refuerzo\/","url_meta":{"origin":63818,"position":2},"title":"Licey anuncia a Sam McWilliams como refuerzo","author":"BIMARY DE JES\u00daS Matos","date":"1 de enero de 2024","format":false,"excerpt":"SANTO DOMINGO.-Los Tigres del Licey anunci\u00f3 la contrataci\u00f3n del lanzador Sam McWilliams como refuerzo para la continuaci\u00f3n de la temporada 2023-24 de la Liga de B\u00e9isbol Profesional de la Rep\u00fablica Dominicana, dedicada a Onfalia Morillo. McWilliams es un pitcher derecho de 6-7 de estatura, 28 a\u00f1os y 230 libras con\u2026","rel":"","context":"En \u00abSin categor\u00eda\u00bb","block_context":{"text":"Sin categor\u00eda","link":"https:\/\/lasprimeras.com.do\/index.php\/category\/sin-categoria\/"},"img":{"alt_text":"","src":"","width":0,"height":0},"classes":[]},{"id":71805,"url":"https:\/\/lasprimeras.com.do\/index.php\/2023\/12\/23\/lesion-de-ronny-mauricio-habria-alejado-otros-mlb-jugar-en-lidom\/","url_meta":{"origin":63818,"position":3},"title":"Lesi\u00f3n de Ronny Mauricio habr\u00eda alejado otros MLB jugar en LIDOM","author":"BIMARY DE JES\u00daS Matos","date":"23 de diciembre de 2023","format":false,"excerpt":"SANTO DOMINGO.- El Jugador M\u00e1s Valioso de la pasada temporada de la Liga de B\u00e9isbol Profesional de Rep\u00fablica Dominicana (LIDOM), Ronny Mauricio, tuvo una historia en 2023 totalmente distinta, al sufrir una lesi\u00f3n en su rodilla que le sacar\u00e1 de acci\u00f3n por varios meses. La rotura del ligamento cruzado anterior\u2026","rel":"","context":"En \u00abSin categor\u00eda\u00bb","block_context":{"text":"Sin categor\u00eda","link":"https:\/\/lasprimeras.com.do\/index.php\/category\/sin-categoria\/"},"img":{"alt_text":"","src":"https:\/\/i0.wp.com\/lasprimeras.com.do\/wp-content\/uploads\/2023\/12\/Noticias-de-energia-55.png?resize=350%2C200&ssl=1","width":350,"height":200,"srcset":"https:\/\/i0.wp.com\/lasprimeras.com.do\/wp-content\/uploads\/2023\/12\/Noticias-de-energia-55.png?resize=350%2C200&ssl=1 1x, https:\/\/i0.wp.com\/lasprimeras.com.do\/wp-content\/uploads\/2023\/12\/Noticias-de-energia-55.png?resize=525%2C300&ssl=1 1.5x"},"classes":[]},{"id":67428,"url":"https:\/\/lasprimeras.com.do\/index.php\/2023\/11\/15\/tigres-anuncian-su-rotacion-para-los-proximos-partidos-beisbol\/","url_meta":{"origin":63818,"position":4},"title":"Tigres anuncian su rotaci\u00f3n para los pr\u00f3ximos partidos beisbol","author":"BIMARY DE JES\u00daS Matos","date":"15 de noviembre de 2023","format":false,"excerpt":"SANTO DOMINGO (Licey.com).- Los Campeones Nacionales y del Caribe, Tigres del Licey, anunciaron su rotaci\u00f3n para los pr\u00f3ximos cinco d\u00edas de la Liga de B\u00e9isbol Profesional de la Rep\u00fablica Dominicana. El norteamericano Logan Allen subir\u00e1 al mont\u00edculo contra las \u00c1guilas Cibae\u00f1as esta noche en el Estadio Cibao. El refuerzo azul\u2026","rel":"","context":"En \u00abSin categor\u00eda\u00bb","block_context":{"text":"Sin categor\u00eda","link":"https:\/\/lasprimeras.com.do\/index.php\/category\/sin-categoria\/"},"img":{"alt_text":"","src":"https:\/\/i0.wp.com\/lasprimeras.com.do\/wp-content\/uploads\/2023\/11\/WhatsApp-Image-2023-11-15-at-11.49.55-AM-1.jpeg?resize=350%2C200&ssl=1","width":350,"height":200,"srcset":"https:\/\/i0.wp.com\/lasprimeras.com.do\/wp-content\/uploads\/2023\/11\/WhatsApp-Image-2023-11-15-at-11.49.55-AM-1.jpeg?resize=350%2C200&ssl=1 1x, https:\/\/i0.wp.com\/lasprimeras.com.do\/wp-content\/uploads\/2023\/11\/WhatsApp-Image-2023-11-15-at-11.49.55-AM-1.jpeg?resize=525%2C300&ssl=1 1.5x"},"classes":[]},{"id":64122,"url":"https:\/\/lasprimeras.com.do\/index.php\/2023\/10\/18\/los-tigres-del-licey-firman-al-agente-libre-alen-hanson\/","url_meta":{"origin":63818,"position":5},"title":"Los Tigres del Licey firman al agente libre Alen Hanson","author":"BIMARY DE JES\u00daS Matos","date":"18 de octubre de 2023","format":false,"excerpt":"Santo Domingo.- El jugador de varias posiciones Alen Hanson ha sido firmado por los Tigres del Licey como agente libre, a dos d\u00edas de iniciarse la temporada de b\u00e9isbol profesional. El anuncio lo hizo el gerente del equipo azul Audo Vicente, quien destac\u00f3 las herramientas con la que el vers\u00e1til\u2026","rel":"","context":"En \u00abSin categor\u00eda\u00bb","block_context":{"text":"Sin categor\u00eda","link":"https:\/\/lasprimeras.com.do\/index.php\/category\/sin-categoria\/"},"img":{"alt_text":"","src":"https:\/\/i0.wp.com\/lasprimeras.com.do\/wp-content\/uploads\/2023\/10\/WhatsApp-Image-2023-09-16-at-4.14.02-PM-2-8.jpeg?resize=350%2C200&ssl=1","width":350,"height":200,"srcset":"https:\/\/i0.wp.com\/lasprimeras.com.do\/wp-content\/uploads\/2023\/10\/WhatsApp-Image-2023-09-16-at-4.14.02-PM-2-8.jpeg?resize=350%2C200&ssl=1 1x, https:\/\/i0.wp.com\/lasprimeras.com.do\/wp-content\/uploads\/2023\/10\/WhatsApp-Image-2023-09-16-at-4.14.02-PM-2-8.jpeg?resize=525%2C300&ssl=1 1.5x, https:\/\/i0.wp.com\/lasprimeras.com.do\/wp-content\/uploads\/2023\/10\/WhatsApp-Image-2023-09-16-at-4.14.02-PM-2-8.jpeg?resize=700%2C400&ssl=1 2x"},"classes":[]}],"jetpack_sharing_enabled":true,"_links":{"self":[{"href":"https:\/\/lasprimeras.com.do\/index.php\/wp-json\/wp\/v2\/posts\/63818","targetHints":{"allow":["GET"]}}],"collection":[{"href":"https:\/\/lasprimeras.com.do\/index.php\/wp-json\/wp\/v2\/posts"}],"about":[{"href":"https:\/\/lasprimeras.com.do\/index.php\/wp-json\/wp\/v2\/types\/post"}],"author":[{"embeddable":true,"href":"https:\/\/lasprimeras.com.do\/index.php\/wp-json\/wp\/v2\/users\/3"}],"replies":[{"embeddable":true,"href":"https:\/\/lasprimeras.com.do\/index.php\/wp-json\/wp\/v2\/comments?post=63818"}],"version-history":[{"count":1,"href":"https:\/\/lasprimeras.com.do\/index.php\/wp-json\/wp\/v2\/posts\/63818\/revisions"}],"predecessor-version":[{"id":63820,"href":"https:\/\/lasprimeras.com.do\/index.php\/wp-json\/wp\/v2\/posts\/63818\/revisions\/63820"}],"wp:featuredmedia":[{"embeddable":true,"href":"https:\/\/lasprimeras.com.do\/index.php\/wp-json\/wp\/v2\/media\/63819"}],"wp:attachment":[{"href":"https:\/\/lasprimeras.com.do\/index.php\/wp-json\/wp\/v2\/media?parent=63818"}],"wp:term":[{"taxonomy":"category","embeddable":true,"href":"https:\/\/lasprimeras.com.do\/index.php\/wp-json\/wp\/v2\/categories?post=63818"},{"taxonomy":"post_tag","embeddable":true,"href":"https:\/\/lasprimeras.com.do\/index.php\/wp-json\/wp\/v2\/tags?post=63818"}],"curies":[{"name":"wp","href":"https:\/\/api.w.org\/{rel}","templated":true}]}}