{"id":63821,"date":"2023-10-16T06:41:22","date_gmt":"2023-10-16T10:41:22","guid":{"rendered":"https:\/\/lasprimeras.com.do\/?p=63821"},"modified":"2023-10-16T06:41:24","modified_gmt":"2023-10-16T10:41:24","slug":"marileidy-paulino-entre-grandes-estrellas-de-panamericanos-2023","status":"publish","type":"post","link":"https:\/\/lasprimeras.com.do\/index.php\/2023\/10\/16\/marileidy-paulino-entre-grandes-estrellas-de-panamericanos-2023\/","title":{"rendered":"Marileidy Paulino entre grandes estrellas de Panamericanos 2023"},"content":{"rendered":"\n<p>CHILE.- Los vaticinios no pueden ser mejores, seg\u00fan los organizadores.<\/p>\n\n\n\n<p>\u00abSantiago 2023 ser\u00e1n unos Juegos muy competidos, espero que quede en el recuerdo como una gran fiesta\u00bb, seg\u00fan Jaime Pizarro, presidente del Comit\u00e9 Organizador de los Panamericanos 2023.<\/p>\n\n\n\n<p>A ello ayuda la presencia de grandes campeones ol\u00edmpicos y mundiales que dar\u00e1n mayor brillo a la competici\u00f3n continental.<br>Nombres como Richard Carapaz, Marileidy Paulino, Rebeca Andrade, Maggie MacNeil, Julio C\u00e9sar La Cruz o Alejandra Orozco animan a seguir los Juegos, m\u00e1xime cuando estamos a nueve meses de los Juegos Ol\u00edmpicos de Par\u00eds.<\/p>\n\n\n\n<p>MARILEYDY PAULINO<\/p>\n\n\n\n<p>Toda una campeona mundial en Santiago de Chile. La dominicana lucir\u00e1 el oro conseguido en los 400 metros en el reciente Mundial de Budapest en la capital chilena, donde competir\u00e1 en las pruebas de 200 metros y en la vuelta a la pista, donde pretende superar su marca de 48,76 segundos conseguida en tierras h\u00fangaras el pasado agosto.<\/p>\n\n\n\n<p>En el historial de esta dominicana, que durante la competici\u00f3n cumplir\u00e1 27 a\u00f1os, luce las medallas de plata ol\u00edmpicas conseguidas en Tokio 2020 en los 400 metros y en el relevo 4\u00d7400.<\/p>\n\n\n\n<p>REBECA ANDRADE<br>La brasile\u00f1a se presenta como una de las estrellas del tapiz en Santiago 2023 de las pruebas de gimnasia art\u00edstica, m\u00e1s tras su medalla de oro en salto conseguida en los Mundiales de Amberes (B\u00e9lgica) venciendo ni m\u00e1s ni menos que a la megaestrella estadounidense Simone Biles.<\/p>\n\n\n\n<p>Andrade, de 24 a\u00f1os, tambi\u00e9n alcanz\u00f3 la plata en el ejercicio de suelo y el bronce en la prueba individual. La brasile\u00f1a tendr\u00e1 como grandes rivales al equipo estadounidense, formado por Jordan Chiles, campeona del mundo y subcampeona ol\u00edmpica por equipos, Kayla DiCello, Kaliya Lincoln, Zoe Miller y Tiana Sumanasekera.<\/p>\n\n\n\n<p>RICHARD CARAPAZ<\/p>\n\n\n\n<p>El ciclista ecuatoriano, ganador del Giro de Italia 2019 y oro en la prueba de ruta de los Juegos Ol\u00edmpicos de Tokio 2020 -m\u00e1s su segundo puesto en la Vuelta a Espa\u00f1a 2020 y el tercero en el Tour de Francia 2021-, busca la presea dorada en los Panamericanos de Chile, donde se presenta como el gran favorito.<\/p>\n\n\n\n<p>El ecuatoriano Richard Carapaz busca las medallas de oro en las pruebas de contrarreloj y ruta en Santiago 2023.<br>El ecuatoriano Richard Carapaz busca las medallas de oro en las pruebas de contrarreloj y ruta en Santiago 2023.EFE<\/p>\n\n\n\n<p>La \u201cLocomotora de Carchi\u201d, de 30 a\u00f1os, como es conocido, tendr\u00e1 una doble opci\u00f3n de medalla en las pruebas de contrarreloj y de ruta en las que participar\u00e1.<\/p>\n\n\n\n<p>JULIO C\u00c9SAR LA CRUZ<\/p>\n\n\n\n<p>\u201cEstoy listo para ir a Chile para brindar lo mejor en nuestras presentaciones y tratar de lograr la mayor cantidad de t\u00edtulos para nuestro pa\u00eds\u201d, explica el boxeador cubano Julio C\u00e9sar La Cruz en declaraciones recogidas por el sitio oficial de los Panamericanos de Santiago de Chile, santiago2023.org.<\/p>\n\n\n\n<p>A sus dos campeonatos ol\u00edmpicos de los pesos pesados en R\u00edo de Janeiro 2016 y Tokio 2020, se a\u00f1aden las medallas de oro en la misma categor\u00eda de los Panamericanos de Guadalajara 2011, Toronto 2015 y Lima 2019.<\/p>\n\n\n\n<p>Conocido como \u201cLa Sombra\u201d, a sus 34 a\u00f1os, es el m\u00e1ximo favorito al colgarse el oro en el Centro de Entrenamiento Ol\u00edmpico en \u00d1u\u00f1oa, escenario de las pruebas de boxeo.<\/p>\n\n\n\n<p>ALEJANDRA OROZCO<\/p>\n\n\n\n<p>La clavadista mexicana, plata en los Juegos Ol\u00edmpicos de Londres 2012 -junto a Paola Espinosa- y bronce en Tokio 2020 -al lado de Gabriela Ag\u00fandez-, las dos veces en saltos sincronizados de 10 metros, asegura que va \u201ca por el oro\u201d en Santiago de Chile, a pesar de que su cuerpo tiene fallas, como asegura.<\/p>\n\n\n\n<p>La mexicana Alejandra Orozco<br>La mexicana Alejandra Orozco busca el oro en los clavados de Santiago 2023. EFE\/ Fernando BizerraEFE<\/p>\n\n\n\n<p>\u00abLlevo tres ciclos, mi cuerpo tiene fallitas, pero mantengo la ilusi\u00f3n y el nivel para luchar por oro en los Panamericanos de Santiago 2023 y por otra medalla ol\u00edmpica en Par\u00eds 2024\u00bb, dijo a EFE. Orozco, de 26 a\u00f1os, asegura que \u00abvoy por el oro que no he conseguido en Panamericanos\u201d, tras el bronce por parejas conseguido en Toronto 2015, y la plata en individual y el bronce en sincronizada en Lima 2019.<\/p>\n\n\n\n<p>\u201cLo veo posible, aunque ser\u00e1 una dura competencia contra rivales de calidad mundial de Estados Unidos, Canad\u00e1, Brasil, Cuba y otros pa\u00edses\u00bb.<\/p>\n\n\n\n<p>La canadiense, medallista ol\u00edmpica en Tokio 2020, es una de las grandes estrellas de la nataci\u00f3n panamericana de Santiago 2023.<\/p>\n\n\n\n<p>Campeona ol\u00edmpica de los 100 metros mariposa en los Ol\u00edmpicos de 2020 y campeona mundial de la misma distancia en Gwangju 2019, MacNeil une el oro en los mundiales de piscina corta de Melbourne 2022 en 50 metros mariposa, 50 espalda y 100 mariposa.<\/p>\n\n\n\n<p>Un historial de altura que la canadiense de 23 a\u00f1os espera agrandar en la cita panamericana.<\/p>\n","protected":false},"excerpt":{"rendered":"<p>CHILE.- Los vaticinios no pueden ser mejores, seg\u00fan los organizadores. \u00abSantiago 2023 ser\u00e1n unos Juegos muy competidos, espero que quede en el recuerdo como una gran fiesta\u00bb, seg\u00fan Jaime Pizarro,&hellip;<\/p>\n","protected":false},"author":3,"featured_media":63822,"comment_status":"open","ping_status":"open","sticky":false,"template":"","format":"standard","meta":{"content-type":"","jetpack_post_was_ever_published":false,"_jetpack_newsletter_access":"","_jetpack_dont_email_post_to_subs":false,"_jetpack_newsletter_tier_id":0,"_jetpack_memberships_contains_paywalled_content":false,"_jetpack_memberships_contains_paid_content":false,"footnotes":""},"categories":[1],"tags":[],"class_list":["post-63821","post","type-post","status-publish","format-standard","has-post-thumbnail","hentry","category-sin-categoria"],"jetpack_featured_media_url":"https:\/\/lasprimeras.com.do\/wp-content\/uploads\/2023\/10\/WhatsApp-Image-2023-10-15-at-8.04.52-PM-5.jpeg","jetpack-related-posts":[{"id":58245,"url":"https:\/\/lasprimeras.com.do\/index.php\/2023\/08\/22\/marileidy-paulino-pasa-a-la-final-mundial-de-atletismo-de-budapest\/","url_meta":{"origin":63821,"position":0},"title":"Marileidy Paulino pasa a la final Mundial de Atletismo de Budapest","author":"Nelson Feliz","date":"22 de agosto de 2023","format":false,"excerpt":"HUNGRIA.- La velocista Marileidy Paulino ofreci\u00f3 otra gran demostraci\u00f3n al clasificar a la final de los 400 metros planos en el Campeonato Mundial de Atletismo que se celebra en Budapest, Hungria. Paulino ocup\u00f3 el primer de los tres heats que present\u00f3 la especialidad al cronometrar 49.54 segundos sin mayores esfuerzos\u2026","rel":"","context":"En \u00abSin categor\u00eda\u00bb","block_context":{"text":"Sin categor\u00eda","link":"https:\/\/lasprimeras.com.do\/index.php\/category\/sin-categoria\/"},"img":{"alt_text":"Marileidy Paulino","src":"https:\/\/i0.wp.com\/lasprimeras.com.do\/wp-content\/uploads\/2023\/08\/Marileidy-Paulino.jpg?resize=350%2C200&ssl=1","width":350,"height":200,"srcset":"https:\/\/i0.wp.com\/lasprimeras.com.do\/wp-content\/uploads\/2023\/08\/Marileidy-Paulino.jpg?resize=350%2C200&ssl=1 1x, https:\/\/i0.wp.com\/lasprimeras.com.do\/wp-content\/uploads\/2023\/08\/Marileidy-Paulino.jpg?resize=525%2C300&ssl=1 1.5x, https:\/\/i0.wp.com\/lasprimeras.com.do\/wp-content\/uploads\/2023\/08\/Marileidy-Paulino.jpg?resize=700%2C400&ssl=1 2x, https:\/\/i0.wp.com\/lasprimeras.com.do\/wp-content\/uploads\/2023\/08\/Marileidy-Paulino.jpg?resize=1050%2C600&ssl=1 3x, https:\/\/i0.wp.com\/lasprimeras.com.do\/wp-content\/uploads\/2023\/08\/Marileidy-Paulino.jpg?resize=1400%2C800&ssl=1 4x"},"classes":[]},{"id":58438,"url":"https:\/\/lasprimeras.com.do\/index.php\/2023\/08\/24\/abinader-destaca-oro-de-marileidy-paulino-en-mundial-de-atletismo\/","url_meta":{"origin":63821,"position":1},"title":"Abinader destaca oro de Marileidy Paulino en Mundial de Atletismo","author":"Nelson Feliz","date":"24 de agosto de 2023","format":false,"excerpt":"La conquista por la dominicana Marileidy Paulino de la medalla de oro en los 400 metros del Mundial de atletismo en Budapest ha sido destacada por el presidente del pa\u00eds, Luis Abinader, quien asegur\u00f3 que la velocista \u00abllena de orgullo a toda la naci\u00f3n\u00bb. Paulino, quien fij\u00f3 una nueva marca\u2026","rel":"","context":"En \u00abSin categor\u00eda\u00bb","block_context":{"text":"Sin categor\u00eda","link":"https:\/\/lasprimeras.com.do\/index.php\/category\/sin-categoria\/"},"img":{"alt_text":"Marileidy Paulino","src":"https:\/\/i0.wp.com\/lasprimeras.com.do\/wp-content\/uploads\/2023\/08\/Marileidy-Paulino-1.jpeg?resize=350%2C200&ssl=1","width":350,"height":200,"srcset":"https:\/\/i0.wp.com\/lasprimeras.com.do\/wp-content\/uploads\/2023\/08\/Marileidy-Paulino-1.jpeg?resize=350%2C200&ssl=1 1x, https:\/\/i0.wp.com\/lasprimeras.com.do\/wp-content\/uploads\/2023\/08\/Marileidy-Paulino-1.jpeg?resize=525%2C300&ssl=1 1.5x, https:\/\/i0.wp.com\/lasprimeras.com.do\/wp-content\/uploads\/2023\/08\/Marileidy-Paulino-1.jpeg?resize=700%2C400&ssl=1 2x"},"classes":[]},{"id":67345,"url":"https:\/\/lasprimeras.com.do\/index.php\/2023\/11\/15\/pabellon-de-la-fama-dedica-a-marileidy-ceremonial-exaltacion\/","url_meta":{"origin":63821,"position":2},"title":"Pabell\u00f3n de la Fama dedica a Marileidy Ceremonial Exaltaci\u00f3n","author":"BIMARY DE JES\u00daS Matos","date":"15 de noviembre de 2023","format":false,"excerpt":"SANTO DOMINGO. La connotada velocista Marileidy Paulino ser\u00e1 reconocida por el Pabell\u00f3n de la Fama del Deporte Dominicano, por el extraordinario desempe\u00f1o que ha tenido este a\u00f1o en los Mundiales de Atletismo, los Centroamericanos y del Caribe de San Salvador y Juegos Panamericanos de Chile. Paulino ser\u00e1 honrada con la\u2026","rel":"","context":"En \u00abSin categor\u00eda\u00bb","block_context":{"text":"Sin categor\u00eda","link":"https:\/\/lasprimeras.com.do\/index.php\/category\/sin-categoria\/"},"img":{"alt_text":"","src":"https:\/\/i0.wp.com\/lasprimeras.com.do\/wp-content\/uploads\/2023\/11\/valentin-23.jpg?resize=350%2C200&ssl=1","width":350,"height":200},"classes":[]},{"id":65676,"url":"https:\/\/lasprimeras.com.do\/index.php\/2023\/10\/30\/marileidy-paulino-cierra-el-oro-para-la-cuarteta-4x400-metros-en-los-panamericanos\/","url_meta":{"origin":63821,"position":3},"title":"Marileidy Paulino cierra el oro para la cuarteta 4&#215;400 metros en los Panamericanos","author":"Nelson Feliz","date":"30 de octubre de 2023","format":false,"excerpt":"Dominicana llega a 20 medallas, entre ellas seis de oro en el certamen. La Rep\u00fablica Dominicana gan\u00f3 la medalla de oro en el relevo mixto 4x400 metros de los Juegos Panamericanos, con un gran cierre de Marileidy Paulino. Una inmensa Paulino, que 'vol\u00f3' este lunes en la pista del Estadio\u2026","rel":"","context":"En \u00abPORTADA\u00bb","block_context":{"text":"PORTADA","link":"https:\/\/lasprimeras.com.do\/index.php\/category\/portada\/"},"img":{"alt_text":"marileydi","src":"https:\/\/i0.wp.com\/lasprimeras.com.do\/wp-content\/uploads\/2023\/10\/marileydi.jpg?resize=350%2C200&ssl=1","width":350,"height":200,"srcset":"https:\/\/i0.wp.com\/lasprimeras.com.do\/wp-content\/uploads\/2023\/10\/marileydi.jpg?resize=350%2C200&ssl=1 1x, https:\/\/i0.wp.com\/lasprimeras.com.do\/wp-content\/uploads\/2023\/10\/marileydi.jpg?resize=525%2C300&ssl=1 1.5x"},"classes":[]},{"id":66327,"url":"https:\/\/lasprimeras.com.do\/index.php\/2023\/11\/06\/marileidy-retorna-a-rd-tras-brillar-en-los-panamericanos-bienvenida-nuestra-campeona\/","url_meta":{"origin":63821,"position":4},"title":"Marileidy retorna a RD tras brillar en los Panamericanos: \u201cBienvenida nuestra campeona\u201d","author":"BIMARY DE JES\u00daS Matos","date":"6 de noviembre de 2023","format":false,"excerpt":"Santo Domingo.-Marileidy Paulino ya se encuentra en Rep\u00fablica Dominicana. Tras lograr cuatro medallas: dos oros, una plata y un bronce, la atleta velocista aterriz\u00f3 en el Aeropuerto Internacional de las Am\u00e9ricas en la madrugada de este domingo. \u201cCon sabor a patria\u201d, al ritmo de m\u00fasica t\u00edpica, Paulino fue recibida en\u2026","rel":"","context":"En \u00abSin categor\u00eda\u00bb","block_context":{"text":"Sin categor\u00eda","link":"https:\/\/lasprimeras.com.do\/index.php\/category\/sin-categoria\/"},"img":{"alt_text":"","src":"https:\/\/i0.wp.com\/lasprimeras.com.do\/wp-content\/uploads\/2023\/11\/WhatsApp-Image-2023-11-04-at-7.05.43-PM-9.jpeg?resize=350%2C200&ssl=1","width":350,"height":200,"srcset":"https:\/\/i0.wp.com\/lasprimeras.com.do\/wp-content\/uploads\/2023\/11\/WhatsApp-Image-2023-11-04-at-7.05.43-PM-9.jpeg?resize=350%2C200&ssl=1 1x, https:\/\/i0.wp.com\/lasprimeras.com.do\/wp-content\/uploads\/2023\/11\/WhatsApp-Image-2023-11-04-at-7.05.43-PM-9.jpeg?resize=525%2C300&ssl=1 1.5x"},"classes":[]},{"id":83074,"url":"https:\/\/lasprimeras.com.do\/index.php\/2024\/05\/11\/marileidy-paulino-gana-oro-en-los-juegos-olimpicos-con-metas-claras\/","url_meta":{"origin":63821,"position":5},"title":"Marileidy Paulino gana oro en los Juegos Ol\u00edmpicos con metas claras","author":"BIMARY DE JES\u00daS Matos","date":"11 de mayo de 2024","format":false,"excerpt":"Santo Domingo.- La campeona mundial y medallista ol\u00edmpica en los 400 metros, Marileidy Paulino, tiene entre sus metas ganar oro en los Juegos Ol\u00edmpicos. Este viernes, el ministro de Deportes y Recreaci\u00f3n, Francisco Camacho, recibi\u00f3 la visita de Paulino quien le asegur\u00f3 que dar\u00e1 el m\u00e1ximo en los Juegos Ol\u00edmpicos\u2026","rel":"","context":"En \u00abSin categor\u00eda\u00bb","block_context":{"text":"Sin categor\u00eda","link":"https:\/\/lasprimeras.com.do\/index.php\/category\/sin-categoria\/"},"img":{"alt_text":"","src":"https:\/\/i0.wp.com\/lasprimeras.com.do\/wp-content\/uploads\/2024\/05\/Diseno-sin-titulo-1.webp?resize=350%2C200&ssl=1","width":350,"height":200,"srcset":"https:\/\/i0.wp.com\/lasprimeras.com.do\/wp-content\/uploads\/2024\/05\/Diseno-sin-titulo-1.webp?resize=350%2C200&ssl=1 1x, https:\/\/i0.wp.com\/lasprimeras.com.do\/wp-content\/uploads\/2024\/05\/Diseno-sin-titulo-1.webp?resize=525%2C300&ssl=1 1.5x"},"classes":[]}],"jetpack_sharing_enabled":true,"_links":{"self":[{"href":"https:\/\/lasprimeras.com.do\/index.php\/wp-json\/wp\/v2\/posts\/63821","targetHints":{"allow":["GET"]}}],"collection":[{"href":"https:\/\/lasprimeras.com.do\/index.php\/wp-json\/wp\/v2\/posts"}],"about":[{"href":"https:\/\/lasprimeras.com.do\/index.php\/wp-json\/wp\/v2\/types\/post"}],"author":[{"embeddable":true,"href":"https:\/\/lasprimeras.com.do\/index.php\/wp-json\/wp\/v2\/users\/3"}],"replies":[{"embeddable":true,"href":"https:\/\/lasprimeras.com.do\/index.php\/wp-json\/wp\/v2\/comments?post=63821"}],"version-history":[{"count":1,"href":"https:\/\/lasprimeras.com.do\/index.php\/wp-json\/wp\/v2\/posts\/63821\/revisions"}],"predecessor-version":[{"id":63823,"href":"https:\/\/lasprimeras.com.do\/index.php\/wp-json\/wp\/v2\/posts\/63821\/revisions\/63823"}],"wp:featuredmedia":[{"embeddable":true,"href":"https:\/\/lasprimeras.com.do\/index.php\/wp-json\/wp\/v2\/media\/63822"}],"wp:attachment":[{"href":"https:\/\/lasprimeras.com.do\/index.php\/wp-json\/wp\/v2\/media?parent=63821"}],"wp:term":[{"taxonomy":"category","embeddable":true,"href":"https:\/\/lasprimeras.com.do\/index.php\/wp-json\/wp\/v2\/categories?post=63821"},{"taxonomy":"post_tag","embeddable":true,"href":"https:\/\/lasprimeras.com.do\/index.php\/wp-json\/wp\/v2\/tags?post=63821"}],"curies":[{"name":"wp","href":"https:\/\/api.w.org\/{rel}","templated":true}]}}