{"id":63871,"date":"2023-10-16T14:12:12","date_gmt":"2023-10-16T18:12:12","guid":{"rendered":"https:\/\/lasprimeras.com.do\/?p=63871"},"modified":"2023-10-16T14:12:13","modified_gmt":"2023-10-16T18:12:13","slug":"vehiculos-de-emergencia-tendran-un-paso-rapido-exclusivo-por-estaciones-de-peajes","status":"publish","type":"post","link":"https:\/\/lasprimeras.com.do\/index.php\/2023\/10\/16\/vehiculos-de-emergencia-tendran-un-paso-rapido-exclusivo-por-estaciones-de-peajes\/","title":{"rendered":"Veh\u00edculos de emergencia tendr\u00e1n un paso r\u00e1pido exclusivo por estaciones de peajes"},"content":{"rendered":"\n<p>SANTO DOMINGO.- La oficina coordinadora del fideicomiso RD Vial, inform\u00f3 que a partir del 15 de noviembre de 2023 los veh\u00edculos de atenci\u00f3n a emergencia contar\u00e1n con un dispositivo electr\u00f3nico especial que les permitir\u00e1 transitar por los carriles de Paso R\u00e1pido por todas las estaciones de peajes que cuentan con este servicio.<\/p>\n\n\n\n<p>El director de RD Vial, Jean Luis Rodr\u00edguez, inform\u00f3 que con esta medida se busca seguir agilizando el tr\u00e1nsito en las estaciones, \u201cy con esta en particular, disminuir a 10 y 30 segundos el tiempo que tarda un veh\u00edculo de emergencia en pasar, con lo cual evitamos que se ponga en mayor riesgo la vida y bienes de los ciudadanos, contribuyendo que la ayuda llegue en tiempo oportuno\u201d.<\/p>\n\n\n\n<p>\u201cAutomatizaremos un proceso que por a\u00f1os ha funcionado de manera manual. Un veh\u00edculo de emergencia no ten\u00eda un carril exclusivo para transitar, sino que se encontraba en la fila con los dem\u00e1s y depend\u00eda del factor y la proactividad humana para continuar su marcha, sin embargo desde el 15 de noviembre pasar\u00e1n por los carriles exclusivos de Paso R\u00e1pido, contando con un dispositivo electr\u00f3nico \u00fanico, que tambi\u00e9n evitar\u00e1 la discrecionalidad humana para dar acceso y paso, robusteciendo los controles de seguridad y eficiencia\u201d, explic\u00f3.<\/p>\n\n\n\n<p>Instituciones y organismos que aplican en la medida<\/p>\n\n\n\n<p>Bajo la coordinaci\u00f3n previa con RD Vial, solo podr\u00e1n transitar por las estaciones de peaje con este servicio exclusivo los veh\u00edculos de la Asistencia V\u00eda (COMIPOL), Polic\u00eda Nacional, Sistema de Atenci\u00f3n a Emergencia y Seguridad 9-1-1, Ministerio de Defensa (Ej\u00e9rcito, Fuerza A\u00e9rea, Armada Dominicana), as\u00ed como los de la Direcci\u00f3n Nacional de Control de Drogas (DNCD) y cuerpos de Bomberos, cuando misiones especiales impliquen desplazamientos fuera de su jurisdicci\u00f3n asignada.<\/p>\n","protected":false},"excerpt":{"rendered":"<p>SANTO DOMINGO.- La oficina coordinadora del fideicomiso RD Vial, inform\u00f3 que a partir del 15 de noviembre de 2023 los veh\u00edculos de atenci\u00f3n a emergencia contar\u00e1n con un dispositivo electr\u00f3nico&hellip;<\/p>\n","protected":false},"author":3,"featured_media":63872,"comment_status":"open","ping_status":"open","sticky":false,"template":"","format":"standard","meta":{"content-type":"","jetpack_post_was_ever_published":false,"_jetpack_newsletter_access":"","_jetpack_dont_email_post_to_subs":false,"_jetpack_newsletter_tier_id":0,"_jetpack_memberships_contains_paywalled_content":false,"_jetpack_memberships_contains_paid_content":false,"footnotes":""},"categories":[25],"tags":[],"class_list":["post-63871","post","type-post","status-publish","format-standard","has-post-thumbnail","hentry","category-portada"],"jetpack_featured_media_url":"https:\/\/lasprimeras.com.do\/wp-content\/uploads\/2023\/10\/WhatsApp-Image-2023-10-16-at-11.32.47-AM-1.webp","jetpack-related-posts":[{"id":63739,"url":"https:\/\/lasprimeras.com.do\/index.php\/2023\/10\/15\/vehiculos-de-emergencia-tendran-paso-rapido-exclusivo-por-estaciones-de-peajes\/","url_meta":{"origin":63871,"position":0},"title":"Veh\u00edculos de emergencia tendr\u00e1n paso r\u00e1pido exclusivo por estaciones de peajes","author":"BIMARY DE JES\u00daS Matos","date":"15 de octubre de 2023","format":false,"excerpt":"Santo Domingo.\u2013 La oficina coordinadora del fideicomiso RD Vial inform\u00f3 que a partir del 15 de noviembre de 2023 los veh\u00edculos de atenci\u00f3n a emergencia contaran con un dispositivo electr\u00f3nico especial que les permitir\u00e1 transitar por los carriles de Paso R\u00e1pido por todas las estaciones de peajes que cuentan con\u2026","rel":"","context":"En \u00abPORTADA\u00bb","block_context":{"text":"PORTADA","link":"https:\/\/lasprimeras.com.do\/index.php\/category\/portada\/"},"img":{"alt_text":"","src":"https:\/\/i0.wp.com\/lasprimeras.com.do\/wp-content\/uploads\/2023\/10\/parque-vehicular-focus-0-0-896-504.webp?resize=350%2C200&ssl=1","width":350,"height":200,"srcset":"https:\/\/i0.wp.com\/lasprimeras.com.do\/wp-content\/uploads\/2023\/10\/parque-vehicular-focus-0-0-896-504.webp?resize=350%2C200&ssl=1 1x, https:\/\/i0.wp.com\/lasprimeras.com.do\/wp-content\/uploads\/2023\/10\/parque-vehicular-focus-0-0-896-504.webp?resize=525%2C300&ssl=1 1.5x, https:\/\/i0.wp.com\/lasprimeras.com.do\/wp-content\/uploads\/2023\/10\/parque-vehicular-focus-0-0-896-504.webp?resize=700%2C400&ssl=1 2x, https:\/\/i0.wp.com\/lasprimeras.com.do\/wp-content\/uploads\/2023\/10\/parque-vehicular-focus-0-0-896-504.webp?resize=1050%2C600&ssl=1 3x"},"classes":[]},{"id":74194,"url":"https:\/\/lasprimeras.com.do\/index.php\/2024\/01\/20\/rd-vial-inicia-trabajos-para-instalacion-de-paso-rapido-en-las-16-vias-de-peajes-del-nordeste\/","url_meta":{"origin":63871,"position":1},"title":"RD Vial inicia trabajos para instalaci\u00f3n de paso r\u00e1pido en las 16 v\u00edas de peajes del Nordeste","author":"BIMARY DE JES\u00daS Matos","date":"20 de enero de 2024","format":false,"excerpt":"Santo Domingo.\u2013 El fideicomiso RD Vial anunci\u00f3 que fueron iniciados los trabajos para la instalaci\u00f3n de los equipos para la posterior entrada en funcionamiento del sistema de Paso R\u00e1pido en las cuatro estaciones de peajes del Nordeste y continuar agilizando el tr\u00e1nsito por las estaciones que contar\u00e1n con 16 v\u00edas\u2026","rel":"","context":"En \u00abPORTADA\u00bb","block_context":{"text":"PORTADA","link":"https:\/\/lasprimeras.com.do\/index.php\/category\/portada\/"},"img":{"alt_text":"","src":"https:\/\/i0.wp.com\/lasprimeras.com.do\/wp-content\/uploads\/2024\/01\/WhatsApp-Image-2024-01-19-at-7.03.50-PM.webp?resize=350%2C200&ssl=1","width":350,"height":200,"srcset":"https:\/\/i0.wp.com\/lasprimeras.com.do\/wp-content\/uploads\/2024\/01\/WhatsApp-Image-2024-01-19-at-7.03.50-PM.webp?resize=350%2C200&ssl=1 1x, https:\/\/i0.wp.com\/lasprimeras.com.do\/wp-content\/uploads\/2024\/01\/WhatsApp-Image-2024-01-19-at-7.03.50-PM.webp?resize=525%2C300&ssl=1 1.5x"},"classes":[]},{"id":76057,"url":"https:\/\/lasprimeras.com.do\/index.php\/2024\/02\/07\/el-naranjal-y-marbella-se-convierten-en-los-primeros-peajes-del-nordeste-con-paso-rapido\/","url_meta":{"origin":63871,"position":2},"title":"El Naranjal y Marbella se convierten en los primeros peajes del nordeste con Paso R\u00e1pido","author":"Nelson Feliz","date":"7 de febrero de 2024","format":false,"excerpt":"La oficina coordinadora del fideicomiso RD Vial anunci\u00f3 la entrada en funcionamiento del servicio de Paso R\u00e1pido en los cuatro carriles de la estaci\u00f3n El Naranjal y los de Marbella, ubicados en la autov\u00eda del nordeste, conectando esta importante v\u00eda a un moderno sistema de pago electr\u00f3nico para la agilizaci\u00f3n\u2026","rel":"","context":"En \u00abECONOM\u00cdA\u00bb","block_context":{"text":"ECONOM\u00cdA","link":"https:\/\/lasprimeras.com.do\/index.php\/category\/economia\/"},"img":{"alt_text":"PasoRa\u0301pido","src":"https:\/\/i0.wp.com\/lasprimeras.com.do\/wp-content\/uploads\/2024\/02\/PasoRapido.png?resize=350%2C200&ssl=1","width":350,"height":200,"srcset":"https:\/\/i0.wp.com\/lasprimeras.com.do\/wp-content\/uploads\/2024\/02\/PasoRapido.png?resize=350%2C200&ssl=1 1x, https:\/\/i0.wp.com\/lasprimeras.com.do\/wp-content\/uploads\/2024\/02\/PasoRapido.png?resize=525%2C300&ssl=1 1.5x, https:\/\/i0.wp.com\/lasprimeras.com.do\/wp-content\/uploads\/2024\/02\/PasoRapido.png?resize=700%2C400&ssl=1 2x"},"classes":[]},{"id":126728,"url":"https:\/\/lasprimeras.com.do\/index.php\/2026\/04\/04\/semana-santa-2026-rompe-record-de-transito-vehicular-mas-de-891000-vehiculos-han-cruzado-los-peajes\/","url_meta":{"origin":63871,"position":3},"title":"Semana Santa 2026 rompe r\u00e9cord de tr\u00e1nsito vehicular, m\u00e1s de 891,000 veh\u00edculos han cruzado los peajes","author":"Nelson Feliz","date":"4 de abril de 2026","format":false,"excerpt":"El flujo acumulado del mi\u00e9rcoles 1 al viernes 3 de abril super\u00f3 en un 32.8% el registrado en el mismo per\u00edodo de 2025, confirmando la mayor movilidad de la historia. La Semana Santa 2026 ha registrado el mayor flujo vehicular de la historia en los peajes administrados por el Fideicomiso\u2026","rel":"","context":"En \u00abECONOM\u00cdA\u00bb","block_context":{"text":"ECONOM\u00cdA","link":"https:\/\/lasprimeras.com.do\/index.php\/category\/economia\/"},"img":{"alt_text":"","src":"https:\/\/i0.wp.com\/lasprimeras.com.do\/wp-content\/uploads\/2026\/04\/peaje-1.jpg?resize=350%2C200&ssl=1","width":350,"height":200,"srcset":"https:\/\/i0.wp.com\/lasprimeras.com.do\/wp-content\/uploads\/2026\/04\/peaje-1.jpg?resize=350%2C200&ssl=1 1x, https:\/\/i0.wp.com\/lasprimeras.com.do\/wp-content\/uploads\/2026\/04\/peaje-1.jpg?resize=525%2C300&ssl=1 1.5x, https:\/\/i0.wp.com\/lasprimeras.com.do\/wp-content\/uploads\/2026\/04\/peaje-1.jpg?resize=700%2C400&ssl=1 2x"},"classes":[]},{"id":72499,"url":"https:\/\/lasprimeras.com.do\/index.php\/2023\/12\/30\/estos-son-los-lugares-para-adquirir-y-recargar-tu-paso-rapido\/","url_meta":{"origin":63871,"position":4},"title":"Estos son los lugares para adquirir y recargar tu paso r\u00e1pido","author":"BIMARY DE JES\u00daS Matos","date":"30 de diciembre de 2023","format":false,"excerpt":"SANTO DOMINGO.- La \u00e9poca de navidad a\u00fan no ha concluido y quienes no han salido de la ciudad, aprovechan el fin de a\u00f1o para hacerlo y visitar otras provincias del pa\u00eds. Si eres de los que sale en v\u00edspera de a\u00f1o nuevo y todav\u00eda no posees el dispositivo electr\u00f3nico de\u2026","rel":"","context":"En \u00abPORTADA\u00bb","block_context":{"text":"PORTADA","link":"https:\/\/lasprimeras.com.do\/index.php\/category\/portada\/"},"img":{"alt_text":"","src":"https:\/\/i0.wp.com\/lasprimeras.com.do\/wp-content\/uploads\/2023\/12\/Noticias-de-energia-2023-12-30T100707.186-3.webp?resize=350%2C200&ssl=1","width":350,"height":200,"srcset":"https:\/\/i0.wp.com\/lasprimeras.com.do\/wp-content\/uploads\/2023\/12\/Noticias-de-energia-2023-12-30T100707.186-3.webp?resize=350%2C200&ssl=1 1x, https:\/\/i0.wp.com\/lasprimeras.com.do\/wp-content\/uploads\/2023\/12\/Noticias-de-energia-2023-12-30T100707.186-3.webp?resize=525%2C300&ssl=1 1.5x"},"classes":[]},{"id":71745,"url":"https:\/\/lasprimeras.com.do\/index.php\/2023\/12\/22\/como-usar-de-forma-eficiente-tu-paso-rapido-en-navidad\/","url_meta":{"origin":63871,"position":5},"title":"C\u00f3mo usar de forma eficiente tu paso r\u00e1pido en Navidad","author":"BIMARY DE JES\u00daS Matos","date":"22 de diciembre de 2023","format":false,"excerpt":"SANTO DOMINGO.-Con la temporada navide\u00f1a en su apogeo y la salida hacia otras provincias de los dominicanos para compartir en familia durante la Nochebuena, maximizar la eficiencia en el viaje y trayecto se vuelve crucial para evitar atascos y congestionamientos viales. Las estaciones de peajes representan una de las zonas\u2026","rel":"","context":"En \u00abPORTADA\u00bb","block_context":{"text":"PORTADA","link":"https:\/\/lasprimeras.com.do\/index.php\/category\/portada\/"},"img":{"alt_text":"","src":"https:\/\/i0.wp.com\/lasprimeras.com.do\/wp-content\/uploads\/2023\/12\/OMSA-trabajara-durante-Nochebuena-y-feriado-de-Navidad-5.webp?resize=350%2C200&ssl=1","width":350,"height":200,"srcset":"https:\/\/i0.wp.com\/lasprimeras.com.do\/wp-content\/uploads\/2023\/12\/OMSA-trabajara-durante-Nochebuena-y-feriado-de-Navidad-5.webp?resize=350%2C200&ssl=1 1x, https:\/\/i0.wp.com\/lasprimeras.com.do\/wp-content\/uploads\/2023\/12\/OMSA-trabajara-durante-Nochebuena-y-feriado-de-Navidad-5.webp?resize=525%2C300&ssl=1 1.5x, https:\/\/i0.wp.com\/lasprimeras.com.do\/wp-content\/uploads\/2023\/12\/OMSA-trabajara-durante-Nochebuena-y-feriado-de-Navidad-5.webp?resize=700%2C400&ssl=1 2x, https:\/\/i0.wp.com\/lasprimeras.com.do\/wp-content\/uploads\/2023\/12\/OMSA-trabajara-durante-Nochebuena-y-feriado-de-Navidad-5.webp?resize=1050%2C600&ssl=1 3x"},"classes":[]}],"jetpack_sharing_enabled":true,"_links":{"self":[{"href":"https:\/\/lasprimeras.com.do\/index.php\/wp-json\/wp\/v2\/posts\/63871","targetHints":{"allow":["GET"]}}],"collection":[{"href":"https:\/\/lasprimeras.com.do\/index.php\/wp-json\/wp\/v2\/posts"}],"about":[{"href":"https:\/\/lasprimeras.com.do\/index.php\/wp-json\/wp\/v2\/types\/post"}],"author":[{"embeddable":true,"href":"https:\/\/lasprimeras.com.do\/index.php\/wp-json\/wp\/v2\/users\/3"}],"replies":[{"embeddable":true,"href":"https:\/\/lasprimeras.com.do\/index.php\/wp-json\/wp\/v2\/comments?post=63871"}],"version-history":[{"count":1,"href":"https:\/\/lasprimeras.com.do\/index.php\/wp-json\/wp\/v2\/posts\/63871\/revisions"}],"predecessor-version":[{"id":63873,"href":"https:\/\/lasprimeras.com.do\/index.php\/wp-json\/wp\/v2\/posts\/63871\/revisions\/63873"}],"wp:featuredmedia":[{"embeddable":true,"href":"https:\/\/lasprimeras.com.do\/index.php\/wp-json\/wp\/v2\/media\/63872"}],"wp:attachment":[{"href":"https:\/\/lasprimeras.com.do\/index.php\/wp-json\/wp\/v2\/media?parent=63871"}],"wp:term":[{"taxonomy":"category","embeddable":true,"href":"https:\/\/lasprimeras.com.do\/index.php\/wp-json\/wp\/v2\/categories?post=63871"},{"taxonomy":"post_tag","embeddable":true,"href":"https:\/\/lasprimeras.com.do\/index.php\/wp-json\/wp\/v2\/tags?post=63871"}],"curies":[{"name":"wp","href":"https:\/\/api.w.org\/{rel}","templated":true}]}}