{"id":63899,"date":"2023-10-16T21:46:09","date_gmt":"2023-10-17T01:46:09","guid":{"rendered":"https:\/\/lasprimeras.com.do\/?p=63899"},"modified":"2023-10-16T21:46:11","modified_gmt":"2023-10-17T01:46:11","slug":"jce-dice-que-se-deben-cambiar-los-escaneres-para-garantizar-elecciones-de-2024","status":"publish","type":"post","link":"https:\/\/lasprimeras.com.do\/index.php\/2023\/10\/16\/jce-dice-que-se-deben-cambiar-los-escaneres-para-garantizar-elecciones-de-2024\/","title":{"rendered":"JCE dice que se deben cambiar los esc\u00e1neres para garantizar elecciones de 2024"},"content":{"rendered":"\n<p class=\"wp-block-paragraph\"><strong>Partidos pol\u00edticos est\u00e1n de acuerdo y piden notificaci\u00f3n escrita.<\/strong><\/p>\n\n\n\n<p class=\"wp-block-paragraph\">El director de Inform\u00e1tica de la Junta Central Electoral (JCE), Johnny Marcelo Rivera B\u00e1ez, recomend\u00f3 este lunes al Pleno de ese \u00f3rgano electoral y a los delegados t\u00e9cnicos de los partidos pol\u00edticos cambiar los m\u00e1s de 10 mil esc\u00e1neres utilizados para las transmisi\u00f3n de resultados en los procesos electorales.<\/p>\n\n\n\n<p class=\"wp-block-paragraph\">&#8220;La recomendaci\u00f3n que hacemos es descontinuar el uso de los escaner Fujitsu N7100A y concentrarnos en una \u00fanica soluci\u00f3n tecnol\u00f3gica de cara a las elecciones de febrero y mayo y un posible balotaje para tener tranquilidad&#8221;, dijo Rivera B\u00e1ez.<\/p>\n\n\n\n<p class=\"wp-block-paragraph\">La recomendaci\u00f3n se hizo en un audiencia p\u00fablica hoy con los representantes de todos los partidos, agrupaciones y movimientos pol\u00edticos del pa\u00eds.<\/p>\n\n\n\n<p class=\"wp-block-paragraph\">El ejecutivo de la JCE detall\u00f3 que el fabricante de los equipos Fujitsu N7100A, adquiridos en el a\u00f1o 2015, les explic\u00f3 que los aparatos ya estaban obsoletos para enfrentar un proceso electoral m\u00e1s, pues ya no est\u00e1n en fabricaci\u00f3n y no hay piezas de estos en el mercado.<\/p>\n\n\n\n<p class=\"wp-block-paragraph\">A m\u00e1s de 10 mil escaneres, la propia JCE daba mantenimiento a los rolos por donde se desplazan las hojas que se imprimen y otras funcionalidades que el polvo y el tiempo iban devaluado. Estos equipos se utilizaron en todos los procesos elecionarios de 2016 a la fecha.<\/p>\n\n\n\n<p class=\"wp-block-paragraph\">El director de Inform\u00e1tica aclar\u00f3 que los equipos actuales solo soportan Windows 8, cuando ya este software caduc\u00f3. En las pasadas elecciones primarias del Partido Revolucionario Moderno (PRM) los aparatos presentaron un 8 % de fallas y fue all\u00ed cuando el \u00f3rgano electoral se convenci\u00f3 de realizar el cambio planteado el pasado mes de junio.<\/p>\n\n\n\n<p class=\"wp-block-paragraph\">El presidente de la JCE, Rom\u00e1n Andr\u00e9s J\u00e1quez Liranzo, inform\u00f3 que se necesitan m\u00e1s de 21 mil equipos nuevos para la demanda de las pr\u00f3ximas elecciones municipales, congresuales y presidenciales de febrero y mayo de 2024.<\/p>\n\n\n\n<p class=\"wp-block-paragraph\"><strong>Partido de acuerdo y con observaciones<\/strong><\/p>\n\n\n\n<p class=\"wp-block-paragraph\">Dionisio de los Santos, delegado suplente del Partido Revolucionario Moderno (PRM), dijo que esa organizaci\u00f3n est\u00e1 de acuerdo con el cambio de los escaneres, sin embargo, pide que les sea notificado por escrito y en cinco d\u00edas consensuar con la organizaci\u00f3n para dar su veredicto por escrito.<\/p>\n\n\n\n<p class=\"wp-block-paragraph\">&#8220;Reconocemos el informe del Departamento de Inform\u00e1tica. Pero con la cantidad de colegios electorales que tendremos en 2024 esos esc\u00e1neres lamentablemente no pueden ser tomados en consideraci\u00f3n&#8221;, plante\u00f3 de los Santos.<\/p>\n\n\n\n<p class=\"wp-block-paragraph\">Agreg\u00f3 que, en el proceso interno del PRM se descubri\u00f3 que hab\u00eda problemas con los esc\u00e1neres existentes, aunque previamente se tomaron las medidas para que las elecciones fueran un \u00e9xito.<\/p>\n\n\n\n<p class=\"wp-block-paragraph\">Danilo D\u00edaz, delegado pol\u00edtico del Partido de la Liberaci\u00f3n Dominicana (PLD) ante este \u00f3rgano electoral, tambi\u00e9n dijo estar de acuerdo, pero dej\u00f3 ver algunas preocupaciones.<\/p>\n\n\n\n<p class=\"wp-block-paragraph\">D\u00edaz expres\u00f3 que faltan ya unos cuatro meses para las elecciones, por lo que debe de acelerarse la adquisici\u00f3n de nuevos equipos, para su prueba e instalaci\u00f3n.<\/p>\n\n\n\n<p class=\"wp-block-paragraph\"><strong>&#8220;No se trata del proceso de votaci\u00f3n ni de conteo, se trata de la parte de transmitir el proceso electoral luego de que se haya contado manualmente&#8221;<br>Danilo D\u00edaz delegado pol\u00edtico del PLD ante la JCE&#8221;.<\/strong><\/p>\n\n\n\n<p class=\"wp-block-paragraph\">Manuel Crespo, delegado del partido Fuerza del Pueblo (FP), aunque estuvo de acuerdo, dijo estar preocupado por el cambio de estas estructuras inform\u00e1ticas y reclam\u00f3 a la JCE el no haber notificado un a\u00f1o atr\u00e1s este proceso, tal y como lo establece la Ley 20-23 de R\u00e9gimen Electoral.<\/p>\n\n\n\n<p class=\"wp-block-paragraph\">Solicit\u00f3 que se le notifique para en siete d\u00edas evaluar y socializar y poder dar sugerencias a la JCE sobre esta propuesta de cambio de esc\u00e1neres.<\/p>\n","protected":false},"excerpt":{"rendered":"<p>Partidos pol\u00edticos est\u00e1n de acuerdo y piden notificaci\u00f3n escrita. El director de Inform\u00e1tica de la Junta Central Electoral (JCE), Johnny Marcelo Rivera B\u00e1ez, recomend\u00f3 este lunes al Pleno de ese&hellip;<\/p>\n","protected":false},"author":2,"featured_media":63900,"comment_status":"open","ping_status":"open","sticky":false,"template":"","format":"standard","meta":{"content-type":"","_jetpack_newsletter_access":"","_jetpack_dont_email_post_to_subs":false,"_jetpack_newsletter_tier_id":0,"_jetpack_memberships_contains_paywalled_content":false,"_jetpack_feature_clip_id":0,"_jetpack_memberships_contains_paid_content":false,"footnotes":"","jetpack_post_was_ever_published":false},"categories":[25],"tags":[182,8567,183,6769],"class_list":["post-63899","post","type-post","status-publish","format-standard","has-post-thumbnail","hentry","category-portada","tag-elecciones","tag-escaneres","tag-jce","tag-partidos-politicos"],"jetpack-related-posts":[{"id":63947,"url":"https:\/\/lasprimeras.com.do\/index.php\/2023\/10\/17\/jce-plantea-que-los-escaneres-deben-reemplazarse-en-2024\/","url_meta":{"origin":63899,"position":0},"title":"JCE plantea que los esc\u00e1neres deben reemplazarse en 2024","author":"BIMARY DE JES\u00daS Matos","date":"17 de octubre de 2023","format":false,"excerpt":"Santo Domingo.-El Departamento de Inform\u00e1tica de la Junta Central Electoral (JCE), recomend\u00f3 al Pleno del \u00f3rgano reemplazar los esc\u00e1neres tipo N-7100 que ser\u00edan usados para la transmisi\u00f3n de los resultados electorales de los comicios del a\u00f1o 2024, porque ya se encuentran obsoletos. Durante una vista p\u00fablica, el director nacional de\u2026","rel":"","context":"En \u00abSin categor\u00eda\u00bb","block_context":{"text":"Sin categor\u00eda","link":"https:\/\/lasprimeras.com.do\/index.php\/category\/sin-categoria\/"},"img":{"alt_text":"","src":"https:\/\/i0.wp.com\/lasprimeras.com.do\/wp-content\/uploads\/2023\/10\/Captura-de-pantalla-2023-10-16-172822-6.jpg?resize=350%2C200&ssl=1","width":350,"height":200,"srcset":"https:\/\/i0.wp.com\/lasprimeras.com.do\/wp-content\/uploads\/2023\/10\/Captura-de-pantalla-2023-10-16-172822-6.jpg?resize=350%2C200&ssl=1 1x, https:\/\/i0.wp.com\/lasprimeras.com.do\/wp-content\/uploads\/2023\/10\/Captura-de-pantalla-2023-10-16-172822-6.jpg?resize=525%2C300&ssl=1 1.5x, https:\/\/i0.wp.com\/lasprimeras.com.do\/wp-content\/uploads\/2023\/10\/Captura-de-pantalla-2023-10-16-172822-6.jpg?resize=700%2C400&ssl=1 2x"},"classes":[]},{"id":63808,"url":"https:\/\/lasprimeras.com.do\/index.php\/2023\/10\/16\/jce-y-partidos-decidiran-si-utilizaran-laptops-en-vez-de-escaneres-para-elecciones-de-2024\/","url_meta":{"origin":63899,"position":1},"title":"JCE y partidos decidir\u00e1n si utilizar\u00e1n laptops en vez de esc\u00e1neres para elecciones de 2024","author":"BIMARY DE JES\u00daS Matos","date":"16 de octubre de 2023","format":false,"excerpt":"Santo Domingo.-Para las cuatro de la tarde de este lunes, el pleno de la Junta Central Electoral (JCE) convoc\u00f3 a todos los partidos pol\u00edticos a una audiencia p\u00fablica para presentar el informe de c\u00f3mo fue el funcionamiento de los Equipos de Digitalizaci\u00f3n, Escaneo y Transmisi\u00f3n de resultados (EDET) durante las\u2026","rel":"","context":"En \u00abSin categor\u00eda\u00bb","block_context":{"text":"Sin categor\u00eda","link":"https:\/\/lasprimeras.com.do\/index.php\/category\/sin-categoria\/"},"img":{"alt_text":"","src":"https:\/\/i0.wp.com\/lasprimeras.com.do\/wp-content\/uploads\/2023\/10\/WhatsApp-Image-2023-10-15-at-8.04.52-PM.jpeg?resize=350%2C200&ssl=1","width":350,"height":200,"srcset":"https:\/\/i0.wp.com\/lasprimeras.com.do\/wp-content\/uploads\/2023\/10\/WhatsApp-Image-2023-10-15-at-8.04.52-PM.jpeg?resize=350%2C200&ssl=1 1x, https:\/\/i0.wp.com\/lasprimeras.com.do\/wp-content\/uploads\/2023\/10\/WhatsApp-Image-2023-10-15-at-8.04.52-PM.jpeg?resize=525%2C300&ssl=1 1.5x, https:\/\/i0.wp.com\/lasprimeras.com.do\/wp-content\/uploads\/2023\/10\/WhatsApp-Image-2023-10-15-at-8.04.52-PM.jpeg?resize=700%2C400&ssl=1 2x"},"classes":[]},{"id":63902,"url":"https:\/\/lasprimeras.com.do\/index.php\/2023\/10\/16\/delegados-de-partidos-favorecen-sustitucion-de-escaneres\/","url_meta":{"origin":63899,"position":2},"title":"Delegados de Partidos favorecen sustitucion de esc\u00e1neres","author":"Nelson Feliz","date":"16 de octubre de 2023","format":false,"excerpt":"El delegado suplente del Partido Revolucionario Moderno (PRM) ante la Junta Central Electoral, Dionisio de los Santos, dijo que esa organizaci\u00f3n est\u00e1 de acuerdo con el cambio de los esc\u00e1neres, sin embargo, pide que les sea notificado por escrito y en cinco d\u00edas consensuar con la organizaci\u00f3n para dar su\u2026","rel":"","context":"En \u00abPORTADA\u00bb","block_context":{"text":"PORTADA","link":"https:\/\/lasprimeras.com.do\/index.php\/category\/portada\/"},"img":{"alt_text":"PRM, PLD y FP","src":"https:\/\/i0.wp.com\/lasprimeras.com.do\/wp-content\/uploads\/2023\/10\/PRM-PLD-y-FP.jpg?resize=350%2C200&ssl=1","width":350,"height":200,"srcset":"https:\/\/i0.wp.com\/lasprimeras.com.do\/wp-content\/uploads\/2023\/10\/PRM-PLD-y-FP.jpg?resize=350%2C200&ssl=1 1x, https:\/\/i0.wp.com\/lasprimeras.com.do\/wp-content\/uploads\/2023\/10\/PRM-PLD-y-FP.jpg?resize=525%2C300&ssl=1 1.5x, https:\/\/i0.wp.com\/lasprimeras.com.do\/wp-content\/uploads\/2023\/10\/PRM-PLD-y-FP.jpg?resize=700%2C400&ssl=1 2x"},"classes":[]},{"id":65715,"url":"https:\/\/lasprimeras.com.do\/index.php\/2023\/10\/31\/jce-autoriza-uso-de-laptops-en-colegios-electorales-comicios-2024\/","url_meta":{"origin":63899,"position":3},"title":"JCE autoriza uso de laptops en colegios electorales comicios 2024","author":"BIMARY DE JES\u00daS Matos","date":"31 de octubre de 2023","format":false,"excerpt":"SANTO DOMINGO.\u2013 El Pleno de la Junta Central Electoral (JCE) dispuso que los equipos que ser\u00e1n utilizados para digitalizaci\u00f3n, escaneo y transmisi\u00f3n (EDET) de los resultados en los colegios electorales para las elecciones municipales, congresuales y presidenciales de 2024, ser\u00e1n laptops y multifuncionales. Tras acoger el informe t\u00e9cnico de la\u2026","rel":"","context":"En \u00abSin categor\u00eda\u00bb","block_context":{"text":"Sin categor\u00eda","link":"https:\/\/lasprimeras.com.do\/index.php\/category\/sin-categoria\/"},"img":{"alt_text":"","src":"https:\/\/i0.wp.com\/lasprimeras.com.do\/wp-content\/uploads\/2023\/10\/WhatsApp-Image-2023-10-30-at-2.14.31-PM-1.jpeg?resize=350%2C200&ssl=1","width":350,"height":200,"srcset":"https:\/\/i0.wp.com\/lasprimeras.com.do\/wp-content\/uploads\/2023\/10\/WhatsApp-Image-2023-10-30-at-2.14.31-PM-1.jpeg?resize=350%2C200&ssl=1 1x, https:\/\/i0.wp.com\/lasprimeras.com.do\/wp-content\/uploads\/2023\/10\/WhatsApp-Image-2023-10-30-at-2.14.31-PM-1.jpeg?resize=525%2C300&ssl=1 1.5x, https:\/\/i0.wp.com\/lasprimeras.com.do\/wp-content\/uploads\/2023\/10\/WhatsApp-Image-2023-10-30-at-2.14.31-PM-1.jpeg?resize=700%2C400&ssl=1 2x, https:\/\/i0.wp.com\/lasprimeras.com.do\/wp-content\/uploads\/2023\/10\/WhatsApp-Image-2023-10-30-at-2.14.31-PM-1.jpeg?resize=1050%2C600&ssl=1 3x"},"classes":[]},{"id":64328,"url":"https:\/\/lasprimeras.com.do\/index.php\/2023\/10\/19\/presidente-de-la-jce-llama-a-no-preocuparse-por-el-tema-de-los-escaneres-para-elecciones-2024\/","url_meta":{"origin":63899,"position":4},"title":"Presidente de la JCE llama a no preocuparse por el tema de los esc\u00e1neres para elecciones 2024","author":"BIMARY DE JES\u00daS Matos","date":"19 de octubre de 2023","format":false,"excerpt":"Santo Domingo.-El presidente de la Junta Central Electoral (JCE), Rom\u00e1n J\u00e1quez Liranzo, consider\u00f3 que no hay que tener preocupaci\u00f3n por el tema de los esc\u00e1neres para las elecciones del 2024, tras precisar que lo que se est\u00e1 discutiendo en estos momentos es si se sustituyen los 6,000 que no funcionan\u2026","rel":"","context":"En \u00abSin categor\u00eda\u00bb","block_context":{"text":"Sin categor\u00eda","link":"https:\/\/lasprimeras.com.do\/index.php\/category\/sin-categoria\/"},"img":{"alt_text":"","src":"https:\/\/i0.wp.com\/lasprimeras.com.do\/wp-content\/uploads\/2023\/10\/WhatsApp-Image-2023-10-18-at-9.33.42-PM.jpeg?resize=350%2C200&ssl=1","width":350,"height":200,"srcset":"https:\/\/i0.wp.com\/lasprimeras.com.do\/wp-content\/uploads\/2023\/10\/WhatsApp-Image-2023-10-18-at-9.33.42-PM.jpeg?resize=350%2C200&ssl=1 1x, https:\/\/i0.wp.com\/lasprimeras.com.do\/wp-content\/uploads\/2023\/10\/WhatsApp-Image-2023-10-18-at-9.33.42-PM.jpeg?resize=525%2C300&ssl=1 1.5x, https:\/\/i0.wp.com\/lasprimeras.com.do\/wp-content\/uploads\/2023\/10\/WhatsApp-Image-2023-10-18-at-9.33.42-PM.jpeg?resize=700%2C400&ssl=1 2x"},"classes":[]},{"id":64422,"url":"https:\/\/lasprimeras.com.do\/index.php\/2023\/10\/20\/manana-cierra-el-padron-para-las-elecciones-de-febrero\/","url_meta":{"origin":63899,"position":5},"title":"Ma\u00f1ana cierra el padr\u00f3n para las elecciones de febrero","author":"BIMARY DE JES\u00daS Matos","date":"20 de octubre de 2023","format":false,"excerpt":"Santo Domingo.-Conforme a la resoluci\u00f3n 54\/2023 de la Junta Central Electoral (JCE) las inscripciones y cambios en el padr\u00f3n para las elecciones del 18 de febrero cierran ma\u00f1ana 21 de octubre a las 7:00 de la noche. Hasta ma\u00f1a a esa hora la ciudadan\u00eda podr\u00e1 realizar nuevas inscripciones en el\u2026","rel":"","context":"En \u00abSin categor\u00eda\u00bb","block_context":{"text":"Sin categor\u00eda","link":"https:\/\/lasprimeras.com.do\/index.php\/category\/sin-categoria\/"},"img":{"alt_text":"","src":"https:\/\/i0.wp.com\/lasprimeras.com.do\/wp-content\/uploads\/2023\/10\/WhatsApp-Image-2023-10-18-at-9.33.42-PM-10.jpeg?resize=350%2C200&ssl=1","width":350,"height":200,"srcset":"https:\/\/i0.wp.com\/lasprimeras.com.do\/wp-content\/uploads\/2023\/10\/WhatsApp-Image-2023-10-18-at-9.33.42-PM-10.jpeg?resize=350%2C200&ssl=1 1x, https:\/\/i0.wp.com\/lasprimeras.com.do\/wp-content\/uploads\/2023\/10\/WhatsApp-Image-2023-10-18-at-9.33.42-PM-10.jpeg?resize=525%2C300&ssl=1 1.5x, https:\/\/i0.wp.com\/lasprimeras.com.do\/wp-content\/uploads\/2023\/10\/WhatsApp-Image-2023-10-18-at-9.33.42-PM-10.jpeg?resize=700%2C400&ssl=1 2x"},"classes":[]}],"jetpack_sharing_enabled":true,"jetpack_featured_media_url":"https:\/\/lasprimeras.com.do\/wp-content\/uploads\/2023\/10\/jce-presentacion-escaneres.jpeg","_links":{"self":[{"href":"https:\/\/lasprimeras.com.do\/index.php\/wp-json\/wp\/v2\/posts\/63899","targetHints":{"allow":["GET"]}}],"collection":[{"href":"https:\/\/lasprimeras.com.do\/index.php\/wp-json\/wp\/v2\/posts"}],"about":[{"href":"https:\/\/lasprimeras.com.do\/index.php\/wp-json\/wp\/v2\/types\/post"}],"author":[{"embeddable":true,"href":"https:\/\/lasprimeras.com.do\/index.php\/wp-json\/wp\/v2\/users\/2"}],"replies":[{"embeddable":true,"href":"https:\/\/lasprimeras.com.do\/index.php\/wp-json\/wp\/v2\/comments?post=63899"}],"version-history":[{"count":1,"href":"https:\/\/lasprimeras.com.do\/index.php\/wp-json\/wp\/v2\/posts\/63899\/revisions"}],"predecessor-version":[{"id":63901,"href":"https:\/\/lasprimeras.com.do\/index.php\/wp-json\/wp\/v2\/posts\/63899\/revisions\/63901"}],"wp:featuredmedia":[{"embeddable":true,"href":"https:\/\/lasprimeras.com.do\/index.php\/wp-json\/wp\/v2\/media\/63900"}],"wp:attachment":[{"href":"https:\/\/lasprimeras.com.do\/index.php\/wp-json\/wp\/v2\/media?parent=63899"}],"wp:term":[{"taxonomy":"category","embeddable":true,"href":"https:\/\/lasprimeras.com.do\/index.php\/wp-json\/wp\/v2\/categories?post=63899"},{"taxonomy":"post_tag","embeddable":true,"href":"https:\/\/lasprimeras.com.do\/index.php\/wp-json\/wp\/v2\/tags?post=63899"}],"curies":[{"name":"wp","href":"https:\/\/api.w.org\/{rel}","templated":true}]}}