{"id":63905,"date":"2023-10-16T22:22:13","date_gmt":"2023-10-17T02:22:13","guid":{"rendered":"https:\/\/lasprimeras.com.do\/?p=63905"},"modified":"2023-10-16T22:22:14","modified_gmt":"2023-10-17T02:22:14","slug":"mision-de-la-oea-llega-a-rd-para-levantar-informacion-sobre-canal-de-haiti-en-el-masacre","status":"publish","type":"post","link":"https:\/\/lasprimeras.com.do\/index.php\/2023\/10\/16\/mision-de-la-oea-llega-a-rd-para-levantar-informacion-sobre-canal-de-haiti-en-el-masacre\/","title":{"rendered":"Misi\u00f3n de la OEA llega a RD para levantar informaci\u00f3n sobre canal de Hait\u00ed en el Masacre"},"content":{"rendered":"\n<p><strong>Se espera que tras visitar la frontera con Dajab\u00f3n, la misi\u00f3n emita un informe ante la OEA.<\/strong><\/p>\n\n\n\n<p>Una misi\u00f3n de la Organizaci\u00f3n de los Estados Americanos (OEA) se encuentra de visita en la Rep\u00fablica Dominicana con el prop\u00f3sito de levantar informaci\u00f3n sobre el canal ilegal que construye Hait\u00ed en el r\u00edo Dajab\u00f3n-Masacre.<\/p>\n\n\n\n<p>La informaci\u00f3n la ofreci\u00f3 el Ministerio de Relaciones Exteriores dominicano tras recibir a la misi\u00f3n en su sede este lunes.<\/p>\n\n\n\n<p>La delegaci\u00f3n de la OEA designada para esta funci\u00f3n por el secretario general, Luis Almagro, est\u00e1 integrada por el doctor Jean Michel Arrighi, secretario de Asuntos Jur\u00eddicos de la organizaci\u00f3n; y Andr\u00e9s S\u00e1nchez, de la Secretar\u00eda de Desarrollo Integral.<\/p>\n\n\n\n<p>Para iniciar la reuni\u00f3n, el ministro de Relaciones Exteriores, Roberto \u00c1lvarez, explic\u00f3 a estos representantes del organismo regional que el canal que se construye en Hait\u00ed podr\u00eda tener significativas implicaciones no solo medioambientales, sino tambi\u00e9n sociales y econ\u00f3micas.<\/p>\n\n\n\n<p>&#8220;La gesti\u00f3n del agua y los recursos naturales asociados tiene un impacto directo en las comunidades agr\u00edcolas y pesqueras que dependen del r\u00edo, de la Laguna Saladillo y otros humedales para su sustento&#8221;, reiter\u00f3 el canciller \u00c1lvarez.<\/p>\n\n\n\n<p>A\u00f1adi\u00f3: &#8220;Esta misi\u00f3n que nos visita hoy juega un rol crucial en este escenario. Su experiencia y pericia ofrecen una plataforma invaluable para abordar estas cuestiones de manera equitativa y objetiva, guiados por el compromiso de fortalecer la paz y la cooperaci\u00f3n en nuestra regi\u00f3n. Aspiramos a que este proceso pueda dar lugar a una soluci\u00f3n que contemple las preocupaciones de ambas naciones, y que fortalezca la arquitectura institucional y jur\u00eddica que rige nuestras relaciones bilaterales&#8221;.<\/p>\n\n\n\n<p>De su lado, el comisionado Jean Michel Arrighi explic\u00f3 que el objetivo de esta visita es levantar informaci\u00f3n t\u00e9cnica a fin de conocer la situaci\u00f3n.<\/p>\n\n\n\n<p>De acuerdo a una nota de prensa, en este encuentro, t\u00e9cnicos del Instituto Nacional de Recursos Hidr\u00e1ulicos (Indhri) y del Instituto Nacional de Aguas Potables y Alcantarillado (Inapa) ofrecieron explicaciones sobre los riesgos de inundaci\u00f3n que implica la construcci\u00f3n haitiana y las caracter\u00edsticas de las tomas de agua que tiene Rep\u00fablica Dominicana en el r\u00edo Dajab\u00f3n del lado dominicano, que no afectan a la parte haitiana, sino por el contrario, algunas tambi\u00e9n son aprovechadas por agricultores haitianos.<\/p>\n\n\n\n<p>En tanto que el ministro de Relaciones Exteriores manifest\u00f3 a los presentes que Hait\u00ed se encuentra en un momento pol\u00edtico importante ante el inminente despliegue de una Misi\u00f3n Multinacional de Apoyo a la Seguridad en Hait\u00ed que facilitar\u00e1 la restauraci\u00f3n de la institucionalidad y el orden p\u00fablico en ese pa\u00eds.<\/p>\n\n\n\n<p>Participaron en esta reuni\u00f3n por parte de la delegaci\u00f3n dominicana, del Mirex, el embajador dominicano ante la OEA, Josu\u00e9 Fiallo; el director de la Comisi\u00f3n Mixta Bilateral RD-Hait\u00ed, Julio Ortega Tous; el embajador Miguel Pichardo; el director de Frontera y L\u00edmites, Rafael Taveras; el director de Estudios y An\u00e1lisis Estrat\u00e9gicos, Anselmo Mu\u00f1iz; el director Jur\u00eddico, Boni Guerrero; y el asesor Emil Chireno.<\/p>\n\n\n\n<p>Adem\u00e1s, el director ejecutivo del Inapa, Wellington Arnaud; el viceministro de Agricultura, Eulalio Ram\u00edrez; el viceministro de Medio Ambiente, Rene Mateo; el director del Instituto Geogr\u00e1fico Nacional, Bol\u00edvar Troncoso; el director de Riesgos y Desastres Naturales del Ministerio de la Presidencia, Mario Grull\u00f3n; y directivos del Instituto Cartogr\u00e1fico. Adem\u00e1s estuvieron presentes el ge\u00f3logo Osiris de Le\u00f3n, y el ambientalista Luis Carvajal, de la Academia de Ciencias y Medioambiente de la Universidad Aut\u00f3noma de Santo Domingo (UASD).<\/p>\n\n\n\n<p>Se espera que esta misi\u00f3n de la OEA haga una visita a la frontera del lado dominicano y a su regreso a Washington, Estados Unidos, rinda un informe al secretario general Almagro y a todos los Estados miembros del organismo con las informaciones recogidas en esta visita.<\/p>\n","protected":false},"excerpt":{"rendered":"<p>Se espera que tras visitar la frontera con Dajab\u00f3n, la misi\u00f3n emita un informe ante la OEA. Una misi\u00f3n de la Organizaci\u00f3n de los Estados Americanos (OEA) se encuentra de&hellip;<\/p>\n","protected":false},"author":2,"featured_media":63906,"comment_status":"open","ping_status":"open","sticky":false,"template":"","format":"standard","meta":{"content-type":"","jetpack_post_was_ever_published":false,"_jetpack_newsletter_access":"","_jetpack_dont_email_post_to_subs":false,"_jetpack_newsletter_tier_id":0,"_jetpack_memberships_contains_paywalled_content":false,"_jetpack_memberships_contains_paid_content":false,"footnotes":""},"categories":[35,25],"tags":[8039,414,2170,3583,127,7387],"class_list":["post-63905","post","type-post","status-publish","format-standard","has-post-thumbnail","hentry","category-nacionales","category-portada","tag-canal-de-haiti","tag-masacre","tag-mision","tag-oea","tag-rd","tag-rio-dajabon"],"jetpack_featured_media_url":"https:\/\/lasprimeras.com.do\/wp-content\/uploads\/2023\/10\/Mision-de-la-OEA-llega-a-RD.jpg","jetpack-related-posts":[{"id":64101,"url":"https:\/\/lasprimeras.com.do\/index.php\/2023\/10\/18\/mision-de-la-oea-recorre-frontera-dominico-haitiana\/","url_meta":{"origin":63905,"position":0},"title":"Misi\u00f3n de la OEA recorre frontera dom\u00ednico-haitiana","author":"BIMARY DE JES\u00daS Matos","date":"18 de octubre de 2023","format":false,"excerpt":"Santo Domingo.-La misi\u00f3n de la Organizaci\u00f3n de Estados Americanos (OEA), que se encuentra en la Rep\u00fablica Dominicana, inspeccion\u00f3 el canal que construye Hait\u00ed en el r\u00edo Masacre, estructura que ha sido motivo de conflicto entre la Rep\u00fablica Dominicana y el vecino pa\u00eds. Luego de sobrevolar el r\u00edo Masacre o Dajab\u00f3n,\u2026","rel":"","context":"En \u00abPORTADA\u00bb","block_context":{"text":"PORTADA","link":"https:\/\/lasprimeras.com.do\/index.php\/category\/portada\/"},"img":{"alt_text":"","src":"https:\/\/i0.wp.com\/lasprimeras.com.do\/wp-content\/uploads\/2023\/10\/WhatsApp-Image-2023-09-16-at-4.14.02-PM-2-1.jpeg?resize=350%2C200&ssl=1","width":350,"height":200,"srcset":"https:\/\/i0.wp.com\/lasprimeras.com.do\/wp-content\/uploads\/2023\/10\/WhatsApp-Image-2023-09-16-at-4.14.02-PM-2-1.jpeg?resize=350%2C200&ssl=1 1x, https:\/\/i0.wp.com\/lasprimeras.com.do\/wp-content\/uploads\/2023\/10\/WhatsApp-Image-2023-09-16-at-4.14.02-PM-2-1.jpeg?resize=525%2C300&ssl=1 1.5x, https:\/\/i0.wp.com\/lasprimeras.com.do\/wp-content\/uploads\/2023\/10\/WhatsApp-Image-2023-09-16-at-4.14.02-PM-2-1.jpeg?resize=700%2C400&ssl=1 2x"},"classes":[]},{"id":69284,"url":"https:\/\/lasprimeras.com.do\/index.php\/2023\/12\/01\/gobierno-espera-el-informe-de-oea-sobre-canal-del-rio-masacre\/","url_meta":{"origin":63905,"position":1},"title":"Gobierno espera el informe de OEA sobre canal del r\u00edo Masacre","author":"BIMARY DE JES\u00daS Matos","date":"1 de diciembre de 2023","format":false,"excerpt":"Santo Domingo.-El ministro de Relaciones Exteriores (Mirex), Roberto \u00c1lvarez, manifest\u00f3 ayer que\u201d todo est\u00e1 tranquilo en la frontera\u201d y que est\u00e1n a la espera del informe que rendir\u00e1 la Organizaci\u00f3n de Estados Americanos (OEA) en relaci\u00f3n a la construcci\u00f3n del canal en el r\u00edo Masacre (Dajab\u00f3n) del lado haitiano, luego\u2026","rel":"","context":"En \u00abPORTADA\u00bb","block_context":{"text":"PORTADA","link":"https:\/\/lasprimeras.com.do\/index.php\/category\/portada\/"},"img":{"alt_text":"","src":"https:\/\/i0.wp.com\/lasprimeras.com.do\/wp-content\/uploads\/2023\/12\/Noticias-de-energia-51.jpg?resize=350%2C200&ssl=1","width":350,"height":200,"srcset":"https:\/\/i0.wp.com\/lasprimeras.com.do\/wp-content\/uploads\/2023\/12\/Noticias-de-energia-51.jpg?resize=350%2C200&ssl=1 1x, https:\/\/i0.wp.com\/lasprimeras.com.do\/wp-content\/uploads\/2023\/12\/Noticias-de-energia-51.jpg?resize=525%2C300&ssl=1 1.5x"},"classes":[]},{"id":63589,"url":"https:\/\/lasprimeras.com.do\/index.php\/2023\/10\/13\/oea-propone-vias-de-solucion-al-conflicto-rd-haiti\/","url_meta":{"origin":63905,"position":2},"title":"OEA propone v\u00edas de soluci\u00f3n al conflicto RD-Hait\u00ed","author":"Nelson Feliz","date":"13 de octubre de 2023","format":false,"excerpt":"Almagro solicita que el Caricom se integre a misi\u00f3n t\u00e9cnica para evaluar aspectos h\u00eddricos y legales del conflicto. El secretario general de la Organizaci\u00f3n de los Estados Americanos (OEA) propuso este jueves 12 de octubre una reuni\u00f3n entre las delegaciones de la Rep\u00fablica Dominicana y Hait\u00ed para fomentar las discusiones\u2026","rel":"","context":"En \u00abSin categor\u00eda\u00bb","block_context":{"text":"Sin categor\u00eda","link":"https:\/\/lasprimeras.com.do\/index.php\/category\/sin-categoria\/"},"img":{"alt_text":"oea","src":"https:\/\/i0.wp.com\/lasprimeras.com.do\/wp-content\/uploads\/2023\/10\/oea.jpg?resize=350%2C200&ssl=1","width":350,"height":200,"srcset":"https:\/\/i0.wp.com\/lasprimeras.com.do\/wp-content\/uploads\/2023\/10\/oea.jpg?resize=350%2C200&ssl=1 1x, https:\/\/i0.wp.com\/lasprimeras.com.do\/wp-content\/uploads\/2023\/10\/oea.jpg?resize=525%2C300&ssl=1 1.5x, https:\/\/i0.wp.com\/lasprimeras.com.do\/wp-content\/uploads\/2023\/10\/oea.jpg?resize=700%2C400&ssl=1 2x"},"classes":[]},{"id":69318,"url":"https:\/\/lasprimeras.com.do\/index.php\/2023\/12\/01\/gobierno-espera-el-informe-de-oea-sobre-canal-del-rio-masacre-2\/","url_meta":{"origin":63905,"position":3},"title":"Gobierno espera el informe de OEA sobre canal del r\u00edo Masacre","author":"Nelson Feliz","date":"1 de diciembre de 2023","format":false,"excerpt":"El ministro de Relaciones Exteriores (Mirex), Roberto \u00c1lvarez, manifest\u00f3 ayer que\u201d todo est\u00e1 tranquilo en la frontera\u201d y que est\u00e1n a la espera del informe que rendir\u00e1 la Organizaci\u00f3n de Estados Americanos (OEA) en relaci\u00f3n a la construcci\u00f3n del canal en el r\u00edo Masacre (Dajab\u00f3n) del lado haitiano, luego de\u2026","rel":"","context":"En \u00abNACIONALES\u00bb","block_context":{"text":"NACIONALES","link":"https:\/\/lasprimeras.com.do\/index.php\/category\/nacionales\/"},"img":{"alt_text":"Roberto \u00c1lvarez","src":"https:\/\/i0.wp.com\/lasprimeras.com.do\/wp-content\/uploads\/2023\/12\/Roberto-Alvarez.jpg?resize=350%2C200&ssl=1","width":350,"height":200,"srcset":"https:\/\/i0.wp.com\/lasprimeras.com.do\/wp-content\/uploads\/2023\/12\/Roberto-Alvarez.jpg?resize=350%2C200&ssl=1 1x, https:\/\/i0.wp.com\/lasprimeras.com.do\/wp-content\/uploads\/2023\/12\/Roberto-Alvarez.jpg?resize=525%2C300&ssl=1 1.5x, https:\/\/i0.wp.com\/lasprimeras.com.do\/wp-content\/uploads\/2023\/12\/Roberto-Alvarez.jpg?resize=700%2C400&ssl=1 2x"},"classes":[]},{"id":61600,"url":"https:\/\/lasprimeras.com.do\/index.php\/2023\/09\/28\/miguel-vargas-rd-debe-aprovechar-disposicion-de-la-oea-a-mediar-en-conflicto-con-haiti\/","url_meta":{"origin":63905,"position":4},"title":"Miguel Vargas: &#8220;RD debe aprovechar disposici\u00f3n de la OEA a mediar en conflicto con Hait\u00ed&#8221;","author":"Nelson Feliz","date":"28 de septiembre de 2023","format":false,"excerpt":"\u201cLa realidad en este asunto, ante la afrenta de Hait\u00ed y la construcci\u00f3n del canal que trasvasa el r\u00edo Dajab\u00f3n o Masacre, es que la negociaci\u00f3n diplom\u00e1tica es la v\u00eda soluci\u00f3n m\u00e1s expedita\u201d. El presidente del Partido Revolucionario Dominicano (PRD), Miguel Vargas Maldonado, llam\u00f3 a las autoridades dominicanas a atender\u2026","rel":"","context":"En \u00abPORTADA\u00bb","block_context":{"text":"PORTADA","link":"https:\/\/lasprimeras.com.do\/index.php\/category\/portada\/"},"img":{"alt_text":"Miguel Vargas Maldonado","src":"https:\/\/i0.wp.com\/lasprimeras.com.do\/wp-content\/uploads\/2023\/09\/Miguel-Vargas-Maldonado-2.jpg?resize=350%2C200&ssl=1","width":350,"height":200,"srcset":"https:\/\/i0.wp.com\/lasprimeras.com.do\/wp-content\/uploads\/2023\/09\/Miguel-Vargas-Maldonado-2.jpg?resize=350%2C200&ssl=1 1x, https:\/\/i0.wp.com\/lasprimeras.com.do\/wp-content\/uploads\/2023\/09\/Miguel-Vargas-Maldonado-2.jpg?resize=525%2C300&ssl=1 1.5x, https:\/\/i0.wp.com\/lasprimeras.com.do\/wp-content\/uploads\/2023\/09\/Miguel-Vargas-Maldonado-2.jpg?resize=700%2C400&ssl=1 2x"},"classes":[]},{"id":61530,"url":"https:\/\/lasprimeras.com.do\/index.php\/2023\/09\/28\/gobierno-dominicano-responde-al-comunicado-enviado-por-la-oea\/","url_meta":{"origin":63905,"position":5},"title":"Gobierno dominicano responde al comunicado enviado por la OEA","author":"Nelson Feliz","date":"28 de septiembre de 2023","format":false,"excerpt":"El gobierno dominicano agradece al Secretario General de la OEA, Luis Almagro, por su llamado al di\u00e1logo frente al diferendo que se ha suscitado con Hait\u00ed por la construcci\u00f3n unilateral e ilegal de un canal de trasvase en el R\u00edo Dajab\u00f3n. Rep\u00fablica Dominicana reconoce que el di\u00e1logo es el mecanismo\u2026","rel":"","context":"En \u00abNACIONALES\u00bb","block_context":{"text":"NACIONALES","link":"https:\/\/lasprimeras.com.do\/index.php\/category\/nacionales\/"},"img":{"alt_text":"Ministerio Administrativo de la Presidencia","src":"https:\/\/i0.wp.com\/lasprimeras.com.do\/wp-content\/uploads\/2023\/06\/Presidencia-1.jpg?resize=350%2C200&ssl=1","width":350,"height":200,"srcset":"https:\/\/i0.wp.com\/lasprimeras.com.do\/wp-content\/uploads\/2023\/06\/Presidencia-1.jpg?resize=350%2C200&ssl=1 1x, https:\/\/i0.wp.com\/lasprimeras.com.do\/wp-content\/uploads\/2023\/06\/Presidencia-1.jpg?resize=525%2C300&ssl=1 1.5x, https:\/\/i0.wp.com\/lasprimeras.com.do\/wp-content\/uploads\/2023\/06\/Presidencia-1.jpg?resize=700%2C400&ssl=1 2x"},"classes":[]}],"jetpack_sharing_enabled":true,"_links":{"self":[{"href":"https:\/\/lasprimeras.com.do\/index.php\/wp-json\/wp\/v2\/posts\/63905","targetHints":{"allow":["GET"]}}],"collection":[{"href":"https:\/\/lasprimeras.com.do\/index.php\/wp-json\/wp\/v2\/posts"}],"about":[{"href":"https:\/\/lasprimeras.com.do\/index.php\/wp-json\/wp\/v2\/types\/post"}],"author":[{"embeddable":true,"href":"https:\/\/lasprimeras.com.do\/index.php\/wp-json\/wp\/v2\/users\/2"}],"replies":[{"embeddable":true,"href":"https:\/\/lasprimeras.com.do\/index.php\/wp-json\/wp\/v2\/comments?post=63905"}],"version-history":[{"count":1,"href":"https:\/\/lasprimeras.com.do\/index.php\/wp-json\/wp\/v2\/posts\/63905\/revisions"}],"predecessor-version":[{"id":63907,"href":"https:\/\/lasprimeras.com.do\/index.php\/wp-json\/wp\/v2\/posts\/63905\/revisions\/63907"}],"wp:featuredmedia":[{"embeddable":true,"href":"https:\/\/lasprimeras.com.do\/index.php\/wp-json\/wp\/v2\/media\/63906"}],"wp:attachment":[{"href":"https:\/\/lasprimeras.com.do\/index.php\/wp-json\/wp\/v2\/media?parent=63905"}],"wp:term":[{"taxonomy":"category","embeddable":true,"href":"https:\/\/lasprimeras.com.do\/index.php\/wp-json\/wp\/v2\/categories?post=63905"},{"taxonomy":"post_tag","embeddable":true,"href":"https:\/\/lasprimeras.com.do\/index.php\/wp-json\/wp\/v2\/tags?post=63905"}],"curies":[{"name":"wp","href":"https:\/\/api.w.org\/{rel}","templated":true}]}}