{"id":63924,"date":"2023-10-17T06:35:47","date_gmt":"2023-10-17T10:35:47","guid":{"rendered":"https:\/\/lasprimeras.com.do\/?p=63924"},"modified":"2023-10-17T06:35:49","modified_gmt":"2023-10-17T10:35:49","slug":"los-venezolanos-gaphriel-y-victor-drija-estrenan-un-tesoro-musical","status":"publish","type":"post","link":"https:\/\/lasprimeras.com.do\/index.php\/2023\/10\/17\/los-venezolanos-gaphriel-y-victor-drija-estrenan-un-tesoro-musical\/","title":{"rendered":"Los venezolanos Gaphriel y V\u00edctor Drija estrenan un &#8220;Tesoro&#8221; musical"},"content":{"rendered":"\n<p>Santo Domingo.-Un nuevo paso en la carrera musical del joven cantautor venezolano radicado en Rep\u00fablica Dominicana Gaphriel, quien presenta su primera colaboraci\u00f3n musical \u201cTesoro\u201d en compa\u00f1\u00eda de su compatriota, el cantante, bailar\u00edn y actor V\u00edctor Drija.<\/p>\n\n\n\n<p>\u201cTesoro\u201d fue escrita por Gaphriel y producida por Jair Lat\u00edn en Medell\u00edn, CO., mismo productor con el que el cantante ha realizado \u201cUna vuelta en Medell\u00edn\u201d y \u201cSer como t\u00fa\u201d. Las voces se grabaron entre Miami y RD.<\/p>\n\n\n\n<p>\u201cLa canci\u00f3n se comenz\u00f3 a escribir en abril de 2023 junto con mi productor y ambos est\u00e1bamos disfrutando el proceso. Decidimos lanzarla para verano ya que sent\u00eda que era la adecuada por ser alegre y tener un excelente ritmo, pero las cosas pasan por algo y ya estando listos para lanzarla, mi equipo de trabajo me coment\u00f3 que le hab\u00edan mostrado la canci\u00f3n a V\u00edctor y le encant\u00f3 y dijo que s\u00ed podr\u00eda estar en el feat., lo dem\u00e1s es el hermoso resultado. Estoy muy agradecido por esta colaboraci\u00f3n, debido a que considero que es una gran oportunidad para m\u00ed como cantante contar con un talento como el de V\u00edctor Drija a quien admiro y respeto\u201d, expres\u00f3 emocionado Gaphriel.<\/p>\n\n\n\n<p>El video de \u201cTesoro\u201d fue grabado en diversas locaciones de Rep\u00fablica Dominicana, con la productora 27 Pro Films, dirigido por Marcos y fotograf\u00eda de La Pandilla Films.<\/p>\n","protected":false},"excerpt":{"rendered":"<p>Santo Domingo.-Un nuevo paso en la carrera musical del joven cantautor venezolano radicado en Rep\u00fablica Dominicana Gaphriel, quien presenta su primera colaboraci\u00f3n musical \u201cTesoro\u201d en compa\u00f1\u00eda de su compatriota, el&hellip;<\/p>\n","protected":false},"author":3,"featured_media":63925,"comment_status":"open","ping_status":"open","sticky":false,"template":"","format":"standard","meta":{"content-type":"","jetpack_post_was_ever_published":false,"_jetpack_newsletter_access":"","_jetpack_dont_email_post_to_subs":false,"_jetpack_newsletter_tier_id":0,"_jetpack_memberships_contains_paywalled_content":false,"_jetpack_memberships_contains_paid_content":false,"footnotes":""},"categories":[84],"tags":[1867,2113],"class_list":["post-63924","post","type-post","status-publish","format-standard","has-post-thumbnail","hentry","category-entretenimiento","tag-canciones","tag-disco"],"jetpack_featured_media_url":"https:\/\/lasprimeras.com.do\/wp-content\/uploads\/2023\/10\/Captura-de-pantalla-2023-10-16-172822.jpg","jetpack-related-posts":[{"id":63592,"url":"https:\/\/lasprimeras.com.do\/index.php\/2023\/10\/13\/karol-g-agota-entradas-para-el-concierto-en-su-natal-medellin\/","url_meta":{"origin":63924,"position":0},"title":"Karol G agota entradas para el concierto en su natal Medell\u00edn","author":"BIMARY DE JES\u00daS Matos","date":"13 de octubre de 2023","format":false,"excerpt":"Bogot\u00e1.- La cantante colombiana Karol G agot\u00f3 las entradas para la primera fecha del \u00abMa\u00f1ana ser\u00e1 bonito Fest\u00bb que celebrar\u00e1 en su natal Medell\u00edn el 1 de diciembre en poco m\u00e1s de una hora y media este viernes, a la espera de que se confirme si tendr\u00e1 m\u00e1s conciertos en\u2026","rel":"","context":"En \u00abENTRETENIMIENTO\u00bb","block_context":{"text":"ENTRETENIMIENTO","link":"https:\/\/lasprimeras.com.do\/index.php\/category\/entretenimiento\/"},"img":{"alt_text":"","src":"https:\/\/i0.wp.com\/lasprimeras.com.do\/wp-content\/uploads\/2023\/10\/WhatsApp-Image-2023-10-13-at-11.03.05-AM.webp?resize=350%2C200&ssl=1","width":350,"height":200,"srcset":"https:\/\/i0.wp.com\/lasprimeras.com.do\/wp-content\/uploads\/2023\/10\/WhatsApp-Image-2023-10-13-at-11.03.05-AM.webp?resize=350%2C200&ssl=1 1x, https:\/\/i0.wp.com\/lasprimeras.com.do\/wp-content\/uploads\/2023\/10\/WhatsApp-Image-2023-10-13-at-11.03.05-AM.webp?resize=525%2C300&ssl=1 1.5x, https:\/\/i0.wp.com\/lasprimeras.com.do\/wp-content\/uploads\/2023\/10\/WhatsApp-Image-2023-10-13-at-11.03.05-AM.webp?resize=700%2C400&ssl=1 2x, https:\/\/i0.wp.com\/lasprimeras.com.do\/wp-content\/uploads\/2023\/10\/WhatsApp-Image-2023-10-13-at-11.03.05-AM.webp?resize=1050%2C600&ssl=1 3x"},"classes":[]},{"id":57763,"url":"https:\/\/lasprimeras.com.do\/index.php\/2023\/08\/15\/victor-del-villar-se-presenta-este-18-de-agosto-en-el-restaurante-dia-noche-latin-cuisine\/","url_meta":{"origin":63924,"position":1},"title":"V\u00edctor del Villar se presenta este 18 de agosto en el restaurante D\u00eda &#038; Noche Latin Cuisine","author":"Nelson Feliz","date":"15 de agosto de 2023","format":false,"excerpt":"https:\/\/youtu.be\/-XWs5hN6Rd4 Por Emmanuel Solano New York.- El cantautor y compositor dominicano radicado en esta ciudad ,Victor del Villar, nos invita a su gran concierto ,este 18 de agosto , en el restaurante D\u00eda & Noche Latin Cuisine, a partir de las 10 de la noche. El artista dominicano autor de\u2026","rel":"","context":"En \u00abENTRETENIMIENTO\u00bb","block_context":{"text":"ENTRETENIMIENTO","link":"https:\/\/lasprimeras.com.do\/index.php\/category\/entretenimiento\/"},"img":{"alt_text":"VICTOR DEL VILLAR","src":"https:\/\/i0.wp.com\/lasprimeras.com.do\/wp-content\/uploads\/2023\/08\/VICTOR-DEL-VILLAR.jpg?resize=350%2C200&ssl=1","width":350,"height":200,"srcset":"https:\/\/i0.wp.com\/lasprimeras.com.do\/wp-content\/uploads\/2023\/08\/VICTOR-DEL-VILLAR.jpg?resize=350%2C200&ssl=1 1x, https:\/\/i0.wp.com\/lasprimeras.com.do\/wp-content\/uploads\/2023\/08\/VICTOR-DEL-VILLAR.jpg?resize=525%2C300&ssl=1 1.5x"},"classes":[]},{"id":92689,"url":"https:\/\/lasprimeras.com.do\/index.php\/2025\/01\/10\/rey-john-regresa-al-escenario-musical-con-su-nuevo-album-historia\/","url_meta":{"origin":63924,"position":2},"title":"Rey John regresa al escenario musical con su nuevo \u00e1lbum &#8220;Historia","author":"Nelson Feliz","date":"10 de enero de 2025","format":false,"excerpt":"Despu\u00e9s de una pausa de cinco a\u00f1os, el Rey de la Bachata Pop, Rey John, regresa con su tan esperado nuevo \u00e1lbum titulado \u201cHistoria. Edici\u00f3n I\u201d. Este regreso marca un hito importante en su carrera, consolidando su posici\u00f3n como uno de los artistas m\u00e1s destacados de la bachata contempor\u00e1nea. Trayectoria\u2026","rel":"","context":"En \u00abENTRETENIMIENTO\u00bb","block_context":{"text":"ENTRETENIMIENTO","link":"https:\/\/lasprimeras.com.do\/index.php\/category\/entretenimiento\/"},"img":{"alt_text":"","src":"https:\/\/i0.wp.com\/lasprimeras.com.do\/wp-content\/uploads\/2025\/01\/rey.jpg?resize=350%2C200&ssl=1","width":350,"height":200,"srcset":"https:\/\/i0.wp.com\/lasprimeras.com.do\/wp-content\/uploads\/2025\/01\/rey.jpg?resize=350%2C200&ssl=1 1x, https:\/\/i0.wp.com\/lasprimeras.com.do\/wp-content\/uploads\/2025\/01\/rey.jpg?resize=525%2C300&ssl=1 1.5x, https:\/\/i0.wp.com\/lasprimeras.com.do\/wp-content\/uploads\/2025\/01\/rey.jpg?resize=700%2C400&ssl=1 2x"},"classes":[]},{"id":65895,"url":"https:\/\/lasprimeras.com.do\/index.php\/2023\/11\/01\/se-revelan-los-precios-de-las-boletas-del-concierto-de-karol-g-en-republica-dominicana\/","url_meta":{"origin":63924,"position":3},"title":"Se revelan los precios de las boletas del concierto de Karol G en Rep\u00fablica Dominicana","author":"Nelson Feliz","date":"1 de noviembre de 2023","format":false,"excerpt":"Boletas disponibles para el concierto de La Bichota en el estadio Quisqueya. La cantante Karol G se presentar\u00e1 en Rep\u00fablica Dominicana el pr\u00f3ximo 15 de marzo de 2024, como parte de su gira \"Ma\u00f1ana Ser\u00e1 Bonito\", que comenzar\u00e1 el 1 de diciembre con un concierto en el estadio Atanasio Girardot,\u2026","rel":"","context":"En \u00abENTRETENIMIENTO\u00bb","block_context":{"text":"ENTRETENIMIENTO","link":"https:\/\/lasprimeras.com.do\/index.php\/category\/entretenimiento\/"},"img":{"alt_text":"Karol G","src":"https:\/\/i0.wp.com\/lasprimeras.com.do\/wp-content\/uploads\/2023\/11\/Karol-G.jpg?resize=350%2C200&ssl=1","width":350,"height":200,"srcset":"https:\/\/i0.wp.com\/lasprimeras.com.do\/wp-content\/uploads\/2023\/11\/Karol-G.jpg?resize=350%2C200&ssl=1 1x, https:\/\/i0.wp.com\/lasprimeras.com.do\/wp-content\/uploads\/2023\/11\/Karol-G.jpg?resize=525%2C300&ssl=1 1.5x, https:\/\/i0.wp.com\/lasprimeras.com.do\/wp-content\/uploads\/2023\/11\/Karol-G.jpg?resize=700%2C400&ssl=1 2x"},"classes":[]},{"id":63695,"url":"https:\/\/lasprimeras.com.do\/index.php\/2023\/10\/15\/el-salsero-jean-bonilla-lanza-su-primer-album-fantasia\/","url_meta":{"origin":63924,"position":4},"title":"El salsero Jean Bonilla lanza su primer \u00e1lbum, &#8220;Fantas\u00eda&#8221;","author":"BIMARY DE JES\u00daS Matos","date":"15 de octubre de 2023","format":false,"excerpt":"Santo Domingo.-El cantante Jean Bonilla entra a la escena musical con el lanzamiento de su \u00e1lbum de estudio titulado \u201cFantas\u00eda\u201d, que consta de nueve temas. \"Fantas\u00eda\" marca su permanencia en el g\u00e9nero salsa que tanto disfruta. Este \u00e1lbum ofrece una variedad de experiencias a trav\u00e9s de sus nueve canciones. \"Sobrio\",\u2026","rel":"","context":"En \u00abENTRETENIMIENTO\u00bb","block_context":{"text":"ENTRETENIMIENTO","link":"https:\/\/lasprimeras.com.do\/index.php\/category\/entretenimiento\/"},"img":{"alt_text":"","src":"https:\/\/i0.wp.com\/lasprimeras.com.do\/wp-content\/uploads\/2023\/10\/WhatsApp-Image-2023-10-14-at-10.00.32-PM-1.jpeg?resize=350%2C200&ssl=1","width":350,"height":200,"srcset":"https:\/\/i0.wp.com\/lasprimeras.com.do\/wp-content\/uploads\/2023\/10\/WhatsApp-Image-2023-10-14-at-10.00.32-PM-1.jpeg?resize=350%2C200&ssl=1 1x, https:\/\/i0.wp.com\/lasprimeras.com.do\/wp-content\/uploads\/2023\/10\/WhatsApp-Image-2023-10-14-at-10.00.32-PM-1.jpeg?resize=525%2C300&ssl=1 1.5x, https:\/\/i0.wp.com\/lasprimeras.com.do\/wp-content\/uploads\/2023\/10\/WhatsApp-Image-2023-10-14-at-10.00.32-PM-1.jpeg?resize=700%2C400&ssl=1 2x"},"classes":[]},{"id":52426,"url":"https:\/\/lasprimeras.com.do\/index.php\/2023\/06\/10\/eddy-corona-se-posiciona-dentro-de-la-musica-urbana-con-letras-limpias\/","url_meta":{"origin":63924,"position":5},"title":"Eddy Corona se posiciona dentro de la m\u00fasica urbana con letras limpias","author":"prenxa100","date":"10 de junio de 2023","format":false,"excerpt":"El popular cantante urbano cristiano Eddy Corona \"Str8Talk\", contin\u00faa posicion\u00e1ndose dentro del competitivo mundo de la m\u00fasica urbana con dos importantes colaboraciones. La primera es \"Un d\u00eda a la vez\", atractiva propuesta musical que grab\u00f3 junto a la nueva cara del merengue pop Jerek Music, quien fue contraparte de Manny\u2026","rel":"","context":"En \u00abENTRETENIMIENTO\u00bb","block_context":{"text":"ENTRETENIMIENTO","link":"https:\/\/lasprimeras.com.do\/index.php\/category\/entretenimiento\/"},"img":{"alt_text":"","src":"https:\/\/i0.wp.com\/img.youtube.com\/vi\/03eNamYu200\/0.jpg?resize=350%2C200","width":350,"height":200},"classes":[]}],"jetpack_sharing_enabled":true,"_links":{"self":[{"href":"https:\/\/lasprimeras.com.do\/index.php\/wp-json\/wp\/v2\/posts\/63924","targetHints":{"allow":["GET"]}}],"collection":[{"href":"https:\/\/lasprimeras.com.do\/index.php\/wp-json\/wp\/v2\/posts"}],"about":[{"href":"https:\/\/lasprimeras.com.do\/index.php\/wp-json\/wp\/v2\/types\/post"}],"author":[{"embeddable":true,"href":"https:\/\/lasprimeras.com.do\/index.php\/wp-json\/wp\/v2\/users\/3"}],"replies":[{"embeddable":true,"href":"https:\/\/lasprimeras.com.do\/index.php\/wp-json\/wp\/v2\/comments?post=63924"}],"version-history":[{"count":1,"href":"https:\/\/lasprimeras.com.do\/index.php\/wp-json\/wp\/v2\/posts\/63924\/revisions"}],"predecessor-version":[{"id":63926,"href":"https:\/\/lasprimeras.com.do\/index.php\/wp-json\/wp\/v2\/posts\/63924\/revisions\/63926"}],"wp:featuredmedia":[{"embeddable":true,"href":"https:\/\/lasprimeras.com.do\/index.php\/wp-json\/wp\/v2\/media\/63925"}],"wp:attachment":[{"href":"https:\/\/lasprimeras.com.do\/index.php\/wp-json\/wp\/v2\/media?parent=63924"}],"wp:term":[{"taxonomy":"category","embeddable":true,"href":"https:\/\/lasprimeras.com.do\/index.php\/wp-json\/wp\/v2\/categories?post=63924"},{"taxonomy":"post_tag","embeddable":true,"href":"https:\/\/lasprimeras.com.do\/index.php\/wp-json\/wp\/v2\/tags?post=63924"}],"curies":[{"name":"wp","href":"https:\/\/api.w.org\/{rel}","templated":true}]}}