{"id":63940,"date":"2023-10-17T06:43:25","date_gmt":"2023-10-17T10:43:25","guid":{"rendered":"https:\/\/lasprimeras.com.do\/?p=63940"},"modified":"2023-10-17T06:43:26","modified_gmt":"2023-10-17T10:43:26","slug":"israel-advierte-respuesta-mortal-si-hezbola-mantiene-ataques","status":"publish","type":"post","link":"https:\/\/lasprimeras.com.do\/index.php\/2023\/10\/17\/israel-advierte-respuesta-mortal-si-hezbola-mantiene-ataques\/","title":{"rendered":"Israel advierte respuesta \u00abmortal\u00bb si Hezbol\u00e1 mantiene ataques"},"content":{"rendered":"\n<p>JERUSALEN.- El portavoz de las Fuerzas de Defensa de Israel (FDI), el contraalmirante Daniel Hagari, advirti\u00f3 al grupo chi\u00ed liban\u00e9s Hezbol\u00e1 con una respuesta \u00abmortal\u00bb si contin\u00faa lanzando ataques contra el pa\u00eds jud\u00edo, inform\u00f3 The Times of Israel.<\/p>\n\n\n\n<p>\u00abSi Hezbol\u00e1 se atreve a ponernos a prueba, la respuesta ser\u00e1 mortal. Estados Unidos nos presta todo su apoyo\u00bb, declar\u00f3. Hagari a\u00f1adi\u00f3 que el Ej\u00e9rcito israel\u00ed ha incrementado sus fuerzas en la frontera norte y est\u00e1 respondiendo agresivamente a cualquier acci\u00f3n hostil.<\/p>\n\n\n\n<p>El vocero militar indic\u00f3 que Hezbol\u00e1, con el apoyo y el liderazgo de Ir\u00e1n, lanz\u00f3 ayer varios ataques en un intento de desviar de la Franja de Gaza los esfuerzos operativos israel\u00edes, poniendo as\u00ed en peligro al Estado liban\u00e9s y a sus ciudadanos.<\/p>\n\n\n\n<p>Por su parte, Israel anunci\u00f3 que aislar\u00eda una zona de hasta cuatro kil\u00f3metros de la frontera con el L\u00edbano, negando el acceso a los civiles.<\/p>\n\n\n\n<p>A su vez, el ministro iran\u00ed de Asuntos Exteriores, Hossein Amirabdollahian, advirti\u00f3 a Israel de una escalada del conflicto en la regi\u00f3n si \u00abno cesa\u00bb la agresi\u00f3n contra los palestinos.<\/p>\n","protected":false},"excerpt":{"rendered":"<p>JERUSALEN.- El portavoz de las Fuerzas de Defensa de Israel (FDI), el contraalmirante Daniel Hagari, advirti\u00f3 al grupo chi\u00ed liban\u00e9s Hezbol\u00e1 con una respuesta \u00abmortal\u00bb si contin\u00faa lanzando ataques contra&hellip;<\/p>\n","protected":false},"author":3,"featured_media":63941,"comment_status":"open","ping_status":"open","sticky":false,"template":"","format":"standard","meta":{"content-type":"","jetpack_post_was_ever_published":false,"_jetpack_newsletter_access":"","_jetpack_dont_email_post_to_subs":false,"_jetpack_newsletter_tier_id":0,"_jetpack_memberships_contains_paywalled_content":false,"_jetpack_memberships_contains_paid_content":false,"footnotes":""},"categories":[1],"tags":[5605,3499],"class_list":["post-63940","post","type-post","status-publish","format-standard","has-post-thumbnail","hentry","category-sin-categoria","tag-ataques","tag-israel"],"jetpack_featured_media_url":"https:\/\/lasprimeras.com.do\/wp-content\/uploads\/2023\/10\/Captura-de-pantalla-2023-10-16-172822-4.jpg","jetpack-related-posts":[{"id":89263,"url":"https:\/\/lasprimeras.com.do\/index.php\/2024\/09\/20\/al-menos-14-muertos-en-un-ataque-aereo-de-israel-sobre-beirut\/","url_meta":{"origin":63940,"position":0},"title":"Al menos 14 muertos en un ataque a\u00e9reo de Israel sobre Beirut","author":"Nelson Feliz","date":"20 de septiembre de 2024","format":false,"excerpt":"Redacci\u00f3n - BBC News Mundo Israel llev\u00f3 a cabo este viernes un ataque a\u00e9reo en la capital de L\u00edbano, Beirut, en el que han muerto al menos 14 personas, entre las que estar\u00edan miembros claves de la milicia Hezbol\u00e1. Las Fuerzas de Defensa de Israel (FDI) definieron el ataque como\u2026","rel":"","context":"En \u00abSin categor\u00eda\u00bb","block_context":{"text":"Sin categor\u00eda","link":"https:\/\/lasprimeras.com.do\/index.php\/category\/sin-categoria\/"},"img":{"alt_text":"","src":"https:\/\/i0.wp.com\/lasprimeras.com.do\/wp-content\/uploads\/2024\/09\/Ataque.jpg?resize=350%2C200&ssl=1","width":350,"height":200,"srcset":"https:\/\/i0.wp.com\/lasprimeras.com.do\/wp-content\/uploads\/2024\/09\/Ataque.jpg?resize=350%2C200&ssl=1 1x, https:\/\/i0.wp.com\/lasprimeras.com.do\/wp-content\/uploads\/2024\/09\/Ataque.jpg?resize=525%2C300&ssl=1 1.5x, https:\/\/i0.wp.com\/lasprimeras.com.do\/wp-content\/uploads\/2024\/09\/Ataque.jpg?resize=700%2C400&ssl=1 2x"},"classes":[]},{"id":89322,"url":"https:\/\/lasprimeras.com.do\/index.php\/2024\/09\/22\/israel-bombardea-extensamente-el-sur-del-libano\/","url_meta":{"origin":63940,"position":1},"title":"Israel bombardea &#8220;extensamente&#8221; el sur del L\u00edbano","author":"Nelson Feliz","date":"22 de septiembre de 2024","format":false,"excerpt":"Redacci\u00f3n - BBC News Mundo* Hezbol\u00e1 lanza cientos de cohetes contra posiciones militares e industriales israel\u00edes. La tensi\u00f3n en Medio Oriente no para de aumentar. Hezbol\u00e1 ha lanzado en la noche del s\u00e1bado y en la ma\u00f1ana del domingo un \u201caluvi\u00f3n\u201d de cohetes en contra del norte de Israel, en\u2026","rel":"","context":"En \u00abSin categor\u00eda\u00bb","block_context":{"text":"Sin categor\u00eda","link":"https:\/\/lasprimeras.com.do\/index.php\/category\/sin-categoria\/"},"img":{"alt_text":"","src":"https:\/\/i0.wp.com\/lasprimeras.com.do\/wp-content\/uploads\/2024\/09\/bombardeos-1.jpg?resize=350%2C200&ssl=1","width":350,"height":200,"srcset":"https:\/\/i0.wp.com\/lasprimeras.com.do\/wp-content\/uploads\/2024\/09\/bombardeos-1.jpg?resize=350%2C200&ssl=1 1x, https:\/\/i0.wp.com\/lasprimeras.com.do\/wp-content\/uploads\/2024\/09\/bombardeos-1.jpg?resize=525%2C300&ssl=1 1.5x"},"classes":[]},{"id":79430,"url":"https:\/\/lasprimeras.com.do\/index.php\/2024\/03\/27\/ataques-aereos-israelies-alcanzan-el-sur-del-libano\/","url_meta":{"origin":63940,"position":2},"title":"Ataques a\u00e9reos israel\u00edes alcanzan el sur del L\u00edbano","author":"BIMARY DE JES\u00daS Matos","date":"27 de marzo de 2024","format":false,"excerpt":"Israel.-Militantes de Hezbol\u00e1 en el L\u00edbano lanzaron cohetes el mi\u00e9rcoles contra el norte de Israel en represalia por los ataques a\u00e9reos israel\u00edes que mataron a siete personas en el sur del L\u00edbano. El Ej\u00e9rcito israel\u00ed dijo que sus ataques tuvieron como objetivo un edificio militar, matando a un miembro del\u2026","rel":"","context":"En \u00abSin categor\u00eda\u00bb","block_context":{"text":"Sin categor\u00eda","link":"https:\/\/lasprimeras.com.do\/index.php\/category\/sin-categoria\/"},"img":{"alt_text":"","src":"https:\/\/i0.wp.com\/lasprimeras.com.do\/wp-content\/uploads\/2024\/03\/02e91a85-8bb0-4be9-939e-272c6d68bfc2_w650_r1_s.jpg?resize=350%2C200&ssl=1","width":350,"height":200,"srcset":"https:\/\/i0.wp.com\/lasprimeras.com.do\/wp-content\/uploads\/2024\/03\/02e91a85-8bb0-4be9-939e-272c6d68bfc2_w650_r1_s.jpg?resize=350%2C200&ssl=1 1x, https:\/\/i0.wp.com\/lasprimeras.com.do\/wp-content\/uploads\/2024\/03\/02e91a85-8bb0-4be9-939e-272c6d68bfc2_w650_r1_s.jpg?resize=525%2C300&ssl=1 1.5x"},"classes":[]},{"id":66443,"url":"https:\/\/lasprimeras.com.do\/index.php\/2023\/11\/07\/la-onu-pide-el-cese-hostilidades-en-frontera-entre-libano-e-israel\/","url_meta":{"origin":63940,"position":3},"title":"La ONU pide el cese hostilidades en frontera entre L\u00edbano e Israel","author":"BIMARY DE JES\u00daS Matos","date":"7 de noviembre de 2023","format":false,"excerpt":"ISRAEL.- El portavoz del secretario general de la ONU, St\u00e9phane Dujarric, ha pedido este lunes el cese de las hostilidades en la frontera entre L\u00edbano e Israel, donde el partido-milicia chi\u00ed liban\u00e9s Hezbol\u00e1 y el Ej\u00e9rcito israel\u00ed han intercambiado ataques de artiller\u00eda de forma constante desde el inicio de la\u2026","rel":"","context":"En \u00abSin categor\u00eda\u00bb","block_context":{"text":"Sin categor\u00eda","link":"https:\/\/lasprimeras.com.do\/index.php\/category\/sin-categoria\/"},"img":{"alt_text":"","src":"https:\/\/i0.wp.com\/lasprimeras.com.do\/wp-content\/uploads\/2023\/11\/torose-3.jpg?resize=350%2C200&ssl=1","width":350,"height":200,"srcset":"https:\/\/i0.wp.com\/lasprimeras.com.do\/wp-content\/uploads\/2023\/11\/torose-3.jpg?resize=350%2C200&ssl=1 1x, https:\/\/i0.wp.com\/lasprimeras.com.do\/wp-content\/uploads\/2023\/11\/torose-3.jpg?resize=525%2C300&ssl=1 1.5x"},"classes":[]},{"id":89695,"url":"https:\/\/lasprimeras.com.do\/index.php\/2024\/10\/03\/al-menos-seis-fallecidos-tras-ataque-de-israel-a-beirut\/","url_meta":{"origin":63940,"position":4},"title":"Al menos seis fallecidos tras ataque de Israel a Beirut","author":"Paola Castillo","date":"3 de octubre de 2024","format":false,"excerpt":"BEIRUT\/JERUSAL\u00c9N \u2014 Israel bombarde\u00f3 Beirut a primera hora del jueves, matando al menos a seis personas, despu\u00e9s de que sus fuerzas sufrieran su d\u00eda m\u00e1s mort\u00edfero en el frente liban\u00e9s en un a\u00f1o de enfrentamientos con Hezbol\u00e1. Israel dijo que hab\u00eda llevado a cabo un ataque a\u00e9reo preciso sobre la\u2026","rel":"","context":"En \u00abSin categor\u00eda\u00bb","block_context":{"text":"Sin categor\u00eda","link":"https:\/\/lasprimeras.com.do\/index.php\/category\/sin-categoria\/"},"img":{"alt_text":"","src":"https:\/\/i0.wp.com\/lasprimeras.com.do\/wp-content\/uploads\/2024\/10\/israel.jpg?resize=350%2C200&ssl=1","width":350,"height":200,"srcset":"https:\/\/i0.wp.com\/lasprimeras.com.do\/wp-content\/uploads\/2024\/10\/israel.jpg?resize=350%2C200&ssl=1 1x, https:\/\/i0.wp.com\/lasprimeras.com.do\/wp-content\/uploads\/2024\/10\/israel.jpg?resize=525%2C300&ssl=1 1.5x, https:\/\/i0.wp.com\/lasprimeras.com.do\/wp-content\/uploads\/2024\/10\/israel.jpg?resize=700%2C400&ssl=1 2x"},"classes":[]},{"id":64753,"url":"https:\/\/lasprimeras.com.do\/index.php\/2023\/10\/23\/israel-ataca-gaza-despues-de-permitir-la-entrada-de-otro-pequeno-convoy-de-ayuda-al-enclave-asediado\/","url_meta":{"origin":63940,"position":5},"title":"Israel ataca Gaza despu\u00e9s de permitir la entrada de otro peque\u00f1o convoy de ayuda al enclave asediado","author":"Nelson Feliz","date":"23 de octubre de 2023","format":false,"excerpt":"POR WAFAA SHURAFA, SAMY MAGDY Y JOSEPH KRAUSS DEIR AL-BALAH, Franja de Gaza (AP) \u2014 Aviones de combate israel\u00edes atacaron objetivos en toda Gaza el lunes, incluso en \u00e1reas donde a los civiles palestinos se les ha dicho que busquen refugio, despu\u00e9s de que se permiti\u00f3 la entrada de otro\u2026","rel":"","context":"En \u00abSin categor\u00eda\u00bb","block_context":{"text":"Sin categor\u00eda","link":"https:\/\/lasprimeras.com.do\/index.php\/category\/sin-categoria\/"},"img":{"alt_text":"bombarde\u00f3","src":"https:\/\/i0.wp.com\/lasprimeras.com.do\/wp-content\/uploads\/2023\/10\/ataques.jpg?resize=350%2C200&ssl=1","width":350,"height":200,"srcset":"https:\/\/i0.wp.com\/lasprimeras.com.do\/wp-content\/uploads\/2023\/10\/ataques.jpg?resize=350%2C200&ssl=1 1x, https:\/\/i0.wp.com\/lasprimeras.com.do\/wp-content\/uploads\/2023\/10\/ataques.jpg?resize=525%2C300&ssl=1 1.5x"},"classes":[]}],"jetpack_sharing_enabled":true,"_links":{"self":[{"href":"https:\/\/lasprimeras.com.do\/index.php\/wp-json\/wp\/v2\/posts\/63940","targetHints":{"allow":["GET"]}}],"collection":[{"href":"https:\/\/lasprimeras.com.do\/index.php\/wp-json\/wp\/v2\/posts"}],"about":[{"href":"https:\/\/lasprimeras.com.do\/index.php\/wp-json\/wp\/v2\/types\/post"}],"author":[{"embeddable":true,"href":"https:\/\/lasprimeras.com.do\/index.php\/wp-json\/wp\/v2\/users\/3"}],"replies":[{"embeddable":true,"href":"https:\/\/lasprimeras.com.do\/index.php\/wp-json\/wp\/v2\/comments?post=63940"}],"version-history":[{"count":1,"href":"https:\/\/lasprimeras.com.do\/index.php\/wp-json\/wp\/v2\/posts\/63940\/revisions"}],"predecessor-version":[{"id":63942,"href":"https:\/\/lasprimeras.com.do\/index.php\/wp-json\/wp\/v2\/posts\/63940\/revisions\/63942"}],"wp:featuredmedia":[{"embeddable":true,"href":"https:\/\/lasprimeras.com.do\/index.php\/wp-json\/wp\/v2\/media\/63941"}],"wp:attachment":[{"href":"https:\/\/lasprimeras.com.do\/index.php\/wp-json\/wp\/v2\/media?parent=63940"}],"wp:term":[{"taxonomy":"category","embeddable":true,"href":"https:\/\/lasprimeras.com.do\/index.php\/wp-json\/wp\/v2\/categories?post=63940"},{"taxonomy":"post_tag","embeddable":true,"href":"https:\/\/lasprimeras.com.do\/index.php\/wp-json\/wp\/v2\/tags?post=63940"}],"curies":[{"name":"wp","href":"https:\/\/api.w.org\/{rel}","templated":true}]}}