{"id":64014,"date":"2023-10-17T14:10:03","date_gmt":"2023-10-17T18:10:03","guid":{"rendered":"https:\/\/lasprimeras.com.do\/?p=64014"},"modified":"2023-10-17T14:10:05","modified_gmt":"2023-10-17T18:10:05","slug":"luis-miguel-entrego-a-su-hija-michelle-salas-en-el-altar-y-hasta-bailo-con-ella","status":"publish","type":"post","link":"https:\/\/lasprimeras.com.do\/index.php\/2023\/10\/17\/luis-miguel-entrego-a-su-hija-michelle-salas-en-el-altar-y-hasta-bailo-con-ella\/","title":{"rendered":"Luis Miguel entreg\u00f3 a su hija Michelle Salas en el altar y hasta bail\u00f3 con ella"},"content":{"rendered":"\n<p>Santo Domingo.-A ra\u00edz de los rumores que se\u00f1alaban que Michelle Salas, hija de Luis Miguel, ser\u00eda entregada en el altar por su madre Stephanie Salas y no por su padre, la revistas Hola! USA confirm\u00f3 que, como manda la regla, el cantante s\u00ed encamin\u00f3 a su hija y la entreg\u00f3 a su ahora esposo, el empresario venezolano Danilo D\u00edaz, durante su boda este s\u00e1bado en Italia.<\/p>\n\n\n\n<p>El artista tambi\u00e9n fue el padrino del enlace de su primog\u00e9nita y la llev\u00f3 del brazo hasta donde se encontraba D\u00edaz luego de que la madre de la novia la acompa\u00f1ara la mitad del camino.<\/p>\n\n\n\n<p>En ese sentido, \u2018El Sol de M\u00e9xico\u2019 presenci\u00f3 los votos de los novios desde la primera fila, donde se encontraba en compa\u00f1\u00eda de su pareja Paloma Cuevas, quien luci\u00f3 un vestido largo de color verde esmeralda dise\u00f1ado por su amiga Rosa Clar\u00e1. Mientras que \u00e9l, luci\u00f3 un esmoquin negro de Tom Ford, seg\u00fan cont\u00f3 el magac\u00edn.<\/p>\n\n\n\n<p>Luego en la celebraci\u00f3n que tuvo lugar en la finca Il Borro, ubicada en La Toscana italiana, Michelle pudo bailar con su padre cuando Danilo D\u00edaz invit\u00f3 a su suegra a la pista de baile.<\/p>\n\n\n\n<p>&#8220;Luego, la flamante novia hizo lo propio con su progenitora y al terminar sus pasos con ella, no dud\u00f3 en sacar a bailar a su padre, quien por un momento titube\u00f3 pero al final cedi\u00f3 a la petici\u00f3n de su hija en un momento que fue por dem\u00e1s especial no solo para ellos, sino tambi\u00e9n para todos los invitados presentes que avalaban aquel acto de amor entre aplausos&#8221;, se\u00f1al\u00f3 Hola! USA.<\/p>\n","protected":false},"excerpt":{"rendered":"<p>Santo Domingo.-A ra\u00edz de los rumores que se\u00f1alaban que Michelle Salas, hija de Luis Miguel, ser\u00eda entregada en el altar por su madre Stephanie Salas y no por su padre,&hellip;<\/p>\n","protected":false},"author":3,"featured_media":64015,"comment_status":"open","ping_status":"open","sticky":false,"template":"","format":"standard","meta":{"content-type":"","jetpack_post_was_ever_published":false,"_jetpack_newsletter_access":"","_jetpack_dont_email_post_to_subs":false,"_jetpack_newsletter_tier_id":0,"_jetpack_memberships_contains_paywalled_content":false,"_jetpack_memberships_contains_paid_content":false,"footnotes":""},"categories":[84],"tags":[5911],"class_list":["post-64014","post","type-post","status-publish","format-standard","has-post-thumbnail","hentry","category-entretenimiento","tag-luis-miguel"],"jetpack_featured_media_url":"https:\/\/lasprimeras.com.do\/wp-content\/uploads\/2023\/10\/WhatsApp-Image-2023-10-17-at-10.27.12-AM.png","jetpack-related-posts":[{"id":94457,"url":"https:\/\/lasprimeras.com.do\/index.php\/2025\/03\/01\/cadaver-de-joven-reportado-desaparecido-en-santo-domingo-norte-presenta-signos-de-violencia\/","url_meta":{"origin":64014,"position":0},"title":"Cad\u00e1ver de joven reportado desaparecido en Santo Domingo Norte presenta signos de violencia","author":"Nelson Feliz","date":"1 de marzo de 2025","format":false,"excerpt":"El cuerpo de la v\u00edctima apareci\u00f3 amarrado en el r\u00edo Ozama detr\u00e1s del sector La Nueva Barquita. Braylin Paredes El joven Luis Miguel Garc\u00eda Hern\u00e1ndez, de 29 a\u00f1os, quien hab\u00eda sido reportado como desaparecido, fue encontrado la tarde de este viernes en el r\u00edo Ozama con evidentes signos de violencia.\u2026","rel":"","context":"En \u00abNACIONALES\u00bb","block_context":{"text":"NACIONALES","link":"https:\/\/lasprimeras.com.do\/index.php\/category\/nacionales\/"},"img":{"alt_text":"Luis Miguel Garc\u00eda Hern\u00e1ndez","src":"https:\/\/i0.wp.com\/lasprimeras.com.do\/wp-content\/uploads\/2025\/03\/Luis-Miguel-Garcia-Hernandez.jpg?resize=350%2C200&ssl=1","width":350,"height":200,"srcset":"https:\/\/i0.wp.com\/lasprimeras.com.do\/wp-content\/uploads\/2025\/03\/Luis-Miguel-Garcia-Hernandez.jpg?resize=350%2C200&ssl=1 1x, https:\/\/i0.wp.com\/lasprimeras.com.do\/wp-content\/uploads\/2025\/03\/Luis-Miguel-Garcia-Hernandez.jpg?resize=525%2C300&ssl=1 1.5x, https:\/\/i0.wp.com\/lasprimeras.com.do\/wp-content\/uploads\/2025\/03\/Luis-Miguel-Garcia-Hernandez.jpg?resize=700%2C400&ssl=1 2x"},"classes":[]},{"id":62031,"url":"https:\/\/lasprimeras.com.do\/index.php\/2023\/10\/02\/apresan-madre-e-hija-por-tentativa-de-homicidio-a-una-mujer-y-a-homicidio-de-hombre-en-santiago\/","url_meta":{"origin":64014,"position":1},"title":"Apresan madre e hija por tentativa de homicidio a una mujer y a homicidio de hombre en Santiago","author":"Nelson Feliz","date":"2 de octubre de 2023","format":false,"excerpt":"-Identifica y persigue el homicida; le hace un llamado de entrega.- Por Roberto P\u00e9rez Agentes policiales adscritos al Departamento de Homicidios de esta Direcci\u00f3n Regional Cibao Central (Santiago), apresaron en flagrante delito a una mujer y mediante orden de arresto otra, por tentativa de homicidio a una f\u00e9mina y estar\u2026","rel":"","context":"En \u00abMILITARES\u00bb","block_context":{"text":"MILITARES","link":"https:\/\/lasprimeras.com.do\/index.php\/category\/militares\/"},"img":{"alt_text":"Fernando P\u00e9rez Valerio, vocero de la Polic\u00eda Nacional en Santiago.","src":"https:\/\/i0.wp.com\/lasprimeras.com.do\/wp-content\/uploads\/2023\/07\/Fernando-Perez-Valerio.jpg?resize=350%2C200&ssl=1","width":350,"height":200,"srcset":"https:\/\/i0.wp.com\/lasprimeras.com.do\/wp-content\/uploads\/2023\/07\/Fernando-Perez-Valerio.jpg?resize=350%2C200&ssl=1 1x, https:\/\/i0.wp.com\/lasprimeras.com.do\/wp-content\/uploads\/2023\/07\/Fernando-Perez-Valerio.jpg?resize=525%2C300&ssl=1 1.5x"},"classes":[]},{"id":117951,"url":"https:\/\/lasprimeras.com.do\/index.php\/2025\/12\/18\/abinader-encabeza-graduacion-de-26-damas-y-caballeros-guardamarinas\/","url_meta":{"origin":64014,"position":2},"title":"Abinader encabeza graduaci\u00f3n de 26 Damas y Caballeros Guardamarinas","author":"Nelson Feliz","date":"18 de diciembre de 2025","format":false,"excerpt":"El presidente Luis Abinader encabez\u00f3 la septuag\u00e9sima cuarta (LXXIV) graduaci\u00f3n de Damas y Caballeros Guardiamarinas, que se suman a la defensa de las costas dominicanas, la soberan\u00eda e independencia nacional, como licenciados en Ciencias Navales y Oficiales del Cuerpo de Comando. Estos 26 j\u00f3venes conforman la Clase 2022-2025 de la\u2026","rel":"","context":"En \u00abNACIONALES\u00bb","block_context":{"text":"NACIONALES","link":"https:\/\/lasprimeras.com.do\/index.php\/category\/nacionales\/"},"img":{"alt_text":"","src":"https:\/\/i0.wp.com\/lasprimeras.com.do\/wp-content\/uploads\/2025\/12\/luis-princ-a.jpg?resize=350%2C200&ssl=1","width":350,"height":200,"srcset":"https:\/\/i0.wp.com\/lasprimeras.com.do\/wp-content\/uploads\/2025\/12\/luis-princ-a.jpg?resize=350%2C200&ssl=1 1x, https:\/\/i0.wp.com\/lasprimeras.com.do\/wp-content\/uploads\/2025\/12\/luis-princ-a.jpg?resize=525%2C300&ssl=1 1.5x, https:\/\/i0.wp.com\/lasprimeras.com.do\/wp-content\/uploads\/2025\/12\/luis-princ-a.jpg?resize=700%2C400&ssl=1 2x"},"classes":[]},{"id":51095,"url":"https:\/\/lasprimeras.com.do\/index.php\/2023\/05\/27\/surun-hernandez-agasaja-madres-en-santo-domingo-este\/","url_meta":{"origin":64014,"position":3},"title":"Surun Hern\u00e1ndez agasaja madres en Santo Domingo Este","author":"prenxa100","date":"27 de mayo de 2023","format":false,"excerpt":"Santo Domingo Este. El precandidato a Alcalde por la Fuerza del Pueblo doctor Miguel Surun Hern\u00e1ndez, agasaj\u00f3 a las madres presente con cientos decenas de electrodom\u00e9sticos y armonizaci\u00f3n musical. \u201cMe siento muy feliz como hijo de una madre; recordar todo lo que hace una madre por sus hijos no lo\u2026","rel":"","context":"En \u00abSin categor\u00eda\u00bb","block_context":{"text":"Sin categor\u00eda","link":"https:\/\/lasprimeras.com.do\/index.php\/category\/sin-categoria\/"},"img":{"alt_text":"","src":"","width":0,"height":0},"classes":[]},{"id":75694,"url":"https:\/\/lasprimeras.com.do\/index.php\/2024\/02\/03\/domingo-contreras-declara-que-sin-alianza-no-hay-esperanza\/","url_meta":{"origin":64014,"position":4},"title":"Domingo Contreras declara que \u201csin alianza no hay esperanza\u201d","author":"Nelson Feliz","date":"3 de febrero de 2024","format":false,"excerpt":"El candidato a alcalde del Partido de la Liberaci\u00f3n Dominicana y de la Alianza Rescate RD, Domingo Contreras declar\u00f3 que \u201csin alianza no hay esperanza\u201d. \u201cOmar Fern\u00e1ndez y yo supimos interpretar el grito de la gente del pueblo: \u2018\u00a1J\u00fantense!\u2019. Contreras. Indic\u00f3 que esa expresi\u00f3n \u201cfue magistralmente interpretada por Miguel Vargas,\u2026","rel":"","context":"En \u00abSin categor\u00eda\u00bb","block_context":{"text":"Sin categor\u00eda","link":"https:\/\/lasprimeras.com.do\/index.php\/category\/sin-categoria\/"},"img":{"alt_text":"Miguel Vargas","src":"https:\/\/i0.wp.com\/lasprimeras.com.do\/wp-content\/uploads\/2024\/02\/Miguel-Vargas-4.jpg?resize=350%2C200&ssl=1","width":350,"height":200,"srcset":"https:\/\/i0.wp.com\/lasprimeras.com.do\/wp-content\/uploads\/2024\/02\/Miguel-Vargas-4.jpg?resize=350%2C200&ssl=1 1x, https:\/\/i0.wp.com\/lasprimeras.com.do\/wp-content\/uploads\/2024\/02\/Miguel-Vargas-4.jpg?resize=525%2C300&ssl=1 1.5x, https:\/\/i0.wp.com\/lasprimeras.com.do\/wp-content\/uploads\/2024\/02\/Miguel-Vargas-4.jpg?resize=700%2C400&ssl=1 2x"},"classes":[]},{"id":94932,"url":"https:\/\/lasprimeras.com.do\/index.php\/2025\/03\/07\/hallan-cadaver-de-hispana-en-una-maleta-en-nueva-york-ex-novio-arrestado\/","url_meta":{"origin":64014,"position":5},"title":"Hallan cad\u00e1ver de hispana en una maleta en Nueva York; ex novio arrestado","author":"Nelson Feliz","date":"7 de marzo de 2025","format":false,"excerpt":"Una joven latina que hab\u00eda sido reportada desaparecida en NYC fue encontrada muerta en una maleta en Yonkers. Su ex novio fue detenido como sospechoso. Pamela Alc\u00e1ntara, joven de 26 a\u00f1os que hab\u00eda sido reportada desaparecida el domingo en El Bronx (NYC), fue encontrada muerta en una maleta en Yonkers\u2026","rel":"","context":"En \u00abINTERNACIONALES\u00bb","block_context":{"text":"INTERNACIONALES","link":"https:\/\/lasprimeras.com.do\/index.php\/category\/sin-categoria\/internacionales\/"},"img":{"alt_text":"","src":"https:\/\/i0.wp.com\/lasprimeras.com.do\/wp-content\/uploads\/2025\/03\/HISPA.png?resize=350%2C200&ssl=1","width":350,"height":200},"classes":[]}],"jetpack_sharing_enabled":true,"_links":{"self":[{"href":"https:\/\/lasprimeras.com.do\/index.php\/wp-json\/wp\/v2\/posts\/64014","targetHints":{"allow":["GET"]}}],"collection":[{"href":"https:\/\/lasprimeras.com.do\/index.php\/wp-json\/wp\/v2\/posts"}],"about":[{"href":"https:\/\/lasprimeras.com.do\/index.php\/wp-json\/wp\/v2\/types\/post"}],"author":[{"embeddable":true,"href":"https:\/\/lasprimeras.com.do\/index.php\/wp-json\/wp\/v2\/users\/3"}],"replies":[{"embeddable":true,"href":"https:\/\/lasprimeras.com.do\/index.php\/wp-json\/wp\/v2\/comments?post=64014"}],"version-history":[{"count":1,"href":"https:\/\/lasprimeras.com.do\/index.php\/wp-json\/wp\/v2\/posts\/64014\/revisions"}],"predecessor-version":[{"id":64016,"href":"https:\/\/lasprimeras.com.do\/index.php\/wp-json\/wp\/v2\/posts\/64014\/revisions\/64016"}],"wp:featuredmedia":[{"embeddable":true,"href":"https:\/\/lasprimeras.com.do\/index.php\/wp-json\/wp\/v2\/media\/64015"}],"wp:attachment":[{"href":"https:\/\/lasprimeras.com.do\/index.php\/wp-json\/wp\/v2\/media?parent=64014"}],"wp:term":[{"taxonomy":"category","embeddable":true,"href":"https:\/\/lasprimeras.com.do\/index.php\/wp-json\/wp\/v2\/categories?post=64014"},{"taxonomy":"post_tag","embeddable":true,"href":"https:\/\/lasprimeras.com.do\/index.php\/wp-json\/wp\/v2\/tags?post=64014"}],"curies":[{"name":"wp","href":"https:\/\/api.w.org\/{rel}","templated":true}]}}