{"id":64137,"date":"2023-10-18T08:04:00","date_gmt":"2023-10-18T12:04:00","guid":{"rendered":"https:\/\/lasprimeras.com.do\/?p=64137"},"modified":"2023-10-18T08:10:56","modified_gmt":"2023-10-18T12:10:56","slug":"el-rally-de-la-mujer-regresa-a-jarabacoa-en-su-segunda-edicion","status":"publish","type":"post","link":"https:\/\/lasprimeras.com.do\/index.php\/2023\/10\/18\/el-rally-de-la-mujer-regresa-a-jarabacoa-en-su-segunda-edicion\/","title":{"rendered":"El \u00abRally de la Mujer\u00bb regresa a Jarabacoa en su segunda edici\u00f3n"},"content":{"rendered":"\n<p>El Rally de la Mujer llega a su segunda edici\u00f3n. Los detalles se presentaron en el Ayuntamiento Municipal de Jarabacoa, bajo el liderazgo del Alcalde Yunior Torres, de la mano de su directora general, Yaniris Espinal.<\/p>\n\n\n\n<p>Espinal resalt\u00f3 que esta segunda edici\u00f3n arrancar\u00e1 oficialmente el s\u00e1bado 11 de noviembre a las 8:00 de la ma\u00f1ana en Santiago de los Caballeros.<\/p>\n\n\n\n<p>Durante esta emocionante traves\u00eda, los competidores recorrer\u00e1n aproximadamente 200 kil\u00f3metros a trav\u00e9s de los pintorescos caminos del Valle del Cibao y la Cordillera Central, atravesando las provincias de Moca, Salcedo, San Francisco de Macor\u00eds, y La Vega, culminando su viaje en el Parque Ecol\u00f3gico La Confluencia de Jarabacoa, donde se encontrar\u00e1 la meta.<\/p>\n\n\n\n<p><strong>C\u00f3mo participar en el Rally de la Mujer<\/strong><\/p>\n\n\n\n<p>Un requisito fundamental para los veh\u00edculos participantes es que sean 4\u00d74 y que al menos una mujer forme parte de la tripulaci\u00f3n.<\/p>\n\n\n\n<p>Las categor\u00edas de competici\u00f3n incluyen A, B, C para expertos, Mujer-Mujer, Turismo, y la categor\u00eda Paseo, que no compite.<\/p>\n\n\n\n<p>Los trofeos para los ganadores ser\u00e1n estatuillas de las emblem\u00e1ticas mu\u00f1ecas sin rostro, artesan\u00edas elaboradas por el centro de artesan\u00eda Neoarte de Moca, especializado en la creaci\u00f3n de muebles artesanales.<\/p>\n\n\n\n<p>La inscripci\u00f3n en el rally tiene un costo de RD$4,000.00 pesos por veh\u00edculo, cubriendo tanto al piloto como al copiloto, y se permite llevar a un acompa\u00f1ante adicional de forma gratuita.<\/p>\n\n\n\n<p>Los acompa\u00f1antes extra tendr\u00e1n un costo de RD$500.00. Todos los participantes podr\u00e1n disfrutar de un Coffee Break en la salida, un almuerzo en la Meta el s\u00e1bado 11, as\u00ed como un refrigerio el domingo en el \u00e1rea de camping.<\/p>\n\n\n\n<p><strong>Un rally con fuerte compromiso social<\/strong><\/p>\n\n\n\n<p>Adem\u00e1s de ser un evento deportivo, el Rally \u00abLa Ruta de la Mujer\u00bb tiene un fuerte compromiso social.<\/p>\n\n\n\n<p>Un porcentaje de los fondos recaudados se destinar\u00e1 a la instituci\u00f3n sin fines de lucro N\u00facleo de Apoyo a la Mujer (NAM), que se dedica a brindar apoyo a familias vulnerables y v\u00edctimas de violencia, en particular a mujeres y ni\u00f1os.<\/p>\n\n\n\n<p>Este evento, liderado por la experimentada rallista Yaniris Espinal, cuenta con el apoyo del Comisario Deportivo, el rallista Tony G\u00f3mez, y un s\u00f3lido equipo conformado por representantes del Ayuntamiento de Jarabacoa, el Grupo Jarabacoa 4\u00d74, autoridades e instituciones, incluyendo NAM.<\/p>\n\n\n\n<p>Jarabacoa est\u00e1 a punto de convertirse en el epicentro de un evento que promueve la igualdad y el respeto hacia las mujeres a trav\u00e9s de la emoci\u00f3n y la acci\u00f3n del Rally de la Mujer.<\/p>\n","protected":false},"excerpt":{"rendered":"<p>El Rally de la Mujer llega a su segunda edici\u00f3n. Los detalles se presentaron en el Ayuntamiento Municipal de Jarabacoa, bajo el liderazgo del Alcalde Yunior Torres, de la mano&hellip;<\/p>\n","protected":false},"author":2,"featured_media":64138,"comment_status":"open","ping_status":"open","sticky":false,"template":"","format":"standard","meta":{"content-type":"","jetpack_post_was_ever_published":false,"_jetpack_newsletter_access":"","_jetpack_dont_email_post_to_subs":false,"_jetpack_newsletter_tier_id":0,"_jetpack_memberships_contains_paywalled_content":false,"_jetpack_memberships_contains_paid_content":false,"footnotes":""},"categories":[1],"tags":[8627],"class_list":["post-64137","post","type-post","status-publish","format-standard","has-post-thumbnail","hentry","category-sin-categoria","tag-rally-de-la-mujer"],"jetpack_featured_media_url":"https:\/\/lasprimeras.com.do\/wp-content\/uploads\/2023\/10\/rally-de-la-mujer-2023.jpg","jetpack-related-posts":[{"id":123306,"url":"https:\/\/lasprimeras.com.do\/index.php\/2026\/02\/27\/rally-ruta-de-la-mujer-2026-consolida-su-salida-oficial-desde-santo-domingo\/","url_meta":{"origin":64137,"position":0},"title":"Rally Ruta de la Mujer 2026 consolida su salida oficial desde Santo Domingo","author":"Nelson Feliz","date":"27 de febrero de 2026","format":false,"excerpt":"Motors rumbo a Miches en el marco del D\u00eda Internacional de la Mujer El 4to Rally Ruta de la Mujer 2026 fue relanzado oficialmente desde la sucursal de Santo Domingo Motors, ubicada en la avenida G. Luper\u00f3n, Distrito Nacional, estableciendo este espacio como punto de salida y kil\u00f3metro cero de\u2026","rel":"","context":"En \u00abDEPORTES\u00bb","block_context":{"text":"DEPORTES","link":"https:\/\/lasprimeras.com.do\/index.php\/category\/deportes\/"},"img":{"alt_text":"","src":"https:\/\/i0.wp.com\/lasprimeras.com.do\/wp-content\/uploads\/2026\/02\/rally.jpg?resize=350%2C200&ssl=1","width":350,"height":200,"srcset":"https:\/\/i0.wp.com\/lasprimeras.com.do\/wp-content\/uploads\/2026\/02\/rally.jpg?resize=350%2C200&ssl=1 1x, https:\/\/i0.wp.com\/lasprimeras.com.do\/wp-content\/uploads\/2026\/02\/rally.jpg?resize=525%2C300&ssl=1 1.5x, https:\/\/i0.wp.com\/lasprimeras.com.do\/wp-content\/uploads\/2026\/02\/rally.jpg?resize=700%2C400&ssl=1 2x"},"classes":[]},{"id":121308,"url":"https:\/\/lasprimeras.com.do\/index.php\/2026\/02\/03\/la-patrulla-del-monte-celebro-con-un-rotundo-exito-el-rally-el-triangulo-en-constanza\/","url_meta":{"origin":64137,"position":1},"title":"La patrulla del Monte celebr\u00f3 con un rotundo \u00e9xito el Rally \u201cEl Triangulo\u201d en Constanza","author":"Nelson Feliz","date":"3 de febrero de 2026","format":false,"excerpt":"La Patrulla del Monte, realiz\u00f3 el pasado fin de semana con un rotundo \u00e9xito el rally \"El Tri\u00e1ngulo\" evento que partido desde Santo Domingo llegando a Santiago donde se detuvo en las segunda brigada del Ej\u00e9rcito Nacional. El segundo d\u00eda el Rally partido desde la segunda brigada del Ej\u00e9rcito Nacional\u2026","rel":"","context":"En \u00abDEPORTES\u00bb","block_context":{"text":"DEPORTES","link":"https:\/\/lasprimeras.com.do\/index.php\/category\/deportes\/"},"img":{"alt_text":"","src":"https:\/\/i0.wp.com\/lasprimeras.com.do\/wp-content\/uploads\/2026\/02\/IMG-20260203-WA0350.jpg?resize=350%2C200&ssl=1","width":350,"height":200,"srcset":"https:\/\/i0.wp.com\/lasprimeras.com.do\/wp-content\/uploads\/2026\/02\/IMG-20260203-WA0350.jpg?resize=350%2C200&ssl=1 1x, https:\/\/i0.wp.com\/lasprimeras.com.do\/wp-content\/uploads\/2026\/02\/IMG-20260203-WA0350.jpg?resize=525%2C300&ssl=1 1.5x, https:\/\/i0.wp.com\/lasprimeras.com.do\/wp-content\/uploads\/2026\/02\/IMG-20260203-WA0350.jpg?resize=700%2C400&ssl=1 2x"},"classes":[]},{"id":88508,"url":"https:\/\/lasprimeras.com.do\/index.php\/2024\/08\/29\/anuncian-tercera-edicion-del-dominican-boat-rally-edicion-la-romana\/","url_meta":{"origin":64137,"position":2},"title":"Anuncian tercera edici\u00f3n del Dominican Boat Rally Edici\u00f3n La Romana","author":"Nelson Feliz","date":"29 de agosto de 2024","format":false,"excerpt":"Ser\u00e1 diversi\u00f3n de principio a fin. El comit\u00e9 organizador del Dominican Boat Rally 2024 y la empresa WT Events dieron a conocer un encuentro con la prensa y la comunidad n\u00e1utica celebrado en Julieta Brasserie, los detalles de uno de los eventos m\u00e1s esperados por quienes aman la navegaci\u00f3n en\u2026","rel":"","context":"En \u00abSin categor\u00eda\u00bb","block_context":{"text":"Sin categor\u00eda","link":"https:\/\/lasprimeras.com.do\/index.php\/category\/sin-categoria\/"},"img":{"alt_text":"Alma Taveras - Coordinadora del Rally","src":"https:\/\/i0.wp.com\/lasprimeras.com.do\/wp-content\/uploads\/2024\/08\/Alma-Taveras-Coordinadora-del-Rally.jpg?resize=350%2C200&ssl=1","width":350,"height":200,"srcset":"https:\/\/i0.wp.com\/lasprimeras.com.do\/wp-content\/uploads\/2024\/08\/Alma-Taveras-Coordinadora-del-Rally.jpg?resize=350%2C200&ssl=1 1x, https:\/\/i0.wp.com\/lasprimeras.com.do\/wp-content\/uploads\/2024\/08\/Alma-Taveras-Coordinadora-del-Rally.jpg?resize=525%2C300&ssl=1 1.5x"},"classes":[]},{"id":126532,"url":"https:\/\/lasprimeras.com.do\/index.php\/2026\/04\/02\/dos-muertos-en-accidente-durante-rally-de-four-wheel-en-luperon-puerto-plata\/","url_meta":{"origin":64137,"position":3},"title":"Dos muertos en accidente durante rally de four-wheel en Luper\u00f3n, Puerto Plata","author":"Nelson Feliz","date":"2 de abril de 2026","format":false,"excerpt":"Por Aneudy Peralta PUERTO PLATA.- Dos personas fallecieron este Jueves Santo tras un accidente ocurrido durante un rally de four-wheel en el municipio de Luper\u00f3n, provincia Puerto Plata. Las v\u00edctimas fueron identificadas como Alexander P\u00e9rez Brito, de 32 a\u00f1os, quien muri\u00f3 en el lugar del hecho y Nicauri Castellano, de\u2026","rel":"","context":"En \u00abNACIONALES\u00bb","block_context":{"text":"NACIONALES","link":"https:\/\/lasprimeras.com.do\/index.php\/category\/nacionales\/"},"img":{"alt_text":"","src":"https:\/\/i0.wp.com\/lasprimeras.com.do\/wp-content\/uploads\/2026\/04\/Tragedia-END.jpg.jpeg?resize=350%2C200&ssl=1","width":350,"height":200,"srcset":"https:\/\/i0.wp.com\/lasprimeras.com.do\/wp-content\/uploads\/2026\/04\/Tragedia-END.jpg.jpeg?resize=350%2C200&ssl=1 1x, https:\/\/i0.wp.com\/lasprimeras.com.do\/wp-content\/uploads\/2026\/04\/Tragedia-END.jpg.jpeg?resize=525%2C300&ssl=1 1.5x, https:\/\/i0.wp.com\/lasprimeras.com.do\/wp-content\/uploads\/2026\/04\/Tragedia-END.jpg.jpeg?resize=700%2C400&ssl=1 2x"},"classes":[]},{"id":93882,"url":"https:\/\/lasprimeras.com.do\/index.php\/2025\/02\/21\/pico-duarte-fest-2025-mujeres-dominicanas-conquistan-la-cima-del-caribe\/","url_meta":{"origin":64137,"position":4},"title":"Pico Duarte Fest 2025: Mujeres Dominicanas conquistan la Cima del Caribe","author":"Nelson Feliz","date":"21 de febrero de 2025","format":false,"excerpt":"El Ayuntamiento Municipal de Jarabacoa, en colaboraci\u00f3n con Ruta de la Mujer, se enorgullece en presentar el Pico Duarte Fest 2025, una expedici\u00f3n \u00fanica que celebrar\u00e1 el D\u00eda Internacional de la Mujer llevando a 25 mujeres dominicanas a la cima del Pico Duarte, el punto m\u00e1s alto del Caribe. Bajo\u2026","rel":"","context":"En \u00abDEPORTES\u00bb","block_context":{"text":"DEPORTES","link":"https:\/\/lasprimeras.com.do\/index.php\/category\/deportes\/"},"img":{"alt_text":"","src":"https:\/\/i0.wp.com\/lasprimeras.com.do\/wp-content\/uploads\/2025\/02\/cima.jpg?resize=350%2C200&ssl=1","width":350,"height":200,"srcset":"https:\/\/i0.wp.com\/lasprimeras.com.do\/wp-content\/uploads\/2025\/02\/cima.jpg?resize=350%2C200&ssl=1 1x, https:\/\/i0.wp.com\/lasprimeras.com.do\/wp-content\/uploads\/2025\/02\/cima.jpg?resize=525%2C300&ssl=1 1.5x, https:\/\/i0.wp.com\/lasprimeras.com.do\/wp-content\/uploads\/2025\/02\/cima.jpg?resize=700%2C400&ssl=1 2x"},"classes":[]},{"id":65564,"url":"https:\/\/lasprimeras.com.do\/index.php\/2023\/10\/30\/toros-derrotan-a-leones-con-rally-de-tres-carreras-en-el-septimo-y-quiebran-empate-en-la-clasificacion\/","url_meta":{"origin":64137,"position":5},"title":"Toros derrotan a Leones con rally de tres carreras en el s\u00e9ptimo y quiebran empate en la clasificaci\u00f3n","author":"Nelson Feliz","date":"30 de octubre de 2023","format":false,"excerpt":"Jonatan Clase dispar\u00f3 hit de dos carreras en el inning decisivo. Un rally de tres carreras, coronado por Jonathan Clase en el s\u00e9ptimo episodio fue determinante para que los Toros del Este derrotaran a los Leones del Escogido 7-3, en un partido disputado este domingo en el Estadio Francisco Micheli.\u2026","rel":"","context":"En \u00abSin categor\u00eda\u00bb","block_context":{"text":"Sin categor\u00eda","link":"https:\/\/lasprimeras.com.do\/index.php\/category\/sin-categoria\/"},"img":{"alt_text":"Toros derrotan a Leones","src":"https:\/\/i0.wp.com\/lasprimeras.com.do\/wp-content\/uploads\/2023\/10\/Toros-derrotan-a-Leones.jpg?resize=350%2C200&ssl=1","width":350,"height":200,"srcset":"https:\/\/i0.wp.com\/lasprimeras.com.do\/wp-content\/uploads\/2023\/10\/Toros-derrotan-a-Leones.jpg?resize=350%2C200&ssl=1 1x, https:\/\/i0.wp.com\/lasprimeras.com.do\/wp-content\/uploads\/2023\/10\/Toros-derrotan-a-Leones.jpg?resize=525%2C300&ssl=1 1.5x, https:\/\/i0.wp.com\/lasprimeras.com.do\/wp-content\/uploads\/2023\/10\/Toros-derrotan-a-Leones.jpg?resize=700%2C400&ssl=1 2x"},"classes":[]}],"jetpack_sharing_enabled":true,"_links":{"self":[{"href":"https:\/\/lasprimeras.com.do\/index.php\/wp-json\/wp\/v2\/posts\/64137","targetHints":{"allow":["GET"]}}],"collection":[{"href":"https:\/\/lasprimeras.com.do\/index.php\/wp-json\/wp\/v2\/posts"}],"about":[{"href":"https:\/\/lasprimeras.com.do\/index.php\/wp-json\/wp\/v2\/types\/post"}],"author":[{"embeddable":true,"href":"https:\/\/lasprimeras.com.do\/index.php\/wp-json\/wp\/v2\/users\/2"}],"replies":[{"embeddable":true,"href":"https:\/\/lasprimeras.com.do\/index.php\/wp-json\/wp\/v2\/comments?post=64137"}],"version-history":[{"count":1,"href":"https:\/\/lasprimeras.com.do\/index.php\/wp-json\/wp\/v2\/posts\/64137\/revisions"}],"predecessor-version":[{"id":64139,"href":"https:\/\/lasprimeras.com.do\/index.php\/wp-json\/wp\/v2\/posts\/64137\/revisions\/64139"}],"wp:featuredmedia":[{"embeddable":true,"href":"https:\/\/lasprimeras.com.do\/index.php\/wp-json\/wp\/v2\/media\/64138"}],"wp:attachment":[{"href":"https:\/\/lasprimeras.com.do\/index.php\/wp-json\/wp\/v2\/media?parent=64137"}],"wp:term":[{"taxonomy":"category","embeddable":true,"href":"https:\/\/lasprimeras.com.do\/index.php\/wp-json\/wp\/v2\/categories?post=64137"},{"taxonomy":"post_tag","embeddable":true,"href":"https:\/\/lasprimeras.com.do\/index.php\/wp-json\/wp\/v2\/tags?post=64137"}],"curies":[{"name":"wp","href":"https:\/\/api.w.org\/{rel}","templated":true}]}}