{"id":64170,"date":"2023-10-18T14:09:33","date_gmt":"2023-10-18T18:09:33","guid":{"rendered":"https:\/\/lasprimeras.com.do\/?p=64170"},"modified":"2023-10-18T14:09:35","modified_gmt":"2023-10-18T18:09:35","slug":"juegos-panamericanos-inician-este-miercoles-en-santiago-de-chile","status":"publish","type":"post","link":"https:\/\/lasprimeras.com.do\/index.php\/2023\/10\/18\/juegos-panamericanos-inician-este-miercoles-en-santiago-de-chile\/","title":{"rendered":"Juegos Panamericanos inician este mi\u00e9rcoles en Santiago de Chile"},"content":{"rendered":"\n<p>Santiago de Chile.- El b\u00e9isbol dar\u00e1 inicio este mi\u00e9rcoles a las competencias de los Juegos Panamericanos Santiago 2023, donde el local Chile se enfrenta a M\u00e9xico a partir de las 9:30 hora local (12:30 GMT), previo a la ceremonia inaugural del viernes 20 de octubre en el Estadio Nacional.<\/p>\n\n\n\n<p>El equipo mexicano llega a la justa con la base de peloteros que conquistaron la medalla de oro en los pasados Juegos Centroamericanos y del Caribe San Salvador 2023, mientras que el anfitri\u00f3n Chile participa por primera vez en este deporte en unos Panamericanos.<\/p>\n\n\n\n<p>El Parque Bicentenario de Cerrillos, ubicado en el sector poniente de la capital austral, fue construido especialmente para la disputa de esta disciplina adem\u00e1s del softbol, por lo que acoger\u00e1 todos los encuentros durante 11 d\u00edas, hasta el 28 de octubre cuando se definan las medallas por equipo.<\/p>\n\n\n\n<p>Adem\u00e1s de las debutantes, en el torneo competir\u00e1n las novenas de Panam\u00e1, Rep\u00fablica Dominicana, Brasil, Colombia, Venezuela y Cuba, estas dos \u00faltimas junto a M\u00e9xico son las principales candidatas a medallas.<\/p>\n\n\n\n<p>Los cubanos son los l\u00edderes del medallero del b\u00e9isbol en los Panamericanos con 15 preseas en total, 12 de ellas doradas, en 18 ediciones hasta la fecha. En el total, le siguen Estados Unidos tambi\u00e9n con 15 y Puerto Rico con siete.<\/p>\n\n\n\n<p>Los estadounidenses, m\u00e1ximos referentes de este deporte en el profesional, estar\u00e1n ausentes luego de que, sorpresivamente, no lograran clasificarse al certamen en los Centroamericanos a principios de este a\u00f1o.<\/p>\n\n\n\n<p>El b\u00e9isbol ha sido parte del programa de los Juegos Panamericanos desde el inicio en Buenos Aires 1951. En los Juegos Ol\u00edmpicos estuvo en las ediciones de Barcelona 1992, Beijing 2008 y tras un periodo de receso volvi\u00f3 en Tokio 2020, sin embargo, no ser\u00e1 parte de los Juegos de Par\u00eds 2024.<\/p>\n\n\n\n<p>TAMBI\u00c9N ARRANCA EL BOXEO<\/p>\n\n\n\n<p>El mi\u00e9rcoles 19, continuar\u00e1 la competici\u00f3n con los juegos entre Panam\u00e1 y Rep\u00fablica Dominicana, Venezuela y Brasil, pero el protagonismo estar\u00e1 en el inicio del boxeo en sus fases preliminares en masculino y femenino, deporte en el que tambi\u00e9n cubanos y estadounidenses son los estelares.<\/p>\n\n\n\n<p>Santiago 2023 tendr\u00e1 a los mejores pugilistas en competencia, pues es a trav\u00e9s de esta justa la primera forma de clasificarse a Par\u00eds 2024 para el continente. Ser\u00e1n 30 cuotas en liza de forma nominal para los dos finalistas de todos los pesos, mientras que para los 57kg y 60kg femeninos ser\u00e1n cuatro luchadoras.<\/p>\n\n\n\n<p>El boxeo, que se disputar\u00e1 en el Centro de Entrenamiento Ol\u00edmpico, se extender\u00e1 hasta el viernes 27 de octubre y entregar\u00e1 medallas a partir del d\u00eda anterior.<\/p>\n\n\n\n<p>Este mi\u00e9rcoles inicia la ronda de 16 para seis pesos en ambas categor\u00edas, tres en femenina (50kg, 54kg y 60kg) y el resto en masculino (57kg, 63.5kg, 71kg), donde destaca el nombre del cubano L\u00e1zaro \u00c1lvarez, medallista de bronce en los Juegos Ol\u00edmpicos de Londres 2012.<\/p>\n\n\n\n<p>Ambas disciplinas continuar\u00e1n su calendario el viernes, cuando inicia tambi\u00e9n la competencia de clavados, mientras que la ceremonia de apertura ser\u00e1 a las 20:30 hora local (23:30 GMT).<\/p>\n\n\n\n<p>El b\u00e9isbol, el boxeo y los clavados integran la lista de los 39 deportes que forman parte de la decimonovena edici\u00f3n de los Juegos Panamericanos, que se disputar\u00e1n hasta el 5 de noviembre con la participaci\u00f3n de cerca de 7.000 atletas, provenientes de 41 pa\u00edses.<\/p>\n","protected":false},"excerpt":{"rendered":"<p>Santiago de Chile.- El b\u00e9isbol dar\u00e1 inicio este mi\u00e9rcoles a las competencias de los Juegos Panamericanos Santiago 2023, donde el local Chile se enfrenta a M\u00e9xico a partir de las&hellip;<\/p>\n","protected":false},"author":3,"featured_media":64171,"comment_status":"open","ping_status":"open","sticky":false,"template":"","format":"standard","meta":{"content-type":"","jetpack_post_was_ever_published":false,"_jetpack_newsletter_access":"","_jetpack_dont_email_post_to_subs":false,"_jetpack_newsletter_tier_id":0,"_jetpack_memberships_contains_paywalled_content":false,"_jetpack_memberships_contains_paid_content":false,"footnotes":""},"categories":[1],"tags":[7939],"class_list":["post-64170","post","type-post","status-publish","format-standard","has-post-thumbnail","hentry","category-sin-categoria","tag-juegos-panamericanos-2023"],"jetpack_featured_media_url":"https:\/\/lasprimeras.com.do\/wp-content\/uploads\/2023\/10\/Captura-de-pantalla-2023-10-18-140654.jpg","jetpack-related-posts":[{"id":65852,"url":"https:\/\/lasprimeras.com.do\/index.php\/2023\/11\/01\/dominicano-jose-gonzalez-es-el-campeon-100-m-panamericanos\/","url_meta":{"origin":64170,"position":0},"title":"Dominicano Jos\u00e9 Gonz\u00e1lez es el campe\u00f3n 100 m Panamericanos","author":"BIMARY DE JES\u00daS Matos","date":"1 de noviembre de 2023","format":false,"excerpt":"Santiago de Chile.- El dominicano Jos\u00e9 Gonz\u00e1lez gan\u00f3 la prueba de los 100 metros masculino en los Juegos Panamericanos de Santiago con marca de 10.30. La medalla de plata fue para el brasile\u00f1o Felipe Bardi (10.31) y el bronce para el guyan\u00e9s Emanuel Archibald (10.31). El cuarto lugar lo ocupo\u2026","rel":"","context":"En \u00abSin categor\u00eda\u00bb","block_context":{"text":"Sin categor\u00eda","link":"https:\/\/lasprimeras.com.do\/index.php\/category\/sin-categoria\/"},"img":{"alt_text":"","src":"https:\/\/i0.wp.com\/lasprimeras.com.do\/wp-content\/uploads\/2023\/11\/WhatsApp-Image-2023-10-30-at-2.58.48-PM-5.jpeg?resize=350%2C200&ssl=1","width":350,"height":200,"srcset":"https:\/\/i0.wp.com\/lasprimeras.com.do\/wp-content\/uploads\/2023\/11\/WhatsApp-Image-2023-10-30-at-2.58.48-PM-5.jpeg?resize=350%2C200&ssl=1 1x, https:\/\/i0.wp.com\/lasprimeras.com.do\/wp-content\/uploads\/2023\/11\/WhatsApp-Image-2023-10-30-at-2.58.48-PM-5.jpeg?resize=525%2C300&ssl=1 1.5x"},"classes":[]},{"id":63935,"url":"https:\/\/lasprimeras.com.do\/index.php\/2023\/10\/17\/delegacion-rd-panam-de-chile-queda-definida-con-238-atletas\/","url_meta":{"origin":64170,"position":1},"title":"Delegaci\u00f3n RD Panam de Chile queda definida con 238 atletas","author":"BIMARY DE JES\u00daS Matos","date":"17 de octubre de 2023","format":false,"excerpt":"SANTO DOMINGO. La delegaci\u00f3n dominicana que tomar\u00e1 parte en los XIX Juegos Panamericanos que se celebrar\u00e1n en Santiago de Chile qued\u00f3 conformada por un total de 238 atletas. Tras la inscripci\u00f3n definitiva, la Jefatura de Misi\u00f3n, a trav\u00e9s de la direcci\u00f3n t\u00e9cnica del Comit\u00e9 Ol\u00edmpico Dominicano (COD), inform\u00f3 que de\u2026","rel":"","context":"En \u00abSin categor\u00eda\u00bb","block_context":{"text":"Sin categor\u00eda","link":"https:\/\/lasprimeras.com.do\/index.php\/category\/sin-categoria\/"},"img":{"alt_text":"","src":"https:\/\/i0.wp.com\/lasprimeras.com.do\/wp-content\/uploads\/2023\/10\/Captura-de-pantalla-2023-10-16-172822-3.jpg?resize=350%2C200&ssl=1","width":350,"height":200},"classes":[]},{"id":64598,"url":"https:\/\/lasprimeras.com.do\/index.php\/2023\/10\/21\/mexico-vence-a-dominicana-en-continuacion-juegos-panamericanos-2023\/","url_meta":{"origin":64170,"position":2},"title":"M\u00e9xico vence a Dominicana en continuaci\u00f3n Juegos Panamericanos 2023","author":"BIMARY DE JES\u00daS Matos","date":"21 de octubre de 2023","format":false,"excerpt":"M\u00e9xico.- M\u00e9xico venci\u00f3 1-0 a la Rep\u00fablica Dominicana en la continuaci\u00f3n del torneo de b\u00e9isbol de los Juegos Panamericanos 2023 que se celebran en Santiago de Chile. El partido fue celebrado en el Estadio Centro de B\u00e9isbol y Softbol de Cerrillos, localizado en la ciudad de Santiago, Luis Fernando Miranda\u2026","rel":"","context":"En \u00abSin categor\u00eda\u00bb","block_context":{"text":"Sin categor\u00eda","link":"https:\/\/lasprimeras.com.do\/index.php\/category\/sin-categoria\/"},"img":{"alt_text":"","src":"","width":0,"height":0},"classes":[]},{"id":63821,"url":"https:\/\/lasprimeras.com.do\/index.php\/2023\/10\/16\/marileidy-paulino-entre-grandes-estrellas-de-panamericanos-2023\/","url_meta":{"origin":64170,"position":3},"title":"Marileidy Paulino entre grandes estrellas de Panamericanos 2023","author":"BIMARY DE JES\u00daS Matos","date":"16 de octubre de 2023","format":false,"excerpt":"CHILE.- Los vaticinios no pueden ser mejores, seg\u00fan los organizadores. \u00abSantiago 2023 ser\u00e1n unos Juegos muy competidos, espero que quede en el recuerdo como una gran fiesta\u00bb, seg\u00fan Jaime Pizarro, presidente del Comit\u00e9 Organizador de los Panamericanos 2023. A ello ayuda la presencia de grandes campeones ol\u00edmpicos y mundiales que\u2026","rel":"","context":"En \u00abSin categor\u00eda\u00bb","block_context":{"text":"Sin categor\u00eda","link":"https:\/\/lasprimeras.com.do\/index.php\/category\/sin-categoria\/"},"img":{"alt_text":"","src":"https:\/\/i0.wp.com\/lasprimeras.com.do\/wp-content\/uploads\/2023\/10\/WhatsApp-Image-2023-10-15-at-8.04.52-PM-5.jpeg?resize=350%2C200&ssl=1","width":350,"height":200,"srcset":"https:\/\/i0.wp.com\/lasprimeras.com.do\/wp-content\/uploads\/2023\/10\/WhatsApp-Image-2023-10-15-at-8.04.52-PM-5.jpeg?resize=350%2C200&ssl=1 1x, https:\/\/i0.wp.com\/lasprimeras.com.do\/wp-content\/uploads\/2023\/10\/WhatsApp-Image-2023-10-15-at-8.04.52-PM-5.jpeg?resize=525%2C300&ssl=1 1.5x, https:\/\/i0.wp.com\/lasprimeras.com.do\/wp-content\/uploads\/2023\/10\/WhatsApp-Image-2023-10-15-at-8.04.52-PM-5.jpeg?resize=700%2C400&ssl=1 2x"},"classes":[]},{"id":65294,"url":"https:\/\/lasprimeras.com.do\/index.php\/2023\/10\/27\/republica-dominicana-asciende-al-septimo-lugar-en-panamericanos\/","url_meta":{"origin":64170,"position":4},"title":"Rep\u00fablica Dominicana asciende al s\u00e9ptimo lugar en Panamericanos","author":"BIMARY DE JES\u00daS Matos","date":"27 de octubre de 2023","format":false,"excerpt":"SANTIAGO, Chile. Tras la conclusi\u00f3n de la jornada VII de la XIX edici\u00f3n de los Juegos Panamericanos de Chile, la Rep\u00fablica Dominicana ascendi\u00f3 a la s\u00e9ptima posici\u00f3n del medallero general. Con la presea de oro del equipo de voleibol femenino, y las dos preseas de bronce del boxeo, la delegaci\u00f3n\u2026","rel":"","context":"En \u00abSin categor\u00eda\u00bb","block_context":{"text":"Sin categor\u00eda","link":"https:\/\/lasprimeras.com.do\/index.php\/category\/sin-categoria\/"},"img":{"alt_text":"","src":"https:\/\/i0.wp.com\/lasprimeras.com.do\/wp-content\/uploads\/2023\/10\/WhatsApp-Image-2023-10-26-at-6.18.01-PM-4.jpeg?resize=350%2C200&ssl=1","width":350,"height":200,"srcset":"https:\/\/i0.wp.com\/lasprimeras.com.do\/wp-content\/uploads\/2023\/10\/WhatsApp-Image-2023-10-26-at-6.18.01-PM-4.jpeg?resize=350%2C200&ssl=1 1x, https:\/\/i0.wp.com\/lasprimeras.com.do\/wp-content\/uploads\/2023\/10\/WhatsApp-Image-2023-10-26-at-6.18.01-PM-4.jpeg?resize=525%2C300&ssl=1 1.5x"},"classes":[]},{"id":65145,"url":"https:\/\/lasprimeras.com.do\/index.php\/2023\/10\/26\/rd-logra-otro-oro-y-figura-en-el-octavo-puesto-en-panam-de-chile\/","url_meta":{"origin":64170,"position":5},"title":"RD logra otro oro y figura en el octavo puesto en Panam de Chile","author":"BIMARY DE JES\u00daS Matos","date":"26 de octubre de 2023","format":false,"excerpt":"SANTIAGO, Chile. La Rep\u00fablica Dominicana figura en el octavo puesto en el medallero de los XIX Juegos Panamericanos que se celebran en esta ciudad, tras conseguir una presea dorada en la VI jornada de la cita multideportiva. Con el metal dorado del gimnasta Audrys Nin Reyes, en salto del potro,\u2026","rel":"","context":"En \u00abSin categor\u00eda\u00bb","block_context":{"text":"Sin categor\u00eda","link":"https:\/\/lasprimeras.com.do\/index.php\/category\/sin-categoria\/"},"img":{"alt_text":"","src":"https:\/\/i0.wp.com\/lasprimeras.com.do\/wp-content\/uploads\/2023\/10\/WhatsApp-Image-2023-10-25-at-10.15.41-PM-4.jpeg?resize=350%2C200&ssl=1","width":350,"height":200,"srcset":"https:\/\/i0.wp.com\/lasprimeras.com.do\/wp-content\/uploads\/2023\/10\/WhatsApp-Image-2023-10-25-at-10.15.41-PM-4.jpeg?resize=350%2C200&ssl=1 1x, https:\/\/i0.wp.com\/lasprimeras.com.do\/wp-content\/uploads\/2023\/10\/WhatsApp-Image-2023-10-25-at-10.15.41-PM-4.jpeg?resize=525%2C300&ssl=1 1.5x, https:\/\/i0.wp.com\/lasprimeras.com.do\/wp-content\/uploads\/2023\/10\/WhatsApp-Image-2023-10-25-at-10.15.41-PM-4.jpeg?resize=700%2C400&ssl=1 2x, https:\/\/i0.wp.com\/lasprimeras.com.do\/wp-content\/uploads\/2023\/10\/WhatsApp-Image-2023-10-25-at-10.15.41-PM-4.jpeg?resize=1050%2C600&ssl=1 3x"},"classes":[]}],"jetpack_sharing_enabled":true,"_links":{"self":[{"href":"https:\/\/lasprimeras.com.do\/index.php\/wp-json\/wp\/v2\/posts\/64170","targetHints":{"allow":["GET"]}}],"collection":[{"href":"https:\/\/lasprimeras.com.do\/index.php\/wp-json\/wp\/v2\/posts"}],"about":[{"href":"https:\/\/lasprimeras.com.do\/index.php\/wp-json\/wp\/v2\/types\/post"}],"author":[{"embeddable":true,"href":"https:\/\/lasprimeras.com.do\/index.php\/wp-json\/wp\/v2\/users\/3"}],"replies":[{"embeddable":true,"href":"https:\/\/lasprimeras.com.do\/index.php\/wp-json\/wp\/v2\/comments?post=64170"}],"version-history":[{"count":1,"href":"https:\/\/lasprimeras.com.do\/index.php\/wp-json\/wp\/v2\/posts\/64170\/revisions"}],"predecessor-version":[{"id":64172,"href":"https:\/\/lasprimeras.com.do\/index.php\/wp-json\/wp\/v2\/posts\/64170\/revisions\/64172"}],"wp:featuredmedia":[{"embeddable":true,"href":"https:\/\/lasprimeras.com.do\/index.php\/wp-json\/wp\/v2\/media\/64171"}],"wp:attachment":[{"href":"https:\/\/lasprimeras.com.do\/index.php\/wp-json\/wp\/v2\/media?parent=64170"}],"wp:term":[{"taxonomy":"category","embeddable":true,"href":"https:\/\/lasprimeras.com.do\/index.php\/wp-json\/wp\/v2\/categories?post=64170"},{"taxonomy":"post_tag","embeddable":true,"href":"https:\/\/lasprimeras.com.do\/index.php\/wp-json\/wp\/v2\/tags?post=64170"}],"curies":[{"name":"wp","href":"https:\/\/api.w.org\/{rel}","templated":true}]}}