{"id":64195,"date":"2023-10-18T14:25:46","date_gmt":"2023-10-18T18:25:46","guid":{"rendered":"https:\/\/lasprimeras.com.do\/?p=64195"},"modified":"2023-10-18T14:25:49","modified_gmt":"2023-10-18T18:25:49","slug":"salud-publica-confirma-dos-nuevas-muertes-por-dengue-casos-suben-a-12991","status":"publish","type":"post","link":"https:\/\/lasprimeras.com.do\/index.php\/2023\/10\/18\/salud-publica-confirma-dos-nuevas-muertes-por-dengue-casos-suben-a-12991\/","title":{"rendered":"Salud P\u00fablica confirma dos nuevas muertes por dengue; casos suben a 12,991"},"content":{"rendered":"\n<p class=\"wp-block-paragraph\">Santo Domingo.-Los casos sospechosos de dengue contin\u00faan en ascenso en Rep\u00fablica Dominicana con un total de 12,991 reportes desde el inicio de a\u00f1o, siendo 1,108 los detectados durante la semana epidemiol\u00f3gica n\u00famero 40.<\/p>\n\n\n\n<p class=\"wp-block-paragraph\">En cuanto a los fallecimientos asociados a la enfermedad, se registran dos nuevas muertes, elevando a once el total de defunciones, con una letalidad de 0.08 %.<\/p>\n\n\n\n<p class=\"wp-block-paragraph\">La informaci\u00f3n fue ofrecida por el viceministro de Salud Colectiva, Eladio P\u00e9rez, quien resalt\u00f3 que el pa\u00eds se ha mantenido &#8220;con transparencia nacional e internacional&#8221; al momento de presentar la situaci\u00f3n de este virus transmitido por la picadura del mosquito Aedes aegypti.<\/p>\n\n\n\n<p class=\"wp-block-paragraph\">&#8220;Luego de que tuvimos la declaraci\u00f3n del brote, se ha visto c\u00f3mo la curva ha empezado a descender y tenemos m\u00e1s de cinco semanas en un descenso sostenido de casos reportados&#8221;, acot\u00f3 el galeno.<\/p>\n\n\n\n<p class=\"wp-block-paragraph\">P\u00e9rez se\u00f1al\u00f3 que el 78 % de las notificaciones se est\u00e1n registrando de manera oportuna y el 6 % de manera tard\u00eda, el resto, con un ligero retraso.<\/p>\n\n\n\n<p class=\"wp-block-paragraph\">El grupo etario de 10 a 19 a\u00f1os contin\u00faa siendo el m\u00e1s afectado, con una proporci\u00f3n similar entre ni\u00f1as y ni\u00f1os.<\/p>\n","protected":false},"excerpt":{"rendered":"<p>Santo Domingo.-Los casos sospechosos de dengue contin\u00faan en ascenso en Rep\u00fablica Dominicana con un total de 12,991 reportes desde el inicio de a\u00f1o, siendo 1,108 los detectados durante la semana&hellip;<\/p>\n","protected":false},"author":3,"featured_media":64196,"comment_status":"open","ping_status":"open","sticky":false,"template":"","format":"standard","meta":{"content-type":"","_jetpack_newsletter_access":"","_jetpack_dont_email_post_to_subs":false,"_jetpack_newsletter_tier_id":0,"_jetpack_memberships_contains_paywalled_content":false,"_jetpack_feature_clip_id":0,"_jetpack_memberships_contains_paid_content":false,"footnotes":"","jetpack_post_was_ever_published":false},"categories":[35],"tags":[458,2227],"class_list":["post-64195","post","type-post","status-publish","format-standard","has-post-thumbnail","hentry","category-nacionales","tag-dengue","tag-salud-publica"],"jetpack-related-posts":[{"id":65085,"url":"https:\/\/lasprimeras.com.do\/index.php\/2023\/10\/25\/pld-llama-a-abinader-a-investigar-bien-los-casos-de-dengue-en-rd-son-mas-de-17-mil\/","url_meta":{"origin":64195,"position":0},"title":"PLD llama a Abinader a investigar bien los casos de dengue en RD: &#8220;Son m\u00e1s de 17 mil&#8221;","author":"BIMARY DE JES\u00daS Matos","date":"25 de octubre de 2023","format":false,"excerpt":"Santo Domingo.-El Partido de la Liberaci\u00f3n Dominicana (PLD) llam\u00f3 este mi\u00e9rcoles al presidente Luis Abinader a investigar bien los casos de dengue que se han registrado en el pa\u00eds, tras exponer que en la actualidad \u00ablos casos son m\u00e1s de 17,000\u00bb y no casi 13,000 como hab\u00eda anunciado el mandatario\u2026","rel":"","context":"En \u00abSin categor\u00eda\u00bb","block_context":{"text":"Sin categor\u00eda","link":"https:\/\/lasprimeras.com.do\/index.php\/category\/sin-categoria\/"},"img":{"alt_text":"","src":"https:\/\/i0.wp.com\/lasprimeras.com.do\/wp-content\/uploads\/2023\/10\/WhatsApp-Image-2023-10-25-at-2.18.40-PM-4.jpeg?resize=350%2C200&ssl=1","width":350,"height":200,"srcset":"https:\/\/i0.wp.com\/lasprimeras.com.do\/wp-content\/uploads\/2023\/10\/WhatsApp-Image-2023-10-25-at-2.18.40-PM-4.jpeg?resize=350%2C200&ssl=1 1x, https:\/\/i0.wp.com\/lasprimeras.com.do\/wp-content\/uploads\/2023\/10\/WhatsApp-Image-2023-10-25-at-2.18.40-PM-4.jpeg?resize=525%2C300&ssl=1 1.5x, https:\/\/i0.wp.com\/lasprimeras.com.do\/wp-content\/uploads\/2023\/10\/WhatsApp-Image-2023-10-25-at-2.18.40-PM-4.jpeg?resize=700%2C400&ssl=1 2x"},"classes":[]},{"id":65120,"url":"https:\/\/lasprimeras.com.do\/index.php\/2023\/10\/25\/pld-llama-a-abinader-a-investigar-bien-los-casos-de-dengue-en-rd-son-mas-de-17-mil-2\/","url_meta":{"origin":64195,"position":1},"title":"PLD llama a Abinader a investigar bien los casos de dengue en RD: \u00abSon m\u00e1s de 17 mil\u00bb","author":"Nelson Feliz","date":"25 de octubre de 2023","format":false,"excerpt":"El Partido de la Liberaci\u00f3n Dominicana (PLD) llam\u00f3 al presidente Luis Abinader a investigar bien los casos de dengue que se han registrado en el pa\u00eds, tras exponer que en la actualidad \u00ablos casos son m\u00e1s de 17,000\u00bb y no casi 13,000 como hab\u00eda anunciado el mandatario el pasado lunes.\u2026","rel":"","context":"En \u00abPORTADA\u00bb","block_context":{"text":"PORTADA","link":"https:\/\/lasprimeras.com.do\/index.php\/category\/portada\/"},"img":{"alt_text":"Rafael S\u00e1nchez C\u00e1rdenas","src":"https:\/\/i0.wp.com\/lasprimeras.com.do\/wp-content\/uploads\/2023\/08\/Rafael-Sanchez-Cardenas.jpeg?resize=350%2C200&ssl=1","width":350,"height":200,"srcset":"https:\/\/i0.wp.com\/lasprimeras.com.do\/wp-content\/uploads\/2023\/08\/Rafael-Sanchez-Cardenas.jpeg?resize=350%2C200&ssl=1 1x, https:\/\/i0.wp.com\/lasprimeras.com.do\/wp-content\/uploads\/2023\/08\/Rafael-Sanchez-Cardenas.jpeg?resize=525%2C300&ssl=1 1.5x"},"classes":[]},{"id":64927,"url":"https:\/\/lasprimeras.com.do\/index.php\/2023\/10\/24\/cmd-y-salud-publica-se-reunen-para-debatir-nuevas-estrategias-contra-el-dengue\/","url_meta":{"origin":64195,"position":2},"title":"CMD y Salud P\u00fablica se re\u00fanen para debatir nuevas estrategias contra el dengue","author":"Nelson Feliz","date":"24 de octubre de 2023","format":false,"excerpt":"En el encuentro participaron representantes de Sociedades Especializadas y dos viceministros de Salud. Las autoridades del Colegio M\u00e9dico Dominicano (CMD), en conjunto con las Sociedades M\u00e9dicas Especializadas, realizaron un encuentro con representantes del Ministerio de Salud P\u00fablica para abordar nuevas estrategias que permitan enfrentar el dengue. El presidente del CMD,\u2026","rel":"","context":"En \u00abPORTADA\u00bb","block_context":{"text":"PORTADA","link":"https:\/\/lasprimeras.com.do\/index.php\/category\/portada\/"},"img":{"alt_text":"Galenos","src":"https:\/\/i0.wp.com\/lasprimeras.com.do\/wp-content\/uploads\/2023\/10\/Galenos.jpg?resize=350%2C200&ssl=1","width":350,"height":200,"srcset":"https:\/\/i0.wp.com\/lasprimeras.com.do\/wp-content\/uploads\/2023\/10\/Galenos.jpg?resize=350%2C200&ssl=1 1x, https:\/\/i0.wp.com\/lasprimeras.com.do\/wp-content\/uploads\/2023\/10\/Galenos.jpg?resize=525%2C300&ssl=1 1.5x, https:\/\/i0.wp.com\/lasprimeras.com.do\/wp-content\/uploads\/2023\/10\/Galenos.jpg?resize=700%2C400&ssl=1 2x"},"classes":[]},{"id":64403,"url":"https:\/\/lasprimeras.com.do\/index.php\/2023\/10\/20\/autoridades-intensifican-medidas-contra-dengue\/","url_meta":{"origin":64195,"position":3},"title":"Autoridades intensifican medidas contra dengue","author":"BIMARY DE JES\u00daS Matos","date":"20 de octubre de 2023","format":false,"excerpt":"Santo Domingo.-Ante el aumento de casos de dengue y de pacientes con s\u00edntomas sospechosos de la enfermedad que abarrotan las emergencias en centros p\u00fablicos y privados, las autoridades arreciaron ayer las medidas de prevenci\u00f3n para tratar de mitigar la propagaci\u00f3n del mosquito. Y es que con las acciones de fumigaci\u00f3n\u2026","rel":"","context":"En \u00abPORTADA\u00bb","block_context":{"text":"PORTADA","link":"https:\/\/lasprimeras.com.do\/index.php\/category\/portada\/"},"img":{"alt_text":"","src":"https:\/\/i0.wp.com\/lasprimeras.com.do\/wp-content\/uploads\/2023\/10\/WhatsApp-Image-2023-10-18-at-9.33.42-PM-2.webp?resize=350%2C200&ssl=1","width":350,"height":200,"srcset":"https:\/\/i0.wp.com\/lasprimeras.com.do\/wp-content\/uploads\/2023\/10\/WhatsApp-Image-2023-10-18-at-9.33.42-PM-2.webp?resize=350%2C200&ssl=1 1x, https:\/\/i0.wp.com\/lasprimeras.com.do\/wp-content\/uploads\/2023\/10\/WhatsApp-Image-2023-10-18-at-9.33.42-PM-2.webp?resize=525%2C300&ssl=1 1.5x, https:\/\/i0.wp.com\/lasprimeras.com.do\/wp-content\/uploads\/2023\/10\/WhatsApp-Image-2023-10-18-at-9.33.42-PM-2.webp?resize=700%2C400&ssl=1 2x, https:\/\/i0.wp.com\/lasprimeras.com.do\/wp-content\/uploads\/2023\/10\/WhatsApp-Image-2023-10-18-at-9.33.42-PM-2.webp?resize=1050%2C600&ssl=1 3x"},"classes":[]},{"id":66644,"url":"https:\/\/lasprimeras.com.do\/index.php\/2023\/11\/08\/salud-publica-registra-19-defunciones-por-dengue-y-1248-nuevos-casos\/","url_meta":{"origin":64195,"position":4},"title":"Salud P\u00fablica registra 19 defunciones por dengue y 1,248 nuevos casos","author":"BIMARY DE JES\u00daS Matos","date":"8 de noviembre de 2023","format":false,"excerpt":"SANTIAGO.- El Ministerio de Salud P\u00fablica (MSP), inform\u00f3 este mi\u00e9rcoles que en las \u00faltimas cuatro semanas los casos de dengue han experimentado una reducci\u00f3n sostenida, mientras que los virus respiratorios aumentan. El ministro de Salud P\u00fablica, doctor Daniel Rivera, destac\u00f3 que esta tendencia a la baja en los casos de\u2026","rel":"","context":"En \u00abNACIONALES\u00bb","block_context":{"text":"NACIONALES","link":"https:\/\/lasprimeras.com.do\/index.php\/category\/nacionales\/"},"img":{"alt_text":"","src":"https:\/\/i0.wp.com\/lasprimeras.com.do\/wp-content\/uploads\/2023\/11\/valentin-9.jpg?resize=350%2C200&ssl=1","width":350,"height":200,"srcset":"https:\/\/i0.wp.com\/lasprimeras.com.do\/wp-content\/uploads\/2023\/11\/valentin-9.jpg?resize=350%2C200&ssl=1 1x, https:\/\/i0.wp.com\/lasprimeras.com.do\/wp-content\/uploads\/2023\/11\/valentin-9.jpg?resize=525%2C300&ssl=1 1.5x"},"classes":[]},{"id":71595,"url":"https:\/\/lasprimeras.com.do\/index.php\/2023\/12\/21\/los-casos-de-dengue-llegan-a-los-23-mil-928\/","url_meta":{"origin":64195,"position":5},"title":"Los casos de dengue llegan a los 23 mil 928","author":"BIMARY DE JES\u00daS Matos","date":"21 de diciembre de 2023","format":false,"excerpt":"Santo Domingo.- En la \u00faltima semana en el pa\u00eds se registraron 888 casos nuevos de dengue, alcanzando un total de 23,928 contagios, para terminar el a\u00f1o en un margen de seguridad. De acuerdo con el viceministro de Salud Colectiva, Eladio P\u00e9rez, se mantienen vigilantes con la aparici\u00f3n de otras arbovirosis\u2026","rel":"","context":"En \u00abNACIONALES\u00bb","block_context":{"text":"NACIONALES","link":"https:\/\/lasprimeras.com.do\/index.php\/category\/nacionales\/"},"img":{"alt_text":"","src":"https:\/\/i0.wp.com\/lasprimeras.com.do\/wp-content\/uploads\/2023\/12\/WhatsApp-Image-2023-12-20-at-3.59.43-PM-1.webp?resize=350%2C200&ssl=1","width":350,"height":200,"srcset":"https:\/\/i0.wp.com\/lasprimeras.com.do\/wp-content\/uploads\/2023\/12\/WhatsApp-Image-2023-12-20-at-3.59.43-PM-1.webp?resize=350%2C200&ssl=1 1x, https:\/\/i0.wp.com\/lasprimeras.com.do\/wp-content\/uploads\/2023\/12\/WhatsApp-Image-2023-12-20-at-3.59.43-PM-1.webp?resize=525%2C300&ssl=1 1.5x"},"classes":[]}],"jetpack_sharing_enabled":true,"jetpack_featured_media_url":"https:\/\/lasprimeras.com.do\/wp-content\/uploads\/2023\/10\/Captura-de-pantalla-2023-10-18-140654-8.jpg","_links":{"self":[{"href":"https:\/\/lasprimeras.com.do\/index.php\/wp-json\/wp\/v2\/posts\/64195","targetHints":{"allow":["GET"]}}],"collection":[{"href":"https:\/\/lasprimeras.com.do\/index.php\/wp-json\/wp\/v2\/posts"}],"about":[{"href":"https:\/\/lasprimeras.com.do\/index.php\/wp-json\/wp\/v2\/types\/post"}],"author":[{"embeddable":true,"href":"https:\/\/lasprimeras.com.do\/index.php\/wp-json\/wp\/v2\/users\/3"}],"replies":[{"embeddable":true,"href":"https:\/\/lasprimeras.com.do\/index.php\/wp-json\/wp\/v2\/comments?post=64195"}],"version-history":[{"count":1,"href":"https:\/\/lasprimeras.com.do\/index.php\/wp-json\/wp\/v2\/posts\/64195\/revisions"}],"predecessor-version":[{"id":64197,"href":"https:\/\/lasprimeras.com.do\/index.php\/wp-json\/wp\/v2\/posts\/64195\/revisions\/64197"}],"wp:featuredmedia":[{"embeddable":true,"href":"https:\/\/lasprimeras.com.do\/index.php\/wp-json\/wp\/v2\/media\/64196"}],"wp:attachment":[{"href":"https:\/\/lasprimeras.com.do\/index.php\/wp-json\/wp\/v2\/media?parent=64195"}],"wp:term":[{"taxonomy":"category","embeddable":true,"href":"https:\/\/lasprimeras.com.do\/index.php\/wp-json\/wp\/v2\/categories?post=64195"},{"taxonomy":"post_tag","embeddable":true,"href":"https:\/\/lasprimeras.com.do\/index.php\/wp-json\/wp\/v2\/tags?post=64195"}],"curies":[{"name":"wp","href":"https:\/\/api.w.org\/{rel}","templated":true}]}}