{"id":64253,"date":"2023-10-19T07:07:20","date_gmt":"2023-10-19T11:07:20","guid":{"rendered":"https:\/\/lasprimeras.com.do\/?p=64253"},"modified":"2023-10-19T20:56:31","modified_gmt":"2023-10-20T00:56:31","slug":"marcela-gandara-cantara-el-18-de-noviembre-en-el-parqueo-del-coliseo-de-boxeo-teo-cruz-2","status":"publish","type":"post","link":"https:\/\/lasprimeras.com.do\/index.php\/2023\/10\/19\/marcela-gandara-cantara-el-18-de-noviembre-en-el-parqueo-del-coliseo-de-boxeo-teo-cruz-2\/","title":{"rendered":"Marcela G\u00e1ndara cantar\u00e1 el 18 de noviembre en el parqueo del Coliseo de boxeo Teo Cruz"},"content":{"rendered":"\n<p>Santo Domingo.-La cantante Marcela G\u00e1ndara se prepara para un reencuentro con sus seguidores y la comunidad cristiana dominicana en un concierto programado para el 18 de noviembre en el parqueo del Coliseo de boxeo Teo Cruz.<\/p>\n\n\n\n<p>La presentaci\u00f3n, producido por los empresarios Melvin Garc\u00eda y Salvador Jim\u00e9nez, marcar\u00e1 el regreso de la artista mexicana a Rep\u00fablica Dominicana despu\u00e9s de casi cinco a\u00f1os de su \u00faltima visita.<\/p>\n\n\n\n<p>Durante la velada que forma parte de su \u201cHope Tour\u201d, los asistentes tendr\u00e1n la oportunidad de disfrutar y entonar sus \u00e9xitos, incluyendo canciones como &#8220;Supe que me amabas&#8221;, &#8220;Digno es el Se\u00f1or&#8221; y &#8220;Dame tus ojos&#8221;, entre otros.<\/p>\n\n\n\n<p>La producci\u00f3n anunci\u00f3 que las boletas estar\u00e1n disponibles para su compra a partir de este jueves 19 de octubre a las 10 de la ma\u00f1ana, a trav\u00e9s de Tuboleta.com.do.<\/p>\n\n\n\n<p>Marcela G\u00e1ndara ha sido una voz destacada en el g\u00e9nero de la m\u00fasica cristiana y su visita promete ser un momento de reflexi\u00f3n y celebraci\u00f3n para todos aquellos que aprecian su m\u00fasica y mensaje espiritual.<\/p>\n","protected":false},"excerpt":{"rendered":"<p>Santo Domingo.-La cantante Marcela G\u00e1ndara se prepara para un reencuentro con sus seguidores y la comunidad cristiana dominicana en un concierto programado para el 18 de noviembre en el parqueo&hellip;<\/p>\n","protected":false},"author":3,"featured_media":64254,"comment_status":"open","ping_status":"open","sticky":false,"template":"","format":"standard","meta":{"content-type":"","jetpack_post_was_ever_published":false,"_jetpack_newsletter_access":"","_jetpack_dont_email_post_to_subs":false,"_jetpack_newsletter_tier_id":0,"_jetpack_memberships_contains_paywalled_content":false,"_jetpack_memberships_contains_paid_content":false,"footnotes":""},"categories":[1],"tags":[],"class_list":["post-64253","post","type-post","status-publish","format-standard","has-post-thumbnail","hentry","category-sin-categoria"],"jetpack_featured_media_url":"https:\/\/lasprimeras.com.do\/wp-content\/uploads\/2023\/10\/WhatsApp-Image-2023-05-20-at-11.41.19-AM-2.jpeg","jetpack-related-posts":[{"id":64167,"url":"https:\/\/lasprimeras.com.do\/index.php\/2023\/10\/18\/marcela-gandara-cantara-el-18-de-noviembre-en-el-parqueo-del-coliseo-de-boxeo-teo-cruz\/","url_meta":{"origin":64253,"position":0},"title":"Marcela G\u00e1ndara cantar\u00e1 el 18 de noviembre en el parqueo del Coliseo de boxeo Teo Cruz","author":"BIMARY DE JES\u00daS Matos","date":"18 de octubre de 2023","format":false,"excerpt":"Santo Domingo.-La cantante Marcela G\u00e1ndara se prepara para un reencuentro con sus seguidores y la comunidad cristiana dominicana en un concierto programado para el 18 de noviembre en el parqueo del Coliseo de boxeo Teo Cruz. La presentaci\u00f3n, producido por los empresarios Melvin Garc\u00eda y Salvador Jim\u00e9nez, marcar\u00e1 el regreso\u2026","rel":"","context":"En \u00abENTRETENIMIENTO\u00bb","block_context":{"text":"ENTRETENIMIENTO","link":"https:\/\/lasprimeras.com.do\/index.php\/category\/entretenimiento\/"},"img":{"alt_text":"","src":"https:\/\/i0.wp.com\/lasprimeras.com.do\/wp-content\/uploads\/2023\/10\/Captura-de-pantalla-2023-10-18-140654.png?resize=350%2C200&ssl=1","width":350,"height":200},"classes":[]},{"id":67694,"url":"https:\/\/lasprimeras.com.do\/index.php\/2023\/11\/17\/prsc-proclamara-a-luis-abinader-como-su-candidato-presidencial-por-segunda-vez\/","url_meta":{"origin":64253,"position":1},"title":"PRSC proclamar\u00e1 a Luis Abinader como su candidato presidencial por segunda vez","author":"Nelson Feliz","date":"17 de noviembre de 2023","format":false,"excerpt":"La actividad ser\u00e1 el domingo en el Coliseo de Boxeo Carlos Teo Cruz. El Partido Reformista Social Cristiano (PRSC) proclamar\u00e1 como su candidato presidencial a Luis Abinader el pr\u00f3ximo domingo 19 de noviembre en un acto celebrado en el Coliseo de Boxeo Carlos Teo Cruz a partir de las 9:00\u2026","rel":"","context":"En \u00abPORTADA\u00bb","block_context":{"text":"PORTADA","link":"https:\/\/lasprimeras.com.do\/index.php\/category\/portada\/"},"img":{"alt_text":"Ram\u00f3n Rogelio Genao","src":"https:\/\/i0.wp.com\/lasprimeras.com.do\/wp-content\/uploads\/2023\/11\/Ramon-Rogelio-Genao.jpg?resize=350%2C200&ssl=1","width":350,"height":200,"srcset":"https:\/\/i0.wp.com\/lasprimeras.com.do\/wp-content\/uploads\/2023\/11\/Ramon-Rogelio-Genao.jpg?resize=350%2C200&ssl=1 1x, https:\/\/i0.wp.com\/lasprimeras.com.do\/wp-content\/uploads\/2023\/11\/Ramon-Rogelio-Genao.jpg?resize=525%2C300&ssl=1 1.5x, https:\/\/i0.wp.com\/lasprimeras.com.do\/wp-content\/uploads\/2023\/11\/Ramon-Rogelio-Genao.jpg?resize=700%2C400&ssl=1 2x"},"classes":[]},{"id":68483,"url":"https:\/\/lasprimeras.com.do\/index.php\/2023\/11\/24\/abinader-iniciara-campana-como-candidato-presidencial-oficial-del-prsc\/","url_meta":{"origin":64253,"position":2},"title":"Abinader iniciar\u00e1 campa\u00f1a como candidato presidencial oficial del PRSC","author":"BIMARY DE JES\u00daS Matos","date":"24 de noviembre de 2023","format":false,"excerpt":"SANTO DOMINGO.- El presidente de la Rep\u00fablica, Luis Abinader, iniciar\u00e1 su campa\u00f1a como candidato presidencial oficial del Partido Reformista Social Cristiano (PRSC) este domingo 26 de noviembre con acto en el Coliseo de Boxeo Carlos -Teo- Cruz, de la capital. a partir de las 9am. Los principales directivos del PRSC\u2026","rel":"","context":"En \u00abSin categor\u00eda\u00bb","block_context":{"text":"Sin categor\u00eda","link":"https:\/\/lasprimeras.com.do\/index.php\/category\/sin-categoria\/"},"img":{"alt_text":"","src":"https:\/\/i0.wp.com\/lasprimeras.com.do\/wp-content\/uploads\/2023\/11\/WhatsApp-Image-2023-11-24-at-2.29.46-PM-3.jpeg?resize=350%2C200&ssl=1","width":350,"height":200,"srcset":"https:\/\/i0.wp.com\/lasprimeras.com.do\/wp-content\/uploads\/2023\/11\/WhatsApp-Image-2023-11-24-at-2.29.46-PM-3.jpeg?resize=350%2C200&ssl=1 1x, https:\/\/i0.wp.com\/lasprimeras.com.do\/wp-content\/uploads\/2023\/11\/WhatsApp-Image-2023-11-24-at-2.29.46-PM-3.jpeg?resize=525%2C300&ssl=1 1.5x"},"classes":[]},{"id":81934,"url":"https:\/\/lasprimeras.com.do\/index.php\/2024\/04\/26\/abinader-encabezara-marchas-en-monte-plata-y-santo-domingo\/","url_meta":{"origin":64253,"position":3},"title":"Abinader encabezar\u00e1 marchas en Monte Plata y Santo Domingo","author":"BIMARY DE JES\u00daS Matos","date":"26 de abril de 2024","format":false,"excerpt":"Santo Domingo.- El candidato presidencial del Partido Revolucionario Moderno (PRM) y aliados, Luis Abinader, continuar\u00e1 con sus actividades proselitistas en las provincias de Monte Plata y Santo Domingo y el Distrito Nacional, inform\u00f3 este jueves su comando de campa\u00f1a. Abinader iniciar\u00e1 sus actividades este viernes 26 con una marcha caravana\u2026","rel":"","context":"En \u00abSin categor\u00eda\u00bb","block_context":{"text":"Sin categor\u00eda","link":"https:\/\/lasprimeras.com.do\/index.php\/category\/sin-categoria\/"},"img":{"alt_text":"","src":"https:\/\/i0.wp.com\/lasprimeras.com.do\/wp-content\/uploads\/2024\/04\/WhatsApp-Image-2024-04-26-at-10.32.45-AM-1.jpeg?resize=350%2C200&ssl=1","width":350,"height":200,"srcset":"https:\/\/i0.wp.com\/lasprimeras.com.do\/wp-content\/uploads\/2024\/04\/WhatsApp-Image-2024-04-26-at-10.32.45-AM-1.jpeg?resize=350%2C200&ssl=1 1x, https:\/\/i0.wp.com\/lasprimeras.com.do\/wp-content\/uploads\/2024\/04\/WhatsApp-Image-2024-04-26-at-10.32.45-AM-1.jpeg?resize=525%2C300&ssl=1 1.5x"},"classes":[]},{"id":98216,"url":"https:\/\/lasprimeras.com.do\/index.php\/2025\/05\/03\/la-untc-condena-irrespeto-a-la-libertad-de-expresion\/","url_meta":{"origin":64253,"position":4},"title":"La UNTC condena irrespeto a la Libertad de Expresi\u00f3n","author":"Nelson Feliz","date":"3 de mayo de 2025","format":false,"excerpt":"Por Juan Francisco Morel Molina Este 3 de mayo, la prensa mundial conmemora el D\u00eda de la Libertad de Expresi\u00f3n, una fecha propicia para reflexionar sobre la realidad que viven los periodistas y los medios de comunicaci\u00f3n, tanto en la Rep\u00fablica Dominicana como en el resto del mundo. M\u00e1s que\u2026","rel":"","context":"En \u00abOPINI\u00d3N\u00bb","block_context":{"text":"OPINI\u00d3N","link":"https:\/\/lasprimeras.com.do\/index.php\/category\/opinion\/"},"img":{"alt_text":"UNTC","src":"https:\/\/i0.wp.com\/lasprimeras.com.do\/wp-content\/uploads\/2025\/05\/WhatsApp-Image-2025-05-03-at-5.43.51-PM.jpeg?resize=350%2C200&ssl=1","width":350,"height":200,"srcset":"https:\/\/i0.wp.com\/lasprimeras.com.do\/wp-content\/uploads\/2025\/05\/WhatsApp-Image-2025-05-03-at-5.43.51-PM.jpeg?resize=350%2C200&ssl=1 1x, https:\/\/i0.wp.com\/lasprimeras.com.do\/wp-content\/uploads\/2025\/05\/WhatsApp-Image-2025-05-03-at-5.43.51-PM.jpeg?resize=525%2C300&ssl=1 1.5x"},"classes":[]},{"id":68669,"url":"https:\/\/lasprimeras.com.do\/index.php\/2023\/11\/26\/abinader-anuncia-raquel-pena-repetira-como-su-candidata-a-la-vicepresidencia\/","url_meta":{"origin":64253,"position":5},"title":"Abinader anuncia Raquel Pe\u00f1a repetir\u00e1 como su candidata a la Vicepresidencia","author":"Nelson Feliz","date":"26 de noviembre de 2023","format":false,"excerpt":"El presidente Luis Abinader confirm\u00f3 este domingo que Raquel Pe\u00f1a volver\u00e1 a acompa\u00f1arlo en la boleta, como candidata a la Vicepresidencia. Al ser proclamado como candidato presidencial por el Partido Reformista Social Cristiano (PRSC), Abinader afirm\u00f3 que la proclamaci\u00f3n la incluye a ella. \"Nuestra querida vicepresidenta y ya proclamada candidata\u2026","rel":"","context":"En \u00abPORTADA\u00bb","block_context":{"text":"PORTADA","link":"https:\/\/lasprimeras.com.do\/index.php\/category\/portada\/"},"img":{"alt_text":"Raquel Pe\u00f1a y Luis Abinader","src":"https:\/\/i0.wp.com\/lasprimeras.com.do\/wp-content\/uploads\/2023\/11\/Raquel-Pena-y-Luis-Abinader.jpg?resize=350%2C200&ssl=1","width":350,"height":200,"srcset":"https:\/\/i0.wp.com\/lasprimeras.com.do\/wp-content\/uploads\/2023\/11\/Raquel-Pena-y-Luis-Abinader.jpg?resize=350%2C200&ssl=1 1x, https:\/\/i0.wp.com\/lasprimeras.com.do\/wp-content\/uploads\/2023\/11\/Raquel-Pena-y-Luis-Abinader.jpg?resize=525%2C300&ssl=1 1.5x, https:\/\/i0.wp.com\/lasprimeras.com.do\/wp-content\/uploads\/2023\/11\/Raquel-Pena-y-Luis-Abinader.jpg?resize=700%2C400&ssl=1 2x"},"classes":[]}],"jetpack_sharing_enabled":true,"_links":{"self":[{"href":"https:\/\/lasprimeras.com.do\/index.php\/wp-json\/wp\/v2\/posts\/64253","targetHints":{"allow":["GET"]}}],"collection":[{"href":"https:\/\/lasprimeras.com.do\/index.php\/wp-json\/wp\/v2\/posts"}],"about":[{"href":"https:\/\/lasprimeras.com.do\/index.php\/wp-json\/wp\/v2\/types\/post"}],"author":[{"embeddable":true,"href":"https:\/\/lasprimeras.com.do\/index.php\/wp-json\/wp\/v2\/users\/3"}],"replies":[{"embeddable":true,"href":"https:\/\/lasprimeras.com.do\/index.php\/wp-json\/wp\/v2\/comments?post=64253"}],"version-history":[{"count":1,"href":"https:\/\/lasprimeras.com.do\/index.php\/wp-json\/wp\/v2\/posts\/64253\/revisions"}],"predecessor-version":[{"id":64255,"href":"https:\/\/lasprimeras.com.do\/index.php\/wp-json\/wp\/v2\/posts\/64253\/revisions\/64255"}],"wp:featuredmedia":[{"embeddable":true,"href":"https:\/\/lasprimeras.com.do\/index.php\/wp-json\/wp\/v2\/media\/64254"}],"wp:attachment":[{"href":"https:\/\/lasprimeras.com.do\/index.php\/wp-json\/wp\/v2\/media?parent=64253"}],"wp:term":[{"taxonomy":"category","embeddable":true,"href":"https:\/\/lasprimeras.com.do\/index.php\/wp-json\/wp\/v2\/categories?post=64253"},{"taxonomy":"post_tag","embeddable":true,"href":"https:\/\/lasprimeras.com.do\/index.php\/wp-json\/wp\/v2\/tags?post=64253"}],"curies":[{"name":"wp","href":"https:\/\/api.w.org\/{rel}","templated":true}]}}