{"id":64259,"date":"2023-10-19T07:10:21","date_gmt":"2023-10-19T11:10:21","guid":{"rendered":"https:\/\/lasprimeras.com.do\/?p=64259"},"modified":"2023-10-19T07:10:23","modified_gmt":"2023-10-19T11:10:23","slug":"hoy-arranca-la-pelota","status":"publish","type":"post","link":"https:\/\/lasprimeras.com.do\/index.php\/2023\/10\/19\/hoy-arranca-la-pelota\/","title":{"rendered":"Hoy arranca la pelota"},"content":{"rendered":"\n<p>SANTO DOMINGO.-La tradicional disputa y rivalidad entre equipos de las distintas regiones regresa a los estadios, con la inauguraci\u00f3n oficial del campeonato de b\u00e9isbol oto\u00f1o-invernal de 2023-2024, esta noche con partidos en Santo Domingo, Santiago y San Pedro de Macor\u00eds.<\/p>\n\n\n\n<p>Los Tigres del Licey como visitantes, campe\u00f3n defensor, enfrenta a los Leones del Escogido, en partido programado para las 7:15 p. m. en el Estadio Quisqueya, y que marcar\u00e1 inauguraci\u00f3n oficial del certamen, dedicado a la comunicadora Onfalia Morillo, y en el que se disputar\u00e1 la Copa Banreservas.<\/p>\n\n\n\n<p>Vista parcial de la fachada del Estadio Quisqueya. archivo<\/p>\n\n\n\n<p>Los azules, en la final del pasado campeonato vencieron a las Estrellas, van por su corona 24, mientras los escarlatas buscan anexarse el t\u00edtulo 17 del llamado \u2018pasatiempo\u2019 favorito de los dominicanos.<\/p>\n\n\n\n<p>En los dos restantes partidos de este jueves se enfrentan Toros y Estrellas (7:30 p. m.) el Estadio Tetelo Vargas de San Pedro; en tanto Gigantes se miden a \u00c1guilas, en el Estadio Cibao de Santiago.<\/p>\n\n\n\n<p>Desde este lunes se ha observado gran movimiento de fan\u00e1ticos procurando sus boletas y abonos para asegurarse un asiento en el evento, que desborda al m\u00e1ximo la pasi\u00f3n dominicana por el b\u00e9isbol profesional.<\/p>\n\n\n\n<p>La serie regular, compuesta por 150 partidos, concluir\u00e1 el 21 de diciembre. El calendario cuenta con diez fechas libres, m\u00e1s los tres d\u00edas (2, 3 y 4 de diciembre) de la Federaci\u00f3n Dominicana de Peloteros Profesionales (FENAPEPRO).<\/p>\n","protected":false},"excerpt":{"rendered":"<p>SANTO DOMINGO.-La tradicional disputa y rivalidad entre equipos de las distintas regiones regresa a los estadios, con la inauguraci\u00f3n oficial del campeonato de b\u00e9isbol oto\u00f1o-invernal de 2023-2024, esta noche con&hellip;<\/p>\n","protected":false},"author":3,"featured_media":64261,"comment_status":"open","ping_status":"open","sticky":false,"template":"","format":"standard","meta":{"content-type":"","jetpack_post_was_ever_published":false,"_jetpack_newsletter_access":"","_jetpack_dont_email_post_to_subs":false,"_jetpack_newsletter_tier_id":0,"_jetpack_memberships_contains_paywalled_content":false,"_jetpack_memberships_contains_paid_content":false,"footnotes":""},"categories":[1],"tags":[7258],"class_list":["post-64259","post","type-post","status-publish","format-standard","has-post-thumbnail","hentry","category-sin-categoria","tag-lidom"],"jetpack_featured_media_url":"https:\/\/lasprimeras.com.do\/wp-content\/uploads\/2023\/10\/WhatsApp-Image-2023-05-20-at-11.41.19-AM-2.webp","jetpack-related-posts":[{"id":64346,"url":"https:\/\/lasprimeras.com.do\/index.php\/2023\/10\/19\/gigantes-anuncian-ultimos-juegos-de-nelson-cruz-en-el-beisbol-rd\/","url_meta":{"origin":64259,"position":0},"title":"Gigantes anuncian \u00faltimos juegos de Nelson Cruz en el b\u00e9isbol RD","author":"BIMARY DE JES\u00daS Matos","date":"19 de octubre de 2023","format":false,"excerpt":"SAN FRANCISCO DE MACORIS.- Los Gigantes del Cibao anunciaron las fechas y sedes de los \u00faltimos seis juegos que disputar\u00e1 el estelar toletero Nelson Cruz, en su retiro de la Liga de B\u00e9isbol Profesional de la Rep\u00fablica Dominicana. Cruz ha revelado que disputar\u00e1 un encuentro ante cada rival y en\u2026","rel":"","context":"En \u00abSin categor\u00eda\u00bb","block_context":{"text":"Sin categor\u00eda","link":"https:\/\/lasprimeras.com.do\/index.php\/category\/sin-categoria\/"},"img":{"alt_text":"","src":"https:\/\/i0.wp.com\/lasprimeras.com.do\/wp-content\/uploads\/2023\/10\/WhatsApp-Image-2023-10-18-at-9.33.42-PM-5.jpeg?resize=350%2C200&ssl=1","width":350,"height":200,"srcset":"https:\/\/i0.wp.com\/lasprimeras.com.do\/wp-content\/uploads\/2023\/10\/WhatsApp-Image-2023-10-18-at-9.33.42-PM-5.jpeg?resize=350%2C200&ssl=1 1x, https:\/\/i0.wp.com\/lasprimeras.com.do\/wp-content\/uploads\/2023\/10\/WhatsApp-Image-2023-10-18-at-9.33.42-PM-5.jpeg?resize=525%2C300&ssl=1 1.5x, https:\/\/i0.wp.com\/lasprimeras.com.do\/wp-content\/uploads\/2023\/10\/WhatsApp-Image-2023-10-18-at-9.33.42-PM-5.jpeg?resize=700%2C400&ssl=1 2x"},"classes":[]},{"id":117246,"url":"https:\/\/lasprimeras.com.do\/index.php\/2025\/12\/09\/juan-soto-entrena-en-el-estadio-quisqueya-en-medio-de-expectativas-de-jugar-con-el-licey\/","url_meta":{"origin":64259,"position":1},"title":"Juan Soto entrena en el Estadio Quisqueya en medio de expectativas de jugar con el Licey","author":"Nelson Feliz","date":"9 de diciembre de 2025","format":false,"excerpt":"El estelar jardinero de los New York Mets, Juan Soto, gener\u00f3 gran revuelo al ser visto practicando este martes en las instalaciones del Estadio Quisqueya Juan Marichal, de Santo Domingo, Republieca Dominicana. La presencia de Soto en el terreno, mientras se encuentra en el pa\u00eds luego de su productiva temporada\u2026","rel":"","context":"En \u00abDEPORTES\u00bb","block_context":{"text":"DEPORTES","link":"https:\/\/lasprimeras.com.do\/index.php\/category\/deportes\/"},"img":{"alt_text":"Juan Soto","src":"https:\/\/i0.wp.com\/lasprimeras.com.do\/wp-content\/uploads\/2025\/12\/Juan-Soto.jpg?resize=350%2C200&ssl=1","width":350,"height":200,"srcset":"https:\/\/i0.wp.com\/lasprimeras.com.do\/wp-content\/uploads\/2025\/12\/Juan-Soto.jpg?resize=350%2C200&ssl=1 1x, https:\/\/i0.wp.com\/lasprimeras.com.do\/wp-content\/uploads\/2025\/12\/Juan-Soto.jpg?resize=525%2C300&ssl=1 1.5x, https:\/\/i0.wp.com\/lasprimeras.com.do\/wp-content\/uploads\/2025\/12\/Juan-Soto.jpg?resize=700%2C400&ssl=1 2x"},"classes":[]},{"id":68430,"url":"https:\/\/lasprimeras.com.do\/index.php\/2023\/11\/24\/lidom-reprograma-en-doble-cartelera-los-partidos-suspendidos\/","url_meta":{"origin":64259,"position":2},"title":"LIDOM reprograma en doble cartelera los partidos suspendidos","author":"BIMARY DE JES\u00daS Matos","date":"24 de noviembre de 2023","format":false,"excerpt":"SANTO DOMINGO.- La Liga de B\u00e9isbol Profesional de Rep\u00fablica Dominicana (LIDOM) program\u00f3 cuatro partidos pospuestos del actual campeonato, para disputarse en jornadas de doble cartelera y envuelven a los seis conjuntos del circuito. Los efectos del disturbio tropical entre los d\u00edas 17 y 19 de noviembre conllev\u00f3 a posponer varios\u2026","rel":"","context":"En \u00abSin categor\u00eda\u00bb","block_context":{"text":"Sin categor\u00eda","link":"https:\/\/lasprimeras.com.do\/index.php\/category\/sin-categoria\/"},"img":{"alt_text":"","src":"https:\/\/i0.wp.com\/lasprimeras.com.do\/wp-content\/uploads\/2023\/11\/WhatsApp-Image-2023-11-23-at-4.05.08-PM-3.jpeg?resize=350%2C200&ssl=1","width":350,"height":200,"srcset":"https:\/\/i0.wp.com\/lasprimeras.com.do\/wp-content\/uploads\/2023\/11\/WhatsApp-Image-2023-11-23-at-4.05.08-PM-3.jpeg?resize=350%2C200&ssl=1 1x, https:\/\/i0.wp.com\/lasprimeras.com.do\/wp-content\/uploads\/2023\/11\/WhatsApp-Image-2023-11-23-at-4.05.08-PM-3.jpeg?resize=525%2C300&ssl=1 1.5x"},"classes":[]},{"id":67890,"url":"https:\/\/lasprimeras.com.do\/index.php\/2023\/11\/20\/lluvias-y-tragedia-afectaron-la-celebracion-del-torneo-de-lidom\/","url_meta":{"origin":64259,"position":3},"title":"Lluvias y tragedia afectaron la celebraci\u00f3n del torneo de Lidom","author":"BIMARY DE JES\u00daS Matos","date":"20 de noviembre de 2023","format":false,"excerpt":"Santo Domingo.-La Liga Dominicana de B\u00e9isbol reasign\u00f3 para este lunes los partidos pospuestos este domingo, debido a los efectos del disturbio tropical acaecido el s\u00e1bado en todo el territorio dominicano. La cartelera de Lidom ser\u00e1 la siguiente, las Estrellas visitar\u00e1n al Licey en el estadio Quisqueya, las Aguilas recibir\u00e1n al\u2026","rel":"","context":"En \u00abSin categor\u00eda\u00bb","block_context":{"text":"Sin categor\u00eda","link":"https:\/\/lasprimeras.com.do\/index.php\/category\/sin-categoria\/"},"img":{"alt_text":"","src":"https:\/\/i0.wp.com\/lasprimeras.com.do\/wp-content\/uploads\/2023\/11\/WhatsApp-Image-2023-11-19-at-4.12.21-PM-6.jpeg?resize=350%2C200&ssl=1","width":350,"height":200,"srcset":"https:\/\/i0.wp.com\/lasprimeras.com.do\/wp-content\/uploads\/2023\/11\/WhatsApp-Image-2023-11-19-at-4.12.21-PM-6.jpeg?resize=350%2C200&ssl=1 1x, https:\/\/i0.wp.com\/lasprimeras.com.do\/wp-content\/uploads\/2023\/11\/WhatsApp-Image-2023-11-19-at-4.12.21-PM-6.jpeg?resize=525%2C300&ssl=1 1.5x"},"classes":[]},{"id":117273,"url":"https:\/\/lasprimeras.com.do\/index.php\/2025\/12\/08\/la-seleccion-de-rd-y-los-tigres-de-detroit-jugaran-dos-juegos-en-el-estadio-quisqueya-juan-marichal\/","url_meta":{"origin":64259,"position":4},"title":"La Selecci\u00f3n de RD y los Tigres de Detroit jugar\u00e1n dos juegos en el Estadio Quisqueya Juan Marichal","author":"Nelson Feliz","date":"8 de diciembre de 2025","format":false,"excerpt":"El evento se realizar\u00e1 en memoria de las v\u00edctimas del 8 de abril en Santo Domingo, a beneficio de la Cruz Roja Dominicana. \u200bORLANDO. World Baseball Classic, Inc. anunci\u00f3 hoy que la Selecci\u00f3n Nacional de Rep\u00fablica Dominicana jugar\u00e1 una serie de dos juegos contra los Tigres de Detroit como parte\u2026","rel":"","context":"En \u00abSin categor\u00eda\u00bb","block_context":{"text":"Sin categor\u00eda","link":"https:\/\/lasprimeras.com.do\/index.php\/category\/sin-categoria\/"},"img":{"alt_text":"","src":"https:\/\/i0.wp.com\/lasprimeras.com.do\/wp-content\/uploads\/2025\/12\/medina.jpg?resize=350%2C200&ssl=1","width":350,"height":200,"srcset":"https:\/\/i0.wp.com\/lasprimeras.com.do\/wp-content\/uploads\/2025\/12\/medina.jpg?resize=350%2C200&ssl=1 1x, https:\/\/i0.wp.com\/lasprimeras.com.do\/wp-content\/uploads\/2025\/12\/medina.jpg?resize=525%2C300&ssl=1 1.5x, https:\/\/i0.wp.com\/lasprimeras.com.do\/wp-content\/uploads\/2025\/12\/medina.jpg?resize=700%2C400&ssl=1 2x"},"classes":[]},{"id":121194,"url":"https:\/\/lasprimeras.com.do\/index.php\/2026\/02\/01\/pn-y-mlb-coordinan-operativo-de-seguridad-para-juegos-de-beisbol-de-exhibicion-en-el-estadio-quisqueya\/","url_meta":{"origin":64259,"position":5},"title":"PN y MLB coordinan operativo de seguridad para juegos de b\u00e9isbol de exhibici\u00f3n en el Estadio Quisqueya","author":"Nelson Feliz","date":"1 de febrero de 2026","format":false,"excerpt":"Representantes de la Polic\u00eda Nacional y de las Grandes Ligas de B\u00e9isbol (MLB, por sus siglas en ingl\u00e9s) sostuvieron un encuentro de coordinaci\u00f3n con el objetivo de definir el operativo de seguridad que ser\u00e1 implementado durante los juegos de b\u00e9isbol de exhibici\u00f3n a celebrarse los d\u00edas 3 y 4 de\u2026","rel":"","context":"En \u00abDEPORTES\u00bb","block_context":{"text":"DEPORTES","link":"https:\/\/lasprimeras.com.do\/index.php\/category\/deportes\/"},"img":{"alt_text":"","src":"https:\/\/i0.wp.com\/lasprimeras.com.do\/wp-content\/uploads\/2026\/02\/pn.jpg?resize=350%2C200&ssl=1","width":350,"height":200,"srcset":"https:\/\/i0.wp.com\/lasprimeras.com.do\/wp-content\/uploads\/2026\/02\/pn.jpg?resize=350%2C200&ssl=1 1x, https:\/\/i0.wp.com\/lasprimeras.com.do\/wp-content\/uploads\/2026\/02\/pn.jpg?resize=525%2C300&ssl=1 1.5x, https:\/\/i0.wp.com\/lasprimeras.com.do\/wp-content\/uploads\/2026\/02\/pn.jpg?resize=700%2C400&ssl=1 2x"},"classes":[]}],"jetpack_sharing_enabled":true,"_links":{"self":[{"href":"https:\/\/lasprimeras.com.do\/index.php\/wp-json\/wp\/v2\/posts\/64259","targetHints":{"allow":["GET"]}}],"collection":[{"href":"https:\/\/lasprimeras.com.do\/index.php\/wp-json\/wp\/v2\/posts"}],"about":[{"href":"https:\/\/lasprimeras.com.do\/index.php\/wp-json\/wp\/v2\/types\/post"}],"author":[{"embeddable":true,"href":"https:\/\/lasprimeras.com.do\/index.php\/wp-json\/wp\/v2\/users\/3"}],"replies":[{"embeddable":true,"href":"https:\/\/lasprimeras.com.do\/index.php\/wp-json\/wp\/v2\/comments?post=64259"}],"version-history":[{"count":1,"href":"https:\/\/lasprimeras.com.do\/index.php\/wp-json\/wp\/v2\/posts\/64259\/revisions"}],"predecessor-version":[{"id":64262,"href":"https:\/\/lasprimeras.com.do\/index.php\/wp-json\/wp\/v2\/posts\/64259\/revisions\/64262"}],"wp:featuredmedia":[{"embeddable":true,"href":"https:\/\/lasprimeras.com.do\/index.php\/wp-json\/wp\/v2\/media\/64261"}],"wp:attachment":[{"href":"https:\/\/lasprimeras.com.do\/index.php\/wp-json\/wp\/v2\/media?parent=64259"}],"wp:term":[{"taxonomy":"category","embeddable":true,"href":"https:\/\/lasprimeras.com.do\/index.php\/wp-json\/wp\/v2\/categories?post=64259"},{"taxonomy":"post_tag","embeddable":true,"href":"https:\/\/lasprimeras.com.do\/index.php\/wp-json\/wp\/v2\/tags?post=64259"}],"curies":[{"name":"wp","href":"https:\/\/api.w.org\/{rel}","templated":true}]}}