{"id":64260,"date":"2023-10-19T07:19:42","date_gmt":"2023-10-19T11:19:42","guid":{"rendered":"https:\/\/lasprimeras.com.do\/?p=64260"},"modified":"2023-10-19T07:19:43","modified_gmt":"2023-10-19T11:19:43","slug":"niveles-de-dioxido-de-carbono-van-camino-de-establecer-un-nuevo-record-en-2023","status":"publish","type":"post","link":"https:\/\/lasprimeras.com.do\/index.php\/2023\/10\/19\/niveles-de-dioxido-de-carbono-van-camino-de-establecer-un-nuevo-record-en-2023\/","title":{"rendered":"Niveles de di\u00f3xido de carbono van camino de establecer un nuevo r\u00e9cord en 2023"},"content":{"rendered":"\n<p><strong>Se espera que los niveles de di\u00f3xido de carbono alcancen nuevos r\u00e9cords alarmantes en 2023; conoce c\u00f3mo esto afecta los esfuerzos globales para combatir el cambio clim\u00e1tico.<\/strong><\/p>\n\n\n\n<p>Amedida que el a\u00f1o se acerca a su fin, las primeras proyecciones sobre el clima est\u00e1n lejos de ser tranquilizadoras. Es cada vez m\u00e1s probable que 2023 entre en los anales como el a\u00f1o m\u00e1s caluroso jam\u00e1s registrado, superando el umbral cr\u00edtico de 2.7\u00b0F (1.5\u00b0C) por encima de las temperaturas medias globales preindustriales.<\/p>\n\n\n\n<p>Igualmente preocupante es el aumento previsto en los niveles de contaminaci\u00f3n por di\u00f3xido de carbono, que se espera que aumente entre un 0.5 y un 1.5 por ciento, seg\u00fan un reporte de emisiones internacional.<\/p>\n\n\n\n<p>Este sombr\u00edo panorama sigue una tendencia desalentadora observada en 2022, cuando las emisiones de carbono aumentaron un 0.9 por ciento, culminando en la asombrosa cifra de 36.8 gigatoneladas de emisiones de di\u00f3xido de carbono solo para ese a\u00f1o.<\/p>\n\n\n\n<p>Este crecimiento de las emisiones no es consistente en los distintos sectores y regiones geogr\u00e1ficas, e incluso las evaluaciones m\u00e1s optimistas revelan una flagrante insuficiencia a la hora de abordar las emisiones de manera integral.<\/p>\n\n\n\n<p><strong>Es poco probable que las emisiones disminuyan en 2023<\/strong><\/p>\n\n\n\n<p>Glen Peters, director de investigaci\u00f3n del instituto de investigaci\u00f3n clim\u00e1tica CICERO de Noruega, advierte: \u201cSer\u00eda muy poco probable que las emisiones disminuyan en 2023\u201d, seg\u00fan un art\u00edculo de Scientists Alert.<\/p>\n\n\n\n<p>El aumento persistente de las emisiones de carbono presenta un panorama preocupante, lo que sugiere que los esfuerzos colectivos para combatir el cambio clim\u00e1tico deben ser significativamente m\u00e1s s\u00f3lidos.<\/p>\n\n\n\n<p>El Acuerdo Clim\u00e1tico de Par\u00eds, establecido en 2015, estableci\u00f3 planes ambiciosos para frenar el aumento de las temperaturas globales promedio.<\/p>\n\n\n\n<p>El objetivo principal es limitar el aumento a menos de 2.7\u00b0F por encima de los promedios preindustriales, o al menos evitar exceder los 3.6\u00b0F.<\/p>\n\n\n\n<p>Lamentablemente, los principales emisores de carbono del mundo no est\u00e1n logrando avances sustanciales en el logro de estos objetivos.<\/p>\n\n\n\n<p>El mismo Glen Peters enfatiz\u00f3 en X, antes Twitter: \u201cLas emisiones globales de CO\u2082 f\u00f3sil deben disminuir >5 por ciento al a\u00f1o. Esto simplemente no est\u00e1 sucediendo\u201d.<\/p>\n\n\n\n<p>Cada a\u00f1o de aumento de emisiones no solo complica los esfuerzos para cumplir los objetivos de Par\u00eds, sino que tambi\u00e9n amplifica la vulnerabilidad del mundo a los impactos clim\u00e1ticos adversos.<\/p>\n\n\n\n<p><strong>Fuente de datos y resultados mixtos<\/strong><\/p>\n\n\n\n<p>Las predicciones se basan en datos de la Agencia Internacional de Energ\u00eda (AIE). Los informes de la AIE de este a\u00f1o han presentado un panorama mixto.<\/p>\n\n\n\n<p>Por un lado, el crecimiento de las fuentes de energ\u00eda renovables apunta a un probable pico en el uso de combustibles f\u00f3siles en la pr\u00f3xima d\u00e9cada, un avance positivo.<\/p>\n\n\n\n<p>Sin embargo, los gobiernos de todo el mundo todav\u00eda no brindan el apoyo adecuado para una transici\u00f3n r\u00e1pida hacia fuentes de energ\u00eda m\u00e1s limpias.<\/p>\n\n\n\n<p>El pr\u00f3ximo informe \u201cPresupuesto global de carbono\u201d, que se publicar\u00e1 en diciembre, proporcionar\u00e1 un an\u00e1lisis en profundidad de las emisiones de carbono y su impacto.<\/p>\n\n\n\n<p>Adem\u00e1s, la Conferencia de las Naciones Unidas sobre el Cambio Clim\u00e1tico (COP 28) de 2023 est\u00e1 prevista para diciembre en Dub\u00e1i y ofrecer\u00e1 una plataforma crucial para los debates sobre la acci\u00f3n clim\u00e1tica global.<\/p>\n\n\n\n<p>Los desaf\u00edos que plantean los crecientes niveles de di\u00f3xido de carbono exigen atenci\u00f3n urgente, y estos eventos desempe\u00f1ar\u00e1n un papel importante en la configuraci\u00f3n del futuro de las pol\u00edticas y acciones clim\u00e1ticas.<\/p>\n\n\n\n<p>Fuente Eldiariony.com<\/p>\n","protected":false},"excerpt":{"rendered":"<p>Se espera que los niveles de di\u00f3xido de carbono alcancen nuevos r\u00e9cords alarmantes en 2023; conoce c\u00f3mo esto afecta los esfuerzos globales para combatir el cambio clim\u00e1tico. Amedida que el&hellip;<\/p>\n","protected":false},"author":2,"featured_media":64271,"comment_status":"open","ping_status":"open","sticky":false,"template":"","format":"standard","meta":{"content-type":"","jetpack_post_was_ever_published":false,"_jetpack_newsletter_access":"","_jetpack_dont_email_post_to_subs":false,"_jetpack_newsletter_tier_id":0,"_jetpack_memberships_contains_paywalled_content":false,"_jetpack_memberships_contains_paid_content":false,"footnotes":""},"categories":[1],"tags":[1213,4433,8657,2125,4609],"class_list":["post-64260","post","type-post","status-publish","format-standard","has-post-thumbnail","hentry","category-sin-categoria","tag-cambio-climatico","tag-camino","tag-dioxido-de-carbono","tag-niveles","tag-record"],"jetpack_featured_media_url":"https:\/\/lasprimeras.com.do\/wp-content\/uploads\/2023\/10\/dioxido-de-carbono.jpg","jetpack-related-posts":[{"id":113672,"url":"https:\/\/lasprimeras.com.do\/index.php\/2025\/11\/05\/los-esfuerzos-para-combatir-el-cambio-climatico-muestran-un-ligero-avance-segun-la-onu\/","url_meta":{"origin":64260,"position":0},"title":"Los esfuerzos para combatir el cambio clim\u00e1tico muestran un ligero avance, seg\u00fan la ONU","author":"Nelson Feliz","date":"5 de noviembre de 2025","format":false,"excerpt":"Por Seth Borenstein y Melina Walling Este a\u00f1o, todas las naciones del mundo ten\u00edan tarea: presentar planes nuevos y mejorados para combatir el cambio clim\u00e1tico. Sin embargo, los planes presentados \u00abapenas han tenido un impacto significativo\u00bb en la reducci\u00f3n del calentamiento global futuro, seg\u00fan un nuevo informe de las Naciones\u2026","rel":"","context":"En \u00abCLIMA\u00bb","block_context":{"text":"CLIMA","link":"https:\/\/lasprimeras.com.do\/index.php\/category\/clima\/"},"img":{"alt_text":"","src":"https:\/\/i0.wp.com\/lasprimeras.com.do\/wp-content\/uploads\/2025\/11\/CAMBIO-CLIMATICO.jpg?resize=350%2C200&ssl=1","width":350,"height":200,"srcset":"https:\/\/i0.wp.com\/lasprimeras.com.do\/wp-content\/uploads\/2025\/11\/CAMBIO-CLIMATICO.jpg?resize=350%2C200&ssl=1 1x, https:\/\/i0.wp.com\/lasprimeras.com.do\/wp-content\/uploads\/2025\/11\/CAMBIO-CLIMATICO.jpg?resize=525%2C300&ssl=1 1.5x, https:\/\/i0.wp.com\/lasprimeras.com.do\/wp-content\/uploads\/2025\/11\/CAMBIO-CLIMATICO.jpg?resize=700%2C400&ssl=1 2x"},"classes":[]},{"id":114127,"url":"https:\/\/lasprimeras.com.do\/index.php\/2025\/11\/10\/en-las-negociaciones-climaticas-de-la-onu-en-brasil-la-unica-senal-de-estados-unidos-es-una-silla-vacia\/","url_meta":{"origin":64260,"position":1},"title":"En las negociaciones clim\u00e1ticas de la ONU en Brasil, la \u00fanica se\u00f1al de Estados Unidos es una silla vac\u00eda.","author":"Nelson Feliz","date":"10 de noviembre de 2025","format":false,"excerpt":"Por Seth Borenstein , Anton L. Delgado y Melina Walling BEL\u00c9M, Brasil (AP) \u2014 Una larga lista de desastres clim\u00e1ticos recientes reson\u00f3 el lunes en la apertura de las negociaciones clim\u00e1ticas de la ONU : el hurac\u00e1n Melissa en Jamaica, un tornado mortal en Brasil , sequ\u00edas e incendios en\u2026","rel":"","context":"En \u00abCLIMA\u00bb","block_context":{"text":"CLIMA","link":"https:\/\/lasprimeras.com.do\/index.php\/category\/clima\/"},"img":{"alt_text":"","src":"https:\/\/i0.wp.com\/lasprimeras.com.do\/wp-content\/uploads\/2025\/11\/bra.jpg?resize=350%2C200&ssl=1","width":350,"height":200,"srcset":"https:\/\/i0.wp.com\/lasprimeras.com.do\/wp-content\/uploads\/2025\/11\/bra.jpg?resize=350%2C200&ssl=1 1x, https:\/\/i0.wp.com\/lasprimeras.com.do\/wp-content\/uploads\/2025\/11\/bra.jpg?resize=525%2C300&ssl=1 1.5x, https:\/\/i0.wp.com\/lasprimeras.com.do\/wp-content\/uploads\/2025\/11\/bra.jpg?resize=700%2C400&ssl=1 2x"},"classes":[]},{"id":117825,"url":"https:\/\/lasprimeras.com.do\/index.php\/2025\/12\/16\/la-ue-busca-aliviar-prohibicion-de-ventas-de-automoviles-con-motores-de-combustion-interna\/","url_meta":{"origin":64260,"position":2},"title":"La UE busca aliviar prohibici\u00f3n de ventas de autom\u00f3viles con motores de combusti\u00f3n interna","author":"Nelson Feliz","date":"16 de diciembre de 2025","format":false,"excerpt":"POR DAVID MCHUGH FR\u00c1NCFORT, Alemania (AP) \u2014 Los funcionarios europeos el martes avanzaron para aliviar su prohibici\u00f3n de ventas de autom\u00f3viles con motores de combusti\u00f3n interna para 2035, respondiendo a la presi\u00f3n de gobiernos y fabricantes de autom\u00f3viles seg\u00fan los cuales la industria necesita m\u00e1s flexibilidad para encontrar formas de\u2026","rel":"","context":"En \u00abCLIMA\u00bb","block_context":{"text":"CLIMA","link":"https:\/\/lasprimeras.com.do\/index.php\/category\/clima\/"},"img":{"alt_text":"Un veh\u00edculo echa humo por su tubo de escape en Berl\u00edn, el 20 de noviembre del 2019. (AP foto\/Michael Sohn)","src":"https:\/\/i0.wp.com\/lasprimeras.com.do\/wp-content\/uploads\/2025\/12\/automoviles-con-motores-de-combustion-interna.jpg?resize=350%2C200&ssl=1","width":350,"height":200,"srcset":"https:\/\/i0.wp.com\/lasprimeras.com.do\/wp-content\/uploads\/2025\/12\/automoviles-con-motores-de-combustion-interna.jpg?resize=350%2C200&ssl=1 1x, https:\/\/i0.wp.com\/lasprimeras.com.do\/wp-content\/uploads\/2025\/12\/automoviles-con-motores-de-combustion-interna.jpg?resize=525%2C300&ssl=1 1.5x, https:\/\/i0.wp.com\/lasprimeras.com.do\/wp-content\/uploads\/2025\/12\/automoviles-con-motores-de-combustion-interna.jpg?resize=700%2C400&ssl=1 2x"},"classes":[]},{"id":113675,"url":"https:\/\/lasprimeras.com.do\/index.php\/2025\/11\/05\/en-visperas-de-las-negociaciones-climaticas-de-la-onu-en-brasil-se-hace-un-llamado-a-menos-palabras-y-mas-accion\/","url_meta":{"origin":64260,"position":3},"title":"En v\u00edsperas de las negociaciones clim\u00e1ticas de la ONU en Brasil, se hace un llamado a menos palabras y m\u00e1s acci\u00f3n.","author":"Nelson Feliz","date":"5 de noviembre de 2025","format":false,"excerpt":"Por Seth Borenstein y Mauricio Savarese BEL\u00c9M, Brasil (AP) \u2014 Durante 30 a\u00f1os, l\u00edderes mundiales y diplom\u00e1ticos se han reunido en sesiones de negociaci\u00f3n de las Naciones Unidas para tratar de frenar el cambio clim\u00e1tico, pero la temperatura de la Tierra sigue aumentando y los fen\u00f3menos meteorol\u00f3gicos extremos empeoran .\u2026","rel":"","context":"En \u00abINTERNACIONALES\u00bb","block_context":{"text":"INTERNACIONALES","link":"https:\/\/lasprimeras.com.do\/index.php\/category\/sin-categoria\/internacionales\/"},"img":{"alt_text":"","src":"https:\/\/i0.wp.com\/lasprimeras.com.do\/wp-content\/uploads\/2025\/11\/Cambio-climatico-1.jpg?resize=350%2C200&ssl=1","width":350,"height":200,"srcset":"https:\/\/i0.wp.com\/lasprimeras.com.do\/wp-content\/uploads\/2025\/11\/Cambio-climatico-1.jpg?resize=350%2C200&ssl=1 1x, https:\/\/i0.wp.com\/lasprimeras.com.do\/wp-content\/uploads\/2025\/11\/Cambio-climatico-1.jpg?resize=525%2C300&ssl=1 1.5x, https:\/\/i0.wp.com\/lasprimeras.com.do\/wp-content\/uploads\/2025\/11\/Cambio-climatico-1.jpg?resize=700%2C400&ssl=1 2x"},"classes":[]},{"id":112468,"url":"https:\/\/lasprimeras.com.do\/index.php\/2025\/10\/22\/jefe-de-la-onu-defiende-la-ciencia-y-el-pronostico-meteorologico-mientras-trump-amenaza-con-ambos\/","url_meta":{"origin":64260,"position":4},"title":"Jefe de la ONU defiende la ciencia y el pron\u00f3stico meteorol\u00f3gico mientras Trump amenaza con ambos","author":"Nelson Feliz","date":"22 de octubre de 2025","format":false,"excerpt":"GINEBRA (AP) \u2014 El jefe de las Naciones Unidas hizo el mi\u00e9rcoles una en\u00e9rgica defensa de la ciencia y la meteorolog\u00eda, elogiando a la agencia meteorol\u00f3gica de la ONU por ayudar a salvar vidas al estar atenta a los desastres clim\u00e1ticos en todo el mundo. El Secretario General Antonio Guterres\u2026","rel":"","context":"En \u00abINTERNACIONALES\u00bb","block_context":{"text":"INTERNACIONALES","link":"https:\/\/lasprimeras.com.do\/index.php\/category\/sin-categoria\/internacionales\/"},"img":{"alt_text":"","src":"https:\/\/i0.wp.com\/lasprimeras.com.do\/wp-content\/uploads\/2025\/10\/antonio-guterres.jpg?resize=350%2C200&ssl=1","width":350,"height":200,"srcset":"https:\/\/i0.wp.com\/lasprimeras.com.do\/wp-content\/uploads\/2025\/10\/antonio-guterres.jpg?resize=350%2C200&ssl=1 1x, https:\/\/i0.wp.com\/lasprimeras.com.do\/wp-content\/uploads\/2025\/10\/antonio-guterres.jpg?resize=525%2C300&ssl=1 1.5x, https:\/\/i0.wp.com\/lasprimeras.com.do\/wp-content\/uploads\/2025\/10\/antonio-guterres.jpg?resize=700%2C400&ssl=1 2x"},"classes":[]},{"id":82402,"url":"https:\/\/lasprimeras.com.do\/index.php\/2024\/05\/02\/presidencia-de-estados-unidos-incluye-a-rd-en-iniciativa-gobierno-neto-cero\/","url_meta":{"origin":64260,"position":5},"title":"Presidencia de Estados Unidos incluye a RD en iniciativa Gobierno Neto Cero","author":"BIMARY DE JES\u00daS Matos","date":"2 de mayo de 2024","format":false,"excerpt":"Washington DC. La Presidencia de los Estados Unidos incluy\u00f3 a la Rep\u00fablica Dominicana en la Iniciativa Gobierno Neto Cero (NZGI), durante una ceremonia en la Casa Blanca en la que particip\u00f3 la embajadora Sonia Guzm\u00e1n, en representaci\u00f3n del Gobierno dominicano y del ministro de Medio Ambiente y Recursos Naturales, Miguel\u2026","rel":"","context":"En \u00abSin categor\u00eda\u00bb","block_context":{"text":"Sin categor\u00eda","link":"https:\/\/lasprimeras.com.do\/index.php\/category\/sin-categoria\/"},"img":{"alt_text":"","src":"https:\/\/i0.wp.com\/lasprimeras.com.do\/wp-content\/uploads\/2024\/05\/IMG-20240502-WA0031.jpg?resize=350%2C200&ssl=1","width":350,"height":200,"srcset":"https:\/\/i0.wp.com\/lasprimeras.com.do\/wp-content\/uploads\/2024\/05\/IMG-20240502-WA0031.jpg?resize=350%2C200&ssl=1 1x, https:\/\/i0.wp.com\/lasprimeras.com.do\/wp-content\/uploads\/2024\/05\/IMG-20240502-WA0031.jpg?resize=525%2C300&ssl=1 1.5x, https:\/\/i0.wp.com\/lasprimeras.com.do\/wp-content\/uploads\/2024\/05\/IMG-20240502-WA0031.jpg?resize=700%2C400&ssl=1 2x, https:\/\/i0.wp.com\/lasprimeras.com.do\/wp-content\/uploads\/2024\/05\/IMG-20240502-WA0031.jpg?resize=1050%2C600&ssl=1 3x"},"classes":[]}],"jetpack_sharing_enabled":true,"_links":{"self":[{"href":"https:\/\/lasprimeras.com.do\/index.php\/wp-json\/wp\/v2\/posts\/64260","targetHints":{"allow":["GET"]}}],"collection":[{"href":"https:\/\/lasprimeras.com.do\/index.php\/wp-json\/wp\/v2\/posts"}],"about":[{"href":"https:\/\/lasprimeras.com.do\/index.php\/wp-json\/wp\/v2\/types\/post"}],"author":[{"embeddable":true,"href":"https:\/\/lasprimeras.com.do\/index.php\/wp-json\/wp\/v2\/users\/2"}],"replies":[{"embeddable":true,"href":"https:\/\/lasprimeras.com.do\/index.php\/wp-json\/wp\/v2\/comments?post=64260"}],"version-history":[{"count":1,"href":"https:\/\/lasprimeras.com.do\/index.php\/wp-json\/wp\/v2\/posts\/64260\/revisions"}],"predecessor-version":[{"id":64278,"href":"https:\/\/lasprimeras.com.do\/index.php\/wp-json\/wp\/v2\/posts\/64260\/revisions\/64278"}],"wp:featuredmedia":[{"embeddable":true,"href":"https:\/\/lasprimeras.com.do\/index.php\/wp-json\/wp\/v2\/media\/64271"}],"wp:attachment":[{"href":"https:\/\/lasprimeras.com.do\/index.php\/wp-json\/wp\/v2\/media?parent=64260"}],"wp:term":[{"taxonomy":"category","embeddable":true,"href":"https:\/\/lasprimeras.com.do\/index.php\/wp-json\/wp\/v2\/categories?post=64260"},{"taxonomy":"post_tag","embeddable":true,"href":"https:\/\/lasprimeras.com.do\/index.php\/wp-json\/wp\/v2\/tags?post=64260"}],"curies":[{"name":"wp","href":"https:\/\/api.w.org\/{rel}","templated":true}]}}