{"id":64267,"date":"2023-10-19T07:14:45","date_gmt":"2023-10-19T11:14:45","guid":{"rendered":"https:\/\/lasprimeras.com.do\/?p=64267"},"modified":"2023-10-19T07:14:46","modified_gmt":"2023-10-19T11:14:46","slug":"biden-confirma-israel-permitira-ayuda-a-la-franja-desde-egipto","status":"publish","type":"post","link":"https:\/\/lasprimeras.com.do\/index.php\/2023\/10\/19\/biden-confirma-israel-permitira-ayuda-a-la-franja-desde-egipto\/","title":{"rendered":"Biden confirma Israel permitir\u00e1 ayuda a la Franja desde Egipto"},"content":{"rendered":"\n<p>TEL AVIV.- El presidente de Estados Unidos, Joe Biden, ha confirmado este mi\u00e9rcoles desde Tel Aviv que Israel se ha comprometido a permitir la entrada de ayuda humanitaria a la Franja de Gaza desde Egipto, si bien ha advertido de que cualquier posible bloqueo al suministro tendr\u00e1 consecuencias.<\/p>\n\n\n\n<p>\u00abEstamos trabajando en estrecha cooperaci\u00f3n con el Gobierno de Egipto, Naciones Unidas y sus agencias, como el Programa Mundial de Alimentos y otros socios en la regi\u00f3n para que los camiones crucen la frontera lo antes posible\u00bb, ha sentenciado el mandatario, seg\u00fan ha recogido la cadena CNN.<\/p>\n\n\n\n<p>Por su parte, el Gobierno israel\u00ed ha indicado en un comunicado que \u00abIsrael no obstaculizar\u00e1 los suministros procedentes de Egipto mientras se trate \u00fanicamente de alimentos, agua y medicinas para la poblaci\u00f3n civil situada en el sur de la Franja de Gaza\u00bb.<\/p>\n","protected":false},"excerpt":{"rendered":"<p>TEL AVIV.- El presidente de Estados Unidos, Joe Biden, ha confirmado este mi\u00e9rcoles desde Tel Aviv que Israel se ha comprometido a permitir la entrada de ayuda humanitaria a la&hellip;<\/p>\n","protected":false},"author":3,"featured_media":64268,"comment_status":"open","ping_status":"open","sticky":false,"template":"","format":"standard","meta":{"content-type":"","jetpack_post_was_ever_published":false,"_jetpack_newsletter_access":"","_jetpack_dont_email_post_to_subs":false,"_jetpack_newsletter_tier_id":0,"_jetpack_memberships_contains_paywalled_content":false,"_jetpack_memberships_contains_paid_content":false,"footnotes":""},"categories":[1],"tags":[1343],"class_list":["post-64267","post","type-post","status-publish","format-standard","has-post-thumbnail","hentry","category-sin-categoria","tag-joe-biden"],"jetpack_featured_media_url":"https:\/\/lasprimeras.com.do\/wp-content\/uploads\/2023\/10\/WhatsApp-Image-2023-05-20-at-11.41.19-AM-2-3.jpeg","jetpack-related-posts":[{"id":64119,"url":"https:\/\/lasprimeras.com.do\/index.php\/2023\/10\/18\/joe-biden-llega-a-israel-cumbre-jordania-aplazada-tras-explosion\/","url_meta":{"origin":64267,"position":0},"title":"Joe Biden llega a Israel; cumbre Jordania aplazada tras explosi\u00f3n","author":"BIMARY DE JES\u00daS Matos","date":"18 de octubre de 2023","format":false,"excerpt":"TEL AVIV.- El presidente de Estados Unidos, Joe Biden, lleg\u00f3 este mi\u00e9rcoles a Israel en medio de un conflicto intensificado tras una explosi\u00f3n masiva en un hospital de Gaza que provoc\u00f3 acusaciones de culpa y protestas en toda la regi\u00f3n. Biden se re\u00fane con l\u00edderes de Israel en una muestra\u2026","rel":"","context":"En \u00abSin categor\u00eda\u00bb","block_context":{"text":"Sin categor\u00eda","link":"https:\/\/lasprimeras.com.do\/index.php\/category\/sin-categoria\/"},"img":{"alt_text":"","src":"https:\/\/i0.wp.com\/lasprimeras.com.do\/wp-content\/uploads\/2023\/10\/WhatsApp-Image-2023-09-16-at-4.14.02-PM-2-7.jpeg?resize=350%2C200&ssl=1","width":350,"height":200,"srcset":"https:\/\/i0.wp.com\/lasprimeras.com.do\/wp-content\/uploads\/2023\/10\/WhatsApp-Image-2023-09-16-at-4.14.02-PM-2-7.jpeg?resize=350%2C200&ssl=1 1x, https:\/\/i0.wp.com\/lasprimeras.com.do\/wp-content\/uploads\/2023\/10\/WhatsApp-Image-2023-09-16-at-4.14.02-PM-2-7.jpeg?resize=525%2C300&ssl=1 1.5x, https:\/\/i0.wp.com\/lasprimeras.com.do\/wp-content\/uploads\/2023\/10\/WhatsApp-Image-2023-09-16-at-4.14.02-PM-2-7.jpeg?resize=700%2C400&ssl=1 2x"},"classes":[]},{"id":64442,"url":"https:\/\/lasprimeras.com.do\/index.php\/2023\/10\/20\/gaza-espera-ayuda-de-egipto-mientras-israel-prepara-tropas-para-el-asalto-terrestre\/","url_meta":{"origin":64267,"position":1},"title":"Gaza espera ayuda de Egipto mientras Israel prepara tropas para el asalto terrestre","author":"Nelson Feliz","date":"20 de octubre de 2023","format":false,"excerpt":"POR NAJIB JOBAIN,SAMYA KULLAB Y RAVI NESSMAN KHAN YOUNIS, Franja de Gaza (AP) \u2014 Israel atac\u00f3 el jueves la Franja de Gaza con ataques a\u00e9reos, incluso en el sur, donde se pidi\u00f3 a los palestinos que se refugiaran, mientras el ministro de Defensa israel\u00ed orden\u00f3 a las tropas terrestres que\u2026","rel":"","context":"En \u00abSin categor\u00eda\u00bb","block_context":{"text":"Sin categor\u00eda","link":"https:\/\/lasprimeras.com.do\/index.php\/category\/sin-categoria\/"},"img":{"alt_text":"HERIDOS","src":"https:\/\/i0.wp.com\/lasprimeras.com.do\/wp-content\/uploads\/2023\/10\/HERIDOS.jpg?resize=350%2C200&ssl=1","width":350,"height":200,"srcset":"https:\/\/i0.wp.com\/lasprimeras.com.do\/wp-content\/uploads\/2023\/10\/HERIDOS.jpg?resize=350%2C200&ssl=1 1x, https:\/\/i0.wp.com\/lasprimeras.com.do\/wp-content\/uploads\/2023\/10\/HERIDOS.jpg?resize=525%2C300&ssl=1 1.5x, https:\/\/i0.wp.com\/lasprimeras.com.do\/wp-content\/uploads\/2023\/10\/HERIDOS.jpg?resize=700%2C400&ssl=1 2x"},"classes":[]},{"id":76646,"url":"https:\/\/lasprimeras.com.do\/index.php\/2024\/02\/13\/joe-biden-trabaja-acuerdo-de-paz-en-franja-de-gaza\/","url_meta":{"origin":64267,"position":2},"title":"Joe Biden trabaja acuerdo de paz en Franja de Gaza","author":"BIMARY DE JES\u00daS Matos","date":"13 de febrero de 2024","format":false,"excerpt":"Washington.-El presidente de Estados Unidos, Joe Biden, asegur\u00f3 ayer que est\u00e1 trabajando en un acuerdo en la Franja de Gaza para un intercambio de rehenes que conllevar\u00e1 un periodo de \u201cbien com\u00fan inmediato\u201d para los palestinos. \u201cEstados Unidos est\u00e1 trabajando en un acuerdo de rehenes entre Israel y Ham\u00e1s, que\u2026","rel":"","context":"En \u00abSin categor\u00eda\u00bb","block_context":{"text":"Sin categor\u00eda","link":"https:\/\/lasprimeras.com.do\/index.php\/category\/sin-categoria\/"},"img":{"alt_text":"","src":"https:\/\/i0.wp.com\/lasprimeras.com.do\/wp-content\/uploads\/2024\/02\/Conoceran-esta-tarde-solicitud-de-cese-de-medida-de-coercion-a-Jean-Alain-Rodriguez-6.jpg?resize=350%2C200&ssl=1","width":350,"height":200,"srcset":"https:\/\/i0.wp.com\/lasprimeras.com.do\/wp-content\/uploads\/2024\/02\/Conoceran-esta-tarde-solicitud-de-cese-de-medida-de-coercion-a-Jean-Alain-Rodriguez-6.jpg?resize=350%2C200&ssl=1 1x, https:\/\/i0.wp.com\/lasprimeras.com.do\/wp-content\/uploads\/2024\/02\/Conoceran-esta-tarde-solicitud-de-cese-de-medida-de-coercion-a-Jean-Alain-Rodriguez-6.jpg?resize=525%2C300&ssl=1 1.5x"},"classes":[]},{"id":64595,"url":"https:\/\/lasprimeras.com.do\/index.php\/2023\/10\/21\/eeuu-aplaude-reapertura-ayuda-gaza-pide-no-obstaculicen-proceso\/","url_meta":{"origin":64267,"position":3},"title":"EEUU aplaude reapertura ayuda Gaza, pide no obstaculicen proceso","author":"BIMARY DE JES\u00daS Matos","date":"21 de octubre de 2023","format":false,"excerpt":"EE.UU.-El secretario de Estado de EEUU, Antony Blinken, ha aplaudido este s\u00e1bado la breve reapertura del paso de Raf\u00e1 entre Egipto y la Franja de Gaza para permitir la entrada de un peque\u00f1o cargamento de ayuda humanitaria pero ha exigido a Ham\u00e1s como autoridad del enclave que no se inmiscuya\u2026","rel":"","context":"En \u00abSin categor\u00eda\u00bb","block_context":{"text":"Sin categor\u00eda","link":"https:\/\/lasprimeras.com.do\/index.php\/category\/sin-categoria\/"},"img":{"alt_text":"","src":"https:\/\/i0.wp.com\/lasprimeras.com.do\/wp-content\/uploads\/2023\/10\/WhatsApp-Image-2023-10-21-at-12.51.33-PM-3.jpeg?resize=350%2C200&ssl=1","width":350,"height":200},"classes":[]},{"id":63943,"url":"https:\/\/lasprimeras.com.do\/index.php\/2023\/10\/17\/biden-visitara-israel-manana-para-manifestarle-solidaridad-de-eu\/","url_meta":{"origin":64267,"position":4},"title":"Biden visitar\u00e1 Israel ma\u00f1ana para manifestarle \u00absolidaridad\u00bb de EU","author":"BIMARY DE JES\u00daS Matos","date":"17 de octubre de 2023","format":false,"excerpt":"WASHINGTON, -El presidente de Estados Unidos, Joe Biden, visitar\u00e1 este mi\u00e9rcoles Israel, d\u00edas despu\u00e9s de que el primer ministro israel\u00ed, Benjamin Netanyahu, le invitara como gesto de \u00absolidaridad\u00bb en el marco del estallido del conflicto en la Franja de Gaza. La portavoz de la Casa Blanca, Karine Jean-Pierre, ha se\u00f1alado\u2026","rel":"","context":"En \u00abSin categor\u00eda\u00bb","block_context":{"text":"Sin categor\u00eda","link":"https:\/\/lasprimeras.com.do\/index.php\/category\/sin-categoria\/"},"img":{"alt_text":"","src":"https:\/\/i0.wp.com\/lasprimeras.com.do\/wp-content\/uploads\/2023\/10\/Captura-de-pantalla-2023-10-16-172822-5.jpg?resize=350%2C200&ssl=1","width":350,"height":200,"srcset":"https:\/\/i0.wp.com\/lasprimeras.com.do\/wp-content\/uploads\/2023\/10\/Captura-de-pantalla-2023-10-16-172822-5.jpg?resize=350%2C200&ssl=1 1x, https:\/\/i0.wp.com\/lasprimeras.com.do\/wp-content\/uploads\/2023\/10\/Captura-de-pantalla-2023-10-16-172822-5.jpg?resize=525%2C300&ssl=1 1.5x"},"classes":[]},{"id":63922,"url":"https:\/\/lasprimeras.com.do\/index.php\/2023\/10\/17\/mientras-biden-se-dirige-a-israel-y-jordania-la-ayuda-se-retrasa-para-una-gaza-al-borde-del-colapso-total\/","url_meta":{"origin":64267,"position":5},"title":"Mientras Biden se dirige a Israel y Jordania, la ayuda se retrasa para una Gaza al borde del colapso total","author":"Nelson Feliz","date":"17 de octubre de 2023","format":false,"excerpt":"POR NAJIB JOBAIN, SAMYA KULLAB Y RAVI NESSMAN KHAN YOUNIS, Franja de Gaza (AP) \u2014 Estados Unidos trabaj\u00f3 el martes para salir del estancamiento en la entrega de ayuda a millones de civiles cada vez m\u00e1s desesperados en la Franja de Gaza, que ha sido asediada y atacada por Israel\u2026","rel":"","context":"En \u00abSin categor\u00eda\u00bb","block_context":{"text":"Sin categor\u00eda","link":"https:\/\/lasprimeras.com.do\/index.php\/category\/sin-categoria\/"},"img":{"alt_text":"JOE BIDEN","src":"https:\/\/i0.wp.com\/lasprimeras.com.do\/wp-content\/uploads\/2023\/09\/JOE-BIDEN.jpg?resize=350%2C200&ssl=1","width":350,"height":200,"srcset":"https:\/\/i0.wp.com\/lasprimeras.com.do\/wp-content\/uploads\/2023\/09\/JOE-BIDEN.jpg?resize=350%2C200&ssl=1 1x, https:\/\/i0.wp.com\/lasprimeras.com.do\/wp-content\/uploads\/2023\/09\/JOE-BIDEN.jpg?resize=525%2C300&ssl=1 1.5x, https:\/\/i0.wp.com\/lasprimeras.com.do\/wp-content\/uploads\/2023\/09\/JOE-BIDEN.jpg?resize=700%2C400&ssl=1 2x"},"classes":[]}],"jetpack_sharing_enabled":true,"_links":{"self":[{"href":"https:\/\/lasprimeras.com.do\/index.php\/wp-json\/wp\/v2\/posts\/64267","targetHints":{"allow":["GET"]}}],"collection":[{"href":"https:\/\/lasprimeras.com.do\/index.php\/wp-json\/wp\/v2\/posts"}],"about":[{"href":"https:\/\/lasprimeras.com.do\/index.php\/wp-json\/wp\/v2\/types\/post"}],"author":[{"embeddable":true,"href":"https:\/\/lasprimeras.com.do\/index.php\/wp-json\/wp\/v2\/users\/3"}],"replies":[{"embeddable":true,"href":"https:\/\/lasprimeras.com.do\/index.php\/wp-json\/wp\/v2\/comments?post=64267"}],"version-history":[{"count":1,"href":"https:\/\/lasprimeras.com.do\/index.php\/wp-json\/wp\/v2\/posts\/64267\/revisions"}],"predecessor-version":[{"id":64269,"href":"https:\/\/lasprimeras.com.do\/index.php\/wp-json\/wp\/v2\/posts\/64267\/revisions\/64269"}],"wp:featuredmedia":[{"embeddable":true,"href":"https:\/\/lasprimeras.com.do\/index.php\/wp-json\/wp\/v2\/media\/64268"}],"wp:attachment":[{"href":"https:\/\/lasprimeras.com.do\/index.php\/wp-json\/wp\/v2\/media?parent=64267"}],"wp:term":[{"taxonomy":"category","embeddable":true,"href":"https:\/\/lasprimeras.com.do\/index.php\/wp-json\/wp\/v2\/categories?post=64267"},{"taxonomy":"post_tag","embeddable":true,"href":"https:\/\/lasprimeras.com.do\/index.php\/wp-json\/wp\/v2\/tags?post=64267"}],"curies":[{"name":"wp","href":"https:\/\/api.w.org\/{rel}","templated":true}]}}