{"id":64270,"date":"2023-10-19T07:15:47","date_gmt":"2023-10-19T11:15:47","guid":{"rendered":"https:\/\/lasprimeras.com.do\/?p=64270"},"modified":"2023-10-19T07:15:49","modified_gmt":"2023-10-19T11:15:49","slug":"protestas-y-ataques-a-embajadas-israel-y-ee-uu-en-oriente-medio","status":"publish","type":"post","link":"https:\/\/lasprimeras.com.do\/index.php\/2023\/10\/19\/protestas-y-ataques-a-embajadas-israel-y-ee-uu-en-oriente-medio\/","title":{"rendered":"Protestas y ataques a embajadas Israel y EE.UU. en Oriente Medio"},"content":{"rendered":"\n<p>Israel.-Miles de manifestantes han salido a las calles en Oriente Medio y el norte de Africa, as\u00ed como en otros pa\u00edses, para protestar contra el bombardeo al hospital de Al Ahli, en la Franja de Gaza, y que ha dejado al menos 500 muertos, seg\u00fan las autoridades gazat\u00edes. Adem\u00e1s, rechazan echazar el doble rasero de occidente a la hora de juzgar lo que constituyen cr\u00edmenes de guerra.<\/p>\n\n\n\n<p>Las marchas, multitudinarias en algunos casos como en Yemen, Bar\u00e9in o Jordania, extendidas en diversas ciudades y con diversos horarios en algunos o espont\u00e1neas en otros y con un marcado car\u00e1cter de apoyo al gobierno como en Egipto, han reflejado todas la misma cr\u00edtica tanto hacia las acciones \u00abcriminales\u00bb de Israel como al amparo absoluto que tanto Europa como los EE.UU. dan a las acciones del Estado de Israel.<\/p>\n\n\n\n<p>ATAQUES A SEDES DIPLOM\u00c1TICAS<\/p>\n\n\n\n<p>En algunas de ellas se han producido varios ataques contra sedes diplom\u00e1ticas de Israel y Estados Unidos se han registrado en diferentes partes del mundo durante la jornada de este mi\u00e9rcoles.<\/p>\n\n\n\n<p>En Cisjordania y Jerusal\u00e9n Este instituciones, comercios, escuelas y empresas han cerrado por una huelga general contra los bombardeos israel\u00edes sobre Gaza, tras doce d\u00edas de guerra de Israel con las milicias palestinas de Gaza, mientras miles de palestinos han salido a la calle a protestar.<\/p>\n\n\n\n<p>Manifestantes a favor de Palestina protestan cerca del Consulado de Israel en Estambul, Turqu\u00eda.<br>Manifestantes a favor de Palestina protestan cerca del Consulado de Israel en Estambul, Turqu\u00eda.<br>SIMBOLOS Y BANDERAS PALESTINAS<\/p>\n\n\n\n<p>Durante estas concentraciones se han podido observar s\u00edmbolos y banderas palestinas y escuchar consignas contra Israel, adem\u00e1s de quemar banderas del pa\u00eds.<\/p>\n\n\n\n<p>Tambi\u00e9n se han presentado incidentes en la embajada de Estados Unidos en Beirut (L\u00edbano), en la de la misma naci\u00f3n norteamericana en Irak, en la de Israel en Jordania, en la de Francia en Teher\u00e1n (Ir\u00e1n), y en la del Reino Unido en el mismo pa\u00eds.<\/p>\n\n\n\n<p>Adem\u00e1s, centenares de personas se han manifestado en algunos bastiones del grupo chi\u00ed Hizbul\u00e1 en el sur del L\u00edbano o a las afueras de Beirut, despu\u00e9s de que el grupo llamase a un \u00abd\u00eda de ira sin precedentes\u00bb.<\/p>\n","protected":false},"excerpt":{"rendered":"<p>Israel.-Miles de manifestantes han salido a las calles en Oriente Medio y el norte de Africa, as\u00ed como en otros pa\u00edses, para protestar contra el bombardeo al hospital de Al&hellip;<\/p>\n","protected":false},"author":3,"featured_media":64272,"comment_status":"open","ping_status":"open","sticky":false,"template":"","format":"standard","meta":{"content-type":"","jetpack_post_was_ever_published":false,"_jetpack_newsletter_access":"","_jetpack_dont_email_post_to_subs":false,"_jetpack_newsletter_tier_id":0,"_jetpack_memberships_contains_paywalled_content":false,"_jetpack_memberships_contains_paid_content":false,"footnotes":""},"categories":[1],"tags":[3499],"class_list":["post-64270","post","type-post","status-publish","format-standard","has-post-thumbnail","hentry","category-sin-categoria","tag-israel"],"jetpack_featured_media_url":"https:\/\/lasprimeras.com.do\/wp-content\/uploads\/2023\/10\/WhatsApp-Image-2023-05-20-at-11.41.19-AM-2-4.jpeg","jetpack-related-posts":[{"id":63613,"url":"https:\/\/lasprimeras.com.do\/index.php\/2023\/10\/13\/jornada-de-protestas-masivas-en-oriente-medio-en-apoyo-a-los-palestinos-de-franja-de-gaza\/","url_meta":{"origin":64270,"position":0},"title":"Jornada de protestas masivas en Oriente Medio en apoyo a los palestinos de Franja de Gaza","author":"BIMARY DE JES\u00daS Matos","date":"13 de octubre de 2023","format":false,"excerpt":"El Cairo.-\u00a0Este viernes fue una jornada de manifestaciones multitudinarias en numerosos pa\u00edses \u00e1rabes de Oriente Medio en apoyo a los ciudadanos palestinos de la Franja de Gaza y en repulsa por los bombardeos constantes y el bloqueo de suministros b\u00e1sicos por parte de Israel en su represalia por el ataque\u2026","rel":"","context":"En \u00abSin categor\u00eda\u00bb","block_context":{"text":"Sin categor\u00eda","link":"https:\/\/lasprimeras.com.do\/index.php\/category\/sin-categoria\/"},"img":{"alt_text":"","src":"https:\/\/i0.wp.com\/lasprimeras.com.do\/wp-content\/uploads\/2023\/10\/WhatsApp-Image-2023-10-13-at-1.21.18-PM-2.jpeg?resize=350%2C200&ssl=1","width":350,"height":200,"srcset":"https:\/\/i0.wp.com\/lasprimeras.com.do\/wp-content\/uploads\/2023\/10\/WhatsApp-Image-2023-10-13-at-1.21.18-PM-2.jpeg?resize=350%2C200&ssl=1 1x, https:\/\/i0.wp.com\/lasprimeras.com.do\/wp-content\/uploads\/2023\/10\/WhatsApp-Image-2023-10-13-at-1.21.18-PM-2.jpeg?resize=525%2C300&ssl=1 1.5x, https:\/\/i0.wp.com\/lasprimeras.com.do\/wp-content\/uploads\/2023\/10\/WhatsApp-Image-2023-10-13-at-1.21.18-PM-2.jpeg?resize=700%2C400&ssl=1 2x"},"classes":[]},{"id":64508,"url":"https:\/\/lasprimeras.com.do\/index.php\/2023\/10\/20\/cadena-de-protestas-este-viernes-en-el-medio-oriente-contra-israel\/","url_meta":{"origin":64270,"position":1},"title":"Cadena de protestas este viernes en el Medio Oriente contra Israel","author":"BIMARY DE JES\u00daS Matos","date":"20 de octubre de 2023","format":false,"excerpt":"NUEVA YORK.- Los palestinos en Gaza contin\u00faan sin la certeza de que recibir\u00e1n la ayuda humanitaria que necesitan mientras una cadena de protestas contra Israel se anticipa para este viernes en Medio Oriente. El medio CNN report\u00f3 que las autoridades israel\u00edes han movilizado sus tropas en preparaci\u00f3n a una incursion\u2026","rel":"","context":"En \u00abSin categor\u00eda\u00bb","block_context":{"text":"Sin categor\u00eda","link":"https:\/\/lasprimeras.com.do\/index.php\/category\/sin-categoria\/"},"img":{"alt_text":"","src":"https:\/\/i0.wp.com\/lasprimeras.com.do\/wp-content\/uploads\/2023\/10\/WhatsApp-Image-2023-10-19-at-12.04.14-PM.webp?resize=350%2C200&ssl=1","width":350,"height":200},"classes":[]},{"id":64906,"url":"https:\/\/lasprimeras.com.do\/index.php\/2023\/10\/24\/se-intensifican-los-ataques-contra-bases-de-eu-en-oriente-proximo\/","url_meta":{"origin":64270,"position":2},"title":"Se intensifican los ataques contra bases de EU en Oriente Pr\u00f3ximo","author":"BIMARY DE JES\u00daS Matos","date":"24 de octubre de 2023","format":false,"excerpt":"JERUSALEN.- Desde la escalada del conflicto entre Israel y Ham\u00e1s el 7 de octubre, junto con el aumento del apoyo de EE.UU. al pa\u00eds hebreo, se han producido una serie de ataques contra bases militares estadounidenses en Oriente Pr\u00f3ximo. Los ataques contra personal militar estadounidense coinciden con protestas y disturbios\u2026","rel":"","context":"En \u00abSin categor\u00eda\u00bb","block_context":{"text":"Sin categor\u00eda","link":"https:\/\/lasprimeras.com.do\/index.php\/category\/sin-categoria\/"},"img":{"alt_text":"","src":"https:\/\/i0.wp.com\/lasprimeras.com.do\/wp-content\/uploads\/2023\/10\/WhatsApp-Image-2023-10-24-at-12.31.50-PM-1.jpeg?resize=350%2C200&ssl=1","width":350,"height":200,"srcset":"https:\/\/i0.wp.com\/lasprimeras.com.do\/wp-content\/uploads\/2023\/10\/WhatsApp-Image-2023-10-24-at-12.31.50-PM-1.jpeg?resize=350%2C200&ssl=1 1x, https:\/\/i0.wp.com\/lasprimeras.com.do\/wp-content\/uploads\/2023\/10\/WhatsApp-Image-2023-10-24-at-12.31.50-PM-1.jpeg?resize=525%2C300&ssl=1 1.5x"},"classes":[]},{"id":101438,"url":"https:\/\/lasprimeras.com.do\/index.php\/2025\/06\/22\/iran-ejecuta-represalia-con-contundentes-bombardeos-sobre-israel-tras-ataques-de-ee-uu-videos\/","url_meta":{"origin":64270,"position":3},"title":"Ir\u00e1n ejecuta represalia con contundentes bombardeos sobre Israel tras ataques de EE.UU. (VIDEOS)","author":"Nelson Feliz","date":"22 de junio de 2025","format":false,"excerpt":"Los ataques se producen en medio de la escalada de enfrentamientos en Oriente Medio por la uni\u00f3n de EE.UU. a la ofensiva de Israel. Tras la uni\u00f3n de EE.UU. a la ofensiva de Israel y sus golpes a tres instalaciones nucleares de Ir\u00e1n, se reportan lanzamientos de misiles de Teher\u00e1n\u2026","rel":"","context":"En \u00abINTERNACIONALES\u00bb","block_context":{"text":"INTERNACIONALES","link":"https:\/\/lasprimeras.com.do\/index.php\/category\/sin-categoria\/internacionales\/"},"img":{"alt_text":"","src":"","width":0,"height":0},"classes":[]},{"id":66022,"url":"https:\/\/lasprimeras.com.do\/index.php\/2023\/11\/02\/crece-la-oposicion-en-los-paises-arabes-que-normalizaron-sus-relaciones-con-israel\/","url_meta":{"origin":64270,"position":4},"title":"Crece la oposici\u00f3n en los pa\u00edses \u00e1rabes que normalizaron sus relaciones con Israel","author":"Nelson Feliz","date":"2 de noviembre de 2023","format":false,"excerpt":"POR SAM METZ RABAT, Marruecos (AP) \u2014 Las naciones \u00e1rabes que han normalizado o est\u00e1n considerando mejorar sus relaciones con Israel est\u00e1n bajo una creciente presi\u00f3n p\u00fablica para cortar esos v\u00ednculos debido a la guerra de Israel contra Hamas. Decenas de miles de personas han salido a las calles de\u2026","rel":"","context":"En \u00abSin categor\u00eda\u00bb","block_context":{"text":"Sin categor\u00eda","link":"https:\/\/lasprimeras.com.do\/index.php\/category\/sin-categoria\/"},"img":{"alt_text":"","src":"https:\/\/i0.wp.com\/lasprimeras.com.do\/wp-content\/uploads\/2023\/11\/RECHAZAN.jpg?resize=350%2C200&ssl=1","width":350,"height":200,"srcset":"https:\/\/i0.wp.com\/lasprimeras.com.do\/wp-content\/uploads\/2023\/11\/RECHAZAN.jpg?resize=350%2C200&ssl=1 1x, https:\/\/i0.wp.com\/lasprimeras.com.do\/wp-content\/uploads\/2023\/11\/RECHAZAN.jpg?resize=525%2C300&ssl=1 1.5x, https:\/\/i0.wp.com\/lasprimeras.com.do\/wp-content\/uploads\/2023\/11\/RECHAZAN.jpg?resize=700%2C400&ssl=1 2x"},"classes":[]},{"id":65290,"url":"https:\/\/lasprimeras.com.do\/index.php\/2023\/10\/27\/ee-uu-bombardea-hoy-posiciones-vinculadas-a-iran-en-este-de-siria\/","url_meta":{"origin":64270,"position":5},"title":"EE.UU. bombardea hoy posiciones vinculadas a Ir\u00e1n en este de Siria","author":"BIMARY DE JES\u00daS Matos","date":"27 de octubre de 2023","format":false,"excerpt":"EE.UU.-Estados Unidos ha bombardeado este viernes instalaciones relacionadas con la Guardia Revolucionaria de Ir\u00e1n en el este de Siria. El ataque ha tenido lugar a las 4:30 cerca de Abu Kamal, una ciudad siria fronteriza con Irak, y ha sido llevado a cabo por dos aviones F-16. El Pent\u00e1gono no\u2026","rel":"","context":"En \u00abSin categor\u00eda\u00bb","block_context":{"text":"Sin categor\u00eda","link":"https:\/\/lasprimeras.com.do\/index.php\/category\/sin-categoria\/"},"img":{"alt_text":"","src":"https:\/\/i0.wp.com\/lasprimeras.com.do\/wp-content\/uploads\/2023\/10\/WhatsApp-Image-2023-10-26-at-6.18.01-PM-3.jpeg?resize=350%2C200&ssl=1","width":350,"height":200,"srcset":"https:\/\/i0.wp.com\/lasprimeras.com.do\/wp-content\/uploads\/2023\/10\/WhatsApp-Image-2023-10-26-at-6.18.01-PM-3.jpeg?resize=350%2C200&ssl=1 1x, https:\/\/i0.wp.com\/lasprimeras.com.do\/wp-content\/uploads\/2023\/10\/WhatsApp-Image-2023-10-26-at-6.18.01-PM-3.jpeg?resize=525%2C300&ssl=1 1.5x, https:\/\/i0.wp.com\/lasprimeras.com.do\/wp-content\/uploads\/2023\/10\/WhatsApp-Image-2023-10-26-at-6.18.01-PM-3.jpeg?resize=700%2C400&ssl=1 2x"},"classes":[]}],"jetpack_sharing_enabled":true,"_links":{"self":[{"href":"https:\/\/lasprimeras.com.do\/index.php\/wp-json\/wp\/v2\/posts\/64270","targetHints":{"allow":["GET"]}}],"collection":[{"href":"https:\/\/lasprimeras.com.do\/index.php\/wp-json\/wp\/v2\/posts"}],"about":[{"href":"https:\/\/lasprimeras.com.do\/index.php\/wp-json\/wp\/v2\/types\/post"}],"author":[{"embeddable":true,"href":"https:\/\/lasprimeras.com.do\/index.php\/wp-json\/wp\/v2\/users\/3"}],"replies":[{"embeddable":true,"href":"https:\/\/lasprimeras.com.do\/index.php\/wp-json\/wp\/v2\/comments?post=64270"}],"version-history":[{"count":1,"href":"https:\/\/lasprimeras.com.do\/index.php\/wp-json\/wp\/v2\/posts\/64270\/revisions"}],"predecessor-version":[{"id":64273,"href":"https:\/\/lasprimeras.com.do\/index.php\/wp-json\/wp\/v2\/posts\/64270\/revisions\/64273"}],"wp:featuredmedia":[{"embeddable":true,"href":"https:\/\/lasprimeras.com.do\/index.php\/wp-json\/wp\/v2\/media\/64272"}],"wp:attachment":[{"href":"https:\/\/lasprimeras.com.do\/index.php\/wp-json\/wp\/v2\/media?parent=64270"}],"wp:term":[{"taxonomy":"category","embeddable":true,"href":"https:\/\/lasprimeras.com.do\/index.php\/wp-json\/wp\/v2\/categories?post=64270"},{"taxonomy":"post_tag","embeddable":true,"href":"https:\/\/lasprimeras.com.do\/index.php\/wp-json\/wp\/v2\/tags?post=64270"}],"curies":[{"name":"wp","href":"https:\/\/api.w.org\/{rel}","templated":true}]}}