{"id":64425,"date":"2023-10-20T06:52:34","date_gmt":"2023-10-20T10:52:34","guid":{"rendered":"https:\/\/lasprimeras.com.do\/?p=64425"},"modified":"2023-10-20T06:52:35","modified_gmt":"2023-10-20T10:52:35","slug":"isaura-taveras-se-querella-contra-santiago-matias","status":"publish","type":"post","link":"https:\/\/lasprimeras.com.do\/index.php\/2023\/10\/20\/isaura-taveras-se-querella-contra-santiago-matias\/","title":{"rendered":"Isaura Taveras se querella contra Santiago Mat\u00edas"},"content":{"rendered":"\n<p>Santo Domingo.-La comunicadora Isaura Taveras se querell\u00f3 contra Santiago Mat\u00edas \u201cAlofoke\u201d.<\/p>\n\n\n\n<p>El Ministerio P\u00fablico cit\u00f3 para ma\u00f1ana viernes a Alofoke a la Fiscal\u00eda de Santo Domingo Oeste advirti\u00e9ndole que de no comparecer se solicitar\u00e1 una orden de arresto, indica el documento de la querella.<\/p>\n\n\n\n<p>El productor se encuentra actualmente en Nueva York, Estados Unidos y hasta el momento no ha emitido ning\u00fan comentario al respecto.<\/p>\n\n\n\n<p>En el documento la conductora de \u201cEl Ma\u00f1anero\u201d tambi\u00e9n se querell\u00f3 contra una mujer de nombre Ingrid Hahn.<\/p>\n\n\n\n<p>Aunque no ha trascendido el motivo de la querella, se recuerda que entre la comunicadora y el influencer se han generado algunos conflictos por opiniones diferentes.<\/p>\n\n\n\n<p>Taveras siempre ha dejado claro que \u201cno trabajar\u00eda\u201d para el CEO de Alofoke Media Group.<\/p>\n","protected":false},"excerpt":{"rendered":"<p>Santo Domingo.-La comunicadora Isaura Taveras se querell\u00f3 contra Santiago Mat\u00edas \u201cAlofoke\u201d. El Ministerio P\u00fablico cit\u00f3 para ma\u00f1ana viernes a Alofoke a la Fiscal\u00eda de Santo Domingo Oeste advirti\u00e9ndole que de&hellip;<\/p>\n","protected":false},"author":3,"featured_media":64426,"comment_status":"open","ping_status":"open","sticky":false,"template":"","format":"standard","meta":{"content-type":"","jetpack_post_was_ever_published":false,"_jetpack_newsletter_access":"","_jetpack_dont_email_post_to_subs":false,"_jetpack_newsletter_tier_id":0,"_jetpack_memberships_contains_paywalled_content":false,"_jetpack_memberships_contains_paid_content":false,"footnotes":""},"categories":[84],"tags":[],"class_list":["post-64425","post","type-post","status-publish","format-standard","has-post-thumbnail","hentry","category-entretenimiento"],"jetpack_featured_media_url":"https:\/\/lasprimeras.com.do\/wp-content\/uploads\/2023\/10\/WhatsApp-Image-2023-10-18-at-9.33.42-PM-11.jpeg","jetpack-related-posts":[{"id":65772,"url":"https:\/\/lasprimeras.com.do\/index.php\/2023\/10\/31\/aplazan-para-el-proximo-martes-vista-de-querella-de-isaura-taveras-en-contra-de-santiago-matias\/","url_meta":{"origin":64425,"position":0},"title":"Aplazan para el pr\u00f3ximo martes vista de querella de Isaura Taveras en contra de Santiago Mat\u00edas","author":"BIMARY DE JES\u00daS Matos","date":"31 de octubre de 2023","format":false,"excerpt":"Santo Domingo Oeste.- Aplazan para el pr\u00f3ximo martes la vista de la querella interpuesta por la comunicadora Rita Isaura Taveras contra el empresario Santiago Mat\u00edas. Taveras se querell\u00f3 contra el CEO de Alofoke Media Group por supuesta \u00abdifamaci\u00f3n e injuria\u00bb. \u201cExijo justicia, el \u00e1nimo del acostumbrado que exhibe en los\u2026","rel":"","context":"En \u00abENTRETENIMIENTO\u00bb","block_context":{"text":"ENTRETENIMIENTO","link":"https:\/\/lasprimeras.com.do\/index.php\/category\/entretenimiento\/"},"img":{"alt_text":"","src":"https:\/\/i0.wp.com\/lasprimeras.com.do\/wp-content\/uploads\/2023\/10\/WhatsApp-Image-2023-10-31-at-11.41.17-AM-1.webp?resize=350%2C200&ssl=1","width":350,"height":200},"classes":[]},{"id":64521,"url":"https:\/\/lasprimeras.com.do\/index.php\/2023\/10\/20\/fijan-para-el-31-audiencia-por-denuncia-de-isaura-taveras-a-santiago-matias-alofoke\/","url_meta":{"origin":64425,"position":1},"title":"Fijan para el 31 audiencia por denuncia de Isaura Taveras a Santiago Mat\u00edas \u201cAlofoke\u201d","author":"BIMARY DE JES\u00daS Matos","date":"20 de octubre de 2023","format":false,"excerpt":"Santo Domingo.-La fiscal de Santo Domingo Oeste, Gervacia Cid Mart\u00ednez, fij\u00f3 para el pr\u00f3ximo martes 31 de octubre la audiencia por la querella interpuesta por Isaura Taveras a Santiago Mat\u00edas \u201cAlofoke\u201d e Ingrid Hahn por difamaci\u00f3n e injuria. De acuerdo con Okensy Contreras, abogado de Alofoke, las partes no fueron\u2026","rel":"","context":"En \u00abENTRETENIMIENTO\u00bb","block_context":{"text":"ENTRETENIMIENTO","link":"https:\/\/lasprimeras.com.do\/index.php\/category\/entretenimiento\/"},"img":{"alt_text":"","src":"https:\/\/i0.wp.com\/lasprimeras.com.do\/wp-content\/uploads\/2023\/10\/WhatsApp-Image-2023-10-18-at-9.33.42-PM-16.jpeg?resize=350%2C200&ssl=1","width":350,"height":200,"srcset":"https:\/\/i0.wp.com\/lasprimeras.com.do\/wp-content\/uploads\/2023\/10\/WhatsApp-Image-2023-10-18-at-9.33.42-PM-16.jpeg?resize=350%2C200&ssl=1 1x, https:\/\/i0.wp.com\/lasprimeras.com.do\/wp-content\/uploads\/2023\/10\/WhatsApp-Image-2023-10-18-at-9.33.42-PM-16.jpeg?resize=525%2C300&ssl=1 1.5x, https:\/\/i0.wp.com\/lasprimeras.com.do\/wp-content\/uploads\/2023\/10\/WhatsApp-Image-2023-10-18-at-9.33.42-PM-16.jpeg?resize=700%2C400&ssl=1 2x"},"classes":[]},{"id":66586,"url":"https:\/\/lasprimeras.com.do\/index.php\/2023\/11\/08\/santiago-matias-le-pide-disculpas-a-isaura-taveras\/","url_meta":{"origin":64425,"position":2},"title":"Santiago Mat\u00edas le pide disculpas a Isaura Taveras","author":"BIMARY DE JES\u00daS Matos","date":"8 de noviembre de 2023","format":false,"excerpt":"Santo Domingo.- El influencer y empresario Santiago Mat\u00edas \u00abAlofoke\u00bb utiliz\u00f3 su plataforma \u00abAlofoke Radio Show\u00bb para pedirle disculpas a la comunicadora Isaura Taveras, quien lleva una demanda en su contra bajo las acusaciones de difamaci\u00f3n e injuria. El famoso creador de contenido expres\u00f3 que sus palabras \u00abson de todo coraz\u00f3n\u00bb\u2026","rel":"","context":"En \u00abENTRETENIMIENTO\u00bb","block_context":{"text":"ENTRETENIMIENTO","link":"https:\/\/lasprimeras.com.do\/index.php\/category\/entretenimiento\/"},"img":{"alt_text":"","src":"https:\/\/i0.wp.com\/lasprimeras.com.do\/wp-content\/uploads\/2023\/11\/valentin-1.png?resize=350%2C200&ssl=1","width":350,"height":200},"classes":[]},{"id":104623,"url":"https:\/\/lasprimeras.com.do\/index.php\/2025\/07\/25\/isaura-taveras-se-querella-contra-aquiles-jimenez-y-exige-rd10-millones-por-danos-morales\/","url_meta":{"origin":64425,"position":3},"title":"Isaura Taveras se querella contra Aquiles Jim\u00e9nez y exige RD$10 millones por da\u00f1os morales","author":"Nelson Feliz","date":"25 de julio de 2025","format":false,"excerpt":"La querella fue interpuesta por varias declaraciones realizadas por Jim\u00e9nez en sus redes sociales. La conductora radial Rita Isaura Taveras Henr\u00edquez interpuso una querella formal por difamaci\u00f3n e injuria contra Aquiles Jim\u00e9nez, a ra\u00edz de varias publicaciones realizadas en sus redes sociales. La demanda fue presentada por los abogados de\u2026","rel":"","context":"En \u00abENTRETENIMIENTO\u00bb","block_context":{"text":"ENTRETENIMIENTO","link":"https:\/\/lasprimeras.com.do\/index.php\/category\/entretenimiento\/"},"img":{"alt_text":"Isaura Taveras Henr\u00edquez","src":"https:\/\/i0.wp.com\/lasprimeras.com.do\/wp-content\/uploads\/2025\/07\/Isaura-Taveras-Henriquez.jpg?resize=350%2C200&ssl=1","width":350,"height":200,"srcset":"https:\/\/i0.wp.com\/lasprimeras.com.do\/wp-content\/uploads\/2025\/07\/Isaura-Taveras-Henriquez.jpg?resize=350%2C200&ssl=1 1x, https:\/\/i0.wp.com\/lasprimeras.com.do\/wp-content\/uploads\/2025\/07\/Isaura-Taveras-Henriquez.jpg?resize=525%2C300&ssl=1 1.5x, https:\/\/i0.wp.com\/lasprimeras.com.do\/wp-content\/uploads\/2025\/07\/Isaura-Taveras-Henriquez.jpg?resize=700%2C400&ssl=1 2x"},"classes":[]},{"id":108916,"url":"https:\/\/lasprimeras.com.do\/index.php\/2025\/09\/11\/aquiles-jimenez-tiene-23-querellas-en-su-contra-por-difamacion-e-injuria\/","url_meta":{"origin":64425,"position":4},"title":"Aquiles Jim\u00e9nez tiene 23 querellas en su contra por difamaci\u00f3n e injuria","author":"Nelson Feliz","date":"11 de septiembre de 2025","format":false,"excerpt":"Personas de todos los \u00e1mbitos contin\u00faan acudiendo a la justicia en procura de una sanci\u00f3n contra Aquiles Jim\u00e9nez, a quien se\u00f1alan de agraviar su honra a trav\u00e9s de las redes sociales. Hasta ayer mi\u00e9rcoles, en el Departamento de Delitos y Cr\u00edmenes de Alta Tecnolog\u00eda de la Fiscal\u00eda del Distrito Nacional\u2026","rel":"","context":"En \u00abJUSTICIA\u00bb","block_context":{"text":"JUSTICIA","link":"https:\/\/lasprimeras.com.do\/index.php\/category\/justicia\/"},"img":{"alt_text":"","src":"https:\/\/i0.wp.com\/lasprimeras.com.do\/wp-content\/uploads\/2025\/09\/Aquiles-Jimenez.jpg?resize=350%2C200&ssl=1","width":350,"height":200,"srcset":"https:\/\/i0.wp.com\/lasprimeras.com.do\/wp-content\/uploads\/2025\/09\/Aquiles-Jimenez.jpg?resize=350%2C200&ssl=1 1x, https:\/\/i0.wp.com\/lasprimeras.com.do\/wp-content\/uploads\/2025\/09\/Aquiles-Jimenez.jpg?resize=525%2C300&ssl=1 1.5x, https:\/\/i0.wp.com\/lasprimeras.com.do\/wp-content\/uploads\/2025\/09\/Aquiles-Jimenez.jpg?resize=700%2C400&ssl=1 2x"},"classes":[]},{"id":79551,"url":"https:\/\/lasprimeras.com.do\/index.php\/2024\/03\/28\/tony-dandrades-y-santiago-matias-se-unen-en-nuevo-programa\/","url_meta":{"origin":64425,"position":5},"title":"Tony Dandrades y Santiago Mat\u00edas se unen en nuevo programa","author":"BIMARY DE JES\u00daS Matos","date":"28 de marzo de 2024","format":false,"excerpt":"Santo Domingo.-Los dominicanos Santiago Mat\u00edas (Alofoke) y Tony Dandrades se unen para presentar un nuevo programa que se suma a la parrilla de la comunicaci\u00f3n digital: \u201cPunto medio con Alofoke y Tony Dandrades\u201d. Este espacio se transmitir\u00e1 en vivo todos los viernes a las 7 de la noche a partir\u2026","rel":"","context":"En \u00abENTRETENIMIENTO\u00bb","block_context":{"text":"ENTRETENIMIENTO","link":"https:\/\/lasprimeras.com.do\/index.php\/category\/entretenimiento\/"},"img":{"alt_text":"","src":"https:\/\/i0.wp.com\/lasprimeras.com.do\/wp-content\/uploads\/2024\/03\/Captura-de-pantalla-2024-01-22-124640-1.jpg?resize=350%2C200&ssl=1","width":350,"height":200,"srcset":"https:\/\/i0.wp.com\/lasprimeras.com.do\/wp-content\/uploads\/2024\/03\/Captura-de-pantalla-2024-01-22-124640-1.jpg?resize=350%2C200&ssl=1 1x, https:\/\/i0.wp.com\/lasprimeras.com.do\/wp-content\/uploads\/2024\/03\/Captura-de-pantalla-2024-01-22-124640-1.jpg?resize=525%2C300&ssl=1 1.5x, https:\/\/i0.wp.com\/lasprimeras.com.do\/wp-content\/uploads\/2024\/03\/Captura-de-pantalla-2024-01-22-124640-1.jpg?resize=700%2C400&ssl=1 2x"},"classes":[]}],"jetpack_sharing_enabled":true,"_links":{"self":[{"href":"https:\/\/lasprimeras.com.do\/index.php\/wp-json\/wp\/v2\/posts\/64425","targetHints":{"allow":["GET"]}}],"collection":[{"href":"https:\/\/lasprimeras.com.do\/index.php\/wp-json\/wp\/v2\/posts"}],"about":[{"href":"https:\/\/lasprimeras.com.do\/index.php\/wp-json\/wp\/v2\/types\/post"}],"author":[{"embeddable":true,"href":"https:\/\/lasprimeras.com.do\/index.php\/wp-json\/wp\/v2\/users\/3"}],"replies":[{"embeddable":true,"href":"https:\/\/lasprimeras.com.do\/index.php\/wp-json\/wp\/v2\/comments?post=64425"}],"version-history":[{"count":1,"href":"https:\/\/lasprimeras.com.do\/index.php\/wp-json\/wp\/v2\/posts\/64425\/revisions"}],"predecessor-version":[{"id":64427,"href":"https:\/\/lasprimeras.com.do\/index.php\/wp-json\/wp\/v2\/posts\/64425\/revisions\/64427"}],"wp:featuredmedia":[{"embeddable":true,"href":"https:\/\/lasprimeras.com.do\/index.php\/wp-json\/wp\/v2\/media\/64426"}],"wp:attachment":[{"href":"https:\/\/lasprimeras.com.do\/index.php\/wp-json\/wp\/v2\/media?parent=64425"}],"wp:term":[{"taxonomy":"category","embeddable":true,"href":"https:\/\/lasprimeras.com.do\/index.php\/wp-json\/wp\/v2\/categories?post=64425"},{"taxonomy":"post_tag","embeddable":true,"href":"https:\/\/lasprimeras.com.do\/index.php\/wp-json\/wp\/v2\/tags?post=64425"}],"curies":[{"name":"wp","href":"https:\/\/api.w.org\/{rel}","templated":true}]}}