{"id":64428,"date":"2023-10-20T06:55:03","date_gmt":"2023-10-20T10:55:03","guid":{"rendered":"https:\/\/lasprimeras.com.do\/?p=64428"},"modified":"2023-10-20T06:55:04","modified_gmt":"2023-10-20T10:55:04","slug":"bad-bunny-anuncia-nueva-gira-most-wanted-tour-por-estados-unidos-en-2024","status":"publish","type":"post","link":"https:\/\/lasprimeras.com.do\/index.php\/2023\/10\/20\/bad-bunny-anuncia-nueva-gira-most-wanted-tour-por-estados-unidos-en-2024\/","title":{"rendered":"Bad Bunny anuncia nueva gira, \u201cMost Wanted Tour\u201d, por Estados Unidos en 2024"},"content":{"rendered":"\n<p>Santo Domingo.-El cantante puertorrique\u00f1o Bad Bunny anunci\u00f3 este jueves una nueva gira, titulada \u00abMost Wanted Tour\u00bb, que lo llevar\u00e1 en 2024 por una treintena de ciudades de Estados Unidos para presentar su \u00faltimo \u00e1lbum \u00abNadie sabe lo que va a pasar ma\u00f1ana\u00bb.<\/p>\n\n\n\n<p>El artista incluy\u00f3 en el anuncio, realizado en su cuenta de Instagram, el t\u00edtulo de su reci\u00e9n lanzado \u00e1lbum junto a la frase \u00abNo lo dejes escapar, porque quiz\u00e1s no lo vuelvas a ver\u00bb y una fotograf\u00eda de \u00e9l mismo al estilo de los fugitivos buscados por la Polic\u00eda.<\/p>\n\n\n\n<p>La gira comenzar\u00e1 el 21 de febrero la ciudad de Salt Lake (Utah) y, por ahora, concluir\u00e1 el 26 de mayo en Miami (Florida), aunque el cantante adelant\u00f3 que se a\u00f1adir\u00e1n nuevos conciertos.<\/p>\n\n\n\n<p>Entre las ciudades previstas figuran Las Vegas, San Francisco, Los \u00c1ngeles, Chicago, Washington, Nueva York, Austin, Houston, Atlanta y Orlando.<\/p>\n\n\n\n<p>La imagen publicada indica asimismo que la gira es \u00absolamente trap\u00bb y avisa a los asistentes lo siguiente: \u00abSi no eres un fan de verdad, no vengas\u00bb.<\/p>\n\n\n\n<p>Tambi\u00e9n en Instagram, Bad Bunny subi\u00f3 un video en el que aparece encapuchado montado en un caballo. Se detiene frente a una pared con carteles de la gira, arranca uno y lo rompe.<\/p>\n\n\n\n<p>\u00abNadie sabe lo que va a pasar ma\u00f1ana\u00bb, de 22 canciones, incluye colaboraciones con Arc\u00e1ngel, Bryant Myers, De La Ghetto, Eladio Carri\u00f3n, Feid, Luar La L, Mora, \u00d1engo Flow, Young Miko y Youngchimi.<\/p>\n\n\n\n<p>La plataforma musical Spotify inform\u00f3 el pasado s\u00e1bado que \u00abNadie sabe lo que va a pasar ma\u00f1ana\u00bb se convirti\u00f3 en el \u00e1lbum m\u00e1s reproducido en un solo d\u00eda en 2023.<\/p>\n\n\n\n<p>Bad Bunny obtuvo el t\u00edtulo de artista m\u00e1s escuchado en Spotify durante tres a\u00f1os consecutivos (2020, 2021 y 2022) y, en julio de 2023, el \u00e1lbum \u00abUn Verano Sin Ti\u00bb se convirti\u00f3 en el m\u00e1s reproducido de todos los tiempos en la historia de la plataforma.<\/p>\n","protected":false},"excerpt":{"rendered":"<p>Santo Domingo.-El cantante puertorrique\u00f1o Bad Bunny anunci\u00f3 este jueves una nueva gira, titulada \u00abMost Wanted Tour\u00bb, que lo llevar\u00e1 en 2024 por una treintena de ciudades de Estados Unidos para&hellip;<\/p>\n","protected":false},"author":3,"featured_media":64430,"comment_status":"open","ping_status":"open","sticky":false,"template":"","format":"standard","meta":{"content-type":"","jetpack_post_was_ever_published":false,"_jetpack_newsletter_access":"","_jetpack_dont_email_post_to_subs":false,"_jetpack_newsletter_tier_id":0,"_jetpack_memberships_contains_paywalled_content":false,"_jetpack_memberships_contains_paid_content":false,"footnotes":""},"categories":[84],"tags":[],"class_list":["post-64428","post","type-post","status-publish","format-standard","has-post-thumbnail","hentry","category-entretenimiento"],"jetpack_featured_media_url":"https:\/\/lasprimeras.com.do\/wp-content\/uploads\/2023\/10\/WhatsApp-Image-2023-10-18-at-9.33.42-PM-12.jpeg","jetpack-related-posts":[{"id":78475,"url":"https:\/\/lasprimeras.com.do\/index.php\/2024\/03\/17\/video-bad-bunny-hace-caso-omiso-al-comunicado-de-peta-y-vuelve-a-entrar-a-un-show-en-caballo\/","url_meta":{"origin":64428,"position":0},"title":"VIDEO: Bad Bunny hace caso omiso al comunicado de PETA y vuelve a entrar a un show en caballo","author":"Nelson Feliz","date":"17 de marzo de 2024","format":false,"excerpt":"Bad Bunny se encuentra dentro de su actual gira, \u201cMost Wanted Tour\u201d por diversas ciudades de Estados Unidos. Por Miguel \u00c1ngel Escudero Bad Bunny ha vuelto a convertirse en blanco de cr\u00edticas debido a su m\u00e1s reciente aparici\u00f3n en caballo durante el concierto que brind\u00f3 el pasado 13 de marzo\u2026","rel":"","context":"En \u00abENTRETENIMIENTO\u00bb","block_context":{"text":"ENTRETENIMIENTO","link":"https:\/\/lasprimeras.com.do\/index.php\/category\/entretenimiento\/"},"img":{"alt_text":"Bad Bunny","src":"https:\/\/i0.wp.com\/lasprimeras.com.do\/wp-content\/uploads\/2024\/03\/Bad-Bunny.jpg?resize=350%2C200&ssl=1","width":350,"height":200,"srcset":"https:\/\/i0.wp.com\/lasprimeras.com.do\/wp-content\/uploads\/2024\/03\/Bad-Bunny.jpg?resize=350%2C200&ssl=1 1x, https:\/\/i0.wp.com\/lasprimeras.com.do\/wp-content\/uploads\/2024\/03\/Bad-Bunny.jpg?resize=525%2C300&ssl=1 1.5x, https:\/\/i0.wp.com\/lasprimeras.com.do\/wp-content\/uploads\/2024\/03\/Bad-Bunny.jpg?resize=700%2C400&ssl=1 2x"},"classes":[]},{"id":63017,"url":"https:\/\/lasprimeras.com.do\/index.php\/2023\/10\/09\/bad-bunny-anuncia-su-nuevo-album-y-se-filtra-la-lista-de-canciones\/","url_meta":{"origin":64428,"position":1},"title":"Bad Bunny anuncia su nuevo \u00e1lbum y se filtra la lista de canciones","author":"BIMARY DE JES\u00daS Matos","date":"9 de octubre de 2023","format":false,"excerpt":"Santo Domingo.-Al mediod\u00eda de este lunes, la estrella del trap Bad Bunny anunci\u00f3 el lanzamiento de su nueva producci\u00f3n discogr\u00e1fica con un video que incluye el siguiente mensaje segundos antes de terminar: \"Nadie sabe lo que va a pasar ma\u00f1ana, viernes 13, 2023\". En el audiovisual publicado en sus redes\u2026","rel":"","context":"En \u00abENTRETENIMIENTO\u00bb","block_context":{"text":"ENTRETENIMIENTO","link":"https:\/\/lasprimeras.com.do\/index.php\/category\/entretenimiento\/"},"img":{"alt_text":"","src":"https:\/\/i0.wp.com\/lasprimeras.com.do\/wp-content\/uploads\/2023\/10\/WhatsApp-Image-2023-10-09-at-2.37.38-PM-1.jpeg?resize=350%2C200&ssl=1","width":350,"height":200,"srcset":"https:\/\/i0.wp.com\/lasprimeras.com.do\/wp-content\/uploads\/2023\/10\/WhatsApp-Image-2023-10-09-at-2.37.38-PM-1.jpeg?resize=350%2C200&ssl=1 1x, https:\/\/i0.wp.com\/lasprimeras.com.do\/wp-content\/uploads\/2023\/10\/WhatsApp-Image-2023-10-09-at-2.37.38-PM-1.jpeg?resize=525%2C300&ssl=1 1.5x, https:\/\/i0.wp.com\/lasprimeras.com.do\/wp-content\/uploads\/2023\/10\/WhatsApp-Image-2023-10-09-at-2.37.38-PM-1.jpeg?resize=700%2C400&ssl=1 2x"},"classes":[]},{"id":70414,"url":"https:\/\/lasprimeras.com.do\/index.php\/2023\/12\/11\/karol-g-cerrara-su-gira-europea-manana-sera-bonito-tour\/","url_meta":{"origin":64428,"position":2},"title":"Karol G cerrar\u00e1 su gira europea &#8220;Ma\u00f1ana Ser\u00e1 Bonito Tour&#8221;","author":"BIMARY DE JES\u00daS Matos","date":"11 de diciembre de 2023","format":false,"excerpt":"Santo Domingo.-La artista colombiana Karol G cerrar\u00e1 sus actuaciones en Europa con un concierto en Madrid el pr\u00f3ximo 20 de julio, despu\u00e9s de actuar en varias ciudades europeas con su nueva gira, \u2018Ma\u00f1ana Ser\u00e1 Bonito Tour\u2019. El concierto de Madrid ser\u00e1 el \u00fanico en Espa\u00f1a, seg\u00fan anunci\u00f3 este lunes su\u2026","rel":"","context":"En \u00abENTRETENIMIENTO\u00bb","block_context":{"text":"ENTRETENIMIENTO","link":"https:\/\/lasprimeras.com.do\/index.php\/category\/entretenimiento\/"},"img":{"alt_text":"","src":"","width":0,"height":0},"classes":[]},{"id":69619,"url":"https:\/\/lasprimeras.com.do\/index.php\/2023\/12\/04\/regresa-el-rey-don-omar-anuncia-su-gira-back-to-reggaeton\/","url_meta":{"origin":64428,"position":3},"title":"\u00a1Regresa el Rey! Don Omar anuncia su gira \u201cBack to Reggaeton\u201d","author":"BIMARY DE JES\u00daS Matos","date":"4 de diciembre de 2023","format":false,"excerpt":"Don Omar est\u00e1 de regreso. El artista urbano anunci\u00f3 su esperada gira \u201cBack to Reggaeton\u201d en el 2024. Inicialmente la gira tendr\u00e1 lugar en 25 ciudades de Estados Unidos y Canad\u00e1: \u201c\u00a1Mi gente! Lleg\u00f3 la hora de compartirles que me voy de gira por los Estados Unidos! Este 2024 we\u2019re\u2026","rel":"","context":"En \u00abENTRETENIMIENTO\u00bb","block_context":{"text":"ENTRETENIMIENTO","link":"https:\/\/lasprimeras.com.do\/index.php\/category\/entretenimiento\/"},"img":{"alt_text":"","src":"https:\/\/i0.wp.com\/lasprimeras.com.do\/wp-content\/uploads\/2023\/12\/WhatsApp-Image-2023-12-04-at-12.35.37-PM-2.jpeg?resize=350%2C200&ssl=1","width":350,"height":200,"srcset":"https:\/\/i0.wp.com\/lasprimeras.com.do\/wp-content\/uploads\/2023\/12\/WhatsApp-Image-2023-12-04-at-12.35.37-PM-2.jpeg?resize=350%2C200&ssl=1 1x, https:\/\/i0.wp.com\/lasprimeras.com.do\/wp-content\/uploads\/2023\/12\/WhatsApp-Image-2023-12-04-at-12.35.37-PM-2.jpeg?resize=525%2C300&ssl=1 1.5x, https:\/\/i0.wp.com\/lasprimeras.com.do\/wp-content\/uploads\/2023\/12\/WhatsApp-Image-2023-12-04-at-12.35.37-PM-2.jpeg?resize=700%2C400&ssl=1 2x"},"classes":[]},{"id":63692,"url":"https:\/\/lasprimeras.com.do\/index.php\/2023\/10\/15\/nuevo-disco-de-bad-bunny-se-convierte-en-album-mas-reproducido-en-spotify\/","url_meta":{"origin":64428,"position":4},"title":"Nuevo disco de Bad Bunny se convierte en \u00e1lbum m\u00e1s reproducido en Spotify","author":"BIMARY DE JES\u00daS Matos","date":"15 de octubre de 2023","format":false,"excerpt":"San Juan.- La plataforma musical Spotify inform\u00f3 este s\u00e1bado de que el nuevo y s\u00e9ptimo \u00e1lbum, \u00abNadie sabe lo que va a pasar ma\u00f1ana\u00bb que el artista urbano puertorrique\u00f1o Bad Bunny lanz\u00f3 el viernes, se convirti\u00f3 en el \u00e1lbum m\u00e1s reproducido en un solo d\u00eda en 2023. \u00abEl 13 de\u2026","rel":"","context":"En \u00abENTRETENIMIENTO\u00bb","block_context":{"text":"ENTRETENIMIENTO","link":"https:\/\/lasprimeras.com.do\/index.php\/category\/entretenimiento\/"},"img":{"alt_text":"","src":"https:\/\/i0.wp.com\/lasprimeras.com.do\/wp-content\/uploads\/2023\/10\/WhatsApp-Image-2023-10-14-at-10.00.32-PM-1.webp?resize=350%2C200&ssl=1","width":350,"height":200,"srcset":"https:\/\/i0.wp.com\/lasprimeras.com.do\/wp-content\/uploads\/2023\/10\/WhatsApp-Image-2023-10-14-at-10.00.32-PM-1.webp?resize=350%2C200&ssl=1 1x, https:\/\/i0.wp.com\/lasprimeras.com.do\/wp-content\/uploads\/2023\/10\/WhatsApp-Image-2023-10-14-at-10.00.32-PM-1.webp?resize=525%2C300&ssl=1 1.5x, https:\/\/i0.wp.com\/lasprimeras.com.do\/wp-content\/uploads\/2023\/10\/WhatsApp-Image-2023-10-14-at-10.00.32-PM-1.webp?resize=700%2C400&ssl=1 2x, https:\/\/i0.wp.com\/lasprimeras.com.do\/wp-content\/uploads\/2023\/10\/WhatsApp-Image-2023-10-14-at-10.00.32-PM-1.webp?resize=1050%2C600&ssl=1 3x"},"classes":[]},{"id":54701,"url":"https:\/\/lasprimeras.com.do\/index.php\/2023\/07\/13\/chicho-severino-con-nuevo-album-y-gira-por-estados-unidos\/","url_meta":{"origin":64428,"position":5},"title":"Chicho Severino con nuevo \u00e1lbum y gira por Estados Unidos","author":"Nelson Feliz","date":"13 de julio de 2023","format":false,"excerpt":"El bachatero Chicho Severino anunci\u00f3 sus nuevos proyectos, con el lanzamiento de su \u00e1lbum musical \u201cEl \u00c1guila\u201d y una gira que abarca varias ciudades de Estados Unidos. El nuevo disco ser\u00e1 un compendio de temas que son de su autor\u00eda y arreglos, mientras que la gira junto a toda su\u2026","rel":"","context":"En \u00abENTRETENIMIENTO\u00bb","block_context":{"text":"ENTRETENIMIENTO","link":"https:\/\/lasprimeras.com.do\/index.php\/category\/entretenimiento\/"},"img":{"alt_text":"Chicho Severino","src":"https:\/\/i0.wp.com\/lasprimeras.com.do\/wp-content\/uploads\/2023\/07\/Chicho-Severino-1.jpg?resize=350%2C200&ssl=1","width":350,"height":200,"srcset":"https:\/\/i0.wp.com\/lasprimeras.com.do\/wp-content\/uploads\/2023\/07\/Chicho-Severino-1.jpg?resize=350%2C200&ssl=1 1x, https:\/\/i0.wp.com\/lasprimeras.com.do\/wp-content\/uploads\/2023\/07\/Chicho-Severino-1.jpg?resize=525%2C300&ssl=1 1.5x, https:\/\/i0.wp.com\/lasprimeras.com.do\/wp-content\/uploads\/2023\/07\/Chicho-Severino-1.jpg?resize=700%2C400&ssl=1 2x"},"classes":[]}],"jetpack_sharing_enabled":true,"_links":{"self":[{"href":"https:\/\/lasprimeras.com.do\/index.php\/wp-json\/wp\/v2\/posts\/64428","targetHints":{"allow":["GET"]}}],"collection":[{"href":"https:\/\/lasprimeras.com.do\/index.php\/wp-json\/wp\/v2\/posts"}],"about":[{"href":"https:\/\/lasprimeras.com.do\/index.php\/wp-json\/wp\/v2\/types\/post"}],"author":[{"embeddable":true,"href":"https:\/\/lasprimeras.com.do\/index.php\/wp-json\/wp\/v2\/users\/3"}],"replies":[{"embeddable":true,"href":"https:\/\/lasprimeras.com.do\/index.php\/wp-json\/wp\/v2\/comments?post=64428"}],"version-history":[{"count":1,"href":"https:\/\/lasprimeras.com.do\/index.php\/wp-json\/wp\/v2\/posts\/64428\/revisions"}],"predecessor-version":[{"id":64431,"href":"https:\/\/lasprimeras.com.do\/index.php\/wp-json\/wp\/v2\/posts\/64428\/revisions\/64431"}],"wp:featuredmedia":[{"embeddable":true,"href":"https:\/\/lasprimeras.com.do\/index.php\/wp-json\/wp\/v2\/media\/64430"}],"wp:attachment":[{"href":"https:\/\/lasprimeras.com.do\/index.php\/wp-json\/wp\/v2\/media?parent=64428"}],"wp:term":[{"taxonomy":"category","embeddable":true,"href":"https:\/\/lasprimeras.com.do\/index.php\/wp-json\/wp\/v2\/categories?post=64428"},{"taxonomy":"post_tag","embeddable":true,"href":"https:\/\/lasprimeras.com.do\/index.php\/wp-json\/wp\/v2\/tags?post=64428"}],"curies":[{"name":"wp","href":"https:\/\/api.w.org\/{rel}","templated":true}]}}