{"id":64472,"date":"2023-10-20T11:18:00","date_gmt":"2023-10-20T15:18:00","guid":{"rendered":"https:\/\/lasprimeras.com.do\/?p=64472"},"modified":"2023-10-20T11:22:02","modified_gmt":"2023-10-20T15:22:02","slug":"jce-informa-a-instituciones-y-a-toda-la-ciudadania-cierre-padron-electoral-este-sabado","status":"publish","type":"post","link":"https:\/\/lasprimeras.com.do\/index.php\/2023\/10\/20\/jce-informa-a-instituciones-y-a-toda-la-ciudadania-cierre-padron-electoral-este-sabado\/","title":{"rendered":"JCE informa a instituciones y a toda la ciudadan\u00eda cierre padr\u00f3n electoral este s\u00e1bado"},"content":{"rendered":"\n<p><strong>Informa se entregar\u00e1 certificaci\u00f3n a personas que realicen cambios a la c\u00e9dula posterior al cierre<\/strong>.<\/p>\n\n\n\n<p>Por Martin Restituyo<\/p>\n\n\n\n<p>La Junta Central Electoral (JCE), en el uso de sus facultades constitucionales, legales y reglamentarias, inform\u00f3 a trav\u00e9s de un comunicado a las entidades p\u00fablicas, privadas y a toda la ciudadan\u00eda en general que este s\u00e1bado 21 de octubre de 2023 y hasta las 7:00 de la noche, ser\u00e1 el cierre para la inscripci\u00f3n de ciudadanos y ciudadanas en el padr\u00f3n electoral con fines electorales, de conformidad con la Ley Org\u00e1nica de R\u00e9gimen Electoral 20-23.<\/p>\n\n\n\n<p>En ese sentido, el \u00f3rgano electoral, inform\u00f3 que estar\u00e1 emitiendo despu\u00e9s de la fecha de cierre se\u00f1alada, una certificaci\u00f3n de c\u00e9dula a trav\u00e9s de los centros de cedulaci\u00f3n y de expedici\u00f3n de c\u00e9dulas a todas las personas que efect\u00fae una solicitud de nuevas inscripciones en el registro electoral, cambios de datos mayores, cambios de datos menores, renovaci\u00f3n con cambios mayores, renovaci\u00f3n con cambios menores, cambio de militar a civil, cambio de civil a militar, cambio de residencia, renovaci\u00f3n de documentos de identificaci\u00f3n y electoral anteriores (c\u00e9dulas azules y amarillas), naturalizaciones y renuncias a la ciudadan\u00eda dominicana.<\/p>\n\n\n\n<p>As\u00ed mismo, la JCE inform\u00f3 que el cierre de inscripci\u00f3n antes se\u00f1alado tiene car\u00e1cter de suspensi\u00f3n provisional, orden\u00e1ndose la reapertura a esos fines treinta d\u00edas despu\u00e9s de haberse celebrado las \u00faltimas elecciones del 19 de mayo de 2024, salvo que, en caso de que hubiese la necesidad de una segunda elecci\u00f3n en el nivel presidencial, este ser\u00eda el 30 de junio de 2024.<\/p>\n\n\n\n<p>La certificaci\u00f3n contendr\u00e1 los mismos datos de la c\u00e9dula actual, un c\u00f3digo de barra y c\u00f3digo QR para validar el documento accediendo a la p\u00e1gina web de la instituci\u00f3n en las opciones de servicios.<\/p>\n\n\n\n<p>Igualmente, tendr\u00e1 un texto indicando que la presente certificaci\u00f3n servir\u00e1 como documento de identidad hasta tanto sea reabierto el registro electoral, de conformidad con las disposiciones del art\u00edculo 86 de la Ley Org\u00e1nica de R\u00e9gimen Electoral No. 20-2023.&nbsp;<\/p>\n\n\n\n<figure class=\"wp-block-image size-large is-resized\"><img decoding=\"async\" width=\"697\" height=\"1024\" src=\"https:\/\/lasprimeras.com.do\/wp-content\/uploads\/2023\/10\/Aviso-697x1024.jpeg\" alt=\"\" class=\"wp-image-64473\" style=\"aspect-ratio:0.6806640625;width:840px;height:auto\" srcset=\"https:\/\/lasprimeras.com.do\/wp-content\/uploads\/2023\/10\/Aviso-697x1024.jpeg 697w, https:\/\/lasprimeras.com.do\/wp-content\/uploads\/2023\/10\/Aviso-204x300.jpeg 204w, https:\/\/lasprimeras.com.do\/wp-content\/uploads\/2023\/10\/Aviso-768x1129.jpeg 768w, https:\/\/lasprimeras.com.do\/wp-content\/uploads\/2023\/10\/Aviso-1045x1536.jpeg 1045w, https:\/\/lasprimeras.com.do\/wp-content\/uploads\/2023\/10\/Aviso.jpeg 1080w\" sizes=\"(max-width: 697px) 100vw, 697px\" \/><\/figure>\n","protected":false},"excerpt":{"rendered":"<p>Informa se entregar\u00e1 certificaci\u00f3n a personas que realicen cambios a la c\u00e9dula posterior al cierre. Por Martin Restituyo La Junta Central Electoral (JCE), en el uso de sus facultades constitucionales,&hellip;<\/p>\n","protected":false},"author":2,"featured_media":56174,"comment_status":"open","ping_status":"open","sticky":false,"template":"","format":"standard","meta":{"content-type":"","jetpack_post_was_ever_published":false,"_jetpack_newsletter_access":"","_jetpack_dont_email_post_to_subs":false,"_jetpack_newsletter_tier_id":0,"_jetpack_memberships_contains_paywalled_content":false,"_jetpack_memberships_contains_paid_content":false,"footnotes":""},"categories":[1],"tags":[183],"class_list":["post-64472","post","type-post","status-publish","format-standard","has-post-thumbnail","hentry","category-sin-categoria","tag-jce"],"jetpack_featured_media_url":"https:\/\/lasprimeras.com.do\/wp-content\/uploads\/2023\/07\/JCE.jpg","jetpack-related-posts":[{"id":62838,"url":"https:\/\/lasprimeras.com.do\/index.php\/2023\/10\/08\/la-jce-fija-para-el-21-de-octubre-el-cierre-del-padron-electoral\/","url_meta":{"origin":64472,"position":0},"title":"La JCE fija para el 21 de octubre el cierre del padr\u00f3n electoral","author":"Nelson Feliz","date":"8 de octubre de 2023","format":false,"excerpt":"20 de enero ser\u00e1 el cierre del padr\u00f3n para las elecciones de mayo a nivel nacional y en el exterior. Por Martin Restituyo La Junta Central Electoral (JCE) dispuso mediante la Resoluci\u00f3n 54-2023 que el 21 de octubre de 2023, a las 7:00 de la noche, ser\u00e1 la fecha l\u00edmite\u2026","rel":"","context":"En \u00abNACIONALES\u00bb","block_context":{"text":"NACIONALES","link":"https:\/\/lasprimeras.com.do\/index.php\/category\/nacionales\/"},"img":{"alt_text":"JCE","src":"https:\/\/i0.wp.com\/lasprimeras.com.do\/wp-content\/uploads\/2023\/08\/jce-ratifica-sancionara-partidos-y-a-candidatos-violen-medida-legal.jpg?resize=350%2C200&ssl=1","width":350,"height":200,"srcset":"https:\/\/i0.wp.com\/lasprimeras.com.do\/wp-content\/uploads\/2023\/08\/jce-ratifica-sancionara-partidos-y-a-candidatos-violen-medida-legal.jpg?resize=350%2C200&ssl=1 1x, https:\/\/i0.wp.com\/lasprimeras.com.do\/wp-content\/uploads\/2023\/08\/jce-ratifica-sancionara-partidos-y-a-candidatos-violen-medida-legal.jpg?resize=525%2C300&ssl=1 1.5x, https:\/\/i0.wp.com\/lasprimeras.com.do\/wp-content\/uploads\/2023\/08\/jce-ratifica-sancionara-partidos-y-a-candidatos-violen-medida-legal.jpg?resize=700%2C400&ssl=1 2x"},"classes":[]},{"id":120950,"url":"https:\/\/lasprimeras.com.do\/index.php\/2026\/01\/29\/jce-dejara-de-emitir-cedulas-actuales-desde-febrero-2026\/","url_meta":{"origin":64472,"position":1},"title":"JCE dejar\u00e1 de emitir c\u00e9dulas actuales desde febrero 2026","author":"Nelson Feliz","date":"29 de enero de 2026","format":false,"excerpt":"La Junta Central Electoral (JCE) inform\u00f3 este jueves que a partir del 1 de febrero de 2026 dejar\u00e1 de emitir c\u00e9dulas en el formato actual, como parte del proceso de transici\u00f3n hacia el nuevo modelo de c\u00e9dula de identidad y electoral. De acuerdo con un comunicado oficial difundido por la\u2026","rel":"","context":"En \u00abNACIONALES\u00bb","block_context":{"text":"NACIONALES","link":"https:\/\/lasprimeras.com.do\/index.php\/category\/nacionales\/"},"img":{"alt_text":"","src":"https:\/\/i0.wp.com\/lasprimeras.com.do\/wp-content\/uploads\/2025\/10\/JCE-1.jpg?resize=350%2C200&ssl=1","width":350,"height":200,"srcset":"https:\/\/i0.wp.com\/lasprimeras.com.do\/wp-content\/uploads\/2025\/10\/JCE-1.jpg?resize=350%2C200&ssl=1 1x, https:\/\/i0.wp.com\/lasprimeras.com.do\/wp-content\/uploads\/2025\/10\/JCE-1.jpg?resize=525%2C300&ssl=1 1.5x, https:\/\/i0.wp.com\/lasprimeras.com.do\/wp-content\/uploads\/2025\/10\/JCE-1.jpg?resize=700%2C400&ssl=1 2x"},"classes":[]},{"id":106111,"url":"https:\/\/lasprimeras.com.do\/index.php\/2025\/08\/10\/la-nueva-cedula-un-proyecto-de-estado\/","url_meta":{"origin":64472,"position":2},"title":"La nueva c\u00e9dula: Un proyecto de Estado","author":"Nelson Feliz","date":"10 de agosto de 2025","format":false,"excerpt":"La Junta Central Electoral, luego de un profundo y riguroso proceso de an\u00e1lisis, evaluaci\u00f3n y revisi\u00f3n legal y t\u00e9cnica de la actual c\u00e9dula de identidad y la c\u00e9dula de identidad electoral, ha decidido llevar a cabo un proceso de cambio de estos documentos. Se trata de un proyecto de Estado\u2026","rel":"","context":"En \u00abOPINI\u00d3N\u00bb","block_context":{"text":"OPINI\u00d3N","link":"https:\/\/lasprimeras.com.do\/index.php\/category\/opinion\/"},"img":{"alt_text":"","src":"https:\/\/i0.wp.com\/lasprimeras.com.do\/wp-content\/uploads\/2025\/08\/La-nueva-cedula.jpg?resize=350%2C200&ssl=1","width":350,"height":200,"srcset":"https:\/\/i0.wp.com\/lasprimeras.com.do\/wp-content\/uploads\/2025\/08\/La-nueva-cedula.jpg?resize=350%2C200&ssl=1 1x, https:\/\/i0.wp.com\/lasprimeras.com.do\/wp-content\/uploads\/2025\/08\/La-nueva-cedula.jpg?resize=525%2C300&ssl=1 1.5x"},"classes":[]},{"id":64422,"url":"https:\/\/lasprimeras.com.do\/index.php\/2023\/10\/20\/manana-cierra-el-padron-para-las-elecciones-de-febrero\/","url_meta":{"origin":64472,"position":3},"title":"Ma\u00f1ana cierra el padr\u00f3n para las elecciones de febrero","author":"BIMARY DE JES\u00daS Matos","date":"20 de octubre de 2023","format":false,"excerpt":"Santo Domingo.-Conforme a la resoluci\u00f3n 54\/2023 de la Junta Central Electoral (JCE) las inscripciones y cambios en el padr\u00f3n para las elecciones del 18 de febrero cierran ma\u00f1ana 21 de octubre a las 7:00 de la noche. Hasta ma\u00f1a a esa hora la ciudadan\u00eda podr\u00e1 realizar nuevas inscripciones en el\u2026","rel":"","context":"En \u00abSin categor\u00eda\u00bb","block_context":{"text":"Sin categor\u00eda","link":"https:\/\/lasprimeras.com.do\/index.php\/category\/sin-categoria\/"},"img":{"alt_text":"","src":"https:\/\/i0.wp.com\/lasprimeras.com.do\/wp-content\/uploads\/2023\/10\/WhatsApp-Image-2023-10-18-at-9.33.42-PM-10.jpeg?resize=350%2C200&ssl=1","width":350,"height":200,"srcset":"https:\/\/i0.wp.com\/lasprimeras.com.do\/wp-content\/uploads\/2023\/10\/WhatsApp-Image-2023-10-18-at-9.33.42-PM-10.jpeg?resize=350%2C200&ssl=1 1x, https:\/\/i0.wp.com\/lasprimeras.com.do\/wp-content\/uploads\/2023\/10\/WhatsApp-Image-2023-10-18-at-9.33.42-PM-10.jpeg?resize=525%2C300&ssl=1 1.5x, https:\/\/i0.wp.com\/lasprimeras.com.do\/wp-content\/uploads\/2023\/10\/WhatsApp-Image-2023-10-18-at-9.33.42-PM-10.jpeg?resize=700%2C400&ssl=1 2x"},"classes":[]},{"id":107366,"url":"https:\/\/lasprimeras.com.do\/index.php\/2025\/08\/26\/jce-presenta-el-proyecto-de-la-nueva-cedula-a-miembros-de-pc-y-del-codessd\/","url_meta":{"origin":64472,"position":4},"title":"JCE presenta el proyecto de la nueva c\u00e9dula a miembros de PC y del CODESSD","author":"Nelson Feliz","date":"26 de agosto de 2025","format":false,"excerpt":"C\u00e9dula durar\u00e1 m\u00e1s de 10 a\u00f1os. La Junta Central Electoral (JCE) present\u00f3 el proyecto de la nueva C\u00e9dula de Identidad y Electoral a representantes del movimiento c\u00edvico no partidista Participaci\u00f3n Ciudadana y del Consejo de Desarrollo Econ\u00f3mico y Social de Santo Domingo (CODESSD). Los encuentros, celebrados en la sede del\u2026","rel":"","context":"En \u00abNACIONALES\u00bb","block_context":{"text":"NACIONALES","link":"https:\/\/lasprimeras.com.do\/index.php\/category\/nacionales\/"},"img":{"alt_text":"","src":"https:\/\/i0.wp.com\/lasprimeras.com.do\/wp-content\/uploads\/2025\/08\/jce-1.jpg?resize=350%2C200&ssl=1","width":350,"height":200,"srcset":"https:\/\/i0.wp.com\/lasprimeras.com.do\/wp-content\/uploads\/2025\/08\/jce-1.jpg?resize=350%2C200&ssl=1 1x, https:\/\/i0.wp.com\/lasprimeras.com.do\/wp-content\/uploads\/2025\/08\/jce-1.jpg?resize=525%2C300&ssl=1 1.5x, https:\/\/i0.wp.com\/lasprimeras.com.do\/wp-content\/uploads\/2025\/08\/jce-1.jpg?resize=700%2C400&ssl=1 2x"},"classes":[]},{"id":124739,"url":"https:\/\/lasprimeras.com.do\/index.php\/2026\/03\/16\/robert-polanco-destaca-eficiencia-de-jce-en-proceso-de-emision-de-la-nueva-cedula\/","url_meta":{"origin":64472,"position":5},"title":"Robert Polanco destaca eficiencia de JCE en proceso de emisi\u00f3n de la nueva c\u00e9dula","author":"Nelson Feliz","date":"16 de marzo de 2026","format":false,"excerpt":"_Director de Propeep valora agilidad y calidad del servicio ofrecido por la Junta Central Electoral_ El director de Proyectos Estrat\u00e9gicos y Especiales de la Presidencia (Propeep), Robert Polanco, recibi\u00f3 este lunes su nueva c\u00e9dula de identidad y electoral, acto donde destac\u00f3 la eficiencia con que la Junta Central Electoral (JCE)\u2026","rel":"","context":"En \u00abNACIONALES\u00bb","block_context":{"text":"NACIONALES","link":"https:\/\/lasprimeras.com.do\/index.php\/category\/nacionales\/"},"img":{"alt_text":"","src":"https:\/\/i0.wp.com\/lasprimeras.com.do\/wp-content\/uploads\/2026\/03\/IMG-20260316-WA0401.jpg?resize=350%2C200&ssl=1","width":350,"height":200,"srcset":"https:\/\/i0.wp.com\/lasprimeras.com.do\/wp-content\/uploads\/2026\/03\/IMG-20260316-WA0401.jpg?resize=350%2C200&ssl=1 1x, https:\/\/i0.wp.com\/lasprimeras.com.do\/wp-content\/uploads\/2026\/03\/IMG-20260316-WA0401.jpg?resize=525%2C300&ssl=1 1.5x, https:\/\/i0.wp.com\/lasprimeras.com.do\/wp-content\/uploads\/2026\/03\/IMG-20260316-WA0401.jpg?resize=700%2C400&ssl=1 2x, https:\/\/i0.wp.com\/lasprimeras.com.do\/wp-content\/uploads\/2026\/03\/IMG-20260316-WA0401.jpg?resize=1050%2C600&ssl=1 3x"},"classes":[]}],"jetpack_sharing_enabled":true,"_links":{"self":[{"href":"https:\/\/lasprimeras.com.do\/index.php\/wp-json\/wp\/v2\/posts\/64472","targetHints":{"allow":["GET"]}}],"collection":[{"href":"https:\/\/lasprimeras.com.do\/index.php\/wp-json\/wp\/v2\/posts"}],"about":[{"href":"https:\/\/lasprimeras.com.do\/index.php\/wp-json\/wp\/v2\/types\/post"}],"author":[{"embeddable":true,"href":"https:\/\/lasprimeras.com.do\/index.php\/wp-json\/wp\/v2\/users\/2"}],"replies":[{"embeddable":true,"href":"https:\/\/lasprimeras.com.do\/index.php\/wp-json\/wp\/v2\/comments?post=64472"}],"version-history":[{"count":2,"href":"https:\/\/lasprimeras.com.do\/index.php\/wp-json\/wp\/v2\/posts\/64472\/revisions"}],"predecessor-version":[{"id":64476,"href":"https:\/\/lasprimeras.com.do\/index.php\/wp-json\/wp\/v2\/posts\/64472\/revisions\/64476"}],"wp:featuredmedia":[{"embeddable":true,"href":"https:\/\/lasprimeras.com.do\/index.php\/wp-json\/wp\/v2\/media\/56174"}],"wp:attachment":[{"href":"https:\/\/lasprimeras.com.do\/index.php\/wp-json\/wp\/v2\/media?parent=64472"}],"wp:term":[{"taxonomy":"category","embeddable":true,"href":"https:\/\/lasprimeras.com.do\/index.php\/wp-json\/wp\/v2\/categories?post=64472"},{"taxonomy":"post_tag","embeddable":true,"href":"https:\/\/lasprimeras.com.do\/index.php\/wp-json\/wp\/v2\/tags?post=64472"}],"curies":[{"name":"wp","href":"https:\/\/api.w.org\/{rel}","templated":true}]}}