{"id":64480,"date":"2023-10-20T12:41:49","date_gmt":"2023-10-20T16:41:49","guid":{"rendered":"https:\/\/lasprimeras.com.do\/?p=64480"},"modified":"2023-10-20T12:41:50","modified_gmt":"2023-10-20T16:41:50","slug":"ponen-en-circulacion-revista-sobre-el-futuro-economico-de-rd","status":"publish","type":"post","link":"https:\/\/lasprimeras.com.do\/index.php\/2023\/10\/20\/ponen-en-circulacion-revista-sobre-el-futuro-economico-de-rd\/","title":{"rendered":"Ponen en circulaci\u00f3n revista sobre el futuro econ\u00f3mico de RD"},"content":{"rendered":"\n<p>La Academia de Ciencias de la Rep\u00fablica Dominicana (ACRD), puso en circulaci\u00f3n este mi\u00e9rcoles la edici\u00f3n n\u00famero 11 de la \u201cRevista Dominicana de Econom\u00eda\u00bb, donde 33 economistas analizan el futuro de la econom\u00eda del pa\u00eds.<\/p>\n\n\n\n<p>El presidente de la ACRD, Eleuterio Mart\u00ednez, expres\u00f3 que esta revista aborda y recoge los elementos esenciales que definen la realidad de la econ\u00f3mica en el pa\u00eds, en el contexto de un mundo globalizado, donde no existen fronteras monetarias y aunque resulta imposible conocer los v\u00ednculos precisos, no hay dudas de que todas comparten, en mayor o menor grado, las mismas fuerzas que mueven los mercados internacionales.<\/p>\n\n\n\n<p>El coordinador de la Comisi\u00f3n de Econom\u00eda de la Academia de Ciencias, Jos\u00e9 Luis De Ram\u00f3n, expres\u00f3 que los 33 economistas analizaron con profundidad los principales retos de la econom\u00eda dominicana, se\u00f1alando que tras las crisis del Covid-19 y la guerra entre Rusia y Ucrania, se han unido dos dificultades de tama\u00f1o, complejidad y profundidad, como hac\u00eda un siglo que no viv\u00eda la humanidad, sus impactos est\u00e1n siendo econ\u00f3micos, sanitarios, ideol\u00f3gicos y geopol\u00edticos, como m\u00ednimo.<\/p>\n\n\n\n<p>\u201cTodos tenemos las mismas preguntas: \u00bfA d\u00f3nde vamos? \u00bfA d\u00f3nde deber\u00edamos ir? \u00bfQu\u00e9 deber\u00edamos hacer como pa\u00eds?\u201d, manifest\u00f3. <\/p>\n\n\n\n<p>Pens\u00e9 que lo m\u00e1s sensato era preguntarle a un n\u00famero importante de expertos en econom\u00eda y con la suficiente conciencia y madurez como para entender e incorporar en sus an\u00e1lisis, la complejidad de la situaci\u00f3n pol\u00edtica y social a nivel global y local, y eso lo tenemos plasmado en esta revista\u201d, dijo el tambi\u00e9n catedr\u00e1tico universitario.<\/p>\n\n\n\n<p>Entre los temas se\u00f1alados en esta publicaci\u00f3n, est\u00e1 el agua, alianzas p\u00fablico-privada, banca, bienestar, felicidad y crecimiento, China(relaciones), deuda, educaci\u00f3n, energ\u00eda, fortalecimiento institucional, gasto p\u00fablico (medici\u00f3n del impacto y calidad), inmigraci\u00f3n haitiana, inversi\u00f3n extranjera, medioambiente, nearshoring, pensiones, pobreza y desigualdad, productividad y salario, reforma fiscal, salud, seguridad alimentaria.<\/p>\n\n\n\n<p>El grupo de economistas est\u00e1 integrado por Julio And\u00fajar Scheker, Jos\u00e9 Adalberto Arias, Jaime Aristy-Escuder, Rosa Ca\u00f1ete Alonso, Guillermo Caram, Antonio Ciriaco Cruz, Miguel Collado Di Franco, Alexis Cruz Rodr\u00edguez, Andr\u00e9s Dauhajre hijo, Jos\u00e9 Luis De Ram\u00f3n, Guarocuya F\u00e9lix, Eduardo Garc\u00eda Michel, Rolando M. Guzm\u00e1n, Magdalena Lizardo, Daniel E. de la Rosa, Juan Ariel Jim\u00e9nez.<\/p>\n\n\n\n<p>Dr. Hu\u00e1scar Jim\u00e9nez Pichardo, Eduardo Klinger Pevida, Juan Carlos L\u00f3pez P\u00e9rez, Richard Medina G\u00f3mez, Jacqueline Mora, Jos\u00e9 Antonio Pellerano, Ellen P\u00e9rez Ducy, Ram\u00f3n P\u00e9rez Minaya, Peter A. Prazmowski, Magdalena Rathe, Rosanna Ru\u00edz, Jos\u00e9 R. S\u00e1nchez-Fung, Miguel Sang Ben, Amelia U. Santos Paulino, Harold V\u00e1squez, Luis Viyella Caolo, Gustavo Volmar.<\/p>\n","protected":false},"excerpt":{"rendered":"<p>La Academia de Ciencias de la Rep\u00fablica Dominicana (ACRD), puso en circulaci\u00f3n este mi\u00e9rcoles la edici\u00f3n n\u00famero 11 de la \u201cRevista Dominicana de Econom\u00eda\u00bb, donde 33 economistas analizan el futuro&hellip;<\/p>\n","protected":false},"author":2,"featured_media":64481,"comment_status":"open","ping_status":"open","sticky":false,"template":"","format":"standard","meta":{"content-type":"","jetpack_post_was_ever_published":false,"_jetpack_newsletter_access":"","_jetpack_dont_email_post_to_subs":false,"_jetpack_newsletter_tier_id":0,"_jetpack_memberships_contains_paywalled_content":false,"_jetpack_memberships_contains_paid_content":false,"footnotes":""},"categories":[84],"tags":[1564,3068,1410,4718,1011],"class_list":["post-64480","post","type-post","status-publish","format-standard","has-post-thumbnail","hentry","category-entretenimiento","tag-acuerdan","tag-circulacion","tag-economico","tag-futuro","tag-revista"],"jetpack_featured_media_url":"https:\/\/lasprimeras.com.do\/wp-content\/uploads\/2023\/10\/Economistas-en-puesta-en-circulacion-revista-economia-ACRD.jpg","jetpack-related-posts":[{"id":58560,"url":"https:\/\/lasprimeras.com.do\/index.php\/2023\/08\/25\/garcia-fermin-y-eleuterio-martinez-abogan-por-el-fortalecimiento-de-las-investigaciones-cientificas\/","url_meta":{"origin":64480,"position":0},"title":"Garc\u00eda Ferm\u00edn y Eleuterio Mart\u00ednez abogan por el fortalecimiento de las investigaciones cient\u00edficas","author":"Nelson Feliz","date":"25 de agosto de 2023","format":false,"excerpt":"El ministro de Educaci\u00f3n Superior, Ciencia y Tecnolog\u00eda, el doctor Franklin Garc\u00eda Ferm\u00edn, recibi\u00f3 en su despacho al presidente de la Academia de Ciencias de la Rep\u00fablica Dominicana (ACRD), Eleuterio Mart\u00ednez, con el objetivo de desarrollar estrategias para fomentar el estudio sobre investigaciones cient\u00edficas en los j\u00f3venes dominicanos. Garc\u00eda Ferm\u00edn\u2026","rel":"","context":"En \u00abNACIONALES\u00bb","block_context":{"text":"NACIONALES","link":"https:\/\/lasprimeras.com.do\/index.php\/category\/nacionales\/"},"img":{"alt_text":"Garc\u00eda Ferm\u00edn y Eleuterio Mart\u00ednez","src":"https:\/\/i0.wp.com\/lasprimeras.com.do\/wp-content\/uploads\/2023\/08\/mescyt-1.jpg?resize=350%2C200&ssl=1","width":350,"height":200,"srcset":"https:\/\/i0.wp.com\/lasprimeras.com.do\/wp-content\/uploads\/2023\/08\/mescyt-1.jpg?resize=350%2C200&ssl=1 1x, https:\/\/i0.wp.com\/lasprimeras.com.do\/wp-content\/uploads\/2023\/08\/mescyt-1.jpg?resize=525%2C300&ssl=1 1.5x, https:\/\/i0.wp.com\/lasprimeras.com.do\/wp-content\/uploads\/2023\/08\/mescyt-1.jpg?resize=700%2C400&ssl=1 2x"},"classes":[]},{"id":51961,"url":"https:\/\/lasprimeras.com.do\/index.php\/2023\/06\/05\/academia-de-ciencias-dice-barcaza-instalada-en-azua-en-area-protegida-condena-muerte-de-peces\/","url_meta":{"origin":64480,"position":1},"title":"Academia de Ciencias dice barcaza instalada en Azua en \u00e1rea protegida, condena muerte de peces\u00a0","author":"prenxa100","date":"5 de junio de 2023","format":false,"excerpt":"Al celebrarse este 5 de junio el D\u00eda Mundial del Medio Ambiente. Al celebrarse este 5 de junio el D\u00eda Mundial del Medio Ambiente, la Academia de Ciencias de la Rep\u00fablica Dominicana (ACRD), pidi\u00f3 al Ministerio de Medio Ambiente, investigar la muerte de decenas de peces que fueron hallados muertos\u2026","rel":"","context":"En \u00abNACIONALES\u00bb","block_context":{"text":"NACIONALES","link":"https:\/\/lasprimeras.com.do\/index.php\/category\/nacionales\/"},"img":{"alt_text":"","src":"https:\/\/i0.wp.com\/atento.com.do\/wp-content\/uploads\/2023\/06\/Peces-muertos.jpg?resize=350%2C200&ssl=1","width":350,"height":200,"srcset":"https:\/\/i0.wp.com\/atento.com.do\/wp-content\/uploads\/2023\/06\/Peces-muertos.jpg?resize=350%2C200&ssl=1 1x, https:\/\/i0.wp.com\/atento.com.do\/wp-content\/uploads\/2023\/06\/Peces-muertos.jpg?resize=525%2C300&ssl=1 1.5x"},"classes":[]},{"id":85358,"url":"https:\/\/lasprimeras.com.do\/index.php\/2024\/06\/28\/presidente-del-senado-ricardo-de-los-santos-encabeza-puesta-en-circulacion-de-la-revista-representacion\/","url_meta":{"origin":64480,"position":2},"title":"Presidente del Senado Ricardo de los Santos encabeza puesta en circulaci\u00f3n de la \u201cRevista Representaci\u00f3n\u201d","author":"Nelson Feliz","date":"28 de junio de 2024","format":false,"excerpt":"El presidente del Senado, Ricardo de los Santos, encabez\u00f3 la puesta en circulaci\u00f3n de la \u201cRevista Representaci\u00f3n\u201d, la cual edita la Direcci\u00f3n de Representaci\u00f3n de la instituci\u00f3n legislativa. La revista Representaci\u00f3n es un instrumento de difusi\u00f3n que busca informa a todos los colaboradores del Senado sobre las actividades que realiza\u2026","rel":"","context":"En \u00abNACIONALES\u00bb","block_context":{"text":"NACIONALES","link":"https:\/\/lasprimeras.com.do\/index.php\/category\/nacionales\/"},"img":{"alt_text":"Ricardo de los Santos","src":"https:\/\/i0.wp.com\/lasprimeras.com.do\/wp-content\/uploads\/2024\/06\/Ricardo-de-los-Santos-8.jpg?resize=350%2C200&ssl=1","width":350,"height":200,"srcset":"https:\/\/i0.wp.com\/lasprimeras.com.do\/wp-content\/uploads\/2024\/06\/Ricardo-de-los-Santos-8.jpg?resize=350%2C200&ssl=1 1x, https:\/\/i0.wp.com\/lasprimeras.com.do\/wp-content\/uploads\/2024\/06\/Ricardo-de-los-Santos-8.jpg?resize=525%2C300&ssl=1 1.5x, https:\/\/i0.wp.com\/lasprimeras.com.do\/wp-content\/uploads\/2024\/06\/Ricardo-de-los-Santos-8.jpg?resize=700%2C400&ssl=1 2x"},"classes":[]},{"id":119864,"url":"https:\/\/lasprimeras.com.do\/index.php\/2026\/01\/18\/bcrd-celebra-acto-de-premiacion-del-concurso-anual-de-economia-biblioteca-juan-pablo-duarte-2025\/","url_meta":{"origin":64480,"position":3},"title":"BCRD celebra acto de premiaci\u00f3n del Concurso Anual de Econom\u00eda Biblioteca Juan Pablo Duarte 2025","author":"Nelson Feliz","date":"18 de enero de 2026","format":false,"excerpt":"La actividad integr\u00f3 la puesta en circulaci\u00f3n de tres obras que el gobernador consider\u00f3 \u201cmedulares para la econom\u00eda de la naci\u00f3n\u201d, al conmemorarse el 40 aniversario del certamen. El gobernador del Banco Central de la Rep\u00fablica Dominicana (BCRD), H\u00e9ctor Valdez Albizu, presidi\u00f3 el acto de premiaci\u00f3n del Concurso Anual de\u2026","rel":"","context":"En \u00abECONOM\u00cdA\u00bb","block_context":{"text":"ECONOM\u00cdA","link":"https:\/\/lasprimeras.com.do\/index.php\/category\/economia\/"},"img":{"alt_text":"Banco Central de la Rep\u00fablica Dominicana","src":"https:\/\/i0.wp.com\/lasprimeras.com.do\/wp-content\/uploads\/2026\/01\/ganadores.jpg?resize=350%2C200&ssl=1","width":350,"height":200,"srcset":"https:\/\/i0.wp.com\/lasprimeras.com.do\/wp-content\/uploads\/2026\/01\/ganadores.jpg?resize=350%2C200&ssl=1 1x, https:\/\/i0.wp.com\/lasprimeras.com.do\/wp-content\/uploads\/2026\/01\/ganadores.jpg?resize=525%2C300&ssl=1 1.5x, https:\/\/i0.wp.com\/lasprimeras.com.do\/wp-content\/uploads\/2026\/01\/ganadores.jpg?resize=700%2C400&ssl=1 2x"},"classes":[]},{"id":59235,"url":"https:\/\/lasprimeras.com.do\/index.php\/2023\/09\/01\/academia-de-ciencias-otorga-su-mas-alta-distincion-al-dr-jose-joaquin-puello-herrera\/","url_meta":{"origin":64480,"position":4},"title":"Academia de Ciencias otorga su m\u00e1s alta distinci\u00f3n al Dr. Jos\u00e9 Joaqu\u00edn Puello Herrera","author":"Nelson Feliz","date":"1 de septiembre de 2023","format":false,"excerpt":"El neurocirujano Dr. Jos\u00e9 Joaqu\u00edn Puello, fue exaltado con el Laudatio Acad\u00e9mica de la Academia de Ciencias, m\u00e1xima distinci\u00f3n que otorga la entidad a sus miembros m\u00e1s sobresalientes, qui\u00e9n cuenta con casi 60 a\u00f1os de ejercicio profesional en el \u00e1rea de la salud. Las palabras de bienvenida estuvieron a cargo\u2026","rel":"","context":"En \u00abNACIONALES\u00bb","block_context":{"text":"NACIONALES","link":"https:\/\/lasprimeras.com.do\/index.php\/category\/nacionales\/"},"img":{"alt_text":"Exaltaci\u00f3n como Laudatio Acad\u00e9mica del Dr. Jos\u00e9 Joaqu\u00edn Puello","src":"https:\/\/i0.wp.com\/lasprimeras.com.do\/wp-content\/uploads\/2023\/09\/Exaltacion-como-Laudatio-Academica-del-Dr.-Jose-Joaquin-Puello.jpg?resize=350%2C200&ssl=1","width":350,"height":200},"classes":[]},{"id":121745,"url":"https:\/\/lasprimeras.com.do\/index.php\/2026\/02\/09\/belie-beltran-presentan-revista-minusculas-con-colaboradores-de-mas-de-10-paises\/","url_meta":{"origin":64480,"position":5},"title":"Beli\u00e9 Beltr\u00e1n presentan Revista Min\u00fasculas con colaboradores de m\u00e1s de 10 Pa\u00edses","author":"Nelson Feliz","date":"9 de febrero de 2026","format":false,"excerpt":"Figuras como Siri Hustvedt, Junot D\u00edaz, Ana Mar\u00eda Shua y Cesar Aira tienen presencia en los primeros n\u00fameros. Con la presencia de figuras pol\u00edticas, empresariales y del ambiente cultural, se present\u00f3 la nueva revista de literatura Min\u00fasculas. El medio surge como un espacio para promover la creaci\u00f3n literaria, el debate\u2026","rel":"","context":"En \u00abNACIONALES\u00bb","block_context":{"text":"NACIONALES","link":"https:\/\/lasprimeras.com.do\/index.php\/category\/nacionales\/"},"img":{"alt_text":"Revista Min\u00fasculas","src":"https:\/\/i0.wp.com\/lasprimeras.com.do\/wp-content\/uploads\/2026\/02\/Revista-Minusculas.jpg?resize=350%2C200&ssl=1","width":350,"height":200,"srcset":"https:\/\/i0.wp.com\/lasprimeras.com.do\/wp-content\/uploads\/2026\/02\/Revista-Minusculas.jpg?resize=350%2C200&ssl=1 1x, https:\/\/i0.wp.com\/lasprimeras.com.do\/wp-content\/uploads\/2026\/02\/Revista-Minusculas.jpg?resize=525%2C300&ssl=1 1.5x, https:\/\/i0.wp.com\/lasprimeras.com.do\/wp-content\/uploads\/2026\/02\/Revista-Minusculas.jpg?resize=700%2C400&ssl=1 2x"},"classes":[]}],"jetpack_sharing_enabled":true,"_links":{"self":[{"href":"https:\/\/lasprimeras.com.do\/index.php\/wp-json\/wp\/v2\/posts\/64480","targetHints":{"allow":["GET"]}}],"collection":[{"href":"https:\/\/lasprimeras.com.do\/index.php\/wp-json\/wp\/v2\/posts"}],"about":[{"href":"https:\/\/lasprimeras.com.do\/index.php\/wp-json\/wp\/v2\/types\/post"}],"author":[{"embeddable":true,"href":"https:\/\/lasprimeras.com.do\/index.php\/wp-json\/wp\/v2\/users\/2"}],"replies":[{"embeddable":true,"href":"https:\/\/lasprimeras.com.do\/index.php\/wp-json\/wp\/v2\/comments?post=64480"}],"version-history":[{"count":1,"href":"https:\/\/lasprimeras.com.do\/index.php\/wp-json\/wp\/v2\/posts\/64480\/revisions"}],"predecessor-version":[{"id":64482,"href":"https:\/\/lasprimeras.com.do\/index.php\/wp-json\/wp\/v2\/posts\/64480\/revisions\/64482"}],"wp:featuredmedia":[{"embeddable":true,"href":"https:\/\/lasprimeras.com.do\/index.php\/wp-json\/wp\/v2\/media\/64481"}],"wp:attachment":[{"href":"https:\/\/lasprimeras.com.do\/index.php\/wp-json\/wp\/v2\/media?parent=64480"}],"wp:term":[{"taxonomy":"category","embeddable":true,"href":"https:\/\/lasprimeras.com.do\/index.php\/wp-json\/wp\/v2\/categories?post=64480"},{"taxonomy":"post_tag","embeddable":true,"href":"https:\/\/lasprimeras.com.do\/index.php\/wp-json\/wp\/v2\/tags?post=64480"}],"curies":[{"name":"wp","href":"https:\/\/api.w.org\/{rel}","templated":true}]}}