{"id":64489,"date":"2023-10-20T13:46:35","date_gmt":"2023-10-20T17:46:35","guid":{"rendered":"https:\/\/lasprimeras.com.do\/?p=64489"},"modified":"2023-10-20T13:46:37","modified_gmt":"2023-10-20T17:46:37","slug":"pal-proclamara-este-sabado-a-luis-abinader-como-su-candidato-presidencial","status":"publish","type":"post","link":"https:\/\/lasprimeras.com.do\/index.php\/2023\/10\/20\/pal-proclamara-este-sabado-a-luis-abinader-como-su-candidato-presidencial\/","title":{"rendered":"PAL proclamar\u00e1 este s\u00e1bado a Luis Abinader como su candidato presidencial"},"content":{"rendered":"\n<p>El Partido de Acci\u00f3n Liberal (PAL) inform\u00f3 que proclamar\u00e1 este s\u00e1bado 21 al presidente Luis Abinader como su candidato presidencial para las pr\u00f3ximas elecciones de mayo 2024.<\/p>\n\n\n\n<p>La informaci\u00f3n la dieron a conocer a trav\u00e9s de la direcci\u00f3n de prensa de ese partido, la cual detall\u00f3 que el acto de juramentaci\u00f3n se realizar\u00e1 el S\u00e1bado 21 de octubre del 2023 a las 10:00 A.M., en el sal\u00f3n Malec\u00f3n Terrace del Hotel Sheraton.<\/p>\n\n\n\n<p>La actividad estar\u00e1 encabezada por la presidenta del PAL, Maritza L\u00f3pez de Ortiz, y contar\u00e1 con la presencia de importantes dirigentes de los principales partidos pol\u00edticos aliados al gobierno, adem\u00e1s de las autoridades de los partidos Revolucionario Moderno y de Acci\u00f3n Liberal.<\/p>\n\n\n\n<p>Asimismo, explicaron que la actividad se llevar\u00e1 a cabo en el marco de la &nbsp;celebraci\u00f3n de su cuarta (IV) Asamblea Ordinaria de Delegados y novena (IX) Asamblea Extraordinaria de Delegados.<\/p>\n","protected":false},"excerpt":{"rendered":"<p>El Partido de Acci\u00f3n Liberal (PAL) inform\u00f3 que proclamar\u00e1 este s\u00e1bado 21 al presidente Luis Abinader como su candidato presidencial para las pr\u00f3ximas elecciones de mayo 2024. La informaci\u00f3n la&hellip;<\/p>\n","protected":false},"author":2,"featured_media":64491,"comment_status":"open","ping_status":"open","sticky":false,"template":"","format":"standard","meta":{"content-type":"","jetpack_post_was_ever_published":false,"_jetpack_newsletter_access":"","_jetpack_dont_email_post_to_subs":false,"_jetpack_newsletter_tier_id":0,"_jetpack_memberships_contains_paywalled_content":false,"_jetpack_memberships_contains_paid_content":false,"footnotes":""},"categories":[1],"tags":[8732],"class_list":["post-64489","post","type-post","status-publish","format-standard","has-post-thumbnail","hentry","category-sin-categoria","tag-pal"],"jetpack_featured_media_url":"https:\/\/lasprimeras.com.do\/wp-content\/uploads\/2023\/10\/PAL.jpg","jetpack-related-posts":[{"id":64750,"url":"https:\/\/lasprimeras.com.do\/index.php\/2023\/10\/22\/pal-proclama-a-luis-abinader-como-su-candidato-presidencial\/","url_meta":{"origin":64489,"position":0},"title":"PAL proclama a Luis Abinader como su candidato presidencial\u00a0","author":"Nelson Feliz","date":"22 de octubre de 2023","format":false,"excerpt":"El Partido de Acci\u00f3n Liberal (PAL) proclam\u00f3 este s\u00e1bado al Luis Abinader como su candidato presidencial, durante su Asamblea de Delegados, quienes tomaron la decisi\u00f3n de respaldar al mandatario por ser un l\u00edder con la capacidad de para encontrar soluciones en medio de la adversidad y por su habilidad para\u2026","rel":"","context":"En \u00abSin categor\u00eda\u00bb","block_context":{"text":"Sin categor\u00eda","link":"https:\/\/lasprimeras.com.do\/index.php\/category\/sin-categoria\/"},"img":{"alt_text":"PAL","src":"https:\/\/i0.wp.com\/lasprimeras.com.do\/wp-content\/uploads\/2023\/10\/Partido-de-Accion-Liberal-proclama-a-Luis-Abinader-como-su-candidato-presidencial.jpg?resize=350%2C200&ssl=1","width":350,"height":200,"srcset":"https:\/\/i0.wp.com\/lasprimeras.com.do\/wp-content\/uploads\/2023\/10\/Partido-de-Accion-Liberal-proclama-a-Luis-Abinader-como-su-candidato-presidencial.jpg?resize=350%2C200&ssl=1 1x, https:\/\/i0.wp.com\/lasprimeras.com.do\/wp-content\/uploads\/2023\/10\/Partido-de-Accion-Liberal-proclama-a-Luis-Abinader-como-su-candidato-presidencial.jpg?resize=525%2C300&ssl=1 1.5x, https:\/\/i0.wp.com\/lasprimeras.com.do\/wp-content\/uploads\/2023\/10\/Partido-de-Accion-Liberal-proclama-a-Luis-Abinader-como-su-candidato-presidencial.jpg?resize=700%2C400&ssl=1 2x"},"classes":[]},{"id":64577,"url":"https:\/\/lasprimeras.com.do\/index.php\/2023\/10\/21\/luis-leonel-y-abel-seran-proclamados-el-fin-de-semana\/","url_meta":{"origin":64489,"position":1},"title":"Luis, Leonel y Abel ser\u00e1n proclamados el fin de semana","author":"BIMARY DE JES\u00daS Matos","date":"21 de octubre de 2023","format":false,"excerpt":"Santo Domingo.-Los partidos emergentes proclamar\u00e1n las candidaturas de sus aliados y realizar\u00e1n asambleas de delegados para aprobar las candidaturas de cara al 2024. Los candidatos presidenciales Luis Abinader, Leonel Fern\u00e1ndez y Abel Mart\u00ednez ser\u00e1n proclamados candidatos presidenciales por distintos partidos este fin de semana. En el caso de Mart\u00ednez, el\u2026","rel":"","context":"En \u00abSin categor\u00eda\u00bb","block_context":{"text":"Sin categor\u00eda","link":"https:\/\/lasprimeras.com.do\/index.php\/category\/sin-categoria\/"},"img":{"alt_text":"","src":"https:\/\/i0.wp.com\/lasprimeras.com.do\/wp-content\/uploads\/2023\/10\/WhatsApp-Image-2023-10-20-at-7.27.30-PM-5.jpeg?resize=350%2C200&ssl=1","width":350,"height":200,"srcset":"https:\/\/i0.wp.com\/lasprimeras.com.do\/wp-content\/uploads\/2023\/10\/WhatsApp-Image-2023-10-20-at-7.27.30-PM-5.jpeg?resize=350%2C200&ssl=1 1x, https:\/\/i0.wp.com\/lasprimeras.com.do\/wp-content\/uploads\/2023\/10\/WhatsApp-Image-2023-10-20-at-7.27.30-PM-5.jpeg?resize=525%2C300&ssl=1 1.5x"},"classes":[]},{"id":65599,"url":"https:\/\/lasprimeras.com.do\/index.php\/2023\/10\/30\/los-partidos-justicia-social-y-el-pri-proclaman-a-abinder-como-su-candidato-presidencial\/","url_meta":{"origin":64489,"position":2},"title":"Los partidos Justicia Social y el PRI proclaman a Abinder como su candidato presidencial","author":"Nelson Feliz","date":"30 de octubre de 2023","format":false,"excerpt":"Los partidos Reformista Social Cristiano (PRSC) y Revolucionario Independiente (PRI) se convirtieron en las \u00faltimas entidades pol\u00edticas en proclamar al actual mandatario Luis Abinader como su candidato presidencial para las elecciones de mayo del pr\u00f3ximo a\u00f1o. Los reformistas seleccionaron a Abinader en el marco de la Convenci\u00f3n Nacional Ordinaria \u201cMiguel\u2026","rel":"","context":"En \u00abSin categor\u00eda\u00bb","block_context":{"text":"Sin categor\u00eda","link":"https:\/\/lasprimeras.com.do\/index.php\/category\/sin-categoria\/"},"img":{"alt_text":"Proclamaci\u00f3n de Luis Abinader como candidato presidencial del PCR","src":"https:\/\/i0.wp.com\/lasprimeras.com.do\/wp-content\/uploads\/2023\/10\/Proclamacion-de-Luis-Abinader-como-candidato-presidencial-del-PCR.jpeg?resize=350%2C200&ssl=1","width":350,"height":200,"srcset":"https:\/\/i0.wp.com\/lasprimeras.com.do\/wp-content\/uploads\/2023\/10\/Proclamacion-de-Luis-Abinader-como-candidato-presidencial-del-PCR.jpeg?resize=350%2C200&ssl=1 1x, https:\/\/i0.wp.com\/lasprimeras.com.do\/wp-content\/uploads\/2023\/10\/Proclamacion-de-Luis-Abinader-como-candidato-presidencial-del-PCR.jpeg?resize=525%2C300&ssl=1 1.5x, https:\/\/i0.wp.com\/lasprimeras.com.do\/wp-content\/uploads\/2023\/10\/Proclamacion-de-Luis-Abinader-como-candidato-presidencial-del-PCR.jpeg?resize=700%2C400&ssl=1 2x"},"classes":[]},{"id":65594,"url":"https:\/\/lasprimeras.com.do\/index.php\/2023\/10\/28\/abinader-dice-pena-gomez-balaguer-y-bosch-estarian-satisfechos-por-su-gestion-de-gobierno\/","url_meta":{"origin":64489,"position":3},"title":"Abinader dice Pe\u00f1a G\u00f3mez, Balaguer y Bosch estar\u00edan satisfechos por su gesti\u00f3n de Gobierno","author":"Nelson Feliz","date":"28 de octubre de 2023","format":false,"excerpt":"El mandatario resalt\u00f3 los logros de su gobierno en programas sociales y obras de infraestructuras. El presidente Luis Abinader fue proclamado como el candidato presidencial del partido Justicia Social, el cual encabeza el exsenador de Santiago Julio C\u00e9sar Valent\u00edn, ofici\u00e1ndose as\u00ed un pacto entre esa entidad pol\u00edtica y el Partido\u2026","rel":"","context":"En \u00abPORTADA\u00bb","block_context":{"text":"PORTADA","link":"https:\/\/lasprimeras.com.do\/index.php\/category\/portada\/"},"img":{"alt_text":"Luis Abinader","src":"https:\/\/i0.wp.com\/lasprimeras.com.do\/wp-content\/uploads\/2023\/10\/Luis-Abinader.jpeg?resize=350%2C200&ssl=1","width":350,"height":200,"srcset":"https:\/\/i0.wp.com\/lasprimeras.com.do\/wp-content\/uploads\/2023\/10\/Luis-Abinader.jpeg?resize=350%2C200&ssl=1 1x, https:\/\/i0.wp.com\/lasprimeras.com.do\/wp-content\/uploads\/2023\/10\/Luis-Abinader.jpeg?resize=525%2C300&ssl=1 1.5x, https:\/\/i0.wp.com\/lasprimeras.com.do\/wp-content\/uploads\/2023\/10\/Luis-Abinader.jpeg?resize=700%2C400&ssl=1 2x"},"classes":[]},{"id":80844,"url":"https:\/\/lasprimeras.com.do\/index.php\/2024\/04\/13\/abinader-moviliza-miles-de-perremeistas-en-hato-mayor\/","url_meta":{"origin":64489,"position":4},"title":"Abinader moviliza miles de perremeistas en Hato Mayor","author":"BIMARY DE JES\u00daS Matos","date":"13 de abril de 2024","format":false,"excerpt":"Hato Mayor. \u2013 El candidato presidencial por el Partido Revolucionario Moderno (PRM), Luis Abinader, encabeza en estos momentos, una marcha caravana en Hato Mayor, junto a los candidatos a puestos congresuales de la provincia. \u00abEstamos aqu\u00ed, apoyando a los candidatos al congreso del PRM y aliados. A nuestro candidato a\u2026","rel":"","context":"En \u00abSin categor\u00eda\u00bb","block_context":{"text":"Sin categor\u00eda","link":"https:\/\/lasprimeras.com.do\/index.php\/category\/sin-categoria\/"},"img":{"alt_text":"","src":"https:\/\/i0.wp.com\/lasprimeras.com.do\/wp-content\/uploads\/2024\/04\/6a0c8a05-4f4b-48f5-a1d9-1ad180753c4a-5.webp?resize=350%2C200&ssl=1","width":350,"height":200,"srcset":"https:\/\/i0.wp.com\/lasprimeras.com.do\/wp-content\/uploads\/2024\/04\/6a0c8a05-4f4b-48f5-a1d9-1ad180753c4a-5.webp?resize=350%2C200&ssl=1 1x, https:\/\/i0.wp.com\/lasprimeras.com.do\/wp-content\/uploads\/2024\/04\/6a0c8a05-4f4b-48f5-a1d9-1ad180753c4a-5.webp?resize=525%2C300&ssl=1 1.5x, https:\/\/i0.wp.com\/lasprimeras.com.do\/wp-content\/uploads\/2024\/04\/6a0c8a05-4f4b-48f5-a1d9-1ad180753c4a-5.webp?resize=700%2C400&ssl=1 2x, https:\/\/i0.wp.com\/lasprimeras.com.do\/wp-content\/uploads\/2024\/04\/6a0c8a05-4f4b-48f5-a1d9-1ad180753c4a-5.webp?resize=1050%2C600&ssl=1 3x, https:\/\/i0.wp.com\/lasprimeras.com.do\/wp-content\/uploads\/2024\/04\/6a0c8a05-4f4b-48f5-a1d9-1ad180753c4a-5.webp?resize=1400%2C800&ssl=1 4x"},"classes":[]},{"id":71829,"url":"https:\/\/lasprimeras.com.do\/index.php\/2023\/12\/23\/prl-proclama-como-su-candidato-al-presidente-luis-abinader\/","url_meta":{"origin":64489,"position":5},"title":"PRL proclama como su candidato al presidente Luis Abinader","author":"BIMARY DE JES\u00daS Matos","date":"23 de diciembre de 2023","format":false,"excerpt":"Santo Domingo.-El Partido Liberal Reformista (PLR), que preside Karina Aristy, se sum\u00f3 a m\u00e1s de 20 organizaciones pol\u00edticas y proclam\u00f3 al mandatario dominicano Luis Abinader como su candidato presidencial de cara a las elecciones de mayo pr\u00f3ximo. Durante el acto celebrado en el municipio Hig\u00fcey, provincia La Altagracia, Abinader acept\u00f3\u2026","rel":"","context":"En \u00abSin categor\u00eda\u00bb","block_context":{"text":"Sin categor\u00eda","link":"https:\/\/lasprimeras.com.do\/index.php\/category\/sin-categoria\/"},"img":{"alt_text":"","src":"https:\/\/i0.wp.com\/lasprimeras.com.do\/wp-content\/uploads\/2023\/12\/Noticias-de-energia-55-7.jpg?resize=350%2C200&ssl=1","width":350,"height":200,"srcset":"https:\/\/i0.wp.com\/lasprimeras.com.do\/wp-content\/uploads\/2023\/12\/Noticias-de-energia-55-7.jpg?resize=350%2C200&ssl=1 1x, https:\/\/i0.wp.com\/lasprimeras.com.do\/wp-content\/uploads\/2023\/12\/Noticias-de-energia-55-7.jpg?resize=525%2C300&ssl=1 1.5x"},"classes":[]}],"jetpack_sharing_enabled":true,"_links":{"self":[{"href":"https:\/\/lasprimeras.com.do\/index.php\/wp-json\/wp\/v2\/posts\/64489","targetHints":{"allow":["GET"]}}],"collection":[{"href":"https:\/\/lasprimeras.com.do\/index.php\/wp-json\/wp\/v2\/posts"}],"about":[{"href":"https:\/\/lasprimeras.com.do\/index.php\/wp-json\/wp\/v2\/types\/post"}],"author":[{"embeddable":true,"href":"https:\/\/lasprimeras.com.do\/index.php\/wp-json\/wp\/v2\/users\/2"}],"replies":[{"embeddable":true,"href":"https:\/\/lasprimeras.com.do\/index.php\/wp-json\/wp\/v2\/comments?post=64489"}],"version-history":[{"count":1,"href":"https:\/\/lasprimeras.com.do\/index.php\/wp-json\/wp\/v2\/posts\/64489\/revisions"}],"predecessor-version":[{"id":64492,"href":"https:\/\/lasprimeras.com.do\/index.php\/wp-json\/wp\/v2\/posts\/64489\/revisions\/64492"}],"wp:featuredmedia":[{"embeddable":true,"href":"https:\/\/lasprimeras.com.do\/index.php\/wp-json\/wp\/v2\/media\/64491"}],"wp:attachment":[{"href":"https:\/\/lasprimeras.com.do\/index.php\/wp-json\/wp\/v2\/media?parent=64489"}],"wp:term":[{"taxonomy":"category","embeddable":true,"href":"https:\/\/lasprimeras.com.do\/index.php\/wp-json\/wp\/v2\/categories?post=64489"},{"taxonomy":"post_tag","embeddable":true,"href":"https:\/\/lasprimeras.com.do\/index.php\/wp-json\/wp\/v2\/tags?post=64489"}],"curies":[{"name":"wp","href":"https:\/\/api.w.org\/{rel}","templated":true}]}}