{"id":64496,"date":"2023-10-20T14:27:50","date_gmt":"2023-10-20T18:27:50","guid":{"rendered":"https:\/\/lasprimeras.com.do\/?p=64496"},"modified":"2023-10-20T14:27:52","modified_gmt":"2023-10-20T18:27:52","slug":"interior-y-policia-entrega-nacionalidad-a-38-extranjeros","status":"publish","type":"post","link":"https:\/\/lasprimeras.com.do\/index.php\/2023\/10\/20\/interior-y-policia-entrega-nacionalidad-a-38-extranjeros\/","title":{"rendered":"Interior y Polic\u00eda entrega nacionalidad a 38 extranjeros"},"content":{"rendered":"\n<p>SANTO DOMINGO.- Un grupo de 38 extranjeros adquiri\u00f3 la ciudadan\u00eda dominicana, en un acto en la sede del Ministerio de Interior y Polic\u00eda, en el que asumieron trabajar por el desarrollo del pa\u00eds.<\/p>\n\n\n\n<p>Quince mujeres y veintitr\u00e9s hombres integran la lista, procedentes de 16 naciones: Pakist\u00e1n, Polonia, Rusia, Italia, Francia, Espa\u00f1a, Estados Unidos, Colombia, Panam\u00e1, Venezuela, Guatemala, Nicaragua, El Salvador, Cuba y Hait\u00ed.<\/p>\n\n\n\n<p>El titular de la instituci\u00f3n, Jes\u00fas V\u00e1squez Mart\u00ednez, tom\u00f3 el juramento a los nuevos dominicanos, quienes prometieron ser fieles a la Patria, respetar las costumbres, la cultura, las leyes y la Constituci\u00f3n.<\/p>\n\n\n\n<p>El funcionario les solicit\u00f3 su cooperaci\u00f3n en los programa en beneficio de una cultura de paz, como la formaci\u00f3n de la Red de L\u00edderes Comunitarios Mediadores de Conflictos y De Vuelta al Barrio.<\/p>\n\n\n\n<p>\u00abNos sentimos orgullosos y contentos de tenerlos como dominicanos, sean nuestro c\u00f3mplices para cuidar y defender nuestra patria, respeten nuestras leyes y costumbres\u201d, expres\u00f3 V\u00e1squez Mart\u00ednez.<\/p>\n\n\n\n<p>Exhort\u00f3 a que acojan este pa\u00eds, adem\u00e1s de su nacionalidad original y trabajar juntos para impulsar los niveles de desarrollo que requiere.<\/p>\n\n\n\n<p>Explic\u00f3 que desde que asumi\u00f3 esta gesti\u00f3n desarrolla programas para mejorar la seguridad ciudadana y fomentar la sana convivencia.<\/p>\n\n\n\n<p>En tanto, el viceministro de Gesti\u00f3n Migratoria y Naturalizaci\u00f3n, Juan Manuel Rosario, expuso que el Estado es flexible a la hora de autorizar una nacionalidad, por lo que da la oportunidad al que la requiere de obtenerla de acuerdo con los reglamentos de la ley 1683 de naturalizaci\u00f3n.<\/p>\n\n\n\n<p>Indic\u00f3 a los naturalizados que las exigencias y requisitos establecidos son implementados por razones de seguridad, ya que al obtener la nacionalidad les reconocen por su personalidad jur\u00eddica, que les permitir\u00e1 adquirir responsabilidades y obligaciones.<\/p>\n\n\n\n<p>\u00abUstedes fueron investigados por los organismos de seguridad del Estado para optar por la nacionalidad dominicana por lo que desde ahora asumen un compromiso con la Constituci\u00f3n y las leyes de la Naci\u00f3n que hoy les acoge\u201d, manifest\u00f3.<\/p>\n\n\n\n<p>Del total, 19 adquirieron la nacionalidad por matrimonio, 16 ordinarios, 2 por mayor\u00eda de edad, y 1 privilegiado otorgada por el presidente de la Rep\u00fablica.<\/p>\n","protected":false},"excerpt":{"rendered":"<p>SANTO DOMINGO.- Un grupo de 38 extranjeros adquiri\u00f3 la ciudadan\u00eda dominicana, en un acto en la sede del Ministerio de Interior y Polic\u00eda, en el que asumieron trabajar por el&hellip;<\/p>\n","protected":false},"author":3,"featured_media":64497,"comment_status":"open","ping_status":"open","sticky":false,"template":"","format":"standard","meta":{"content-type":"","jetpack_post_was_ever_published":false,"_jetpack_newsletter_access":"","_jetpack_dont_email_post_to_subs":false,"_jetpack_newsletter_tier_id":0,"_jetpack_memberships_contains_paywalled_content":false,"_jetpack_memberships_contains_paid_content":false,"footnotes":""},"categories":[25],"tags":[],"class_list":["post-64496","post","type-post","status-publish","format-standard","has-post-thumbnail","hentry","category-portada"],"jetpack_featured_media_url":"https:\/\/lasprimeras.com.do\/wp-content\/uploads\/2023\/10\/WhatsApp-Image-2023-10-18-at-9.33.42-PM-15.jpeg","jetpack-related-posts":[{"id":96507,"url":"https:\/\/lasprimeras.com.do\/index.php\/2025\/04\/02\/danilo-diaz-denuncia-que-la-migracion-ilegal-desbordada\/","url_meta":{"origin":64496,"position":0},"title":"Danilo D\u00edaz denuncia que la Migraci\u00f3n ilegal desbordada","author":"Nelson Feliz","date":"2 de abril de 2025","format":false,"excerpt":"Piden interpelar al Ministerio del Interior y Polic\u00eda por presencia masiva de migrantes ilegales. El diputado Danilo D\u00edaz, solicit\u00f3 invitar a la ministra de Interior y Polic\u00eda, Faride Raful, en su condici\u00f3n de presidenta del Consejo Nacional de Migraci\u00f3n, para que explique al Congreso Nacional, cu\u00e1l es el plan que\u2026","rel":"","context":"En \u00abPOLITICA\u00bb","block_context":{"text":"POLITICA","link":"https:\/\/lasprimeras.com.do\/index.php\/category\/politica\/"},"img":{"alt_text":"","src":"https:\/\/i0.wp.com\/lasprimeras.com.do\/wp-content\/uploads\/2025\/04\/Danilo-Diaz.jpg?resize=350%2C200&ssl=1","width":350,"height":200,"srcset":"https:\/\/i0.wp.com\/lasprimeras.com.do\/wp-content\/uploads\/2025\/04\/Danilo-Diaz.jpg?resize=350%2C200&ssl=1 1x, https:\/\/i0.wp.com\/lasprimeras.com.do\/wp-content\/uploads\/2025\/04\/Danilo-Diaz.jpg?resize=525%2C300&ssl=1 1.5x, https:\/\/i0.wp.com\/lasprimeras.com.do\/wp-content\/uploads\/2025\/04\/Danilo-Diaz.jpg?resize=700%2C400&ssl=1 2x"},"classes":[]},{"id":92399,"url":"https:\/\/lasprimeras.com.do\/index.php\/2025\/01\/03\/ministra-de-interior-saluda-comportamiento-de-dominicanos-en-las-fiestas-navidenas\/","url_meta":{"origin":64496,"position":1},"title":"Ministra de Interior saluda comportamiento de dominicanos en las fiestas navide\u00f1as","author":"Nelson Feliz","date":"3 de enero de 2025","format":false,"excerpt":"La ministra de Interior y Polic\u00eda, Faride Raful, agradeci\u00f3 a trav\u00e9s de sus redes sociales a los dominicanos el \u201cbuen comportamiento\u201d que mantuvieron durante las festividades navide\u00f1as. A trav\u00e9s de su cuenta de X (antiguo Twitter), la ministra indic\u00f3 que desde el Gobierno trabajan en cumplir las leyes y mejorar\u2026","rel":"","context":"En \u00abNACIONALES\u00bb","block_context":{"text":"NACIONALES","link":"https:\/\/lasprimeras.com.do\/index.php\/category\/nacionales\/"},"img":{"alt_text":"Faride Raful","src":"https:\/\/i0.wp.com\/lasprimeras.com.do\/wp-content\/uploads\/2025\/01\/Faride-Raful.jpeg?resize=350%2C200&ssl=1","width":350,"height":200,"srcset":"https:\/\/i0.wp.com\/lasprimeras.com.do\/wp-content\/uploads\/2025\/01\/Faride-Raful.jpeg?resize=350%2C200&ssl=1 1x, https:\/\/i0.wp.com\/lasprimeras.com.do\/wp-content\/uploads\/2025\/01\/Faride-Raful.jpeg?resize=525%2C300&ssl=1 1.5x, https:\/\/i0.wp.com\/lasprimeras.com.do\/wp-content\/uploads\/2025\/01\/Faride-Raful.jpeg?resize=700%2C400&ssl=1 2x"},"classes":[]},{"id":58836,"url":"https:\/\/lasprimeras.com.do\/index.php\/2023\/08\/28\/vicepresidenta-raquel-pena-los-robos-han-bajado-en-un-38-a-nivel-nacional\/","url_meta":{"origin":64496,"position":2},"title":"Vicepresidenta Raquel Pe\u00f1a: Los robos han bajado en un 38% a nivel nacional","author":"Nelson Feliz","date":"28 de agosto de 2023","format":false,"excerpt":"En el encuentro de este lunes particip\u00f3, tambi\u00e9n la Procuradora General de la Rep\u00fablica Miriam Germ\u00e1n Brito. Por Martin Restituyo La vicepresidenta de la Rep\u00fablica, Raquel Pe\u00f1a, inform\u00f3 este lunes que los indicadores de seguridad levantados en la fuerza de tarea reflejan que a nivel nacional los robos han bajado\u2026","rel":"","context":"En \u00abNACIONALES\u00bb","block_context":{"text":"NACIONALES","link":"https:\/\/lasprimeras.com.do\/index.php\/category\/nacionales\/"},"img":{"alt_text":"RAQUEL PE\u00d1A","src":"https:\/\/i0.wp.com\/lasprimeras.com.do\/wp-content\/uploads\/2023\/08\/RAQUEL-PENA-2-1.jpg?resize=350%2C200&ssl=1","width":350,"height":200,"srcset":"https:\/\/i0.wp.com\/lasprimeras.com.do\/wp-content\/uploads\/2023\/08\/RAQUEL-PENA-2-1.jpg?resize=350%2C200&ssl=1 1x, https:\/\/i0.wp.com\/lasprimeras.com.do\/wp-content\/uploads\/2023\/08\/RAQUEL-PENA-2-1.jpg?resize=525%2C300&ssl=1 1.5x, https:\/\/i0.wp.com\/lasprimeras.com.do\/wp-content\/uploads\/2023\/08\/RAQUEL-PENA-2-1.jpg?resize=700%2C400&ssl=1 2x"},"classes":[]},{"id":84977,"url":"https:\/\/lasprimeras.com.do\/index.php\/2024\/06\/19\/nominas-abultadas-mas-duplicidad-de-funciones-en-oficinas-dominicanas-que-operan-en-el-exterior\/","url_meta":{"origin":64496,"position":3},"title":"N\u00f3minas abultadas m\u00e1s duplicidad de funciones en oficinas dominicanas que operan en el exterior","author":"Nelson Feliz","date":"19 de junio de 2024","format":false,"excerpt":"La n\u00f3mina de oficinas en el exterior de entidades del gobierno supera los RD$67 millones al mes. El Estado dominicano ha crecido hacia el extranjero en los \u00faltimos a\u00f1os con la apertura de oficinas al margen del servicio diplom\u00e1tico bajo el pretexto de brindar atenci\u00f3n a la di\u00e1spora, duplicando en\u2026","rel":"","context":"En \u00abECONOM\u00cdA\u00bb","block_context":{"text":"ECONOM\u00cdA","link":"https:\/\/lasprimeras.com.do\/index.php\/category\/economia\/"},"img":{"alt_text":"","src":"https:\/\/i0.wp.com\/lasprimeras.com.do\/wp-content\/uploads\/2024\/02\/Fachada-Palacio-Nacional-770x540-1.webp?resize=350%2C200&ssl=1","width":350,"height":200,"srcset":"https:\/\/i0.wp.com\/lasprimeras.com.do\/wp-content\/uploads\/2024\/02\/Fachada-Palacio-Nacional-770x540-1.webp?resize=350%2C200&ssl=1 1x, https:\/\/i0.wp.com\/lasprimeras.com.do\/wp-content\/uploads\/2024\/02\/Fachada-Palacio-Nacional-770x540-1.webp?resize=525%2C300&ssl=1 1.5x, https:\/\/i0.wp.com\/lasprimeras.com.do\/wp-content\/uploads\/2024\/02\/Fachada-Palacio-Nacional-770x540-1.webp?resize=700%2C400&ssl=1 2x"},"classes":[]},{"id":92591,"url":"https:\/\/lasprimeras.com.do\/index.php\/2025\/01\/08\/taveras-guzman-explica-interior-y-policia-ataca-el-cancer-del-desorden-y-el-ruido\/","url_meta":{"origin":64496,"position":4},"title":"Taveras Guzm\u00e1n explica Interior y Polic\u00eda ataca el c\u00e1ncer del desorden y el ruido","author":"Nelson Feliz","date":"8 de enero de 2025","format":false,"excerpt":"Asegura ministra Faride Raful debe continuar aplicando la ley sin violar derechos y respetando el debido proceso El senador de la provincia Santo Domingo por el Partido Revolucionario Moderno (PRM), Antonio Taveras Guzm\u00e1n, explic\u00f3 este mi\u00e9rcoles que las acciones recientes del Ministerio de Interior y Polic\u00eda y la ministra Faride\u2026","rel":"","context":"En \u00abNACIONALES\u00bb","block_context":{"text":"NACIONALES","link":"https:\/\/lasprimeras.com.do\/index.php\/category\/nacionales\/"},"img":{"alt_text":"","src":"https:\/\/i0.wp.com\/lasprimeras.com.do\/wp-content\/uploads\/2025\/01\/Antonio-Taveras-Guzman.jpg?resize=350%2C200&ssl=1","width":350,"height":200,"srcset":"https:\/\/i0.wp.com\/lasprimeras.com.do\/wp-content\/uploads\/2025\/01\/Antonio-Taveras-Guzman.jpg?resize=350%2C200&ssl=1 1x, https:\/\/i0.wp.com\/lasprimeras.com.do\/wp-content\/uploads\/2025\/01\/Antonio-Taveras-Guzman.jpg?resize=525%2C300&ssl=1 1.5x, https:\/\/i0.wp.com\/lasprimeras.com.do\/wp-content\/uploads\/2025\/01\/Antonio-Taveras-Guzman.jpg?resize=700%2C400&ssl=1 2x"},"classes":[]},{"id":87069,"url":"https:\/\/lasprimeras.com.do\/index.php\/2024\/08\/06\/policia-y-dgm-detienen-a-56-indocumentados-extranjeros-en-barahona-y-la-romana\/","url_meta":{"origin":64496,"position":5},"title":"Polic\u00eda y DGM detienen a 56 indocumentados extranjeros en Barahona y La Romana","author":"Nelson Feliz","date":"6 de agosto de 2024","format":false,"excerpt":"Por Martin Restituyo Miembros de la Direcci\u00f3n General de Migraci\u00f3n (DGM) y de la Polic\u00eda Nacional, detuvieron 56 extranjeros en las \u00faltimas 48 horas en las provincias de Barahona y La Romana. Los extranjeros fueron detenidos debido a que carec\u00edan de la documentaci\u00f3n requerida para acreditar su estancia legal en\u2026","rel":"","context":"En \u00abNACIONALES\u00bb","block_context":{"text":"NACIONALES","link":"https:\/\/lasprimeras.com.do\/index.php\/category\/nacionales\/"},"img":{"alt_text":"","src":"https:\/\/i0.wp.com\/lasprimeras.com.do\/wp-content\/uploads\/2024\/08\/camiona.jpg?resize=350%2C200&ssl=1","width":350,"height":200,"srcset":"https:\/\/i0.wp.com\/lasprimeras.com.do\/wp-content\/uploads\/2024\/08\/camiona.jpg?resize=350%2C200&ssl=1 1x, https:\/\/i0.wp.com\/lasprimeras.com.do\/wp-content\/uploads\/2024\/08\/camiona.jpg?resize=525%2C300&ssl=1 1.5x, https:\/\/i0.wp.com\/lasprimeras.com.do\/wp-content\/uploads\/2024\/08\/camiona.jpg?resize=700%2C400&ssl=1 2x"},"classes":[]}],"jetpack_sharing_enabled":true,"_links":{"self":[{"href":"https:\/\/lasprimeras.com.do\/index.php\/wp-json\/wp\/v2\/posts\/64496","targetHints":{"allow":["GET"]}}],"collection":[{"href":"https:\/\/lasprimeras.com.do\/index.php\/wp-json\/wp\/v2\/posts"}],"about":[{"href":"https:\/\/lasprimeras.com.do\/index.php\/wp-json\/wp\/v2\/types\/post"}],"author":[{"embeddable":true,"href":"https:\/\/lasprimeras.com.do\/index.php\/wp-json\/wp\/v2\/users\/3"}],"replies":[{"embeddable":true,"href":"https:\/\/lasprimeras.com.do\/index.php\/wp-json\/wp\/v2\/comments?post=64496"}],"version-history":[{"count":1,"href":"https:\/\/lasprimeras.com.do\/index.php\/wp-json\/wp\/v2\/posts\/64496\/revisions"}],"predecessor-version":[{"id":64498,"href":"https:\/\/lasprimeras.com.do\/index.php\/wp-json\/wp\/v2\/posts\/64496\/revisions\/64498"}],"wp:featuredmedia":[{"embeddable":true,"href":"https:\/\/lasprimeras.com.do\/index.php\/wp-json\/wp\/v2\/media\/64497"}],"wp:attachment":[{"href":"https:\/\/lasprimeras.com.do\/index.php\/wp-json\/wp\/v2\/media?parent=64496"}],"wp:term":[{"taxonomy":"category","embeddable":true,"href":"https:\/\/lasprimeras.com.do\/index.php\/wp-json\/wp\/v2\/categories?post=64496"},{"taxonomy":"post_tag","embeddable":true,"href":"https:\/\/lasprimeras.com.do\/index.php\/wp-json\/wp\/v2\/tags?post=64496"}],"curies":[{"name":"wp","href":"https:\/\/api.w.org\/{rel}","templated":true}]}}