{"id":64499,"date":"2023-10-20T14:29:26","date_gmt":"2023-10-20T18:29:26","guid":{"rendered":"https:\/\/lasprimeras.com.do\/?p=64499"},"modified":"2023-10-20T14:29:27","modified_gmt":"2023-10-20T18:29:27","slug":"complejo-luis-e-aybar-sin-fecha-de-terminacion-a-nueve-anos-inicio-trabajos","status":"publish","type":"post","link":"https:\/\/lasprimeras.com.do\/index.php\/2023\/10\/20\/complejo-luis-e-aybar-sin-fecha-de-terminacion-a-nueve-anos-inicio-trabajos\/","title":{"rendered":"Complejo Luis E. Aybar sin fecha de terminaci\u00f3n a nueve a\u00f1os inicio trabajos"},"content":{"rendered":"\n<p>Santo Domingo.-En limpieza de malezas, restauraci\u00f3n de espacios con filtraciones y pintura se encontraban los trabajos en la Ciudad Sanitaria Luis Eduardo Aybar, donde antes de finalizar el a\u00f1o pretenden entregar dos de los edificios que componen el complejo.<\/p>\n\n\n\n<p>\u201cLa idea es lograr para fin de a\u00f1o que el \u00fanico edificio que quede por entregar sea el Cl\u00ednico Quir\u00fargico, para entonces comenzar a trabajar en \u00e9l a principios del a\u00f1o que viene\u201d, sostuvo el director del lugar, el reconocido m\u00e9dico Jos\u00e9 Joaqu\u00edn Puello.<\/p>\n\n\n\n<p>En ese sentido, explic\u00f3 que esperan poder recibir de parte del Ministerio de Viviendas y Edificaciones (MIVED) el edificio nuevo del Centro Cardio-Neuro-Oftalmol\u00f3gico y Trasplante (Cecanot) y el Materno Infantil Luis Eduardo Aybar en la tercera semana de diciembre.<\/p>\n\n\n\n<p>En esto coincidi\u00f3 el arquitecto Manuel Sarante, coordinador de Proyectos del MIVED, quien especific\u00f3 que se encuentran en el plan de restaurar y poner en funcionamiento con su equipamiento todos los bloques de la Ciudad Sanitaria, con excepci\u00f3n del \u00e1rea 3, correspondiente al Cl\u00ednico Quir\u00fargico, el cual se encuentra en licitaci\u00f3n.<\/p>\n\n\n\n<p>Puello dijo que, al momento, unos 100 obreros se encuentran realizando los trabajos de remozamiento, instalaci\u00f3n de plantas el\u00e9ctricas y de tratamiento, entre otros detalles de terminaci\u00f3n.<\/p>\n","protected":false},"excerpt":{"rendered":"<p>Santo Domingo.-En limpieza de malezas, restauraci\u00f3n de espacios con filtraciones y pintura se encontraban los trabajos en la Ciudad Sanitaria Luis Eduardo Aybar, donde antes de finalizar el a\u00f1o pretenden&hellip;<\/p>\n","protected":false},"author":3,"featured_media":64500,"comment_status":"open","ping_status":"open","sticky":false,"template":"","format":"standard","meta":{"content-type":"","jetpack_post_was_ever_published":false,"_jetpack_newsletter_access":"","_jetpack_dont_email_post_to_subs":false,"_jetpack_newsletter_tier_id":0,"_jetpack_memberships_contains_paywalled_content":false,"_jetpack_memberships_contains_paid_content":false,"footnotes":""},"categories":[25],"tags":[],"class_list":["post-64499","post","type-post","status-publish","format-standard","has-post-thumbnail","hentry","category-portada"],"jetpack_featured_media_url":"https:\/\/lasprimeras.com.do\/wp-content\/uploads\/2023\/10\/WhatsApp-Image-2023-10-19-at-12.04.14-PM.jpeg","jetpack-related-posts":[{"id":112700,"url":"https:\/\/lasprimeras.com.do\/index.php\/2025\/10\/25\/jose-joaquin-puello-destaca-calidad-de-la-ciudad-sanitaria-luis-eduardo-aybar\/","url_meta":{"origin":64499,"position":0},"title":"Jos\u00e9 Joaqu\u00edn Puello destaca calidad de la Ciudad Sanitaria Luis Eduardo Aybar","author":"Nelson Feliz","date":"25 de octubre de 2025","format":false,"excerpt":"El director del Hospital Luis Eduardo Aybar, resalt\u00f3 la calidad, el dise\u00f1o y el nivel de modernidad de la Ciudad Sanitaria Luis Eduardo Aybar, asegurando que este complejo hospitalario cumple con los m\u00e1s altos est\u00e1ndares internacionales en infraestructura y equipamiento m\u00e9dico. El neurocirujano Jos\u00e9 Joaqu\u00edn Puello, explic\u00f3 que el centro\u2026","rel":"","context":"En \u00abSALUD\u00bb","block_context":{"text":"SALUD","link":"https:\/\/lasprimeras.com.do\/index.php\/category\/salud\/"},"img":{"alt_text":"Jos\u00e9 Joaqu\u00edn Puello Herrera","src":"https:\/\/i0.wp.com\/lasprimeras.com.do\/wp-content\/uploads\/2023\/09\/Jose-Joaquin-Puello-Herrera.jpg?resize=350%2C200&ssl=1","width":350,"height":200},"classes":[]},{"id":77210,"url":"https:\/\/lasprimeras.com.do\/index.php\/2024\/02\/19\/nuevo-servicio-diagnostico-de-electroencefalograma-en-la-ciudad-sanitaria-dr-luis-eduardo-aybar-en-su-edificio-de-consultas-externas\/","url_meta":{"origin":64499,"position":1},"title":"Nuevo Servicio Diagn\u00f3stico de Electroencefalograma en la Ciudad Sanitaria Dr. Luis Eduardo Aybar en su edificio de Consultas Externas","author":"BIMARY DE JES\u00daS Matos","date":"19 de febrero de 2024","format":false,"excerpt":"Martin Restituyo Santo Domingo.-La Ciudad Sanitaria Dr. Luis Eduardo Aybar se complace en anunciar la puesta en funcionamiento de su nueva unidad de Electroencefalograma (EEG) a partir del jueves 15 de febrero del presente a\u00f1o. El doctor Onnes Gleyton Tapia, director de Consultas Externas, lidera esta iniciativa con el objetivo\u2026","rel":"","context":"En \u00abSin categor\u00eda\u00bb","block_context":{"text":"Sin categor\u00eda","link":"https:\/\/lasprimeras.com.do\/index.php\/category\/sin-categoria\/"},"img":{"alt_text":"","src":"https:\/\/i0.wp.com\/lasprimeras.com.do\/wp-content\/uploads\/2024\/02\/IMG-20240219-WA0049.jpg?resize=350%2C200&ssl=1","width":350,"height":200,"srcset":"https:\/\/i0.wp.com\/lasprimeras.com.do\/wp-content\/uploads\/2024\/02\/IMG-20240219-WA0049.jpg?resize=350%2C200&ssl=1 1x, https:\/\/i0.wp.com\/lasprimeras.com.do\/wp-content\/uploads\/2024\/02\/IMG-20240219-WA0049.jpg?resize=525%2C300&ssl=1 1.5x, https:\/\/i0.wp.com\/lasprimeras.com.do\/wp-content\/uploads\/2024\/02\/IMG-20240219-WA0049.jpg?resize=700%2C400&ssl=1 2x, https:\/\/i0.wp.com\/lasprimeras.com.do\/wp-content\/uploads\/2024\/02\/IMG-20240219-WA0049.jpg?resize=1050%2C600&ssl=1 3x"},"classes":[]},{"id":114939,"url":"https:\/\/lasprimeras.com.do\/index.php\/2025\/10\/14\/sns-juramenta-nuevas-autoridades-hospital-clinico-quirurgico-jose-joaquin-puello-de-la-ciudad-sanitaria-dr-luis-eduardo-aybar\/","url_meta":{"origin":64499,"position":2},"title":"SNS juramenta nuevas autoridades Hospital Cl\u00ednico Quir\u00fargico Jos\u00e9 Joaqu\u00edn Puello de la Ciudad Sanitaria Dr. Luis Eduardo Aybar","author":"Nelson Feliz","date":"14 de octubre de 2025","format":false,"excerpt":"El director del Servicio Nacional de Salud (SNS), doctor Mario Lama, jurament\u00f3 este martes al doctor Ram\u00f3n Feliz Jim\u00e9nez como nuevo director del Hospital Jos\u00e9 Joaqu\u00edn Puello y a la doctora Patricia \u00c1lvarez como subdirectora del centro, ubicado en la Ciudad Sanitaria Dr. Luis Eduardo Aybar. Al juramentarlos, el doctor\u2026","rel":"","context":"En \u00abPORTADA\u00bb","block_context":{"text":"PORTADA","link":"https:\/\/lasprimeras.com.do\/index.php\/category\/portada\/"},"img":{"alt_text":"","src":"https:\/\/i0.wp.com\/lasprimeras.com.do\/wp-content\/uploads\/2025\/11\/Ciudad-Sanitaria-Dr.-Luis-Eduardo-Aybar.jpg?resize=350%2C200&ssl=1","width":350,"height":200,"srcset":"https:\/\/i0.wp.com\/lasprimeras.com.do\/wp-content\/uploads\/2025\/11\/Ciudad-Sanitaria-Dr.-Luis-Eduardo-Aybar.jpg?resize=350%2C200&ssl=1 1x, https:\/\/i0.wp.com\/lasprimeras.com.do\/wp-content\/uploads\/2025\/11\/Ciudad-Sanitaria-Dr.-Luis-Eduardo-Aybar.jpg?resize=525%2C300&ssl=1 1.5x, https:\/\/i0.wp.com\/lasprimeras.com.do\/wp-content\/uploads\/2025\/11\/Ciudad-Sanitaria-Dr.-Luis-Eduardo-Aybar.jpg?resize=700%2C400&ssl=1 2x"},"classes":[]},{"id":77282,"url":"https:\/\/lasprimeras.com.do\/index.php\/2024\/02\/19\/ciudad-sanitaria-dr-luis-eduardo-aybar-inicia-servicio-diagnostico-de-electroencefalograma\/","url_meta":{"origin":64499,"position":3},"title":"Ciudad Sanitaria Dr. Luis Eduardo Aybar inicia servicio Diagn\u00f3stico de Electroencefalograma","author":"Nelson Feliz","date":"19 de febrero de 2024","format":false,"excerpt":"El director de Consultas Externas, doctor Onnes Gleyton Tapia se complace en anunci\u00f3 la puesta en funcionamiento de su nueva unidad de Electroencefalograma en la Ciudad Sanitaria Dr. Luis Eduardo Aybar, con el objetivo de fortalecer los servicios de diagn\u00f3stico neurol\u00f3gico cerebral. El Electroencefalograma es un estudio diagn\u00f3stico que busca\u2026","rel":"","context":"En \u00abSin categor\u00eda\u00bb","block_context":{"text":"Sin categor\u00eda","link":"https:\/\/lasprimeras.com.do\/index.php\/category\/sin-categoria\/"},"img":{"alt_text":"Electroencefalograma","src":"https:\/\/i0.wp.com\/lasprimeras.com.do\/wp-content\/uploads\/2024\/02\/Electroencefalograma.jpg?resize=350%2C200&ssl=1","width":350,"height":200,"srcset":"https:\/\/i0.wp.com\/lasprimeras.com.do\/wp-content\/uploads\/2024\/02\/Electroencefalograma.jpg?resize=350%2C200&ssl=1 1x, https:\/\/i0.wp.com\/lasprimeras.com.do\/wp-content\/uploads\/2024\/02\/Electroencefalograma.jpg?resize=525%2C300&ssl=1 1.5x, https:\/\/i0.wp.com\/lasprimeras.com.do\/wp-content\/uploads\/2024\/02\/Electroencefalograma.jpg?resize=700%2C400&ssl=1 2x"},"classes":[]},{"id":57907,"url":"https:\/\/lasprimeras.com.do\/index.php\/2023\/08\/17\/cmd-ve-desinteres-del-gobierno-en-aperturar-la-ciudad-sanitaria-luis-eduardo-aybar\/","url_meta":{"origin":64499,"position":4},"title":"CMD ve desinter\u00e9s del Gobierno en aperturar la Ciudad Sanitaria Luis Eduardo Aybar","author":"Nelson Feliz","date":"17 de agosto de 2023","format":false,"excerpt":"En esas instalaciones se incluye una moderna unidad de quemados, terminada en m\u00e1s de un 70% Para el presidente del Colegio M\u00e9dico Dominicano (CMD) el mantener cerrada casi en su totalidad la Ciudad Sanitaria Luis Eduardo Aybar, donde se han invertido sobre los 16 mil millones de pesos, es una\u2026","rel":"","context":"En \u00abPORTADA\u00bb","block_context":{"text":"PORTADA","link":"https:\/\/lasprimeras.com.do\/index.php\/category\/portada\/"},"img":{"alt_text":"Ciudad Sanitaria Luis Eduardo Aybar","src":"https:\/\/i0.wp.com\/lasprimeras.com.do\/wp-content\/uploads\/2023\/08\/Ciudad-Sanitaria-Luis-Eduardo-Aybar.png?resize=350%2C200&ssl=1","width":350,"height":200,"srcset":"https:\/\/i0.wp.com\/lasprimeras.com.do\/wp-content\/uploads\/2023\/08\/Ciudad-Sanitaria-Luis-Eduardo-Aybar.png?resize=350%2C200&ssl=1 1x, https:\/\/i0.wp.com\/lasprimeras.com.do\/wp-content\/uploads\/2023\/08\/Ciudad-Sanitaria-Luis-Eduardo-Aybar.png?resize=525%2C300&ssl=1 1.5x, https:\/\/i0.wp.com\/lasprimeras.com.do\/wp-content\/uploads\/2023\/08\/Ciudad-Sanitaria-Luis-Eduardo-Aybar.png?resize=700%2C400&ssl=1 2x"},"classes":[]},{"id":100333,"url":"https:\/\/lasprimeras.com.do\/index.php\/2025\/06\/05\/abinader-designa-al-veterano-comunicador-jose-antonio-aybar-presidente-de-cnepr\/","url_meta":{"origin":64499,"position":5},"title":"Abinader designa al veterano comunicador Jos\u00e9 Antonio Aybar presidente de CNEPR","author":"Nelson Feliz","date":"5 de junio de 2025","format":false,"excerpt":"El presidente Luis Abinader design\u00f3 mediante el Decreto 289-25 a Jos\u00e9 Antonio Aybar F\u00e9lix presidente de la Comisi\u00f3n Nacional de Espect\u00e1culos P\u00fablicos y Radiofon\u00eda. Jos\u00e9 Antonio Aybar Es un veterano periodista, locutor, relacionista p\u00fablico y productor radial dominicano, con m\u00e1s de tres d\u00e9cadas de trayectoria en los medios de comunicaci\u00f3n.\u2026","rel":"","context":"En \u00abENTRETENIMIENTO\u00bb","block_context":{"text":"ENTRETENIMIENTO","link":"https:\/\/lasprimeras.com.do\/index.php\/category\/entretenimiento\/"},"img":{"alt_text":"","src":"https:\/\/i0.wp.com\/lasprimeras.com.do\/wp-content\/uploads\/2025\/06\/Jose-Antonio-Aybar.jpeg?resize=350%2C200&ssl=1","width":350,"height":200,"srcset":"https:\/\/i0.wp.com\/lasprimeras.com.do\/wp-content\/uploads\/2025\/06\/Jose-Antonio-Aybar.jpeg?resize=350%2C200&ssl=1 1x, https:\/\/i0.wp.com\/lasprimeras.com.do\/wp-content\/uploads\/2025\/06\/Jose-Antonio-Aybar.jpeg?resize=525%2C300&ssl=1 1.5x, https:\/\/i0.wp.com\/lasprimeras.com.do\/wp-content\/uploads\/2025\/06\/Jose-Antonio-Aybar.jpeg?resize=700%2C400&ssl=1 2x"},"classes":[]}],"jetpack_sharing_enabled":true,"_links":{"self":[{"href":"https:\/\/lasprimeras.com.do\/index.php\/wp-json\/wp\/v2\/posts\/64499","targetHints":{"allow":["GET"]}}],"collection":[{"href":"https:\/\/lasprimeras.com.do\/index.php\/wp-json\/wp\/v2\/posts"}],"about":[{"href":"https:\/\/lasprimeras.com.do\/index.php\/wp-json\/wp\/v2\/types\/post"}],"author":[{"embeddable":true,"href":"https:\/\/lasprimeras.com.do\/index.php\/wp-json\/wp\/v2\/users\/3"}],"replies":[{"embeddable":true,"href":"https:\/\/lasprimeras.com.do\/index.php\/wp-json\/wp\/v2\/comments?post=64499"}],"version-history":[{"count":1,"href":"https:\/\/lasprimeras.com.do\/index.php\/wp-json\/wp\/v2\/posts\/64499\/revisions"}],"predecessor-version":[{"id":64501,"href":"https:\/\/lasprimeras.com.do\/index.php\/wp-json\/wp\/v2\/posts\/64499\/revisions\/64501"}],"wp:featuredmedia":[{"embeddable":true,"href":"https:\/\/lasprimeras.com.do\/index.php\/wp-json\/wp\/v2\/media\/64500"}],"wp:attachment":[{"href":"https:\/\/lasprimeras.com.do\/index.php\/wp-json\/wp\/v2\/media?parent=64499"}],"wp:term":[{"taxonomy":"category","embeddable":true,"href":"https:\/\/lasprimeras.com.do\/index.php\/wp-json\/wp\/v2\/categories?post=64499"},{"taxonomy":"post_tag","embeddable":true,"href":"https:\/\/lasprimeras.com.do\/index.php\/wp-json\/wp\/v2\/tags?post=64499"}],"curies":[{"name":"wp","href":"https:\/\/api.w.org\/{rel}","templated":true}]}}