{"id":64502,"date":"2023-10-20T14:31:30","date_gmt":"2023-10-20T18:31:30","guid":{"rendered":"https:\/\/lasprimeras.com.do\/?p=64502"},"modified":"2023-10-20T14:31:32","modified_gmt":"2023-10-20T18:31:32","slug":"aspirante-a-diputada-denuncia-supuestas-irregularidades-en-encuesta-prm","status":"publish","type":"post","link":"https:\/\/lasprimeras.com.do\/index.php\/2023\/10\/20\/aspirante-a-diputada-denuncia-supuestas-irregularidades-en-encuesta-prm\/","title":{"rendered":"Aspirante a diputada denuncia supuestas irregularidades en encuesta PRM"},"content":{"rendered":"\n<p>SANTO DOMINGO.\u2013 La aspirante a diputada por La Romana Dayna Manzano De Los Santos, denunci\u00f3 este viernes las supuestas irregularidades en la encuesta en la que fueron escogidos los candidatos a senadores, diputados, alcaldes y directores de juntas municipales del PRM para las elecciones 2024.<\/p>\n\n\n\n<p>Al participar en la entrevista central de El Despertador, De Los Santos cont\u00f3 que luego de darse a conocer los resultados, fue convocada por Jos\u00e9 Ignacio Paliza a la sede del Partido Revolucionario Moderno junto al otro candidato a diputado Wandy Modesto Batista G\u00f3mez para anunciarles que la encuesta ser\u00e1 repetida nueva vez, proceso que es ilegal a estas alturas de acuerdo con la JCE.<\/p>\n\n\n\n<p>\u201cYo dije yo no me someto a una nueva encuesta porque someterme a una nueva encuesta es que me vulneren mis derechos, ya yo tengo derechos adquiridos por esta resoluci\u00f3n\u201d, expres\u00f3.<\/p>\n\n\n\n<p>Dayna Manzano asegur\u00f3 que el PRM quiere realizar de nuevo la encuesta para beneficiar a otros interesados en la candidatura, como la actual gobernadora de La Romana, Jacqueline Fern\u00e1ndez, quien \u00abse la pas\u00f3 toda la precampa\u00f1a promoviendo una candidatura a alcaldesa y ahora dice que quiere ser diputada\u00bb. En ese sentido, record\u00f3 que la ley proh\u00edbe aspirar a dos candidaturas simult\u00e1neas.<\/p>\n\n\n\n<p>La aspirante a diputada por La Romana Dayna Manzano y Wandy Modesto Batista sometieron una instancia a la Comisi\u00f3n Nacional de Elecciones del PRM para que quede claro que no est\u00e1n de acuerdo a que se realice una nueva encuesta.<\/p>\n\n\n\n<p>\u201cNosotros no autorizamos a nadie a que nos sometan nuevamente a ese escrutinio\u2026\u201d, precis\u00f3. Asimismo, dijo que sometieron una acci\u00f3n de amparo preventivo ante el TSE debido a la \u201cinminente probabilidad de que nos violenten nuestros derechos\u00bb.<\/p>\n\n\n\n<p>Afirma que todos los plazos legales para realizar procesos internos est\u00e1n vencidos y no hay forma de que el partido pueda abocarse nuevamente a una encuesta, porque violar\u00eda la resoluci\u00f3n de la JCE.<\/p>\n","protected":false},"excerpt":{"rendered":"<p>SANTO DOMINGO.\u2013 La aspirante a diputada por La Romana Dayna Manzano De Los Santos, denunci\u00f3 este viernes las supuestas irregularidades en la encuesta en la que fueron escogidos los candidatos&hellip;<\/p>\n","protected":false},"author":3,"featured_media":64503,"comment_status":"open","ping_status":"open","sticky":false,"template":"","format":"standard","meta":{"content-type":"","jetpack_post_was_ever_published":false,"_jetpack_newsletter_access":"","_jetpack_dont_email_post_to_subs":false,"_jetpack_newsletter_tier_id":0,"_jetpack_memberships_contains_paywalled_content":false,"_jetpack_memberships_contains_paid_content":false,"footnotes":""},"categories":[1],"tags":[2544,31],"class_list":["post-64502","post","type-post","status-publish","format-standard","has-post-thumbnail","hentry","category-sin-categoria","tag-encuestas","tag-prm"],"jetpack_featured_media_url":"https:\/\/lasprimeras.com.do\/wp-content\/uploads\/2023\/10\/WhatsApp-Image-2023-10-19-at-12.04.14-PM-1.jpeg","jetpack-related-posts":[{"id":114182,"url":"https:\/\/lasprimeras.com.do\/index.php\/2025\/11\/11\/prm-impuso-a-jacqueline-fernandez-como-candidata-a-diputada-pese-a-sentencias-del-tc-y-el-tse\/","url_meta":{"origin":64502,"position":0},"title":"PRM impuso a Jacqueline Fern\u00e1ndez como candidata a diputada pese a sentencias del TC y el TSE","author":"Nelson Feliz","date":"11 de noviembre de 2025","format":false,"excerpt":"\u201cEste Tribunal llega a la conclusi\u00f3n de que la se\u00f1ora Jacqueline Fern\u00e1ndez inscribi\u00f3 originalmente su precandidatura para competir por el puesto de alcalde y produjo una serie de actos de precampa\u00f1a en dicho nivel de elecci\u00f3n. No obstante, al ser medida en los trabajos de campo realizados en el mes\u2026","rel":"","context":"En \u00abPOLITICA\u00bb","block_context":{"text":"POLITICA","link":"https:\/\/lasprimeras.com.do\/index.php\/category\/politica\/"},"img":{"alt_text":"","src":"https:\/\/i0.wp.com\/lasprimeras.com.do\/wp-content\/uploads\/2025\/11\/La-viceconsul-Dayna-Manzano-de-Los-Santos-y-la-diputada-Jacqueline-Fernandez-Brito.jpeg?resize=350%2C200&ssl=1","width":350,"height":200,"srcset":"https:\/\/i0.wp.com\/lasprimeras.com.do\/wp-content\/uploads\/2025\/11\/La-viceconsul-Dayna-Manzano-de-Los-Santos-y-la-diputada-Jacqueline-Fernandez-Brito.jpeg?resize=350%2C200&ssl=1 1x, https:\/\/i0.wp.com\/lasprimeras.com.do\/wp-content\/uploads\/2025\/11\/La-viceconsul-Dayna-Manzano-de-Los-Santos-y-la-diputada-Jacqueline-Fernandez-Brito.jpeg?resize=525%2C300&ssl=1 1.5x, https:\/\/i0.wp.com\/lasprimeras.com.do\/wp-content\/uploads\/2025\/11\/La-viceconsul-Dayna-Manzano-de-Los-Santos-y-la-diputada-Jacqueline-Fernandez-Brito.jpeg?resize=700%2C400&ssl=1 2x"},"classes":[]},{"id":52441,"url":"https:\/\/lasprimeras.com.do\/index.php\/2023\/06\/10\/prm-escogera-candidato-a-alcalde-de-santo-domingo-este-por-encuesta\/","url_meta":{"origin":64502,"position":1},"title":"PRM escoger\u00e1 candidato a alcalde de Santo Domingo Este por encuesta","author":"prenxa100","date":"10 de junio de 2023","format":false,"excerpt":"EL MISMO M\u00c9TODO SE USAR\u00c1 PARA ELEGIR CANDIDATOS A\u00a0 DIPUTADOS. La Comisi\u00f3n Nacional para los procesos internos de elecci\u00f3n del Partido Revolucionario Moderno (PRM) anunci\u00f3 que el pr\u00f3ximo candidato a alcalde de Santo Domingo Este ser\u00e1 escogido mediante encuesta.\u00a0 La informaci\u00f3n ante la asamblea fue servida por el comisionado por\u2026","rel":"","context":"En \u00abSin categor\u00eda\u00bb","block_context":{"text":"Sin categor\u00eda","link":"https:\/\/lasprimeras.com.do\/index.php\/category\/sin-categoria\/"},"img":{"alt_text":"","src":"","width":0,"height":0},"classes":[]},{"id":63487,"url":"https:\/\/lasprimeras.com.do\/index.php\/2023\/10\/12\/prm-selecciona-a-stalin-vasquez-como-candidato-a-diputado-por-la-provincia-maria-trinidad-sanchez\/","url_meta":{"origin":64502,"position":2},"title":"PRM selecciona a Stalin V\u00e1squez como candidato a diputado por la provincia Mar\u00eda Trinidad S\u00e1nchez","author":"BIMARY DE JES\u00daS Matos","date":"12 de octubre de 2023","format":false,"excerpt":"Santo Domingo.- El Partido Revolucionario Moderno (PRM), escogi\u00f3 como candidato a diputado por la provincia Mar\u00eda Trinidad S\u00e1nchez al joven profesional Stalin V\u00e1squez con miras a las pr\u00f3ximas elecciones congresuales de mayo 2024. Al tiempo de agradecer su elecci\u00f3n a trav\u00e9s del m\u00e9todo de encuestas, V\u00e1squez adelant\u00f3 que tiene en\u2026","rel":"","context":"En \u00abSin categor\u00eda\u00bb","block_context":{"text":"Sin categor\u00eda","link":"https:\/\/lasprimeras.com.do\/index.php\/category\/sin-categoria\/"},"img":{"alt_text":"","src":"https:\/\/i0.wp.com\/lasprimeras.com.do\/wp-content\/uploads\/2023\/10\/WhatsApp-Image-2023-10-12-at-2.44.32-PM-2.jpeg?resize=350%2C200&ssl=1","width":350,"height":200,"srcset":"https:\/\/i0.wp.com\/lasprimeras.com.do\/wp-content\/uploads\/2023\/10\/WhatsApp-Image-2023-10-12-at-2.44.32-PM-2.jpeg?resize=350%2C200&ssl=1 1x, https:\/\/i0.wp.com\/lasprimeras.com.do\/wp-content\/uploads\/2023\/10\/WhatsApp-Image-2023-10-12-at-2.44.32-PM-2.jpeg?resize=525%2C300&ssl=1 1.5x"},"classes":[]},{"id":57505,"url":"https:\/\/lasprimeras.com.do\/index.php\/2023\/08\/13\/encuesta-revela-thomas-osuna-encabeza-preferencia-electoral-de-los-precandidatos-a-diputados-en-sdn\/","url_meta":{"origin":64502,"position":3},"title":"Encuesta revela Thomas Osuna encabeza preferencia electoral de los precandidatos a diputados en SDN","author":"Nelson Feliz","date":"13 de agosto de 2023","format":false,"excerpt":"Una encuesta realizada en Santo Domingo Norte por el peri\u00f3dico Informativo Digital, ha recopilado que de los siguientes 3.750 votantes que fueron entrevistados, sit\u00faa a Thomas Osuna y V\u00edctor Pav\u00f3n en primer y segundo lugar, respectivamente. Los resultados claves de la encuesta recientemente concluida, que explor\u00f3 las preferencias de los\u2026","rel":"","context":"En \u00abSin categor\u00eda\u00bb","block_context":{"text":"Sin categor\u00eda","link":"https:\/\/lasprimeras.com.do\/index.php\/category\/sin-categoria\/"},"img":{"alt_text":"Encuesta","src":"https:\/\/i0.wp.com\/lasprimeras.com.do\/wp-content\/uploads\/2023\/08\/Encuesta.jpg?resize=350%2C200&ssl=1","width":350,"height":200,"srcset":"https:\/\/i0.wp.com\/lasprimeras.com.do\/wp-content\/uploads\/2023\/08\/Encuesta.jpg?resize=350%2C200&ssl=1 1x, https:\/\/i0.wp.com\/lasprimeras.com.do\/wp-content\/uploads\/2023\/08\/Encuesta.jpg?resize=525%2C300&ssl=1 1.5x, https:\/\/i0.wp.com\/lasprimeras.com.do\/wp-content\/uploads\/2023\/08\/Encuesta.jpg?resize=700%2C400&ssl=1 2x"},"classes":[]},{"id":53545,"url":"https:\/\/lasprimeras.com.do\/index.php\/2023\/06\/28\/neney-cabrera-inminente-candidato-a-alcalde-del-dn-por-el-prm\/","url_meta":{"origin":64502,"position":4},"title":"Neney Cabrera inminente candidato a alcalde del DN por el PRM","author":"Nelson Feliz","date":"28 de junio de 2023","format":false,"excerpt":"Neney obtendr\u00eda un 58% El dirigente pol\u00edtico del Partido Revolucionario Moderno (PRM), Neney Cabrera, se consolida como el inminente candidato del partido para encabezar la boleta para la Alcald\u00eda del Distrito Nacional, en las pr\u00f3ximas elecciones municipales. Los resultados de la firma Loopah Consulting, revela que Neney Cabrera tiene un\u2026","rel":"","context":"En \u00abPORTADA\u00bb","block_context":{"text":"PORTADA","link":"https:\/\/lasprimeras.com.do\/index.php\/category\/portada\/"},"img":{"alt_text":"Neney Cabrera","src":"https:\/\/i0.wp.com\/lasprimeras.com.do\/wp-content\/uploads\/2023\/06\/Neney-Cabrera.jpg?resize=350%2C200&ssl=1","width":350,"height":200,"srcset":"https:\/\/i0.wp.com\/lasprimeras.com.do\/wp-content\/uploads\/2023\/06\/Neney-Cabrera.jpg?resize=350%2C200&ssl=1 1x, https:\/\/i0.wp.com\/lasprimeras.com.do\/wp-content\/uploads\/2023\/06\/Neney-Cabrera.jpg?resize=525%2C300&ssl=1 1.5x, https:\/\/i0.wp.com\/lasprimeras.com.do\/wp-content\/uploads\/2023\/06\/Neney-Cabrera.jpg?resize=700%2C400&ssl=1 2x"},"classes":[]},{"id":60305,"url":"https:\/\/lasprimeras.com.do\/index.php\/2023\/09\/12\/firmas-finalizan-encuestas-que-serviran-para-seleccionar-candidatos-del-prm\/","url_meta":{"origin":64502,"position":5},"title":"Firmas finalizan encuestas que servir\u00e1n para seleccionar candidatos del PRM","author":"Nelson Feliz","date":"12 de septiembre de 2023","format":false,"excerpt":"CNEI recibir\u00e1 los resultados de las encuestas en la primera semana de octubre. La Comisi\u00f3n Nacional de Elecciones del Partido Revolucionario Moderno (PRM) inform\u00f3 este martes que las tres firmas encuestadoras contratadas para la selecci\u00f3n de candidatos a senadores, diputados y directores municipales para las elecciones del 2024 culminaron su\u2026","rel":"","context":"En \u00abSin categor\u00eda\u00bb","block_context":{"text":"Sin categor\u00eda","link":"https:\/\/lasprimeras.com.do\/index.php\/category\/sin-categoria\/"},"img":{"alt_text":"PRM","src":"https:\/\/i0.wp.com\/lasprimeras.com.do\/wp-content\/uploads\/2023\/08\/PRM.jpg?resize=350%2C200&ssl=1","width":350,"height":200,"srcset":"https:\/\/i0.wp.com\/lasprimeras.com.do\/wp-content\/uploads\/2023\/08\/PRM.jpg?resize=350%2C200&ssl=1 1x, https:\/\/i0.wp.com\/lasprimeras.com.do\/wp-content\/uploads\/2023\/08\/PRM.jpg?resize=525%2C300&ssl=1 1.5x, https:\/\/i0.wp.com\/lasprimeras.com.do\/wp-content\/uploads\/2023\/08\/PRM.jpg?resize=700%2C400&ssl=1 2x"},"classes":[]}],"jetpack_sharing_enabled":true,"_links":{"self":[{"href":"https:\/\/lasprimeras.com.do\/index.php\/wp-json\/wp\/v2\/posts\/64502","targetHints":{"allow":["GET"]}}],"collection":[{"href":"https:\/\/lasprimeras.com.do\/index.php\/wp-json\/wp\/v2\/posts"}],"about":[{"href":"https:\/\/lasprimeras.com.do\/index.php\/wp-json\/wp\/v2\/types\/post"}],"author":[{"embeddable":true,"href":"https:\/\/lasprimeras.com.do\/index.php\/wp-json\/wp\/v2\/users\/3"}],"replies":[{"embeddable":true,"href":"https:\/\/lasprimeras.com.do\/index.php\/wp-json\/wp\/v2\/comments?post=64502"}],"version-history":[{"count":1,"href":"https:\/\/lasprimeras.com.do\/index.php\/wp-json\/wp\/v2\/posts\/64502\/revisions"}],"predecessor-version":[{"id":64504,"href":"https:\/\/lasprimeras.com.do\/index.php\/wp-json\/wp\/v2\/posts\/64502\/revisions\/64504"}],"wp:featuredmedia":[{"embeddable":true,"href":"https:\/\/lasprimeras.com.do\/index.php\/wp-json\/wp\/v2\/media\/64503"}],"wp:attachment":[{"href":"https:\/\/lasprimeras.com.do\/index.php\/wp-json\/wp\/v2\/media?parent=64502"}],"wp:term":[{"taxonomy":"category","embeddable":true,"href":"https:\/\/lasprimeras.com.do\/index.php\/wp-json\/wp\/v2\/categories?post=64502"},{"taxonomy":"post_tag","embeddable":true,"href":"https:\/\/lasprimeras.com.do\/index.php\/wp-json\/wp\/v2\/tags?post=64502"}],"curies":[{"name":"wp","href":"https:\/\/api.w.org\/{rel}","templated":true}]}}