{"id":64508,"date":"2023-10-20T14:34:53","date_gmt":"2023-10-20T18:34:53","guid":{"rendered":"https:\/\/lasprimeras.com.do\/?p=64508"},"modified":"2023-10-20T14:34:54","modified_gmt":"2023-10-20T18:34:54","slug":"cadena-de-protestas-este-viernes-en-el-medio-oriente-contra-israel","status":"publish","type":"post","link":"https:\/\/lasprimeras.com.do\/index.php\/2023\/10\/20\/cadena-de-protestas-este-viernes-en-el-medio-oriente-contra-israel\/","title":{"rendered":"Cadena de protestas este viernes en el Medio Oriente contra Israel"},"content":{"rendered":"\n<p>NUEVA YORK.- Los palestinos en Gaza contin\u00faan sin la certeza de que recibir\u00e1n la ayuda humanitaria que necesitan mientras una cadena de protestas contra Israel se anticipa para este viernes en Medio Oriente.<\/p>\n\n\n\n<p>El medio CNN report\u00f3 que las autoridades israel\u00edes han movilizado sus tropas en preparaci\u00f3n a una incursion por tierra, adem\u00e1s de circular \u00f3rdenes de evacuaci\u00f3n mandatoria esta ma\u00f1ana para unos 23,000 residentes que viven cerca de la frontera con L\u00edbano.<\/p>\n\n\n\n<p>Aunque el presidente estadounidense Joe Biden permanece del lado de Israel en la guerra contra Ham\u00e1s, el mandatario instruy\u00f3 al gobierno de ese pa\u00eds a no cegarse por la ira y actuar con humanidad hacia los palestinos inocentes.<\/p>\n\n\n\n<p>En un discurso de unos 15 minutos desde el Despacho Oval de la Casa Blanca ayer, argument\u00f3 que es vital para el inter\u00e9s nacional de Estados Unidos estar implicado tanto en este conflicto como en el de Ucrania y Rusia.<\/p>\n\n\n\n<p>Biden compar\u00f3 el momento que est\u00e1 viviendo Israel con el que experiment\u00f3 Estados Unidos tras los ataques del 11 de septiembre de 2001. Seg\u00fan argument\u00f3, en medio de la indignaci\u00f3n, se cometieron \u201cerrores\u201d en la respuesta al terrorismo.<\/p>\n\n\n\n<p>\u201cEn momentos como estos, cuando el miedo y la sospecha, la ira y la rabia corren con fuerza, tenemos que trabajar m\u00e1s duro que nunca para aferrarnos a los valores que nos hacen quienes somos, una naci\u00f3n de libertad religiosa y libertad de expresi\u00f3n\u201d, plante\u00f3.<\/p>\n\n\n\n<p>En la frontera o Franja de Gaza se esperan hoy manifestaciones en favor de los palestinos desplazados por los asentamientos israel\u00edes y ahora por la nueva escalada de enfrentamientos. Unos 2.2 millones de palestinos se encuentran pr\u00e1cticamente atrapados en medio del conflicto que amenaza con convertirse en uno regional.<\/p>\n\n\n\n<p>Unos 200 camiones con suministros vitales se mantienen en espera en el exterior de la frontera que permanece cerrada mientras oficiales tratan de llegar a un acuerdo para permitir el tr\u00e1nsito.<\/p>\n\n\n\n<p>En una entrega inicial este jueves, se autoriz\u00f3 el paso a unos 20 camiones a pesar del peligroso estado de las carreteras por los bombardeos israel\u00edes.<\/p>\n\n\n\n<p>En un comunicado ayer, varios expertos de las Naciones Unidas (ONU) cuestionaron el recrudecimiento del asedio de Israel al privar de 2.2 millones de personas que alimento, agua, medicinas, electricidad y gasolina.<\/p>\n\n\n\n<p>Seg\u00fan la entidad, unas 50,000 embarazadas en Gaza, requieren ciudado prenatal y posnatal urgentemente. \u201cEl n\u00famero inicial de personas desplazadas internamente por la Franja de Gaza se estima en alrededor de un mill\u00f3n\u201d, detall\u00f3 la organizaci\u00f3n.<\/p>\n\n\n\n<p>El grupo record\u00f3 que el Concejo de Seguridad de la ONU ha condenado el uso de la inanici\u00f3n (hambruna) como arma de guerra, lo que est\u00e1 prohibido bajo la ley criminal y humanitaria internacional.<\/p>\n\n\n\n<p>Los expertos de la ONU adem\u00e1s pidieron la protecci\u00f3n de todos los trabajadores humanitarios luego de que la Organizaci\u00f3n Mundial de la Salud (OMS) documentara m\u00e1s de 136 ataques en zonas de servicios de cuidado de salud en el territorio ocupado por israel\u00edes en Palestina, incluyendo 59 en la Franja de Gaza que resultaron en la muerte de al menos 16 trabajadores de la salud.<\/p>\n\n\n\n<p>\u201cEl completo asedio de Gaza unido a \u00f3rdenes de evacuaci\u00f3n inviables y traslados forzosos de la poblaci\u00f3n son una violaci\u00f3n de la ley humanitaria internacional y la criminal. Tambi\u00e9n es indescriptiblemente cruel\u201d, plantearon los miembros de la ONU.<\/p>\n","protected":false},"excerpt":{"rendered":"<p>NUEVA YORK.- Los palestinos en Gaza contin\u00faan sin la certeza de que recibir\u00e1n la ayuda humanitaria que necesitan mientras una cadena de protestas contra Israel se anticipa para este viernes&hellip;<\/p>\n","protected":false},"author":3,"featured_media":64509,"comment_status":"open","ping_status":"open","sticky":false,"template":"","format":"standard","meta":{"content-type":"","jetpack_post_was_ever_published":false,"_jetpack_newsletter_access":"","_jetpack_dont_email_post_to_subs":false,"_jetpack_newsletter_tier_id":0,"_jetpack_memberships_contains_paywalled_content":false,"_jetpack_memberships_contains_paid_content":false,"footnotes":""},"categories":[1],"tags":[3499,1202],"class_list":["post-64508","post","type-post","status-publish","format-standard","has-post-thumbnail","hentry","category-sin-categoria","tag-israel","tag-protesta"],"jetpack_featured_media_url":"https:\/\/lasprimeras.com.do\/wp-content\/uploads\/2023\/10\/WhatsApp-Image-2023-10-19-at-12.04.14-PM.webp","jetpack-related-posts":[{"id":64270,"url":"https:\/\/lasprimeras.com.do\/index.php\/2023\/10\/19\/protestas-y-ataques-a-embajadas-israel-y-ee-uu-en-oriente-medio\/","url_meta":{"origin":64508,"position":0},"title":"Protestas y ataques a embajadas Israel y EE.UU. en Oriente Medio","author":"BIMARY DE JES\u00daS Matos","date":"19 de octubre de 2023","format":false,"excerpt":"Israel.-Miles de manifestantes han salido a las calles en Oriente Medio y el norte de Africa, as\u00ed como en otros pa\u00edses, para protestar contra el bombardeo al hospital de Al Ahli, en la Franja de Gaza, y que ha dejado al menos 500 muertos, seg\u00fan las autoridades gazat\u00edes. Adem\u00e1s, rechazan\u2026","rel":"","context":"En \u00abSin categor\u00eda\u00bb","block_context":{"text":"Sin categor\u00eda","link":"https:\/\/lasprimeras.com.do\/index.php\/category\/sin-categoria\/"},"img":{"alt_text":"","src":"https:\/\/i0.wp.com\/lasprimeras.com.do\/wp-content\/uploads\/2023\/10\/WhatsApp-Image-2023-05-20-at-11.41.19-AM-2-4.jpeg?resize=350%2C200&ssl=1","width":350,"height":200,"srcset":"https:\/\/i0.wp.com\/lasprimeras.com.do\/wp-content\/uploads\/2023\/10\/WhatsApp-Image-2023-05-20-at-11.41.19-AM-2-4.jpeg?resize=350%2C200&ssl=1 1x, https:\/\/i0.wp.com\/lasprimeras.com.do\/wp-content\/uploads\/2023\/10\/WhatsApp-Image-2023-05-20-at-11.41.19-AM-2-4.jpeg?resize=525%2C300&ssl=1 1.5x, https:\/\/i0.wp.com\/lasprimeras.com.do\/wp-content\/uploads\/2023\/10\/WhatsApp-Image-2023-05-20-at-11.41.19-AM-2-4.jpeg?resize=700%2C400&ssl=1 2x"},"classes":[]},{"id":63613,"url":"https:\/\/lasprimeras.com.do\/index.php\/2023\/10\/13\/jornada-de-protestas-masivas-en-oriente-medio-en-apoyo-a-los-palestinos-de-franja-de-gaza\/","url_meta":{"origin":64508,"position":1},"title":"Jornada de protestas masivas en Oriente Medio en apoyo a los palestinos de Franja de Gaza","author":"BIMARY DE JES\u00daS Matos","date":"13 de octubre de 2023","format":false,"excerpt":"El Cairo.-\u00a0Este viernes fue una jornada de manifestaciones multitudinarias en numerosos pa\u00edses \u00e1rabes de Oriente Medio en apoyo a los ciudadanos palestinos de la Franja de Gaza y en repulsa por los bombardeos constantes y el bloqueo de suministros b\u00e1sicos por parte de Israel en su represalia por el ataque\u2026","rel":"","context":"En \u00abSin categor\u00eda\u00bb","block_context":{"text":"Sin categor\u00eda","link":"https:\/\/lasprimeras.com.do\/index.php\/category\/sin-categoria\/"},"img":{"alt_text":"","src":"https:\/\/i0.wp.com\/lasprimeras.com.do\/wp-content\/uploads\/2023\/10\/WhatsApp-Image-2023-10-13-at-1.21.18-PM-2.jpeg?resize=350%2C200&ssl=1","width":350,"height":200,"srcset":"https:\/\/i0.wp.com\/lasprimeras.com.do\/wp-content\/uploads\/2023\/10\/WhatsApp-Image-2023-10-13-at-1.21.18-PM-2.jpeg?resize=350%2C200&ssl=1 1x, https:\/\/i0.wp.com\/lasprimeras.com.do\/wp-content\/uploads\/2023\/10\/WhatsApp-Image-2023-10-13-at-1.21.18-PM-2.jpeg?resize=525%2C300&ssl=1 1.5x, https:\/\/i0.wp.com\/lasprimeras.com.do\/wp-content\/uploads\/2023\/10\/WhatsApp-Image-2023-10-13-at-1.21.18-PM-2.jpeg?resize=700%2C400&ssl=1 2x"},"classes":[]},{"id":66022,"url":"https:\/\/lasprimeras.com.do\/index.php\/2023\/11\/02\/crece-la-oposicion-en-los-paises-arabes-que-normalizaron-sus-relaciones-con-israel\/","url_meta":{"origin":64508,"position":2},"title":"Crece la oposici\u00f3n en los pa\u00edses \u00e1rabes que normalizaron sus relaciones con Israel","author":"Nelson Feliz","date":"2 de noviembre de 2023","format":false,"excerpt":"POR SAM METZ RABAT, Marruecos (AP) \u2014 Las naciones \u00e1rabes que han normalizado o est\u00e1n considerando mejorar sus relaciones con Israel est\u00e1n bajo una creciente presi\u00f3n p\u00fablica para cortar esos v\u00ednculos debido a la guerra de Israel contra Hamas. Decenas de miles de personas han salido a las calles de\u2026","rel":"","context":"En \u00abSin categor\u00eda\u00bb","block_context":{"text":"Sin categor\u00eda","link":"https:\/\/lasprimeras.com.do\/index.php\/category\/sin-categoria\/"},"img":{"alt_text":"","src":"https:\/\/i0.wp.com\/lasprimeras.com.do\/wp-content\/uploads\/2023\/11\/RECHAZAN.jpg?resize=350%2C200&ssl=1","width":350,"height":200,"srcset":"https:\/\/i0.wp.com\/lasprimeras.com.do\/wp-content\/uploads\/2023\/11\/RECHAZAN.jpg?resize=350%2C200&ssl=1 1x, https:\/\/i0.wp.com\/lasprimeras.com.do\/wp-content\/uploads\/2023\/11\/RECHAZAN.jpg?resize=525%2C300&ssl=1 1.5x, https:\/\/i0.wp.com\/lasprimeras.com.do\/wp-content\/uploads\/2023\/11\/RECHAZAN.jpg?resize=700%2C400&ssl=1 2x"},"classes":[]},{"id":66611,"url":"https:\/\/lasprimeras.com.do\/index.php\/2023\/11\/08\/india-prohibe-las-protestas-que-apoyan-a-los-palestinos\/","url_meta":{"origin":64508,"position":3},"title":"India proh\u00edbe las protestas que apoyan a los palestinos","author":"Nelson Feliz","date":"8 de noviembre de 2023","format":false,"excerpt":"Los analistas dicen que un cambio a favor de Israel ayuda en casa. POR AIJAZ HUSSAIN Y SHEIKH SAALIQ SRINAGAR, India (AP) \u2014 Desde las capitales occidentales hasta los estados musulmanes, las manifestaciones de protesta por la guerra entre Israel y Hamas han copado los titulares. Pero un lugar conocido\u2026","rel":"","context":"En \u00abSin categor\u00eda\u00bb","block_context":{"text":"Sin categor\u00eda","link":"https:\/\/lasprimeras.com.do\/index.php\/category\/sin-categoria\/"},"img":{"alt_text":"Narendra Modi","src":"https:\/\/i0.wp.com\/lasprimeras.com.do\/wp-content\/uploads\/2023\/11\/Narendra-Modi.jpg?resize=350%2C200&ssl=1","width":350,"height":200,"srcset":"https:\/\/i0.wp.com\/lasprimeras.com.do\/wp-content\/uploads\/2023\/11\/Narendra-Modi.jpg?resize=350%2C200&ssl=1 1x, https:\/\/i0.wp.com\/lasprimeras.com.do\/wp-content\/uploads\/2023\/11\/Narendra-Modi.jpg?resize=525%2C300&ssl=1 1.5x, https:\/\/i0.wp.com\/lasprimeras.com.do\/wp-content\/uploads\/2023\/11\/Narendra-Modi.jpg?resize=700%2C400&ssl=1 2x"},"classes":[]},{"id":96182,"url":"https:\/\/lasprimeras.com.do\/index.php\/2025\/03\/26\/palestinos-protestan-contra-hamas-en-una-inusual-muestra-publica-de-disidencia-en-gaza\/","url_meta":{"origin":64508,"position":4},"title":"Palestinos protestan contra Ham\u00e1s en una inusual muestra p\u00fablica de disidencia en Gaza","author":"Nelson Feliz","date":"26 de marzo de 2025","format":false,"excerpt":"POR SAMY MAGDY, FATMA KHALED and SARAH EL DEEB EL CAIRO (AP) \u2014 Palestinos corearon lemas contra Ham\u00e1s durante una protesta contra la guerra en la Franja de Gaza, seg\u00fan videos que circulan en l\u00ednea. Fue una rara muestra de descontento p\u00fablico contra el grupo armado, que ha reprimido durante\u2026","rel":"","context":"En \u00abINTERNACIONALES\u00bb","block_context":{"text":"INTERNACIONALES","link":"https:\/\/lasprimeras.com.do\/index.php\/category\/sin-categoria\/internacionales\/"},"img":{"alt_text":"","src":"https:\/\/i0.wp.com\/lasprimeras.com.do\/wp-content\/uploads\/2025\/03\/palestinos.jpg?resize=350%2C200&ssl=1","width":350,"height":200,"srcset":"https:\/\/i0.wp.com\/lasprimeras.com.do\/wp-content\/uploads\/2025\/03\/palestinos.jpg?resize=350%2C200&ssl=1 1x, https:\/\/i0.wp.com\/lasprimeras.com.do\/wp-content\/uploads\/2025\/03\/palestinos.jpg?resize=525%2C300&ssl=1 1.5x, https:\/\/i0.wp.com\/lasprimeras.com.do\/wp-content\/uploads\/2025\/03\/palestinos.jpg?resize=700%2C400&ssl=1 2x"},"classes":[]},{"id":64119,"url":"https:\/\/lasprimeras.com.do\/index.php\/2023\/10\/18\/joe-biden-llega-a-israel-cumbre-jordania-aplazada-tras-explosion\/","url_meta":{"origin":64508,"position":5},"title":"Joe Biden llega a Israel; cumbre Jordania aplazada tras explosi\u00f3n","author":"BIMARY DE JES\u00daS Matos","date":"18 de octubre de 2023","format":false,"excerpt":"TEL AVIV.- El presidente de Estados Unidos, Joe Biden, lleg\u00f3 este mi\u00e9rcoles a Israel en medio de un conflicto intensificado tras una explosi\u00f3n masiva en un hospital de Gaza que provoc\u00f3 acusaciones de culpa y protestas en toda la regi\u00f3n. Biden se re\u00fane con l\u00edderes de Israel en una muestra\u2026","rel":"","context":"En \u00abSin categor\u00eda\u00bb","block_context":{"text":"Sin categor\u00eda","link":"https:\/\/lasprimeras.com.do\/index.php\/category\/sin-categoria\/"},"img":{"alt_text":"","src":"https:\/\/i0.wp.com\/lasprimeras.com.do\/wp-content\/uploads\/2023\/10\/WhatsApp-Image-2023-09-16-at-4.14.02-PM-2-7.jpeg?resize=350%2C200&ssl=1","width":350,"height":200,"srcset":"https:\/\/i0.wp.com\/lasprimeras.com.do\/wp-content\/uploads\/2023\/10\/WhatsApp-Image-2023-09-16-at-4.14.02-PM-2-7.jpeg?resize=350%2C200&ssl=1 1x, https:\/\/i0.wp.com\/lasprimeras.com.do\/wp-content\/uploads\/2023\/10\/WhatsApp-Image-2023-09-16-at-4.14.02-PM-2-7.jpeg?resize=525%2C300&ssl=1 1.5x, https:\/\/i0.wp.com\/lasprimeras.com.do\/wp-content\/uploads\/2023\/10\/WhatsApp-Image-2023-09-16-at-4.14.02-PM-2-7.jpeg?resize=700%2C400&ssl=1 2x"},"classes":[]}],"jetpack_sharing_enabled":true,"_links":{"self":[{"href":"https:\/\/lasprimeras.com.do\/index.php\/wp-json\/wp\/v2\/posts\/64508","targetHints":{"allow":["GET"]}}],"collection":[{"href":"https:\/\/lasprimeras.com.do\/index.php\/wp-json\/wp\/v2\/posts"}],"about":[{"href":"https:\/\/lasprimeras.com.do\/index.php\/wp-json\/wp\/v2\/types\/post"}],"author":[{"embeddable":true,"href":"https:\/\/lasprimeras.com.do\/index.php\/wp-json\/wp\/v2\/users\/3"}],"replies":[{"embeddable":true,"href":"https:\/\/lasprimeras.com.do\/index.php\/wp-json\/wp\/v2\/comments?post=64508"}],"version-history":[{"count":1,"href":"https:\/\/lasprimeras.com.do\/index.php\/wp-json\/wp\/v2\/posts\/64508\/revisions"}],"predecessor-version":[{"id":64510,"href":"https:\/\/lasprimeras.com.do\/index.php\/wp-json\/wp\/v2\/posts\/64508\/revisions\/64510"}],"wp:featuredmedia":[{"embeddable":true,"href":"https:\/\/lasprimeras.com.do\/index.php\/wp-json\/wp\/v2\/media\/64509"}],"wp:attachment":[{"href":"https:\/\/lasprimeras.com.do\/index.php\/wp-json\/wp\/v2\/media?parent=64508"}],"wp:term":[{"taxonomy":"category","embeddable":true,"href":"https:\/\/lasprimeras.com.do\/index.php\/wp-json\/wp\/v2\/categories?post=64508"},{"taxonomy":"post_tag","embeddable":true,"href":"https:\/\/lasprimeras.com.do\/index.php\/wp-json\/wp\/v2\/tags?post=64508"}],"curies":[{"name":"wp","href":"https:\/\/api.w.org\/{rel}","templated":true}]}}