{"id":64521,"date":"2023-10-20T14:44:56","date_gmt":"2023-10-20T18:44:56","guid":{"rendered":"https:\/\/lasprimeras.com.do\/?p=64521"},"modified":"2023-10-20T14:44:57","modified_gmt":"2023-10-20T18:44:57","slug":"fijan-para-el-31-audiencia-por-denuncia-de-isaura-taveras-a-santiago-matias-alofoke","status":"publish","type":"post","link":"https:\/\/lasprimeras.com.do\/index.php\/2023\/10\/20\/fijan-para-el-31-audiencia-por-denuncia-de-isaura-taveras-a-santiago-matias-alofoke\/","title":{"rendered":"Fijan para el 31 audiencia por denuncia de Isaura Taveras a Santiago Mat\u00edas \u201cAlofoke\u201d"},"content":{"rendered":"\n<p>Santo Domingo.-La fiscal de Santo Domingo Oeste, Gervacia Cid Mart\u00ednez, fij\u00f3 para el pr\u00f3ximo martes 31 de octubre la audiencia por la querella interpuesta por Isaura Taveras a Santiago Mat\u00edas \u201cAlofoke\u201d e Ingrid Hahn por difamaci\u00f3n e injuria.<\/p>\n\n\n\n<p>De acuerdo con Okensy Contreras, abogado de Alofoke, las partes no fueron debidamente notificadas, por lo que su representado no pudo comparecer a la primera citaci\u00f3n ante la fiscal\u00eda este viernes.<\/p>\n\n\n\n<p>\u201cSantiago Mat\u00edas est\u00e1 en el exterior, no compareci\u00f3 tampoco. Se aplaz\u00f3 para el 31, ese d\u00eda s\u00ed vamos a conocer y a hacer los reparos de lugar y demostrar ante las autoridades que el se\u00f1or Santiago Mat\u00edas no incurri\u00f3 en ninguna irregularidad ni violaci\u00f3n a la norma\u201d, precis\u00f3 Contreras.<\/p>\n\n\n\n<p>Mientras que Taveras, quien se present\u00f3 a la fiscal\u00eda, manifest\u00f3 que como \u00e9l (Santiago) no se acudi\u00f3 a la primera vista, esta fue aplazada.<\/p>\n\n\n\n<p>Adem\u00e1s, indic\u00f3 que no ten\u00eda \u201cnada que decir\u201d y que la culpabilidad de los denunciados la determinar\u00e1n las autoridades.<\/p>\n\n\n\n<p>\u201cNo hay nada que decir hasta el momento, ya esto est\u00e1 en manos de la fiscal\u00eda\u201d, expres\u00f3.<\/p>\n\n\n\n<p>Se recuerda que entre la comunicadora y el influencer se han generado algunos conflictos por opiniones diferentes.<\/p>\n","protected":false},"excerpt":{"rendered":"<p>Santo Domingo.-La fiscal de Santo Domingo Oeste, Gervacia Cid Mart\u00ednez, fij\u00f3 para el pr\u00f3ximo martes 31 de octubre la audiencia por la querella interpuesta por Isaura Taveras a Santiago Mat\u00edas&hellip;<\/p>\n","protected":false},"author":3,"featured_media":64522,"comment_status":"open","ping_status":"open","sticky":false,"template":"","format":"standard","meta":{"content-type":"","jetpack_post_was_ever_published":false,"_jetpack_newsletter_access":"","_jetpack_dont_email_post_to_subs":false,"_jetpack_newsletter_tier_id":0,"_jetpack_memberships_contains_paywalled_content":false,"_jetpack_memberships_contains_paid_content":false,"footnotes":""},"categories":[84],"tags":[],"class_list":["post-64521","post","type-post","status-publish","format-standard","has-post-thumbnail","hentry","category-entretenimiento"],"jetpack_featured_media_url":"https:\/\/lasprimeras.com.do\/wp-content\/uploads\/2023\/10\/WhatsApp-Image-2023-10-18-at-9.33.42-PM-16.jpeg","jetpack-related-posts":[{"id":64425,"url":"https:\/\/lasprimeras.com.do\/index.php\/2023\/10\/20\/isaura-taveras-se-querella-contra-santiago-matias\/","url_meta":{"origin":64521,"position":0},"title":"Isaura Taveras se querella contra Santiago Mat\u00edas","author":"BIMARY DE JES\u00daS Matos","date":"20 de octubre de 2023","format":false,"excerpt":"Santo Domingo.-La comunicadora Isaura Taveras se querell\u00f3 contra Santiago Mat\u00edas \u201cAlofoke\u201d. El Ministerio P\u00fablico cit\u00f3 para ma\u00f1ana viernes a Alofoke a la Fiscal\u00eda de Santo Domingo Oeste advirti\u00e9ndole que de no comparecer se solicitar\u00e1 una orden de arresto, indica el documento de la querella. El productor se encuentra actualmente en\u2026","rel":"","context":"En \u00abENTRETENIMIENTO\u00bb","block_context":{"text":"ENTRETENIMIENTO","link":"https:\/\/lasprimeras.com.do\/index.php\/category\/entretenimiento\/"},"img":{"alt_text":"","src":"https:\/\/i0.wp.com\/lasprimeras.com.do\/wp-content\/uploads\/2023\/10\/WhatsApp-Image-2023-10-18-at-9.33.42-PM-11.jpeg?resize=350%2C200&ssl=1","width":350,"height":200,"srcset":"https:\/\/i0.wp.com\/lasprimeras.com.do\/wp-content\/uploads\/2023\/10\/WhatsApp-Image-2023-10-18-at-9.33.42-PM-11.jpeg?resize=350%2C200&ssl=1 1x, https:\/\/i0.wp.com\/lasprimeras.com.do\/wp-content\/uploads\/2023\/10\/WhatsApp-Image-2023-10-18-at-9.33.42-PM-11.jpeg?resize=525%2C300&ssl=1 1.5x"},"classes":[]},{"id":65772,"url":"https:\/\/lasprimeras.com.do\/index.php\/2023\/10\/31\/aplazan-para-el-proximo-martes-vista-de-querella-de-isaura-taveras-en-contra-de-santiago-matias\/","url_meta":{"origin":64521,"position":1},"title":"Aplazan para el pr\u00f3ximo martes vista de querella de Isaura Taveras en contra de Santiago Mat\u00edas","author":"BIMARY DE JES\u00daS Matos","date":"31 de octubre de 2023","format":false,"excerpt":"Santo Domingo Oeste.- Aplazan para el pr\u00f3ximo martes la vista de la querella interpuesta por la comunicadora Rita Isaura Taveras contra el empresario Santiago Mat\u00edas. Taveras se querell\u00f3 contra el CEO de Alofoke Media Group por supuesta \u00abdifamaci\u00f3n e injuria\u00bb. \u201cExijo justicia, el \u00e1nimo del acostumbrado que exhibe en los\u2026","rel":"","context":"En \u00abENTRETENIMIENTO\u00bb","block_context":{"text":"ENTRETENIMIENTO","link":"https:\/\/lasprimeras.com.do\/index.php\/category\/entretenimiento\/"},"img":{"alt_text":"","src":"https:\/\/i0.wp.com\/lasprimeras.com.do\/wp-content\/uploads\/2023\/10\/WhatsApp-Image-2023-10-31-at-11.41.17-AM-1.webp?resize=350%2C200&ssl=1","width":350,"height":200},"classes":[]},{"id":66586,"url":"https:\/\/lasprimeras.com.do\/index.php\/2023\/11\/08\/santiago-matias-le-pide-disculpas-a-isaura-taveras\/","url_meta":{"origin":64521,"position":2},"title":"Santiago Mat\u00edas le pide disculpas a Isaura Taveras","author":"BIMARY DE JES\u00daS Matos","date":"8 de noviembre de 2023","format":false,"excerpt":"Santo Domingo.- El influencer y empresario Santiago Mat\u00edas \u00abAlofoke\u00bb utiliz\u00f3 su plataforma \u00abAlofoke Radio Show\u00bb para pedirle disculpas a la comunicadora Isaura Taveras, quien lleva una demanda en su contra bajo las acusaciones de difamaci\u00f3n e injuria. El famoso creador de contenido expres\u00f3 que sus palabras \u00abson de todo coraz\u00f3n\u00bb\u2026","rel":"","context":"En \u00abENTRETENIMIENTO\u00bb","block_context":{"text":"ENTRETENIMIENTO","link":"https:\/\/lasprimeras.com.do\/index.php\/category\/entretenimiento\/"},"img":{"alt_text":"","src":"https:\/\/i0.wp.com\/lasprimeras.com.do\/wp-content\/uploads\/2023\/11\/valentin-1.png?resize=350%2C200&ssl=1","width":350,"height":200},"classes":[]},{"id":79551,"url":"https:\/\/lasprimeras.com.do\/index.php\/2024\/03\/28\/tony-dandrades-y-santiago-matias-se-unen-en-nuevo-programa\/","url_meta":{"origin":64521,"position":3},"title":"Tony Dandrades y Santiago Mat\u00edas se unen en nuevo programa","author":"BIMARY DE JES\u00daS Matos","date":"28 de marzo de 2024","format":false,"excerpt":"Santo Domingo.-Los dominicanos Santiago Mat\u00edas (Alofoke) y Tony Dandrades se unen para presentar un nuevo programa que se suma a la parrilla de la comunicaci\u00f3n digital: \u201cPunto medio con Alofoke y Tony Dandrades\u201d. Este espacio se transmitir\u00e1 en vivo todos los viernes a las 7 de la noche a partir\u2026","rel":"","context":"En \u00abENTRETENIMIENTO\u00bb","block_context":{"text":"ENTRETENIMIENTO","link":"https:\/\/lasprimeras.com.do\/index.php\/category\/entretenimiento\/"},"img":{"alt_text":"","src":"https:\/\/i0.wp.com\/lasprimeras.com.do\/wp-content\/uploads\/2024\/03\/Captura-de-pantalla-2024-01-22-124640-1.jpg?resize=350%2C200&ssl=1","width":350,"height":200,"srcset":"https:\/\/i0.wp.com\/lasprimeras.com.do\/wp-content\/uploads\/2024\/03\/Captura-de-pantalla-2024-01-22-124640-1.jpg?resize=350%2C200&ssl=1 1x, https:\/\/i0.wp.com\/lasprimeras.com.do\/wp-content\/uploads\/2024\/03\/Captura-de-pantalla-2024-01-22-124640-1.jpg?resize=525%2C300&ssl=1 1.5x, https:\/\/i0.wp.com\/lasprimeras.com.do\/wp-content\/uploads\/2024\/03\/Captura-de-pantalla-2024-01-22-124640-1.jpg?resize=700%2C400&ssl=1 2x"},"classes":[]},{"id":68537,"url":"https:\/\/lasprimeras.com.do\/index.php\/2023\/11\/25\/santiago-matias-hace-entrega-de-dinero-recaudado-para-afectados-por-inundaciones\/","url_meta":{"origin":64521,"position":4},"title":"Santiago Mat\u00edas hace entrega de dinero recaudado para afectados por inundaciones","author":"BIMARY DE JES\u00daS Matos","date":"25 de noviembre de 2023","format":false,"excerpt":"Santo Domingo.- Cumpliendo con lo prometido el pasado domingo, de ayudar a los afectados por las lluvias registradas en el pa\u00eds el pasado fin de semana, el empresario Santiago Mat\u00edas hizo entrega del dinero recaudado en el Telemarat\u00f3n de Alofoke Radio Show. Un total de 4 millones 292 mil 949\u2026","rel":"","context":"En \u00abENTRETENIMIENTO\u00bb","block_context":{"text":"ENTRETENIMIENTO","link":"https:\/\/lasprimeras.com.do\/index.php\/category\/entretenimiento\/"},"img":{"alt_text":"","src":"https:\/\/i0.wp.com\/lasprimeras.com.do\/wp-content\/uploads\/2023\/11\/WhatsApp-Image-2023-11-24-at-1.48.00-PM-8.jpeg?resize=350%2C200&ssl=1","width":350,"height":200,"srcset":"https:\/\/i0.wp.com\/lasprimeras.com.do\/wp-content\/uploads\/2023\/11\/WhatsApp-Image-2023-11-24-at-1.48.00-PM-8.jpeg?resize=350%2C200&ssl=1 1x, https:\/\/i0.wp.com\/lasprimeras.com.do\/wp-content\/uploads\/2023\/11\/WhatsApp-Image-2023-11-24-at-1.48.00-PM-8.jpeg?resize=525%2C300&ssl=1 1.5x"},"classes":[]},{"id":66164,"url":"https:\/\/lasprimeras.com.do\/index.php\/2023\/11\/03\/gerard-pique-invita-a-santiago-matias-a-barcelona\/","url_meta":{"origin":64521,"position":5},"title":"Gerard Piqu\u00e9 invita a Santiago Mat\u00edas a Barcelona","author":"BIMARY DE JES\u00daS Matos","date":"3 de noviembre de 2023","format":false,"excerpt":"Santo Domingo, RD.\u2013 El presidente de la Kings League Am\u00e9ricas, Gerald Piqu\u00e9, invit\u00f3 al empresario Santiago Mat\u00edas a la ciudad de Barcelona, catalogando al presidente del equipo @galacticosdelcaribe como \u201cDios\u201d. \u201cYo creo que Alofoke tiene que venir a Barcelona. Por ah\u00ed, por el programa de Alofoke, han pasado todos\u201d, dijo\u2026","rel":"","context":"En \u00abENTRETENIMIENTO\u00bb","block_context":{"text":"ENTRETENIMIENTO","link":"https:\/\/lasprimeras.com.do\/index.php\/category\/entretenimiento\/"},"img":{"alt_text":"","src":"https:\/\/i0.wp.com\/lasprimeras.com.do\/wp-content\/uploads\/2023\/11\/WhatsApp-Image-2023-11-03-at-8.28.25-AM-3.jpeg?resize=350%2C200&ssl=1","width":350,"height":200,"srcset":"https:\/\/i0.wp.com\/lasprimeras.com.do\/wp-content\/uploads\/2023\/11\/WhatsApp-Image-2023-11-03-at-8.28.25-AM-3.jpeg?resize=350%2C200&ssl=1 1x, https:\/\/i0.wp.com\/lasprimeras.com.do\/wp-content\/uploads\/2023\/11\/WhatsApp-Image-2023-11-03-at-8.28.25-AM-3.jpeg?resize=525%2C300&ssl=1 1.5x"},"classes":[]}],"jetpack_sharing_enabled":true,"_links":{"self":[{"href":"https:\/\/lasprimeras.com.do\/index.php\/wp-json\/wp\/v2\/posts\/64521","targetHints":{"allow":["GET"]}}],"collection":[{"href":"https:\/\/lasprimeras.com.do\/index.php\/wp-json\/wp\/v2\/posts"}],"about":[{"href":"https:\/\/lasprimeras.com.do\/index.php\/wp-json\/wp\/v2\/types\/post"}],"author":[{"embeddable":true,"href":"https:\/\/lasprimeras.com.do\/index.php\/wp-json\/wp\/v2\/users\/3"}],"replies":[{"embeddable":true,"href":"https:\/\/lasprimeras.com.do\/index.php\/wp-json\/wp\/v2\/comments?post=64521"}],"version-history":[{"count":1,"href":"https:\/\/lasprimeras.com.do\/index.php\/wp-json\/wp\/v2\/posts\/64521\/revisions"}],"predecessor-version":[{"id":64523,"href":"https:\/\/lasprimeras.com.do\/index.php\/wp-json\/wp\/v2\/posts\/64521\/revisions\/64523"}],"wp:featuredmedia":[{"embeddable":true,"href":"https:\/\/lasprimeras.com.do\/index.php\/wp-json\/wp\/v2\/media\/64522"}],"wp:attachment":[{"href":"https:\/\/lasprimeras.com.do\/index.php\/wp-json\/wp\/v2\/media?parent=64521"}],"wp:term":[{"taxonomy":"category","embeddable":true,"href":"https:\/\/lasprimeras.com.do\/index.php\/wp-json\/wp\/v2\/categories?post=64521"},{"taxonomy":"post_tag","embeddable":true,"href":"https:\/\/lasprimeras.com.do\/index.php\/wp-json\/wp\/v2\/tags?post=64521"}],"curies":[{"name":"wp","href":"https:\/\/api.w.org\/{rel}","templated":true}]}}