{"id":64542,"date":"2023-10-20T22:26:45","date_gmt":"2023-10-21T02:26:45","guid":{"rendered":"https:\/\/lasprimeras.com.do\/?p=64542"},"modified":"2023-10-20T22:26:46","modified_gmt":"2023-10-21T02:26:46","slug":"roberto-angel-afirma-primero-tu-ha-impactado-este-ano-a-350-mil-personas-en-todo-el-pais","status":"publish","type":"post","link":"https:\/\/lasprimeras.com.do\/index.php\/2023\/10\/20\/roberto-angel-afirma-primero-tu-ha-impactado-este-ano-a-350-mil-personas-en-todo-el-pais\/","title":{"rendered":"Roberto \u00c1ngel afirma &#8220;Primero T\u00fa&#8221; ha impactado este a\u00f1o a 350 mil personas en todo el pa\u00eds"},"content":{"rendered":"\n<p><strong>El director de Proyectos Estrat\u00e9gicos y Especiales tambi\u00e9n encabez\u00f3 el mi\u00e9rcoles y el jueves dos jornadas &#8220;Primero T\u00fa&#8221; en los distritos municipales La Victoria y La Cuaba, de la provincia Santo Domingo.<\/strong><\/p>\n\n\n\n<p>El director de Proyectos Estrat\u00e9gicos y Especiales de la Presidencia, Roberto \u00c1ngel Salcedo, afirm\u00f3 que solo este a\u00f1o las jornadas de inclusi\u00f3n social &#8220;Primero T\u00fa&#8221; han impactado unas 350 mil personas vulnerables en todo el territorio nacional.<\/p>\n\n\n\n<p>Al encabezar una jornada &#8220;Primero T\u00fa&#8221; en el distrito municipal Ver\u00f3n, provincia La Altagracia, Roberto \u00c1ngel resalt\u00f3 que la pol\u00edtica social del presidente Luis Abinader est\u00e1 presente en todas las etapas de la vida de las personas, desde los m\u00e1s peque\u00f1os hasta los adultos mayores, lo que tiene un impacto positivo en toda la ciudadan\u00eda.<\/p>\n\n\n\n<p>&#8220;En esta jornada hay un espacio para los m\u00e1s peque\u00f1os de la casa hasta las personas mayores, con un impacto verdadero y significativo en la vida de cada uno de ustedes&#8221;, expres\u00f3 el funcionario ante las casi tres mil personas que fueron beneficiados durante el operativo.<\/p>\n\n\n\n<p>Sostuvo que los Programas Estrat\u00e9gicos y Especiales de la Presidencia est\u00e1n enfocados en acciones inmediatas, pero tambi\u00e9n en las que son importantes para la sostenibilidad y el desarrollo social de las comunidades.<\/p>\n\n\n\n<p>Roberto \u00c1ngel indic\u00f3 que esa es la raz\u00f3n por la cual en esas jornadas los beneficiarios reciben aquellas cosas urgentes, como una medicina o una cesta alimenticia y las que son m\u00e1s importantes, como capacitaciones para los j\u00f3venes y los emprendedores.<\/p>\n\n\n\n<p><strong>Recorrido de supervisi\u00f3n<\/strong><\/p>\n\n\n\n<p>Roberto \u00c1ngel realiz\u00f3 un recorrido de supervisi\u00f3n por los diferentes stands de servicios, instalado en el polit\u00e9cnico Francisco del Rosario S\u00e1nchez, de la referida demarcaci\u00f3n, junto a las autoridades locales, para explicar el alcance de los servicios que ofrece la jornada \u201cPrimero T\u00fa\u201d.<\/p>\n\n\n\n<p>El director de Proyectos Estrat\u00e9gicos y Especiales estuvo acompa\u00f1ado de la gobernadora de La Altagracia, Martina Pep\u00e9n, as\u00ed como de otras autoridades provinciales y municipales y representantes de organizaciones comunitarias.<\/p>\n\n\n\n<p><strong>Programa \u201cCerca de ti\u201d<\/strong><\/p>\n\n\n\n<p>Roberto \u00c1ngel, adem\u00e1s de la jornada, se traslad\u00f3 a los distritos municipales Laguna de&nbsp; Nisib\u00f3n y a La Otra Banda, donde se llev\u00f3 a cabo el programa \u201cCerca de Ti\u201d, que lleva soluciones a personas y comunidades en extrema pobreza.<\/p>\n\n\n\n<p>Este programa tiene como prop\u00f3sito de llevar soluciones puntuales y darle repuesta r\u00e1pida a las principales necesidades que afectan las&nbsp; comunidades, como entrega de&nbsp; raciones alimenticias, medicinas, canastillas a embarazadas y otros servicios a las personas que asisten a la actividad.<\/p>\n\n\n\n<p><strong>Jornadas benefician a miles en La Victoria y La Cuaba<\/strong><\/p>\n\n\n\n<p>Los d\u00edas mi\u00e9rcoles y jueves la Direcci\u00f3n Proyectos Estrat\u00e9gicos y Especiales de la Presidencia estuvo con la jornada de inclusi\u00f3n social &#8220;Santo Domingo Primero T\u00fa&#8221; los distritos municipales La Victoria y La Cuaba, de la provincia Santo Domingo; donde fueron beneficiadas miles de&nbsp; personas con los servicios que ofrecen las 18 instituciones del gobierno que participan de esos operativos, que est\u00e1n presentes en toda la geograf\u00eda nacional.<\/p>\n\n\n\n<p><strong>Instituciones que participan en las jornadas \u201cPrimero T\u00fa\u201d<\/strong><\/p>\n\n\n\n<p>En las jornadas participan el Seguro Nacional de Salud (SeNaSa), el Servicio Nacional de Salud (SNS), el programa Sup\u00e9rate, el Consejo Nacional de la Discapacidad (CONADIS), Consejo Nacional de las Personas Envejecientes (CONAPE).<\/p>\n\n\n\n<p>De igual modo, el Instituto Nacional de Atenci\u00f3n a la Primera Infancia (INAIPI), el Programa para las Micro, Peque\u00f1as y Medianas Empresas (PROMIPYME); el Instituto Nacional de Tr\u00e1nsito y Transporte Terrestre (Intrant) y la Direcci\u00f3n Nacional de Control de Drogas (DNCD).<\/p>\n\n\n\n<p>Tambi\u00e9n las Escuelas Vocacionales de las Fuerzas Armadas y la Polic\u00eda Nacional, el Instituto Tecnol\u00f3gico de las Am\u00e9ricas (ITLA), los Comedores Econ\u00f3micos de la Presidencia, el Instituto Nacional de Estabilizaci\u00f3n de Precios (INESPRE), entre otras instrucciones de servicios del Estado.<\/p>\n","protected":false},"excerpt":{"rendered":"<p>El director de Proyectos Estrat\u00e9gicos y Especiales tambi\u00e9n encabez\u00f3 el mi\u00e9rcoles y el jueves dos jornadas &#8220;Primero T\u00fa&#8221; en los distritos municipales La Victoria y La Cuaba, de la provincia&hellip;<\/p>\n","protected":false},"author":2,"featured_media":64543,"comment_status":"open","ping_status":"open","sticky":false,"template":"","format":"standard","meta":{"content-type":"","jetpack_post_was_ever_published":false,"_jetpack_newsletter_access":"","_jetpack_dont_email_post_to_subs":false,"_jetpack_newsletter_tier_id":0,"_jetpack_memberships_contains_paywalled_content":false,"_jetpack_memberships_contains_paid_content":false,"footnotes":""},"categories":[35,25],"tags":[3479,646],"class_list":["post-64542","post","type-post","status-publish","format-standard","has-post-thumbnail","hentry","category-nacionales","category-portada","tag-primero-tu","tag-roberto-angel-salcedo"],"jetpack_featured_media_url":"https:\/\/lasprimeras.com.do\/wp-content\/uploads\/2023\/10\/Robertico-2.jpg","jetpack-related-posts":[{"id":53612,"url":"https:\/\/lasprimeras.com.do\/index.php\/2023\/06\/29\/roberto-angel-encabeza-en-lr-jornada-primero-tu-con-mas-de-230-mil-beneficiarios\/","url_meta":{"origin":64542,"position":0},"title":"Roberto \u00c1ngel encabeza en LR jornada \u201cPrimero T\u00fa\u201d con m\u00e1s de 230 mil beneficiarios","author":"Nelson Feliz","date":"29 de junio de 2023","format":false,"excerpt":"Director de Propeep destaca el impacto de acciones sociales del presidente Luis Abinader en la zona Este del pa\u00eds. Por Martin Restituyo El director de Proyectos Estrat\u00e9gicos y Especiales de la Presidencia (Propeep), Roberto \u00c1ngel Salcedo, encabez\u00f3 en La Romana, la jornada \"Primero T\u00fa\" n\u00famero 75 de este a\u00f1o, con\u2026","rel":"","context":"En \u00abNACIONALES\u00bb","block_context":{"text":"NACIONALES","link":"https:\/\/lasprimeras.com.do\/index.php\/category\/nacionales\/"},"img":{"alt_text":"Roberto \u00c1ngel Salcedo","src":"https:\/\/i0.wp.com\/lasprimeras.com.do\/wp-content\/uploads\/2023\/06\/Roberto-Angel-Salcedo-1.jpg?resize=350%2C200&ssl=1","width":350,"height":200,"srcset":"https:\/\/i0.wp.com\/lasprimeras.com.do\/wp-content\/uploads\/2023\/06\/Roberto-Angel-Salcedo-1.jpg?resize=350%2C200&ssl=1 1x, https:\/\/i0.wp.com\/lasprimeras.com.do\/wp-content\/uploads\/2023\/06\/Roberto-Angel-Salcedo-1.jpg?resize=525%2C300&ssl=1 1.5x, https:\/\/i0.wp.com\/lasprimeras.com.do\/wp-content\/uploads\/2023\/06\/Roberto-Angel-Salcedo-1.jpg?resize=700%2C400&ssl=1 2x"},"classes":[]},{"id":66943,"url":"https:\/\/lasprimeras.com.do\/index.php\/2023\/11\/11\/roberto-angel-gobierno-de-abinader-combate-pobreza-en-puerto-plata-permanente\/","url_meta":{"origin":64542,"position":1},"title":"Roberto \u00c1ngel: \u201cGobierno de Abinader combate pobreza en Puerto Plata permanente\u201d","author":"Nelson Feliz","date":"11 de noviembre de 2023","format":false,"excerpt":"Encabeza este fin de semana jornadas \u201cPrimero T\u00fa\u201d y \u201cCerca de T\u00ed\u201d en Rinc\u00f3n, La Vega, y en Altamira y Montellano, de Puerto Plata. El director de Proyectos Estrat\u00e9gicos y Especiales de la Presidencia, Roberto \u00c1ngel Salcedo, afirm\u00f3 este s\u00e1bado que el combate a la pobreza por el gobierno del\u2026","rel":"","context":"En \u00abNACIONALES\u00bb","block_context":{"text":"NACIONALES","link":"https:\/\/lasprimeras.com.do\/index.php\/category\/nacionales\/"},"img":{"alt_text":"Roberto \u00c1ngel Salcedo","src":"https:\/\/i0.wp.com\/lasprimeras.com.do\/wp-content\/uploads\/2023\/11\/Roberto-Angel-Salcedo-1.jpg?resize=350%2C200&ssl=1","width":350,"height":200,"srcset":"https:\/\/i0.wp.com\/lasprimeras.com.do\/wp-content\/uploads\/2023\/11\/Roberto-Angel-Salcedo-1.jpg?resize=350%2C200&ssl=1 1x, https:\/\/i0.wp.com\/lasprimeras.com.do\/wp-content\/uploads\/2023\/11\/Roberto-Angel-Salcedo-1.jpg?resize=525%2C300&ssl=1 1.5x, https:\/\/i0.wp.com\/lasprimeras.com.do\/wp-content\/uploads\/2023\/11\/Roberto-Angel-Salcedo-1.jpg?resize=700%2C400&ssl=1 2x"},"classes":[]},{"id":58233,"url":"https:\/\/lasprimeras.com.do\/index.php\/2023\/08\/21\/roberto-angel-afirma-politica-social-de-abinader-aumenta-cobertura-e-impacta-la-region-sur\/","url_meta":{"origin":64542,"position":2},"title":"Roberto \u00c1ngel afirma pol\u00edtica social de Abinader aumenta cobertura e impacta la regi\u00f3n Sur","author":"Nelson Feliz","date":"21 de agosto de 2023","format":false,"excerpt":"El director de Proyectos Especiales asegura que la presencia de Comedores Econ\u00f3micos en jornadas \"Primero T\u00fa\" genera ahorro a familias pobres. El director de Proyectos Especiales y Estrat\u00e9gicos de la Presidencia, Roberto \u00c1ngel Salcedo, asegur\u00f3 que la pol\u00edtica social del presidente Luis Abinader ha aumentado su cobertura, e impactado de\u2026","rel":"","context":"En \u00abNACIONALES\u00bb","block_context":{"text":"NACIONALES","link":"https:\/\/lasprimeras.com.do\/index.php\/category\/nacionales\/"},"img":{"alt_text":"Roberto \u00c1ngel Salcedo","src":"https:\/\/i0.wp.com\/lasprimeras.com.do\/wp-content\/uploads\/2023\/08\/Roberto-Angel-Salcedo-1-1.jpg?resize=350%2C200&ssl=1","width":350,"height":200,"srcset":"https:\/\/i0.wp.com\/lasprimeras.com.do\/wp-content\/uploads\/2023\/08\/Roberto-Angel-Salcedo-1-1.jpg?resize=350%2C200&ssl=1 1x, https:\/\/i0.wp.com\/lasprimeras.com.do\/wp-content\/uploads\/2023\/08\/Roberto-Angel-Salcedo-1-1.jpg?resize=525%2C300&ssl=1 1.5x, https:\/\/i0.wp.com\/lasprimeras.com.do\/wp-content\/uploads\/2023\/08\/Roberto-Angel-Salcedo-1-1.jpg?resize=700%2C400&ssl=1 2x"},"classes":[]},{"id":50731,"url":"https:\/\/lasprimeras.com.do\/index.php\/2023\/05\/23\/roberto-angel-gobierno-impacta-personas-de-escasos-recursos-en-rd\/","url_meta":{"origin":64542,"position":3},"title":"Roberto \u00c1ngel: \u201cGobierno impacta personas de escasos recursos en RD\u201d","author":"prenxa100","date":"23 de mayo de 2023","format":false,"excerpt":"El director de Propeep asegura \u201cPrimero T\u00fa\u201d ha impactado m\u00e1s de 160 mil personas en lo que va del a\u00f1o. Santo Domingo Este, RD- El director de Proyectos Estrat\u00e9gicos y Especiales de la Presidencia (Propeep), Roberto \u00c1ngel Salcedo, afirm\u00f3 este martes que en lo que va de a\u00f1o han impactado\u2026","rel":"","context":"En \u00abNACIONALES\u00bb","block_context":{"text":"NACIONALES","link":"https:\/\/lasprimeras.com.do\/index.php\/category\/nacionales\/"},"img":{"alt_text":"","src":"","width":0,"height":0},"classes":[]},{"id":65527,"url":"https:\/\/lasprimeras.com.do\/index.php\/2023\/10\/29\/roberto-angel-afirma-abinader-crea-nuevo-precedente-con-la-politica-social-en-la-region-sur\/","url_meta":{"origin":64542,"position":4},"title":"Roberto \u00c1ngel afirma Abinader crea nuevo precedente con la pol\u00edtica social en la regi\u00f3n Sur","author":"Nelson Feliz","date":"29 de octubre de 2023","format":false,"excerpt":"-Encabez\u00f3 este domingo las jornadas de inclusion social \u201cPrimero T\u00fa\u201d en Juan de Herrera y \u201cCerca de T\u00ed\u201d en Sabaneta, de San Juan, as\u00ed como la inauguraci\u00f3n de un Paseo de los Colores El director de Proyectos Estrat\u00e9gicos y Especiales de la Presidencia, Roberto \u00c1ngel Salcedo, destac\u00f3 el impacto de\u2026","rel":"","context":"En \u00abPORTADA\u00bb","block_context":{"text":"PORTADA","link":"https:\/\/lasprimeras.com.do\/index.php\/category\/portada\/"},"img":{"alt_text":"Roberto \u00c1ngel Salcedo","src":"https:\/\/i0.wp.com\/lasprimeras.com.do\/wp-content\/uploads\/2023\/10\/Roberto-Angel-Salcedo-1-2.jpg?resize=350%2C200&ssl=1","width":350,"height":200,"srcset":"https:\/\/i0.wp.com\/lasprimeras.com.do\/wp-content\/uploads\/2023\/10\/Roberto-Angel-Salcedo-1-2.jpg?resize=350%2C200&ssl=1 1x, https:\/\/i0.wp.com\/lasprimeras.com.do\/wp-content\/uploads\/2023\/10\/Roberto-Angel-Salcedo-1-2.jpg?resize=525%2C300&ssl=1 1.5x, https:\/\/i0.wp.com\/lasprimeras.com.do\/wp-content\/uploads\/2023\/10\/Roberto-Angel-Salcedo-1-2.jpg?resize=700%2C400&ssl=1 2x"},"classes":[]},{"id":55506,"url":"https:\/\/lasprimeras.com.do\/index.php\/2023\/07\/21\/roberto-angel-entrega-nuevo-paseo-de-los-colores-en-caleta-de-la-romana\/","url_meta":{"origin":64542,"position":5},"title":"Roberto \u00c1ngel entrega nuevo \u201cPaseo de los Colores\u201d en Caleta de La Romana","author":"Nelson Feliz","date":"21 de julio de 2023","format":false,"excerpt":"El director de Proyectos Estrat\u00e9gicos y Especiales de la Presidencia, Roberto \u00c1ngel Salcedo, inaugur\u00f3 este viernes el \u201cPaseo de los Colores\u201d, en el distrito municipal Caleta, de La Romana, que resalta el patrimonio hist\u00f3rico, natural, art\u00edstico, social, deportivo y productivo de esa provincia. El arte plasmado muestra adem\u00e1s, la diversidad\u2026","rel":"","context":"En \u00abNACIONALES\u00bb","block_context":{"text":"NACIONALES","link":"https:\/\/lasprimeras.com.do\/index.php\/category\/nacionales\/"},"img":{"alt_text":"Roberto \u00c1ngel Salcedo","src":"https:\/\/i0.wp.com\/lasprimeras.com.do\/wp-content\/uploads\/2023\/07\/Roberto-Angel-4.jpg?resize=350%2C200&ssl=1","width":350,"height":200,"srcset":"https:\/\/i0.wp.com\/lasprimeras.com.do\/wp-content\/uploads\/2023\/07\/Roberto-Angel-4.jpg?resize=350%2C200&ssl=1 1x, https:\/\/i0.wp.com\/lasprimeras.com.do\/wp-content\/uploads\/2023\/07\/Roberto-Angel-4.jpg?resize=525%2C300&ssl=1 1.5x, https:\/\/i0.wp.com\/lasprimeras.com.do\/wp-content\/uploads\/2023\/07\/Roberto-Angel-4.jpg?resize=700%2C400&ssl=1 2x"},"classes":[]}],"jetpack_sharing_enabled":true,"_links":{"self":[{"href":"https:\/\/lasprimeras.com.do\/index.php\/wp-json\/wp\/v2\/posts\/64542","targetHints":{"allow":["GET"]}}],"collection":[{"href":"https:\/\/lasprimeras.com.do\/index.php\/wp-json\/wp\/v2\/posts"}],"about":[{"href":"https:\/\/lasprimeras.com.do\/index.php\/wp-json\/wp\/v2\/types\/post"}],"author":[{"embeddable":true,"href":"https:\/\/lasprimeras.com.do\/index.php\/wp-json\/wp\/v2\/users\/2"}],"replies":[{"embeddable":true,"href":"https:\/\/lasprimeras.com.do\/index.php\/wp-json\/wp\/v2\/comments?post=64542"}],"version-history":[{"count":1,"href":"https:\/\/lasprimeras.com.do\/index.php\/wp-json\/wp\/v2\/posts\/64542\/revisions"}],"predecessor-version":[{"id":64544,"href":"https:\/\/lasprimeras.com.do\/index.php\/wp-json\/wp\/v2\/posts\/64542\/revisions\/64544"}],"wp:featuredmedia":[{"embeddable":true,"href":"https:\/\/lasprimeras.com.do\/index.php\/wp-json\/wp\/v2\/media\/64543"}],"wp:attachment":[{"href":"https:\/\/lasprimeras.com.do\/index.php\/wp-json\/wp\/v2\/media?parent=64542"}],"wp:term":[{"taxonomy":"category","embeddable":true,"href":"https:\/\/lasprimeras.com.do\/index.php\/wp-json\/wp\/v2\/categories?post=64542"},{"taxonomy":"post_tag","embeddable":true,"href":"https:\/\/lasprimeras.com.do\/index.php\/wp-json\/wp\/v2\/tags?post=64542"}],"curies":[{"name":"wp","href":"https:\/\/api.w.org\/{rel}","templated":true}]}}