{"id":64548,"date":"2023-10-20T22:45:23","date_gmt":"2023-10-21T02:45:23","guid":{"rendered":"https:\/\/lasprimeras.com.do\/?p=64548"},"modified":"2023-10-20T22:45:24","modified_gmt":"2023-10-21T02:45:24","slug":"el-coe-lanzara-este-sabado-mas-de-27000-personas-para-operativos-contra-el-dengue","status":"publish","type":"post","link":"https:\/\/lasprimeras.com.do\/index.php\/2023\/10\/20\/el-coe-lanzara-este-sabado-mas-de-27000-personas-para-operativos-contra-el-dengue\/","title":{"rendered":"El COE lanzar\u00e1 este s\u00e1bado m\u00e1s de 27,000 personas para operativos contra el dengue"},"content":{"rendered":"\n<p><strong>Las jornadas del COE contra el dengue ser\u00e1n a partir de las 7:00 de la ma\u00f1ana en el Gran Santo Domingo, San Crist\u00f3bal, San Pedro, La Romana, Barahona, Montecristi, Peravia y Monte Plata.<\/strong><\/p>\n\n\n\n<p>El Centro de Operaciones de Emergencia (COE) lanzar\u00e1 este s\u00e1bado 21 de octubre un ej\u00e9rcito de 27,375 personas para ejecutar los operativos contra el Aedes aegypti, el mosquito que causa el dengue, enfermedad que ha matado a 11 personas y ha afectado a m\u00e1s de 12,000.<\/p>\n\n\n\n<p>Las jornadas ser\u00e1n a partir de las 7:00 de la ma\u00f1ana en en el Gran Santo Domingo, San Crist\u00f3bal, San Pedro, La Romana, Barahona, Montecristi, Peravia y Monte Plata, demarcaciones con m\u00e1s incidencias de afectados, seg\u00fan el mapa de calor que manejan las autoridades sanitarias.<\/p>\n\n\n\n<p>Los trabajos fueron anunciados el viernes en la tarde en el Ministerio de Salud P\u00fablica, donde el Gabinete de Acci\u00f3n Contra el Dengue, coordinado por la vicepresidenta Raquel Pe\u00f1a. En el lugar se presentaron parte de las brigadas que estar\u00e1n casa por casa eliminando los criaderos de mosquitos y orientado a la poblaci\u00f3n.<\/p>\n\n\n\n<p>Juan Manuel M\u00e9ndez, director del COE, indic\u00f3 que las jornadas consistir\u00e1n en dos fases: en la primera, camiones y motobombas fumigar\u00e1n los sectores; y la segunda, el personal eliminar\u00e1 los criaderos de mosquitos y deschatarrizaci\u00f3n de las \u00e1reas.<\/p>\n\n\n\n<p>La campa\u00f1a contra el dengue es la materializaci\u00f3n de las acciones que se tomaron en la reuni\u00f3n del mi\u00e9rcoles con el presidente Luis Abinader, en la que se crearon 10 medidas, incluyendo la conformaci\u00f3n del Gabinete Contra el Dengue, integrado por varios instituciones. Estas trabajar\u00e1n con el Ministerio de Salud P\u00fablica en la erradicaci\u00f3n del mosquito transmisor del dengue.<\/p>\n\n\n\n<p>Mario Lama, director del Servicio Nacional de Salud (SNS) expres\u00f3 que reforzaron los hospitales; Daniel Rivera, de Salud P\u00fablica, abund\u00f3 sobre los operativos realizados, mientras que la vicepresidenta Raquel Pe\u00f1a exhort\u00f3 a la poblaci\u00f3n a vacunarse contra la influenza y acudir a los centros de salud en caso de presentar s\u00edntomas parecidos al dengue.<\/p>\n","protected":false},"excerpt":{"rendered":"<p>Las jornadas del COE contra el dengue ser\u00e1n a partir de las 7:00 de la ma\u00f1ana en el Gran Santo Domingo, San Crist\u00f3bal, San Pedro, La Romana, Barahona, Montecristi, Peravia&hellip;<\/p>\n","protected":false},"author":2,"featured_media":58182,"comment_status":"open","ping_status":"open","sticky":false,"template":"","format":"standard","meta":{"content-type":"","jetpack_post_was_ever_published":false,"_jetpack_newsletter_access":"","_jetpack_dont_email_post_to_subs":false,"_jetpack_newsletter_tier_id":0,"_jetpack_memberships_contains_paywalled_content":false,"_jetpack_memberships_contains_paid_content":false,"footnotes":""},"categories":[35],"tags":[2266,458,2493],"class_list":["post-64548","post","type-post","status-publish","format-standard","has-post-thumbnail","hentry","category-nacionales","tag-coe","tag-dengue","tag-operativos"],"jetpack_featured_media_url":"https:\/\/lasprimeras.com.do\/wp-content\/uploads\/2023\/08\/coe.jpg","jetpack-related-posts":[{"id":112610,"url":"https:\/\/lasprimeras.com.do\/index.php\/2025\/10\/23\/abinader-dispone-para-este-viernes-suspension-de-la-docencia-en-todo-el-pais-y-de-las-labores-en-las-provincias-en-alerta-roja\/","url_meta":{"origin":64548,"position":0},"title":"Abinader dispone para este viernes suspensi\u00f3n de la docencia en todo el pa\u00eds y de las labores en las provincias en alerta roja","author":"Nelson Feliz","date":"23 de octubre de 2025","format":false,"excerpt":"Se extiende la alerta roja a las provincias La Romana, San Pedro de Macor\u00eds y Monte Plata, conjuntamente con Barahona, San Crist\u00f3bal, Santo Domingo, Distrito Nacional, San Jos\u00e9 de Ocoa, San Juan, Azua, Peravia y Pedernales. El presidente Luis Abinader orden\u00f3, ante el paso de la tormenta Melissa, la suspensi\u00f3n\u2026","rel":"","context":"En \u00abNACIONALES\u00bb","block_context":{"text":"NACIONALES","link":"https:\/\/lasprimeras.com.do\/index.php\/category\/nacionales\/"},"img":{"alt_text":"","src":"https:\/\/i0.wp.com\/lasprimeras.com.do\/wp-content\/uploads\/2025\/10\/Luis-Abinader-8.jpg?resize=350%2C200&ssl=1","width":350,"height":200,"srcset":"https:\/\/i0.wp.com\/lasprimeras.com.do\/wp-content\/uploads\/2025\/10\/Luis-Abinader-8.jpg?resize=350%2C200&ssl=1 1x, https:\/\/i0.wp.com\/lasprimeras.com.do\/wp-content\/uploads\/2025\/10\/Luis-Abinader-8.jpg?resize=525%2C300&ssl=1 1.5x, https:\/\/i0.wp.com\/lasprimeras.com.do\/wp-content\/uploads\/2025\/10\/Luis-Abinader-8.jpg?resize=700%2C400&ssl=1 2x"},"classes":[]},{"id":110174,"url":"https:\/\/lasprimeras.com.do\/index.php\/2025\/09\/26\/coe-declara-alerta-roja-en-santo-domingo-distrito-nacional-y-tres-provincias-por-onda-tropical\/","url_meta":{"origin":64548,"position":1},"title":"COE declara alerta roja en Santo Domingo, Distrito Nacional y tres provincias por onda tropical","author":"Nelson Feliz","date":"26 de septiembre de 2025","format":false,"excerpt":"La Direcci\u00f3n del Centro de Operaciones de Emergencias (COE) coloc\u00f3 este viernes a cuatro provincias y al Distrito Nacional en alerta roja, mientras mantiene nueve en amarilla y cinco en verde, debido a la incidencia de una activa onda tropical combinada con una vaguada en altura, que contin\u00faa generando aguaceros\u2026","rel":"","context":"En \u00abCLIMA\u00bb","block_context":{"text":"CLIMA","link":"https:\/\/lasprimeras.com.do\/index.php\/category\/clima\/"},"img":{"alt_text":"","src":"https:\/\/i0.wp.com\/lasprimeras.com.do\/wp-content\/uploads\/2025\/09\/COE.jpg?resize=350%2C200&ssl=1","width":350,"height":200},"classes":[]},{"id":110166,"url":"https:\/\/lasprimeras.com.do\/index.php\/2025\/09\/26\/educacion-suspende-docencia-en-centros-cercanos-a-rios-y-canadas\/","url_meta":{"origin":64548,"position":2},"title":"Educaci\u00f3n suspende docencia en centros cercanos a r\u00edos y ca\u00f1adas","author":"Nelson Feliz","date":"26 de septiembre de 2025","format":false,"excerpt":"El comunicado fue emitido pasadas las 8:00 de la ma\u00f1ana, activa protocolos de seguridad. El Ministerio de Educaci\u00f3n de la Rep\u00fablica Dominicana (MINERD) inform\u00f3 este viernes la activaci\u00f3n de protocolos de seguridad en las regionales educativas ubicadas en provincias bajo alerta amarilla, y autoriz\u00f3 la suspensi\u00f3n de docencia en aquellos\u2026","rel":"","context":"En \u00abNACIONALES\u00bb","block_context":{"text":"NACIONALES","link":"https:\/\/lasprimeras.com.do\/index.php\/category\/nacionales\/"},"img":{"alt_text":"Ministerio de Educaci\u00f3n","src":"https:\/\/i0.wp.com\/lasprimeras.com.do\/wp-content\/uploads\/2025\/05\/Ministerio-de-Educacion.jpg?resize=350%2C200&ssl=1","width":350,"height":200,"srcset":"https:\/\/i0.wp.com\/lasprimeras.com.do\/wp-content\/uploads\/2025\/05\/Ministerio-de-Educacion.jpg?resize=350%2C200&ssl=1 1x, https:\/\/i0.wp.com\/lasprimeras.com.do\/wp-content\/uploads\/2025\/05\/Ministerio-de-Educacion.jpg?resize=525%2C300&ssl=1 1.5x, https:\/\/i0.wp.com\/lasprimeras.com.do\/wp-content\/uploads\/2025\/05\/Ministerio-de-Educacion.jpg?resize=700%2C400&ssl=1 2x"},"classes":[]},{"id":110099,"url":"https:\/\/lasprimeras.com.do\/index.php\/2025\/09\/25\/coe-pone-9-provincias-en-alerta-amarilla-y-7-en-verde-por-lluvias-de-onda-tropical-y-vaguada\/","url_meta":{"origin":64548,"position":3},"title":"COE pone 9 provincias en alerta amarilla y 7 en verde por lluvias de onda tropical y vaguada","author":"Nelson Feliz","date":"25 de septiembre de 2025","format":false,"excerpt":"El Centro de Operaciones de Emergencias (COE) ampli\u00f3 a 16 las provincias en alerta por la incidencia activa de una onda tropical y una vaguada en varios niveles de la troposfera. En ese sentido, nueve provincias se encuentran en alerta amarilla, siendo estas el Gran Santo Domingo, Mar\u00eda Trinidad S\u00e1nchez,\u2026","rel":"","context":"En \u00abCLIMA\u00bb","block_context":{"text":"CLIMA","link":"https:\/\/lasprimeras.com.do\/index.php\/category\/clima\/"},"img":{"alt_text":"","src":"https:\/\/i0.wp.com\/lasprimeras.com.do\/wp-content\/uploads\/2025\/09\/coe.jpeg?resize=350%2C200&ssl=1","width":350,"height":200,"srcset":"https:\/\/i0.wp.com\/lasprimeras.com.do\/wp-content\/uploads\/2025\/09\/coe.jpeg?resize=350%2C200&ssl=1 1x, https:\/\/i0.wp.com\/lasprimeras.com.do\/wp-content\/uploads\/2025\/09\/coe.jpeg?resize=525%2C300&ssl=1 1.5x, https:\/\/i0.wp.com\/lasprimeras.com.do\/wp-content\/uploads\/2025\/09\/coe.jpeg?resize=700%2C400&ssl=1 2x"},"classes":[]},{"id":110232,"url":"https:\/\/lasprimeras.com.do\/index.php\/2025\/09\/26\/coe-eleva-a-29-las-provincias-en-alerta-por-onda-tropical-y-vaguada-la-sigue-capital-en-alerta-roja\/","url_meta":{"origin":64548,"position":4},"title":"COE eleva a 29 las provincias en alerta por onda tropical y vaguada; la sigue capital en alerta roja","author":"Nelson Feliz","date":"26 de septiembre de 2025","format":false,"excerpt":"El organismo mantiene en alerta roja al Gran Santo Domingo y a cuatro provincias. El Centro de Operaciones de Emergencias (COE) aument\u00f3 este viernes el n\u00famero de provincias en alerta, debido a los efectos de un amplio campo nuboso asociado a una activa onda tropical, cuyo eje se encuentra actualmente\u2026","rel":"","context":"En \u00abCLIMA\u00bb","block_context":{"text":"CLIMA","link":"https:\/\/lasprimeras.com.do\/index.php\/category\/clima\/"},"img":{"alt_text":"","src":"https:\/\/i0.wp.com\/lasprimeras.com.do\/wp-content\/uploads\/2025\/09\/Mapa-de-las-alertas-emitido-por-el-COE-la-manana-de-este-viernes.jpg?resize=350%2C200&ssl=1","width":350,"height":200,"srcset":"https:\/\/i0.wp.com\/lasprimeras.com.do\/wp-content\/uploads\/2025\/09\/Mapa-de-las-alertas-emitido-por-el-COE-la-manana-de-este-viernes.jpg?resize=350%2C200&ssl=1 1x, https:\/\/i0.wp.com\/lasprimeras.com.do\/wp-content\/uploads\/2025\/09\/Mapa-de-las-alertas-emitido-por-el-COE-la-manana-de-este-viernes.jpg?resize=525%2C300&ssl=1 1.5x, https:\/\/i0.wp.com\/lasprimeras.com.do\/wp-content\/uploads\/2025\/09\/Mapa-de-las-alertas-emitido-por-el-COE-la-manana-de-este-viernes.jpg?resize=700%2C400&ssl=1 2x"},"classes":[]},{"id":110285,"url":"https:\/\/lasprimeras.com.do\/index.php\/2025\/09\/27\/coe-mantiene-25-provincias-en-alerta-por-incidencia-indirecta-del-potencial-ciclon-9\/","url_meta":{"origin":64548,"position":5},"title":"COE mantiene 25 provincias en alerta por incidencia indirecta del potencial cicl\u00f3n #9","author":"Nelson Feliz","date":"27 de septiembre de 2025","format":false,"excerpt":"El Instituto Dominicano de Meteorolog\u00eda (Indomet) advierte que el s\u00e1bado se esperan precipitaciones de intensidad variable con tormentas el\u00e9ctricas. El Centro de Operaciones de Emergencias (COE) mantiene alerta para 25 provincias, dado que los efectos indirectos del potencial cicl\u00f3n tropical #9 seguir\u00e1n generando lluvias en el pa\u00eds el fin de\u2026","rel":"","context":"En \u00abCLIMA\u00bb","block_context":{"text":"CLIMA","link":"https:\/\/lasprimeras.com.do\/index.php\/category\/clima\/"},"img":{"alt_text":"","src":"https:\/\/i0.wp.com\/lasprimeras.com.do\/wp-content\/uploads\/2025\/09\/mapa.jpeg?resize=350%2C200&ssl=1","width":350,"height":200,"srcset":"https:\/\/i0.wp.com\/lasprimeras.com.do\/wp-content\/uploads\/2025\/09\/mapa.jpeg?resize=350%2C200&ssl=1 1x, https:\/\/i0.wp.com\/lasprimeras.com.do\/wp-content\/uploads\/2025\/09\/mapa.jpeg?resize=525%2C300&ssl=1 1.5x, https:\/\/i0.wp.com\/lasprimeras.com.do\/wp-content\/uploads\/2025\/09\/mapa.jpeg?resize=700%2C400&ssl=1 2x"},"classes":[]}],"jetpack_sharing_enabled":true,"_links":{"self":[{"href":"https:\/\/lasprimeras.com.do\/index.php\/wp-json\/wp\/v2\/posts\/64548","targetHints":{"allow":["GET"]}}],"collection":[{"href":"https:\/\/lasprimeras.com.do\/index.php\/wp-json\/wp\/v2\/posts"}],"about":[{"href":"https:\/\/lasprimeras.com.do\/index.php\/wp-json\/wp\/v2\/types\/post"}],"author":[{"embeddable":true,"href":"https:\/\/lasprimeras.com.do\/index.php\/wp-json\/wp\/v2\/users\/2"}],"replies":[{"embeddable":true,"href":"https:\/\/lasprimeras.com.do\/index.php\/wp-json\/wp\/v2\/comments?post=64548"}],"version-history":[{"count":1,"href":"https:\/\/lasprimeras.com.do\/index.php\/wp-json\/wp\/v2\/posts\/64548\/revisions"}],"predecessor-version":[{"id":64549,"href":"https:\/\/lasprimeras.com.do\/index.php\/wp-json\/wp\/v2\/posts\/64548\/revisions\/64549"}],"wp:featuredmedia":[{"embeddable":true,"href":"https:\/\/lasprimeras.com.do\/index.php\/wp-json\/wp\/v2\/media\/58182"}],"wp:attachment":[{"href":"https:\/\/lasprimeras.com.do\/index.php\/wp-json\/wp\/v2\/media?parent=64548"}],"wp:term":[{"taxonomy":"category","embeddable":true,"href":"https:\/\/lasprimeras.com.do\/index.php\/wp-json\/wp\/v2\/categories?post=64548"},{"taxonomy":"post_tag","embeddable":true,"href":"https:\/\/lasprimeras.com.do\/index.php\/wp-json\/wp\/v2\/tags?post=64548"}],"curies":[{"name":"wp","href":"https:\/\/api.w.org\/{rel}","templated":true}]}}