{"id":64556,"date":"2023-10-20T23:37:52","date_gmt":"2023-10-21T03:37:52","guid":{"rendered":"https:\/\/lasprimeras.com.do\/?p=64556"},"modified":"2023-10-20T23:37:53","modified_gmt":"2023-10-21T03:37:53","slug":"pcr-proclamara-este-domingo-al-presidente-abinader-como-su-candidato-presidencial","status":"publish","type":"post","link":"https:\/\/lasprimeras.com.do\/index.php\/2023\/10\/20\/pcr-proclamara-este-domingo-al-presidente-abinader-como-su-candidato-presidencial\/","title":{"rendered":"PCR proclamara este domingo al presidente Abinader como su candidato presidencial"},"content":{"rendered":"\n<p>El presidente Luis Abinader ser\u00e1 proclamado en asamblea de delegados este domingo como candidato presidencial del Partido C\u00edvico Renovador, que preside el ex comandante general del Ej\u00e9rcito, Jorge Zorrilla Ozuna.<\/p>\n\n\n\n<p>La asamblea de proclamaci\u00f3n est\u00e1 fijada para las 10 de la ma\u00f1ana, en el emblem\u00e1tico Club Mauricio B\u00e1ez en Santo Domingo.<\/p>\n\n\n\n<p>Luego de darse a conocer varias resoluciones aprobadas por la matr\u00edcula de delegados de esa organizaci\u00f3n partidaria emergente, Zorrilla Ozuna y la Comisi\u00f3n Pol\u00edtica proclamar\u00e1n y juramentar\u00e1n al jefe de Estado para figurar en la casilla n\u00famero 10 del PCR en su boleta presidencial de mayo del 2024.<\/p>\n\n\n\n<p>Previamente, los asamble\u00edstas conocer\u00e1n varias resoluciones. Entre \u00e9stas destacan la de las reservas de candidaturas hechas por su Comisi\u00f3n Electoral ante la Junta Central Electoral y una de respaldo oficial a las ejecutorias del gobierno dominicano frente a las intenciones da\u00f1inas de Hait\u00ed en la frontera que divide ambos pa\u00edses.<\/p>\n\n\n\n<p>El acto, que estar\u00e1 supervisado por la JCE, contar\u00e1 con representaciones de todo el pa\u00eds y de invitados especiales de diferentes partidos pol\u00edticos, empresariales, profesionales y religiosos.<\/p>\n\n\n\n<p>Los trabajos de la asamblea estar\u00e1n a cargo del presidente y secretario general del PCR, Jorge Zorrilla Ozuna y Franklin White, acompa\u00f1ados por la alta dirigencia de esa organizaci\u00f3n pol\u00edtica.<\/p>\n","protected":false},"excerpt":{"rendered":"<p>El presidente Luis Abinader ser\u00e1 proclamado en asamblea de delegados este domingo como candidato presidencial del Partido C\u00edvico Renovador, que preside el ex comandante general del Ej\u00e9rcito, Jorge Zorrilla Ozuna.&hellip;<\/p>\n","protected":false},"author":2,"featured_media":64557,"comment_status":"open","ping_status":"open","sticky":false,"template":"","format":"standard","meta":{"content-type":"","jetpack_post_was_ever_published":false,"_jetpack_newsletter_access":"","_jetpack_dont_email_post_to_subs":false,"_jetpack_newsletter_tier_id":0,"_jetpack_memberships_contains_paywalled_content":false,"_jetpack_memberships_contains_paid_content":false,"footnotes":""},"categories":[1],"tags":[1526,8743,67,4292,2588,8742],"class_list":["post-64556","post","type-post","status-publish","format-standard","has-post-thumbnail","hentry","category-sin-categoria","tag-candidato","tag-jorge-zorrilla-ozuna","tag-luis-abinader","tag-pcr","tag-presidencial","tag-proclamara"],"jetpack_featured_media_url":"https:\/\/lasprimeras.com.do\/wp-content\/uploads\/2023\/10\/PCR.jpg","jetpack-related-posts":[{"id":64577,"url":"https:\/\/lasprimeras.com.do\/index.php\/2023\/10\/21\/luis-leonel-y-abel-seran-proclamados-el-fin-de-semana\/","url_meta":{"origin":64556,"position":0},"title":"Luis, Leonel y Abel ser\u00e1n proclamados el fin de semana","author":"BIMARY DE JES\u00daS Matos","date":"21 de octubre de 2023","format":false,"excerpt":"Santo Domingo.-Los partidos emergentes proclamar\u00e1n las candidaturas de sus aliados y realizar\u00e1n asambleas de delegados para aprobar las candidaturas de cara al 2024. Los candidatos presidenciales Luis Abinader, Leonel Fern\u00e1ndez y Abel Mart\u00ednez ser\u00e1n proclamados candidatos presidenciales por distintos partidos este fin de semana. En el caso de Mart\u00ednez, el\u2026","rel":"","context":"En \u00abSin categor\u00eda\u00bb","block_context":{"text":"Sin categor\u00eda","link":"https:\/\/lasprimeras.com.do\/index.php\/category\/sin-categoria\/"},"img":{"alt_text":"","src":"https:\/\/i0.wp.com\/lasprimeras.com.do\/wp-content\/uploads\/2023\/10\/WhatsApp-Image-2023-10-20-at-7.27.30-PM-5.jpeg?resize=350%2C200&ssl=1","width":350,"height":200,"srcset":"https:\/\/i0.wp.com\/lasprimeras.com.do\/wp-content\/uploads\/2023\/10\/WhatsApp-Image-2023-10-20-at-7.27.30-PM-5.jpeg?resize=350%2C200&ssl=1 1x, https:\/\/i0.wp.com\/lasprimeras.com.do\/wp-content\/uploads\/2023\/10\/WhatsApp-Image-2023-10-20-at-7.27.30-PM-5.jpeg?resize=525%2C300&ssl=1 1.5x"},"classes":[]},{"id":64676,"url":"https:\/\/lasprimeras.com.do\/index.php\/2023\/10\/22\/partido-civico-renovador-proclama-a-abinader-como-candidato-presidencial\/","url_meta":{"origin":64556,"position":1},"title":"Partido C\u00edvico Renovador proclama a Abinader como candidato presidencial","author":"Nelson Feliz","date":"22 de octubre de 2023","format":false,"excerpt":"Previo a la proclamaci\u00f3n de la candidatura del mandatario, los asamble\u00edstas conocieron varias resoluciones, entre ellas, las candidaturas reservadas ante la Junta Central Electoral (JCE). El Partido C\u00edvico Renovador (PCR) proclam\u00f3 la ma\u00f1ana de este domingo a Luis Abinader como su candidato presidencial en las pr\u00f3ximas elecciones de 2024. El\u2026","rel":"","context":"En \u00abSin categor\u00eda\u00bb","block_context":{"text":"Sin categor\u00eda","link":"https:\/\/lasprimeras.com.do\/index.php\/category\/sin-categoria\/"},"img":{"alt_text":"Proclamaci\u00f3n de Luis Abinader como candidato presidencial del PCR","src":"https:\/\/i0.wp.com\/lasprimeras.com.do\/wp-content\/uploads\/2023\/10\/Proclamacion-de-Luis-Abinader-como-candidato-presidencial-del-PCR.jpeg?resize=350%2C200&ssl=1","width":350,"height":200,"srcset":"https:\/\/i0.wp.com\/lasprimeras.com.do\/wp-content\/uploads\/2023\/10\/Proclamacion-de-Luis-Abinader-como-candidato-presidencial-del-PCR.jpeg?resize=350%2C200&ssl=1 1x, https:\/\/i0.wp.com\/lasprimeras.com.do\/wp-content\/uploads\/2023\/10\/Proclamacion-de-Luis-Abinader-como-candidato-presidencial-del-PCR.jpeg?resize=525%2C300&ssl=1 1.5x, https:\/\/i0.wp.com\/lasprimeras.com.do\/wp-content\/uploads\/2023\/10\/Proclamacion-de-Luis-Abinader-como-candidato-presidencial-del-PCR.jpeg?resize=700%2C400&ssl=1 2x"},"classes":[]},{"id":69047,"url":"https:\/\/lasprimeras.com.do\/index.php\/2023\/11\/29\/jorge-zorrilla-hijo-inscribe-candidatura-a-diputacion-nacional-por-el-prm-pcr\/","url_meta":{"origin":64556,"position":2},"title":"Jorge Zorrilla (hijo) inscribe candidatura a diputaci\u00f3n nacional por el PRM-PCR","author":"BIMARY DE JES\u00daS Matos","date":"29 de noviembre de 2023","format":false,"excerpt":"SANTO DOMINGO.- El presidente en funciones del Partido C\u00edvico Renovador (PCR), Jorge Zorrilla Gonz\u00e1lez, inscribi\u00f3 su candidatura a diputado nacional ante la Junta Central Electoral. \u201cTenemos amplias posibilidades de hacer realidad esta propuesta, que ya cuenta con el respaldo total del Partido Revolucionario Moderno (PRM), con quien el PCR va\u2026","rel":"","context":"En \u00abSin categor\u00eda\u00bb","block_context":{"text":"Sin categor\u00eda","link":"https:\/\/lasprimeras.com.do\/index.php\/category\/sin-categoria\/"},"img":{"alt_text":"","src":"https:\/\/i0.wp.com\/lasprimeras.com.do\/wp-content\/uploads\/2023\/11\/Hidrocarburos-6-2.jpg?resize=350%2C200&ssl=1","width":350,"height":200,"srcset":"https:\/\/i0.wp.com\/lasprimeras.com.do\/wp-content\/uploads\/2023\/11\/Hidrocarburos-6-2.jpg?resize=350%2C200&ssl=1 1x, https:\/\/i0.wp.com\/lasprimeras.com.do\/wp-content\/uploads\/2023\/11\/Hidrocarburos-6-2.jpg?resize=525%2C300&ssl=1 1.5x"},"classes":[]},{"id":65599,"url":"https:\/\/lasprimeras.com.do\/index.php\/2023\/10\/30\/los-partidos-justicia-social-y-el-pri-proclaman-a-abinder-como-su-candidato-presidencial\/","url_meta":{"origin":64556,"position":3},"title":"Los partidos Justicia Social y el PRI proclaman a Abinder como su candidato presidencial","author":"Nelson Feliz","date":"30 de octubre de 2023","format":false,"excerpt":"Los partidos Reformista Social Cristiano (PRSC) y Revolucionario Independiente (PRI) se convirtieron en las \u00faltimas entidades pol\u00edticas en proclamar al actual mandatario Luis Abinader como su candidato presidencial para las elecciones de mayo del pr\u00f3ximo a\u00f1o. Los reformistas seleccionaron a Abinader en el marco de la Convenci\u00f3n Nacional Ordinaria \u201cMiguel\u2026","rel":"","context":"En \u00abSin categor\u00eda\u00bb","block_context":{"text":"Sin categor\u00eda","link":"https:\/\/lasprimeras.com.do\/index.php\/category\/sin-categoria\/"},"img":{"alt_text":"Proclamaci\u00f3n de Luis Abinader como candidato presidencial del PCR","src":"https:\/\/i0.wp.com\/lasprimeras.com.do\/wp-content\/uploads\/2023\/10\/Proclamacion-de-Luis-Abinader-como-candidato-presidencial-del-PCR.jpeg?resize=350%2C200&ssl=1","width":350,"height":200,"srcset":"https:\/\/i0.wp.com\/lasprimeras.com.do\/wp-content\/uploads\/2023\/10\/Proclamacion-de-Luis-Abinader-como-candidato-presidencial-del-PCR.jpeg?resize=350%2C200&ssl=1 1x, https:\/\/i0.wp.com\/lasprimeras.com.do\/wp-content\/uploads\/2023\/10\/Proclamacion-de-Luis-Abinader-como-candidato-presidencial-del-PCR.jpeg?resize=525%2C300&ssl=1 1.5x, https:\/\/i0.wp.com\/lasprimeras.com.do\/wp-content\/uploads\/2023\/10\/Proclamacion-de-Luis-Abinader-como-candidato-presidencial-del-PCR.jpeg?resize=700%2C400&ssl=1 2x"},"classes":[]},{"id":53972,"url":"https:\/\/lasprimeras.com.do\/index.php\/2023\/07\/03\/renuncia-presidenta-del-pcr-en-boca-chica-por-maltratos-de-zorrilla-ozuna\/","url_meta":{"origin":64556,"position":4},"title":"Renuncia presidenta del PCR en Boca Chica; por maltratos de Zorrilla Ozuna","author":"Nelson Feliz","date":"3 de julio de 2023","format":false,"excerpt":"La presidenta y regidora del Partido C\u00edvico Renovador (PCR) Carolina Alburquerque, present\u00f3 formal renuncia, ante el presidente de la organizaci\u00f3n pol\u00edtica ex jefe del ej\u00e9rcito Mayor General Jorge Radham\u00e9s Zorrilla Ozuna. La actual presidenta del Concejo de Regidores del Ayuntamiento de Boca Chica, Alburquerque, expres\u00f3 que ha sido expuesta a\u2026","rel":"","context":"En \u00abPORTADA\u00bb","block_context":{"text":"PORTADA","link":"https:\/\/lasprimeras.com.do\/index.php\/category\/portada\/"},"img":{"alt_text":"CAROLINA ALBURQUEQUE","src":"https:\/\/i0.wp.com\/lasprimeras.com.do\/wp-content\/uploads\/2023\/07\/CAROLINA-ALBURQUEQUE.jpg?resize=350%2C200&ssl=1","width":350,"height":200,"srcset":"https:\/\/i0.wp.com\/lasprimeras.com.do\/wp-content\/uploads\/2023\/07\/CAROLINA-ALBURQUEQUE.jpg?resize=350%2C200&ssl=1 1x, https:\/\/i0.wp.com\/lasprimeras.com.do\/wp-content\/uploads\/2023\/07\/CAROLINA-ALBURQUEQUE.jpg?resize=525%2C300&ssl=1 1.5x, https:\/\/i0.wp.com\/lasprimeras.com.do\/wp-content\/uploads\/2023\/07\/CAROLINA-ALBURQUEQUE.jpg?resize=700%2C400&ssl=1 2x"},"classes":[]},{"id":94974,"url":"https:\/\/lasprimeras.com.do\/index.php\/2025\/03\/07\/pcr-someteran-proyecto-que-busca-declarar-presidente-electo-post-mortem-a-pena-gomez\/","url_meta":{"origin":64556,"position":5},"title":"PCR someter\u00e1n proyecto que busca declarar Presidente Electo Post Mortem a Pe\u00f1a G\u00f3mez","author":"Nelson Feliz","date":"7 de marzo de 2025","format":false,"excerpt":"El presidente del Partido C\u00edvico Renovador (PCR), mayor general retirado Jorge Radham\u00e9s Zorrilla Ozuna, promueve un anteproyecto de ley para presentarlo ante el Congreso de la Rep\u00fablica que declarar\u00e1 como \u201cPresidente Post Mortem 1994\u201d al fenecido l\u00edder de masas y pol\u00edtico dominicano doctor Jos\u00e9 Francisco Pe\u00f1a G\u00f3mez. Zorrilla Ozuna dijo\u2026","rel":"","context":"En \u00abPOLITICA\u00bb","block_context":{"text":"POLITICA","link":"https:\/\/lasprimeras.com.do\/index.php\/category\/politica\/"},"img":{"alt_text":"Jorge Radham\u00e9s Zorrilla Ozuna","src":"https:\/\/i0.wp.com\/lasprimeras.com.do\/wp-content\/uploads\/2025\/03\/Jorge-Radhames-Zorrilla-Ozuna.jpg?resize=350%2C200&ssl=1","width":350,"height":200,"srcset":"https:\/\/i0.wp.com\/lasprimeras.com.do\/wp-content\/uploads\/2025\/03\/Jorge-Radhames-Zorrilla-Ozuna.jpg?resize=350%2C200&ssl=1 1x, https:\/\/i0.wp.com\/lasprimeras.com.do\/wp-content\/uploads\/2025\/03\/Jorge-Radhames-Zorrilla-Ozuna.jpg?resize=525%2C300&ssl=1 1.5x, https:\/\/i0.wp.com\/lasprimeras.com.do\/wp-content\/uploads\/2025\/03\/Jorge-Radhames-Zorrilla-Ozuna.jpg?resize=700%2C400&ssl=1 2x"},"classes":[]}],"jetpack_sharing_enabled":true,"_links":{"self":[{"href":"https:\/\/lasprimeras.com.do\/index.php\/wp-json\/wp\/v2\/posts\/64556","targetHints":{"allow":["GET"]}}],"collection":[{"href":"https:\/\/lasprimeras.com.do\/index.php\/wp-json\/wp\/v2\/posts"}],"about":[{"href":"https:\/\/lasprimeras.com.do\/index.php\/wp-json\/wp\/v2\/types\/post"}],"author":[{"embeddable":true,"href":"https:\/\/lasprimeras.com.do\/index.php\/wp-json\/wp\/v2\/users\/2"}],"replies":[{"embeddable":true,"href":"https:\/\/lasprimeras.com.do\/index.php\/wp-json\/wp\/v2\/comments?post=64556"}],"version-history":[{"count":1,"href":"https:\/\/lasprimeras.com.do\/index.php\/wp-json\/wp\/v2\/posts\/64556\/revisions"}],"predecessor-version":[{"id":64558,"href":"https:\/\/lasprimeras.com.do\/index.php\/wp-json\/wp\/v2\/posts\/64556\/revisions\/64558"}],"wp:featuredmedia":[{"embeddable":true,"href":"https:\/\/lasprimeras.com.do\/index.php\/wp-json\/wp\/v2\/media\/64557"}],"wp:attachment":[{"href":"https:\/\/lasprimeras.com.do\/index.php\/wp-json\/wp\/v2\/media?parent=64556"}],"wp:term":[{"taxonomy":"category","embeddable":true,"href":"https:\/\/lasprimeras.com.do\/index.php\/wp-json\/wp\/v2\/categories?post=64556"},{"taxonomy":"post_tag","embeddable":true,"href":"https:\/\/lasprimeras.com.do\/index.php\/wp-json\/wp\/v2\/tags?post=64556"}],"curies":[{"name":"wp","href":"https:\/\/api.w.org\/{rel}","templated":true}]}}