{"id":64559,"date":"2023-10-21T09:26:22","date_gmt":"2023-10-21T13:26:22","guid":{"rendered":"https:\/\/lasprimeras.com.do\/?p=64559"},"modified":"2023-10-21T09:26:24","modified_gmt":"2023-10-21T13:26:24","slug":"maluma-revela-que-sera-padre-de-una-nina-y-las-fanaticas-reaccionan","status":"publish","type":"post","link":"https:\/\/lasprimeras.com.do\/index.php\/2023\/10\/21\/maluma-revela-que-sera-padre-de-una-nina-y-las-fanaticas-reaccionan\/","title":{"rendered":"Maluma revela que ser\u00e1 padre de una ni\u00f1a y las fan\u00e1ticas reaccionan"},"content":{"rendered":"\n<p>Santo Domingo.-El cantante colombiano Maluma confirm\u00f3 este jueves que ser\u00e1 padre por primera vez ya que su pareja, la arquitecta colombiana Susana G\u00f3mez, est\u00e1 embarazada de una ni\u00f1a.<\/p>\n\n\n\n<p>El artista hizo el anuncio en mitad de un concierto celebrado en la capital estadounidense como parte de su gira \u00abDon Juan\u00bb y lo hizo a trav\u00e9s de un video musical.<\/p>\n\n\n\n<p>\u00abMi gente, les tengo una sorpresa esta noche. Hoy vamos a hacer el estreno mundial de mi pr\u00f3ximo video. Ustedes van a ser testigos de algo que nadie en el mundo entero est\u00e1 viendo\u00bb, afirm\u00f3 el artista sobre el escenario, antes de presentar su \u00faltimo videoclip \u00abProcura\u00bb.<\/p>\n\n\n\n<p>En \u00e9l aparecen im\u00e1genes de la pareja en viajes y escenas \u00edntimas de su vida cotidiana y, en la parte final, ambos acuden a una cl\u00ednica donde a G\u00f3mez le hacen una ecograf\u00eda.<\/p>\n\n\n\n<p>La sorpresa final del video es una fiesta familiar de revelaci\u00f3n de g\u00e9nero en la que se anuncia, con humo y fuegos artificiales de color rosa fucsia, que el beb\u00e9 ser\u00e1 una ni\u00f1a.<\/p>\n\n\n\n<p>Juan Luis Londo\u00f1o, m\u00e1s conocido como Maluma, se qued\u00f3 viendo el v\u00eddeo con el p\u00fablico y, emocionado hasta las l\u00e1grimas, sali\u00f3 del escenario se\u00f1alando a la pantalla y diciendo: \u00abel verdadero Maluma baby\u00bb.<\/p>\n\n\n\n<p>El cantante de m\u00fasica urbana de 29 a\u00f1os, originario de Medell\u00edn, quien ha popularizado temas como \u00abFelices los cuatro\u00bb o \u00abHaw\u00e1i\u00bb, lleva dos a\u00f1os saliendo con su pareja, una relaci\u00f3n que ambos han mantenido de manera discreta.<\/p>\n","protected":false},"excerpt":{"rendered":"<p>Santo Domingo.-El cantante colombiano Maluma confirm\u00f3 este jueves que ser\u00e1 padre por primera vez ya que su pareja, la arquitecta colombiana Susana G\u00f3mez, est\u00e1 embarazada de una ni\u00f1a. El artista&hellip;<\/p>\n","protected":false},"author":3,"featured_media":64560,"comment_status":"open","ping_status":"open","sticky":false,"template":"","format":"standard","meta":{"content-type":"","jetpack_post_was_ever_published":false,"_jetpack_newsletter_access":"","_jetpack_dont_email_post_to_subs":false,"_jetpack_newsletter_tier_id":0,"_jetpack_memberships_contains_paywalled_content":false,"_jetpack_memberships_contains_paid_content":false,"footnotes":""},"categories":[84],"tags":[],"class_list":["post-64559","post","type-post","status-publish","format-standard","has-post-thumbnail","hentry","category-entretenimiento"],"jetpack_featured_media_url":"https:\/\/lasprimeras.com.do\/wp-content\/uploads\/2023\/10\/WhatsApp-Image-2023-10-20-at-7.27.30-PM.png","jetpack-related-posts":[{"id":70139,"url":"https:\/\/lasprimeras.com.do\/index.php\/2023\/12\/08\/maluma-lanza-el-sexy-video-de-bikini\/","url_meta":{"origin":64559,"position":0},"title":"Maluma lanza el sexy video de &#8220;Bikini&#8221;","author":"BIMARY DE JES\u00daS Matos","date":"8 de diciembre de 2023","format":false,"excerpt":"Santo Domingo.-El cantante y compositor colombiano Maluma lanz\u00f3 el video de su canci\u00f3n \u00abBikini\u00bb, correspondiente a su nuevo \u00e1lbum Don Juan. El nuevo y sexy video fue dirigido por Maluma junto a C\u00e9sar \u00abTes\u00bb Pimienta en las playas de N\u00e1poles, Italia, y tuvo su estreno mundial en MTV Live, MTVU,\u2026","rel":"","context":"En \u00abENTRETENIMIENTO\u00bb","block_context":{"text":"ENTRETENIMIENTO","link":"https:\/\/lasprimeras.com.do\/index.php\/category\/entretenimiento\/"},"img":{"alt_text":"","src":"https:\/\/i0.wp.com\/lasprimeras.com.do\/wp-content\/uploads\/2023\/12\/407687961_18403296082008455_1909368182557485689_n-8.jpg?resize=350%2C200&ssl=1","width":350,"height":200,"srcset":"https:\/\/i0.wp.com\/lasprimeras.com.do\/wp-content\/uploads\/2023\/12\/407687961_18403296082008455_1909368182557485689_n-8.jpg?resize=350%2C200&ssl=1 1x, https:\/\/i0.wp.com\/lasprimeras.com.do\/wp-content\/uploads\/2023\/12\/407687961_18403296082008455_1909368182557485689_n-8.jpg?resize=525%2C300&ssl=1 1.5x"},"classes":[]},{"id":80297,"url":"https:\/\/lasprimeras.com.do\/index.php\/2024\/04\/07\/video-arremeten-contra-karol-g-por-interrumpir-una-pedida-de-matrimonio-en-una-cancion\/","url_meta":{"origin":64559,"position":1},"title":"VIDEO: Arremeten contra Karol G por interrumpir una pedida de matrimonio en una canci\u00f3n","author":"Nelson Feliz","date":"7 de abril de 2024","format":false,"excerpt":"Karol G se encuentra en su actual gira \u201cMa\u00f1ana Ser\u00e1 Bonito\u201d por Sudam\u00e9rica. Por Miguel \u00c1ngel Escudero Karol G se ha convertido en blanco de cr\u00edticas por en\u00e9sima ocasi\u00f3n en las \u00faltimas semanas. Y es que luego de ser atacada, a trav\u00e9s de redes sociales, por una diversidad de factores\u2026","rel":"","context":"En \u00abENTRETENIMIENTO\u00bb","block_context":{"text":"ENTRETENIMIENTO","link":"https:\/\/lasprimeras.com.do\/index.php\/category\/entretenimiento\/"},"img":{"alt_text":"Karol G fue se\u00f1alada recientemente de copiar el estilo de baile de Shakira.","src":"https:\/\/i0.wp.com\/lasprimeras.com.do\/wp-content\/uploads\/2024\/04\/Karol-G.jpg?resize=350%2C200&ssl=1","width":350,"height":200,"srcset":"https:\/\/i0.wp.com\/lasprimeras.com.do\/wp-content\/uploads\/2024\/04\/Karol-G.jpg?resize=350%2C200&ssl=1 1x, https:\/\/i0.wp.com\/lasprimeras.com.do\/wp-content\/uploads\/2024\/04\/Karol-G.jpg?resize=525%2C300&ssl=1 1.5x"},"classes":[]},{"id":84115,"url":"https:\/\/lasprimeras.com.do\/index.php\/2024\/05\/30\/soley-estrena-su-nuevo-sencillo-enemigo\/","url_meta":{"origin":64559,"position":2},"title":"Soley estrena su nuevo sencillo &#8220;Enemigo&#8221;","author":"Nelson Feliz","date":"30 de mayo de 2024","format":false,"excerpt":"Miami, FL \u2013 Despu\u00e9s de haber sido seleccionada por Spotify como la \u00fanica artista femenina entre los talentos colombianos que est\u00e1n revolucionando la m\u00fasica urbana en este 2024, Soley \u201cLa Bellakita\u201d nos presenta su nuevo tema musical \"Enemigo\". Con una letra cargada de emociones crudas y una melod\u00eda pegadiza, \"Enemigo\"\u2026","rel":"","context":"En \u00abENTRETENIMIENTO\u00bb","block_context":{"text":"ENTRETENIMIENTO","link":"https:\/\/lasprimeras.com.do\/index.php\/category\/entretenimiento\/"},"img":{"alt_text":"soley","src":"https:\/\/i0.wp.com\/lasprimeras.com.do\/wp-content\/uploads\/2024\/05\/soley-1.png?resize=350%2C200&ssl=1","width":350,"height":200,"srcset":"https:\/\/i0.wp.com\/lasprimeras.com.do\/wp-content\/uploads\/2024\/05\/soley-1.png?resize=350%2C200&ssl=1 1x, https:\/\/i0.wp.com\/lasprimeras.com.do\/wp-content\/uploads\/2024\/05\/soley-1.png?resize=525%2C300&ssl=1 1.5x, https:\/\/i0.wp.com\/lasprimeras.com.do\/wp-content\/uploads\/2024\/05\/soley-1.png?resize=700%2C400&ssl=1 2x"},"classes":[]},{"id":60682,"url":"https:\/\/lasprimeras.com.do\/index.php\/2023\/09\/17\/romeo-santos-se-roba-el-corazon-de-los-colombianos-con-su-concierto-en-medellin\/","url_meta":{"origin":64559,"position":3},"title":"Romeo Santos se roba el coraz\u00f3n de los colombianos con su concierto en Medell\u00edn","author":"Nelson Feliz","date":"17 de septiembre de 2023","format":false,"excerpt":"El evento estuvo a casa llena, superando los 42,000 espectadores. Romeo Santos sali\u00f3 a escena en Medell\u00edn luego de seis a\u00f1os de su \u00faltima presentaci\u00f3n en esa ciudad, donde este s\u00e1bado se rob\u00f3 el coraz\u00f3n de m\u00e1s de 42 mil personas que asistieron al Estadio Atanasio Girardot. Posterior al intro\u2026","rel":"","context":"En \u00abENTRETENIMIENTO\u00bb","block_context":{"text":"ENTRETENIMIENTO","link":"https:\/\/lasprimeras.com.do\/index.php\/category\/entretenimiento\/"},"img":{"alt_text":"Romeo Santos","src":"https:\/\/i0.wp.com\/lasprimeras.com.do\/wp-content\/uploads\/2023\/09\/Romeo-Santos.jpeg?resize=350%2C200&ssl=1","width":350,"height":200,"srcset":"https:\/\/i0.wp.com\/lasprimeras.com.do\/wp-content\/uploads\/2023\/09\/Romeo-Santos.jpeg?resize=350%2C200&ssl=1 1x, https:\/\/i0.wp.com\/lasprimeras.com.do\/wp-content\/uploads\/2023\/09\/Romeo-Santos.jpeg?resize=525%2C300&ssl=1 1.5x, https:\/\/i0.wp.com\/lasprimeras.com.do\/wp-content\/uploads\/2023\/09\/Romeo-Santos.jpeg?resize=700%2C400&ssl=1 2x"},"classes":[]},{"id":68469,"url":"https:\/\/lasprimeras.com.do\/index.php\/2023\/11\/24\/a-sus-54-anos-actriz-alina-lozano-se-casa-con-su-pareja-30-anos-menor-que-ella\/","url_meta":{"origin":64559,"position":4},"title":"\u00a1A sus 54 a\u00f1os! Actriz Alina Lozano se casa con su pareja 30 a\u00f1os menor que ella","author":"Nelson Feliz","date":"24 de noviembre de 2023","format":false,"excerpt":"La pareja contrajo matrimonio en una ceremonia frente a 60 invitados. La actriz colombiana Alina Lozano, de 54 a\u00f1os conocida por su participaci\u00f3n en \"Hasta que la plata nos separe\" y \"La reina del sur\", contrajo matrimonio con el joven creador de contenido, Jim Vel\u00e1squez, de 24 a\u00f1os. La pareja,\u2026","rel":"","context":"En \u00abENTRETENIMIENTO\u00bb","block_context":{"text":"ENTRETENIMIENTO","link":"https:\/\/lasprimeras.com.do\/index.php\/category\/entretenimiento\/"},"img":{"alt_text":"","src":"https:\/\/i0.wp.com\/lasprimeras.com.do\/wp-content\/uploads\/2023\/11\/Alina-Lozano-y-Jim-Velasquez.jpeg?resize=350%2C200&ssl=1","width":350,"height":200,"srcset":"https:\/\/i0.wp.com\/lasprimeras.com.do\/wp-content\/uploads\/2023\/11\/Alina-Lozano-y-Jim-Velasquez.jpeg?resize=350%2C200&ssl=1 1x, https:\/\/i0.wp.com\/lasprimeras.com.do\/wp-content\/uploads\/2023\/11\/Alina-Lozano-y-Jim-Velasquez.jpeg?resize=525%2C300&ssl=1 1.5x, https:\/\/i0.wp.com\/lasprimeras.com.do\/wp-content\/uploads\/2023\/11\/Alina-Lozano-y-Jim-Velasquez.jpeg?resize=700%2C400&ssl=1 2x"},"classes":[]},{"id":99062,"url":"https:\/\/lasprimeras.com.do\/index.php\/2025\/05\/16\/alejandro-sanz-anuncia-una-cancion-con-shakira-en-su-nuevo-album\/","url_meta":{"origin":64559,"position":5},"title":"Alejandro Sanz anuncia una canci\u00f3n con Shakira en su nuevo \u00e1lbum","author":"Nelson Feliz","date":"16 de mayo de 2025","format":false,"excerpt":"Alejandro Sanz y Shakira estrenar\u00e1n una nueva canci\u00f3n juntos tras 20 a\u00f1os del lanzamiento del mega \u00e9xito 'La Tortura'. Por Sarah\u00ed G\u00f3mez Esaa El cantante espa\u00f1ol Alejandro Sanz anunci\u00f3 a sus seguidores el lanzamiento de un EP que se estrenar\u00e1 el pr\u00f3ximo 23 de mayo. Una de las mayores sorpresas\u2026","rel":"","context":"En \u00abENTRETENIMIENTO\u00bb","block_context":{"text":"ENTRETENIMIENTO","link":"https:\/\/lasprimeras.com.do\/index.php\/category\/entretenimiento\/"},"img":{"alt_text":"","src":"https:\/\/i0.wp.com\/lasprimeras.com.do\/wp-content\/uploads\/2025\/05\/alejandro.jpg?resize=350%2C200&ssl=1","width":350,"height":200,"srcset":"https:\/\/i0.wp.com\/lasprimeras.com.do\/wp-content\/uploads\/2025\/05\/alejandro.jpg?resize=350%2C200&ssl=1 1x, https:\/\/i0.wp.com\/lasprimeras.com.do\/wp-content\/uploads\/2025\/05\/alejandro.jpg?resize=525%2C300&ssl=1 1.5x, https:\/\/i0.wp.com\/lasprimeras.com.do\/wp-content\/uploads\/2025\/05\/alejandro.jpg?resize=700%2C400&ssl=1 2x"},"classes":[]}],"jetpack_sharing_enabled":true,"_links":{"self":[{"href":"https:\/\/lasprimeras.com.do\/index.php\/wp-json\/wp\/v2\/posts\/64559","targetHints":{"allow":["GET"]}}],"collection":[{"href":"https:\/\/lasprimeras.com.do\/index.php\/wp-json\/wp\/v2\/posts"}],"about":[{"href":"https:\/\/lasprimeras.com.do\/index.php\/wp-json\/wp\/v2\/types\/post"}],"author":[{"embeddable":true,"href":"https:\/\/lasprimeras.com.do\/index.php\/wp-json\/wp\/v2\/users\/3"}],"replies":[{"embeddable":true,"href":"https:\/\/lasprimeras.com.do\/index.php\/wp-json\/wp\/v2\/comments?post=64559"}],"version-history":[{"count":1,"href":"https:\/\/lasprimeras.com.do\/index.php\/wp-json\/wp\/v2\/posts\/64559\/revisions"}],"predecessor-version":[{"id":64561,"href":"https:\/\/lasprimeras.com.do\/index.php\/wp-json\/wp\/v2\/posts\/64559\/revisions\/64561"}],"wp:featuredmedia":[{"embeddable":true,"href":"https:\/\/lasprimeras.com.do\/index.php\/wp-json\/wp\/v2\/media\/64560"}],"wp:attachment":[{"href":"https:\/\/lasprimeras.com.do\/index.php\/wp-json\/wp\/v2\/media?parent=64559"}],"wp:term":[{"taxonomy":"category","embeddable":true,"href":"https:\/\/lasprimeras.com.do\/index.php\/wp-json\/wp\/v2\/categories?post=64559"},{"taxonomy":"post_tag","embeddable":true,"href":"https:\/\/lasprimeras.com.do\/index.php\/wp-json\/wp\/v2\/tags?post=64559"}],"curies":[{"name":"wp","href":"https:\/\/api.w.org\/{rel}","templated":true}]}}