{"id":64562,"date":"2023-10-21T09:28:13","date_gmt":"2023-10-21T13:28:13","guid":{"rendered":"https:\/\/lasprimeras.com.do\/?p=64562"},"modified":"2023-10-21T09:28:14","modified_gmt":"2023-10-21T13:28:14","slug":"leones-honran-a-mario-guerrero-y-jesus-rojas-alou-en-temporada","status":"publish","type":"post","link":"https:\/\/lasprimeras.com.do\/index.php\/2023\/10\/21\/leones-honran-a-mario-guerrero-y-jesus-rojas-alou-en-temporada\/","title":{"rendered":"Leones honran a Mario Guerrero y Jes\u00fas Rojas Alou en temporada"},"content":{"rendered":"\n<p>SANTO DOMINGO.- Como forma de tributar su gran legado, los Leones del Escogido honran en esta temporada 2023-24 la memoria de las leyendas del conjunto Jes\u00fas Rojas Alou y Mario Guerrero.<\/p>\n\n\n\n<p>En ese sentido, los uniformes de los melenudos llevan un parche con los n\u00fameros 28 y 11 que Rojas Alou y Guerrero exhibieron, respectivamente, con pasi\u00f3n, entrega e identificaci\u00f3n.<\/p>\n\n\n\n<p>La informaci\u00f3n fue dada a conocer en el acto oficial de apertura de la temporada del equipo capitalino, que recibi\u00f3 este viernes a las Estrellas Orientales en el estadio Quisqueya Juan Marichal, actividad a la que asistieron miembros de la familia de ambos jugadores, as\u00ed como de la directiva de los rojos.<\/p>\n\n\n\n<p>Rojas Alou comenz\u00f3 su trayectoria con el Escogido en 1959 y jug\u00f3 hasta la campa\u00f1a de 1971-72, para luego volver al conjunto para los torneos del 80 al 82. Durante su estad\u00eda con los Leones, en la que fue campe\u00f3n en cinco oportunidades, conect\u00f3 505 imparables y 79 dobles, el tercero mejor hist\u00f3rico del club en ambos departamentos.<\/p>\n\n\n\n<p>Guerrero debut\u00f3 en 1970 con los escarlatas y se mantuvo hasta el torneo de 1979-80. En cinco ocasiones alcanz\u00f3 la cifra de .300 en promedio de bateo, liderando el circuito con .365 en la temporada 76-77.<\/p>\n\n\n\n<p>Para dejar abierta la campa\u00f1a para los melenudos, Felipe Rojas Jr., sobrino de Jes\u00fas Rojas Alou y coach de los capitalinos, y Mario Guerrero Lama, hijo de Mario Guerrero, realizaron los lanzamientos de honor.<\/p>\n","protected":false},"excerpt":{"rendered":"<p>SANTO DOMINGO.- Como forma de tributar su gran legado, los Leones del Escogido honran en esta temporada 2023-24 la memoria de las leyendas del conjunto Jes\u00fas Rojas Alou y Mario&hellip;<\/p>\n","protected":false},"author":3,"featured_media":64563,"comment_status":"open","ping_status":"open","sticky":false,"template":"","format":"standard","meta":{"content-type":"","jetpack_post_was_ever_published":false,"_jetpack_newsletter_access":"","_jetpack_dont_email_post_to_subs":false,"_jetpack_newsletter_tier_id":0,"_jetpack_memberships_contains_paywalled_content":false,"_jetpack_memberships_contains_paid_content":false,"footnotes":""},"categories":[1],"tags":[8694],"class_list":["post-64562","post","type-post","status-publish","format-standard","has-post-thumbnail","hentry","category-sin-categoria","tag-leones-del-escogido"],"jetpack_featured_media_url":"https:\/\/lasprimeras.com.do\/wp-content\/uploads\/2023\/10\/WhatsApp-Image-2023-10-20-at-7.27.30-PM.jpeg","jetpack-related-posts":[{"id":62718,"url":"https:\/\/lasprimeras.com.do\/index.php\/2023\/10\/06\/escogido-revela-estructura-de-operaciones-temporada-2023-24\/","url_meta":{"origin":64562,"position":0},"title":"Escogido revela estructura de operaciones temporada 2023-24","author":"BIMARY DE JES\u00daS Matos","date":"6 de octubre de 2023","format":false,"excerpt":"SANTO DOMINGO.- Los Leones del Escogido dieron a conocer la estructura de su Departamento de Operaciones de B\u00e9isbol, que encabeza el gerente general Luis Rojas, para la temporada oto\u00f1o-invernal 2023-24 de la Liga de B\u00e9isbol Profesional de la Rep\u00fablica Dominicana. Jaylon Pimentel se mantiene como Director de Operaciones, en la\u2026","rel":"","context":"En \u00abSin categor\u00eda\u00bb","block_context":{"text":"Sin categor\u00eda","link":"https:\/\/lasprimeras.com.do\/index.php\/category\/sin-categoria\/"},"img":{"alt_text":"","src":"https:\/\/i0.wp.com\/lasprimeras.com.do\/wp-content\/uploads\/2023\/10\/WhatsApp-Image-2023-10-05-at-9.43.40-PM-13.jpeg?resize=350%2C200&ssl=1","width":350,"height":200,"srcset":"https:\/\/i0.wp.com\/lasprimeras.com.do\/wp-content\/uploads\/2023\/10\/WhatsApp-Image-2023-10-05-at-9.43.40-PM-13.jpeg?resize=350%2C200&ssl=1 1x, https:\/\/i0.wp.com\/lasprimeras.com.do\/wp-content\/uploads\/2023\/10\/WhatsApp-Image-2023-10-05-at-9.43.40-PM-13.jpeg?resize=525%2C300&ssl=1 1.5x"},"classes":[]},{"id":69851,"url":"https:\/\/lasprimeras.com.do\/index.php\/2023\/12\/06\/leones-ganan-cuarto-juego-seguido-y-estan-a-medio-del-segundo-lugar\/","url_meta":{"origin":64562,"position":1},"title":"Leones ganan cuarto juego seguido y est\u00e1n a medio del segundo lugar","author":"Nelson Feliz","date":"6 de diciembre de 2023","format":false,"excerpt":"Junior Lake conect\u00f3 su hit 600 en la pelota dominicana, en todas las etapas de la liga, fue su n\u00famero 437 en serie regular. H\u00e9ctor Rodr\u00edguez conect\u00f3 doble, triple y anot\u00f3 dos en el cuarto triunfo seguido de los Leones del Escogido que vencieron 8-1 a las \u00c1guilas Cibae\u00f1as el\u2026","rel":"","context":"En \u00abSin categor\u00eda\u00bb","block_context":{"text":"Sin categor\u00eda","link":"https:\/\/lasprimeras.com.do\/index.php\/category\/sin-categoria\/"},"img":{"alt_text":"Junior Lake","src":"https:\/\/i0.wp.com\/lasprimeras.com.do\/wp-content\/uploads\/2023\/12\/Junior-Lake.jpg?resize=350%2C200&ssl=1","width":350,"height":200,"srcset":"https:\/\/i0.wp.com\/lasprimeras.com.do\/wp-content\/uploads\/2023\/12\/Junior-Lake.jpg?resize=350%2C200&ssl=1 1x, https:\/\/i0.wp.com\/lasprimeras.com.do\/wp-content\/uploads\/2023\/12\/Junior-Lake.jpg?resize=525%2C300&ssl=1 1.5x, https:\/\/i0.wp.com\/lasprimeras.com.do\/wp-content\/uploads\/2023\/12\/Junior-Lake.jpg?resize=700%2C400&ssl=1 2x"},"classes":[]},{"id":79060,"url":"https:\/\/lasprimeras.com.do\/index.php\/2024\/03\/23\/leones-renuevan-su-acuerdo-con-el-grande-ligas-jose-ramirez\/","url_meta":{"origin":64562,"position":2},"title":"Leones renuevan su acuerdo con el Grande Ligas Jos\u00e9 Ram\u00edrez","author":"BIMARY DE JES\u00daS Matos","date":"23 de marzo de 2024","format":false,"excerpt":"Santo Domingo.- Los Leones del Escogido anunciaron que han renovado su acuerdo con el tercera base Jos\u00e9 Ram\u00edrez, quien juega para los Guardianes de Cleveland en las Grandes Ligas, garantizando su continuidad con el equipo en la Liga de B\u00e9isbol Profesional Dominicana. La firma de Ram\u00edrez encabez\u00f3 los movimientos realizados\u2026","rel":"","context":"En \u00abSin categor\u00eda\u00bb","block_context":{"text":"Sin categor\u00eda","link":"https:\/\/lasprimeras.com.do\/index.php\/category\/sin-categoria\/"},"img":{"alt_text":"","src":"https:\/\/i0.wp.com\/lasprimeras.com.do\/wp-content\/uploads\/2024\/03\/WhatsApp-Image-2024-03-22-at-4.47.43-PM-3.jpeg?resize=350%2C200&ssl=1","width":350,"height":200},"classes":[]},{"id":66124,"url":"https:\/\/lasprimeras.com.do\/index.php\/2023\/11\/03\/pitcheo-de-romero-lleva-al-escogido-a-frenar-a-estrellas-y-a-provocar-un-triple-empate\/","url_meta":{"origin":64562,"position":3},"title":"Pitcheo de Romero lleva al Escogido a frenar a Estrellas y a provocar un triple empate","author":"Nelson Feliz","date":"3 de noviembre de 2023","format":false,"excerpt":"Fue la primera victoria para el zurdo de los Leones. Enny Romero lanz\u00f3 pelota de cinco entradas y solo una carrera para contener la ofensiva de las Estrellas en un triunfo de los Leones del Escogido cinco carreras por una en el encuentro disputado en el Estadio Tetelo Vargas. La\u2026","rel":"","context":"En \u00abSin categor\u00eda\u00bb","block_context":{"text":"Sin categor\u00eda","link":"https:\/\/lasprimeras.com.do\/index.php\/category\/sin-categoria\/"},"img":{"alt_text":"Enny","src":"https:\/\/i0.wp.com\/lasprimeras.com.do\/wp-content\/uploads\/2023\/11\/Enny.jpg?resize=350%2C200&ssl=1","width":350,"height":200,"srcset":"https:\/\/i0.wp.com\/lasprimeras.com.do\/wp-content\/uploads\/2023\/11\/Enny.jpg?resize=350%2C200&ssl=1 1x, https:\/\/i0.wp.com\/lasprimeras.com.do\/wp-content\/uploads\/2023\/11\/Enny.jpg?resize=525%2C300&ssl=1 1.5x, https:\/\/i0.wp.com\/lasprimeras.com.do\/wp-content\/uploads\/2023\/11\/Enny.jpg?resize=700%2C400&ssl=1 2x"},"classes":[]},{"id":68969,"url":"https:\/\/lasprimeras.com.do\/index.php\/2023\/11\/29\/christopher-morel-y-daniel-lynch-mvp-de-la-semana-en-lidom\/","url_meta":{"origin":64562,"position":4},"title":"Christopher Morel y Daniel Lynch, MVP de la Semana en LIDOM","author":"Nelson Feliz","date":"29 de noviembre de 2023","format":false,"excerpt":"La prensa dominicana valor\u00f3 sus actuaciones en el per\u00edodo comprendido entre el 21 al 26 de octubre. Christopher Morel, infielder y jardinero de las \u00c1guilas Cibae\u00f1as, y Daniel Lynch, importado de los Leones del Escogido, fueron seleccionados los MVP de la Semana durante la premiaci\u00f3n oficial de la Liga de\u2026","rel":"","context":"En \u00abSin categor\u00eda\u00bb","block_context":{"text":"Sin categor\u00eda","link":"https:\/\/lasprimeras.com.do\/index.php\/category\/sin-categoria\/"},"img":{"alt_text":"Christopher Morel y Daniel Lynch","src":"https:\/\/i0.wp.com\/lasprimeras.com.do\/wp-content\/uploads\/2023\/11\/Christopher-Morel-y-Daniel-Lynch.jpg?resize=350%2C200&ssl=1","width":350,"height":200,"srcset":"https:\/\/i0.wp.com\/lasprimeras.com.do\/wp-content\/uploads\/2023\/11\/Christopher-Morel-y-Daniel-Lynch.jpg?resize=350%2C200&ssl=1 1x, https:\/\/i0.wp.com\/lasprimeras.com.do\/wp-content\/uploads\/2023\/11\/Christopher-Morel-y-Daniel-Lynch.jpg?resize=525%2C300&ssl=1 1.5x, https:\/\/i0.wp.com\/lasprimeras.com.do\/wp-content\/uploads\/2023\/11\/Christopher-Morel-y-Daniel-Lynch.jpg?resize=700%2C400&ssl=1 2x"},"classes":[]},{"id":73661,"url":"https:\/\/lasprimeras.com.do\/index.php\/2024\/01\/15\/leones-y-gigantes-triunfan-en-el-round-robin-beisbol-dominicano\/","url_meta":{"origin":64562,"position":5},"title":"Leones y Gigantes triunfan en el round robin beisbol dominicano","author":"BIMARY DE JES\u00daS Matos","date":"15 de enero de 2024","format":false,"excerpt":"SANTO DOMINGO.- Jos\u00e9 Rojas debut\u00f3 con jonr\u00f3n y tres empujadas, pero no pudo impedir la derrota de los Tigres del Licey con anotaci\u00f3n de 8-5 ante los Leones del Escogido en el partido celebrado este domingo en el Round Robin del torneo de beisbol oto\u00f1o-invernal. Los Leones, con su triunfo,\u2026","rel":"","context":"En \u00abSin categor\u00eda\u00bb","block_context":{"text":"Sin categor\u00eda","link":"https:\/\/lasprimeras.com.do\/index.php\/category\/sin-categoria\/"},"img":{"alt_text":"","src":"https:\/\/i0.wp.com\/lasprimeras.com.do\/wp-content\/uploads\/2024\/01\/WhatsApp-Image-2024-01-14-at-10.45.20-PM-2.jpeg?resize=350%2C200&ssl=1","width":350,"height":200,"srcset":"https:\/\/i0.wp.com\/lasprimeras.com.do\/wp-content\/uploads\/2024\/01\/WhatsApp-Image-2024-01-14-at-10.45.20-PM-2.jpeg?resize=350%2C200&ssl=1 1x, https:\/\/i0.wp.com\/lasprimeras.com.do\/wp-content\/uploads\/2024\/01\/WhatsApp-Image-2024-01-14-at-10.45.20-PM-2.jpeg?resize=525%2C300&ssl=1 1.5x"},"classes":[]}],"jetpack_sharing_enabled":true,"_links":{"self":[{"href":"https:\/\/lasprimeras.com.do\/index.php\/wp-json\/wp\/v2\/posts\/64562","targetHints":{"allow":["GET"]}}],"collection":[{"href":"https:\/\/lasprimeras.com.do\/index.php\/wp-json\/wp\/v2\/posts"}],"about":[{"href":"https:\/\/lasprimeras.com.do\/index.php\/wp-json\/wp\/v2\/types\/post"}],"author":[{"embeddable":true,"href":"https:\/\/lasprimeras.com.do\/index.php\/wp-json\/wp\/v2\/users\/3"}],"replies":[{"embeddable":true,"href":"https:\/\/lasprimeras.com.do\/index.php\/wp-json\/wp\/v2\/comments?post=64562"}],"version-history":[{"count":1,"href":"https:\/\/lasprimeras.com.do\/index.php\/wp-json\/wp\/v2\/posts\/64562\/revisions"}],"predecessor-version":[{"id":64564,"href":"https:\/\/lasprimeras.com.do\/index.php\/wp-json\/wp\/v2\/posts\/64562\/revisions\/64564"}],"wp:featuredmedia":[{"embeddable":true,"href":"https:\/\/lasprimeras.com.do\/index.php\/wp-json\/wp\/v2\/media\/64563"}],"wp:attachment":[{"href":"https:\/\/lasprimeras.com.do\/index.php\/wp-json\/wp\/v2\/media?parent=64562"}],"wp:term":[{"taxonomy":"category","embeddable":true,"href":"https:\/\/lasprimeras.com.do\/index.php\/wp-json\/wp\/v2\/categories?post=64562"},{"taxonomy":"post_tag","embeddable":true,"href":"https:\/\/lasprimeras.com.do\/index.php\/wp-json\/wp\/v2\/tags?post=64562"}],"curies":[{"name":"wp","href":"https:\/\/api.w.org\/{rel}","templated":true}]}}