{"id":64598,"date":"2023-10-21T14:52:43","date_gmt":"2023-10-21T18:52:43","guid":{"rendered":"https:\/\/lasprimeras.com.do\/?p=64598"},"modified":"2023-10-21T14:52:44","modified_gmt":"2023-10-21T18:52:44","slug":"mexico-vence-a-dominicana-en-continuacion-juegos-panamericanos-2023","status":"publish","type":"post","link":"https:\/\/lasprimeras.com.do\/index.php\/2023\/10\/21\/mexico-vence-a-dominicana-en-continuacion-juegos-panamericanos-2023\/","title":{"rendered":"M\u00e9xico vence a Dominicana en continuaci\u00f3n Juegos Panamericanos 2023"},"content":{"rendered":"\n<p>M\u00e9xico.- M\u00e9xico venci\u00f3 1-0 a la Rep\u00fablica Dominicana en la continuaci\u00f3n del torneo de b\u00e9isbol de los Juegos Panamericanos 2023 que se celebran en Santiago de Chile.<\/p>\n\n\n\n<p>El partido fue celebrado en el Estadio Centro de B\u00e9isbol y Softbol de Cerrillos, localizado en la ciudad de Santiago, Luis Fernando Miranda y Gerson Garabito, se enfrascaron en un duelo de pitcheo durante las tres primeras entradas del encuentro.<\/p>\n\n\n\n<p>En la parte de abajo de la tercera entrada, Randy Romero anot\u00f3 la \u00fanica carreras del partido, gracias a un wild pitch.<\/p>\n","protected":false},"excerpt":{"rendered":"<p>M\u00e9xico.- M\u00e9xico venci\u00f3 1-0 a la Rep\u00fablica Dominicana en la continuaci\u00f3n del torneo de b\u00e9isbol de los Juegos Panamericanos 2023 que se celebran en Santiago de Chile. El partido fue&hellip;<\/p>\n","protected":false},"author":3,"featured_media":64599,"comment_status":"open","ping_status":"open","sticky":false,"template":"","format":"standard","meta":{"content-type":"","jetpack_post_was_ever_published":false,"_jetpack_newsletter_access":"","_jetpack_dont_email_post_to_subs":false,"_jetpack_newsletter_tier_id":0,"_jetpack_memberships_contains_paywalled_content":false,"_jetpack_memberships_contains_paid_content":false,"footnotes":""},"categories":[1],"tags":[7939],"class_list":["post-64598","post","type-post","status-publish","format-standard","has-post-thumbnail","hentry","category-sin-categoria","tag-juegos-panamericanos-2023"],"jetpack_featured_media_url":"https:\/\/lasprimeras.com.do\/wp-content\/uploads\/2023\/10\/WhatsApp-Image-2023-10-21-at-12.51.33-PM-4.jpeg","jetpack-related-posts":[{"id":64170,"url":"https:\/\/lasprimeras.com.do\/index.php\/2023\/10\/18\/juegos-panamericanos-inician-este-miercoles-en-santiago-de-chile\/","url_meta":{"origin":64598,"position":0},"title":"Juegos Panamericanos inician este mi\u00e9rcoles en Santiago de Chile","author":"BIMARY DE JES\u00daS Matos","date":"18 de octubre de 2023","format":false,"excerpt":"Santiago de Chile.- El b\u00e9isbol dar\u00e1 inicio este mi\u00e9rcoles a las competencias de los Juegos Panamericanos Santiago 2023, donde el local Chile se enfrenta a M\u00e9xico a partir de las 9:30 hora local (12:30 GMT), previo a la ceremonia inaugural del viernes 20 de octubre en el Estadio Nacional. El\u2026","rel":"","context":"En \u00abSin categor\u00eda\u00bb","block_context":{"text":"Sin categor\u00eda","link":"https:\/\/lasprimeras.com.do\/index.php\/category\/sin-categoria\/"},"img":{"alt_text":"","src":"https:\/\/i0.wp.com\/lasprimeras.com.do\/wp-content\/uploads\/2023\/10\/Captura-de-pantalla-2023-10-18-140654.jpg?resize=350%2C200&ssl=1","width":350,"height":200,"srcset":"https:\/\/i0.wp.com\/lasprimeras.com.do\/wp-content\/uploads\/2023\/10\/Captura-de-pantalla-2023-10-18-140654.jpg?resize=350%2C200&ssl=1 1x, https:\/\/i0.wp.com\/lasprimeras.com.do\/wp-content\/uploads\/2023\/10\/Captura-de-pantalla-2023-10-18-140654.jpg?resize=525%2C300&ssl=1 1.5x, https:\/\/i0.wp.com\/lasprimeras.com.do\/wp-content\/uploads\/2023\/10\/Captura-de-pantalla-2023-10-18-140654.jpg?resize=700%2C400&ssl=1 2x"},"classes":[]},{"id":65294,"url":"https:\/\/lasprimeras.com.do\/index.php\/2023\/10\/27\/republica-dominicana-asciende-al-septimo-lugar-en-panamericanos\/","url_meta":{"origin":64598,"position":1},"title":"Rep\u00fablica Dominicana asciende al s\u00e9ptimo lugar en Panamericanos","author":"BIMARY DE JES\u00daS Matos","date":"27 de octubre de 2023","format":false,"excerpt":"SANTIAGO, Chile. Tras la conclusi\u00f3n de la jornada VII de la XIX edici\u00f3n de los Juegos Panamericanos de Chile, la Rep\u00fablica Dominicana ascendi\u00f3 a la s\u00e9ptima posici\u00f3n del medallero general. Con la presea de oro del equipo de voleibol femenino, y las dos preseas de bronce del boxeo, la delegaci\u00f3n\u2026","rel":"","context":"En \u00abSin categor\u00eda\u00bb","block_context":{"text":"Sin categor\u00eda","link":"https:\/\/lasprimeras.com.do\/index.php\/category\/sin-categoria\/"},"img":{"alt_text":"","src":"https:\/\/i0.wp.com\/lasprimeras.com.do\/wp-content\/uploads\/2023\/10\/WhatsApp-Image-2023-10-26-at-6.18.01-PM-4.jpeg?resize=350%2C200&ssl=1","width":350,"height":200,"srcset":"https:\/\/i0.wp.com\/lasprimeras.com.do\/wp-content\/uploads\/2023\/10\/WhatsApp-Image-2023-10-26-at-6.18.01-PM-4.jpeg?resize=350%2C200&ssl=1 1x, https:\/\/i0.wp.com\/lasprimeras.com.do\/wp-content\/uploads\/2023\/10\/WhatsApp-Image-2023-10-26-at-6.18.01-PM-4.jpeg?resize=525%2C300&ssl=1 1.5x"},"classes":[]},{"id":64859,"url":"https:\/\/lasprimeras.com.do\/index.php\/2023\/10\/24\/republica-dominicana-suma-seis-medallas-juegos-panamericanos\/","url_meta":{"origin":64598,"position":2},"title":"Rep\u00fablica Dominicana suma seis medallas Juegos Panamericanos","author":"BIMARY DE JES\u00daS Matos","date":"24 de octubre de 2023","format":false,"excerpt":"SANTIAGO, Chile. La Rep\u00fablica Dominicana conquist\u00f3 dos medallas de plata en la quinta jornada de los XIX Juegos Panamericanos que se celebran en esta ciudad. Robert Pigozzi, en esqu\u00ed n\u00e1utico, y Yudelina Mej\u00eda, en pesas, firmaron la actuaci\u00f3n del pa\u00eds en la cita continental. Con los metales de segundo lugar,\u2026","rel":"","context":"En \u00abSin categor\u00eda\u00bb","block_context":{"text":"Sin categor\u00eda","link":"https:\/\/lasprimeras.com.do\/index.php\/category\/sin-categoria\/"},"img":{"alt_text":"","src":"https:\/\/i0.wp.com\/lasprimeras.com.do\/wp-content\/uploads\/2023\/10\/WhatsApp-Image-2023-10-23-at-11.47.46-AM-13.jpeg?resize=350%2C200&ssl=1","width":350,"height":200,"srcset":"https:\/\/i0.wp.com\/lasprimeras.com.do\/wp-content\/uploads\/2023\/10\/WhatsApp-Image-2023-10-23-at-11.47.46-AM-13.jpeg?resize=350%2C200&ssl=1 1x, https:\/\/i0.wp.com\/lasprimeras.com.do\/wp-content\/uploads\/2023\/10\/WhatsApp-Image-2023-10-23-at-11.47.46-AM-13.jpeg?resize=525%2C300&ssl=1 1.5x"},"classes":[]},{"id":65855,"url":"https:\/\/lasprimeras.com.do\/index.php\/2023\/11\/01\/r-dominicana-llega-a-siete-oros-en-los-juegos-panamericanos\/","url_meta":{"origin":64598,"position":3},"title":"R. Dominicana llega a siete oros en los Juegos Panamericanos","author":"BIMARY DE JES\u00daS Matos","date":"1 de noviembre de 2023","format":false,"excerpt":"SANTIAGO, Chile. Con una espectacular medalla de oro del atletismo y otra presea de judo, la Rep\u00fablica Dominicana arrib\u00f3 a 22 preseas y asumi\u00f3 la octava posici\u00f3n en el medallero general de los XIX Juegos Panamericanos que se celebran aqu\u00ed. El pa\u00eds lleg\u00f3 a siete metales dorados, cuatro de plata\u2026","rel":"","context":"En \u00abSin categor\u00eda\u00bb","block_context":{"text":"Sin categor\u00eda","link":"https:\/\/lasprimeras.com.do\/index.php\/category\/sin-categoria\/"},"img":{"alt_text":"","src":"https:\/\/i0.wp.com\/lasprimeras.com.do\/wp-content\/uploads\/2023\/11\/WhatsApp-Image-2023-10-30-at-2.58.48-PM-6.jpeg?resize=350%2C200&ssl=1","width":350,"height":200},"classes":[]},{"id":65145,"url":"https:\/\/lasprimeras.com.do\/index.php\/2023\/10\/26\/rd-logra-otro-oro-y-figura-en-el-octavo-puesto-en-panam-de-chile\/","url_meta":{"origin":64598,"position":4},"title":"RD logra otro oro y figura en el octavo puesto en Panam de Chile","author":"BIMARY DE JES\u00daS Matos","date":"26 de octubre de 2023","format":false,"excerpt":"SANTIAGO, Chile. La Rep\u00fablica Dominicana figura en el octavo puesto en el medallero de los XIX Juegos Panamericanos que se celebran en esta ciudad, tras conseguir una presea dorada en la VI jornada de la cita multideportiva. Con el metal dorado del gimnasta Audrys Nin Reyes, en salto del potro,\u2026","rel":"","context":"En \u00abSin categor\u00eda\u00bb","block_context":{"text":"Sin categor\u00eda","link":"https:\/\/lasprimeras.com.do\/index.php\/category\/sin-categoria\/"},"img":{"alt_text":"","src":"https:\/\/i0.wp.com\/lasprimeras.com.do\/wp-content\/uploads\/2023\/10\/WhatsApp-Image-2023-10-25-at-10.15.41-PM-4.jpeg?resize=350%2C200&ssl=1","width":350,"height":200,"srcset":"https:\/\/i0.wp.com\/lasprimeras.com.do\/wp-content\/uploads\/2023\/10\/WhatsApp-Image-2023-10-25-at-10.15.41-PM-4.jpeg?resize=350%2C200&ssl=1 1x, https:\/\/i0.wp.com\/lasprimeras.com.do\/wp-content\/uploads\/2023\/10\/WhatsApp-Image-2023-10-25-at-10.15.41-PM-4.jpeg?resize=525%2C300&ssl=1 1.5x, https:\/\/i0.wp.com\/lasprimeras.com.do\/wp-content\/uploads\/2023\/10\/WhatsApp-Image-2023-10-25-at-10.15.41-PM-4.jpeg?resize=700%2C400&ssl=1 2x, https:\/\/i0.wp.com\/lasprimeras.com.do\/wp-content\/uploads\/2023\/10\/WhatsApp-Image-2023-10-25-at-10.15.41-PM-4.jpeg?resize=1050%2C600&ssl=1 3x"},"classes":[]},{"id":63935,"url":"https:\/\/lasprimeras.com.do\/index.php\/2023\/10\/17\/delegacion-rd-panam-de-chile-queda-definida-con-238-atletas\/","url_meta":{"origin":64598,"position":5},"title":"Delegaci\u00f3n RD Panam de Chile queda definida con 238 atletas","author":"BIMARY DE JES\u00daS Matos","date":"17 de octubre de 2023","format":false,"excerpt":"SANTO DOMINGO. La delegaci\u00f3n dominicana que tomar\u00e1 parte en los XIX Juegos Panamericanos que se celebrar\u00e1n en Santiago de Chile qued\u00f3 conformada por un total de 238 atletas. Tras la inscripci\u00f3n definitiva, la Jefatura de Misi\u00f3n, a trav\u00e9s de la direcci\u00f3n t\u00e9cnica del Comit\u00e9 Ol\u00edmpico Dominicano (COD), inform\u00f3 que de\u2026","rel":"","context":"En \u00abSin categor\u00eda\u00bb","block_context":{"text":"Sin categor\u00eda","link":"https:\/\/lasprimeras.com.do\/index.php\/category\/sin-categoria\/"},"img":{"alt_text":"","src":"https:\/\/i0.wp.com\/lasprimeras.com.do\/wp-content\/uploads\/2023\/10\/Captura-de-pantalla-2023-10-16-172822-3.jpg?resize=350%2C200&ssl=1","width":350,"height":200},"classes":[]}],"jetpack_sharing_enabled":true,"_links":{"self":[{"href":"https:\/\/lasprimeras.com.do\/index.php\/wp-json\/wp\/v2\/posts\/64598","targetHints":{"allow":["GET"]}}],"collection":[{"href":"https:\/\/lasprimeras.com.do\/index.php\/wp-json\/wp\/v2\/posts"}],"about":[{"href":"https:\/\/lasprimeras.com.do\/index.php\/wp-json\/wp\/v2\/types\/post"}],"author":[{"embeddable":true,"href":"https:\/\/lasprimeras.com.do\/index.php\/wp-json\/wp\/v2\/users\/3"}],"replies":[{"embeddable":true,"href":"https:\/\/lasprimeras.com.do\/index.php\/wp-json\/wp\/v2\/comments?post=64598"}],"version-history":[{"count":1,"href":"https:\/\/lasprimeras.com.do\/index.php\/wp-json\/wp\/v2\/posts\/64598\/revisions"}],"predecessor-version":[{"id":64600,"href":"https:\/\/lasprimeras.com.do\/index.php\/wp-json\/wp\/v2\/posts\/64598\/revisions\/64600"}],"wp:featuredmedia":[{"embeddable":true,"href":"https:\/\/lasprimeras.com.do\/index.php\/wp-json\/wp\/v2\/media\/64599"}],"wp:attachment":[{"href":"https:\/\/lasprimeras.com.do\/index.php\/wp-json\/wp\/v2\/media?parent=64598"}],"wp:term":[{"taxonomy":"category","embeddable":true,"href":"https:\/\/lasprimeras.com.do\/index.php\/wp-json\/wp\/v2\/categories?post=64598"},{"taxonomy":"post_tag","embeddable":true,"href":"https:\/\/lasprimeras.com.do\/index.php\/wp-json\/wp\/v2\/tags?post=64598"}],"curies":[{"name":"wp","href":"https:\/\/api.w.org\/{rel}","templated":true}]}}