{"id":64607,"date":"2023-10-21T15:03:09","date_gmt":"2023-10-21T19:03:09","guid":{"rendered":"https:\/\/lasprimeras.com.do\/?p=64607"},"modified":"2023-10-21T15:03:10","modified_gmt":"2023-10-21T19:03:10","slug":"fuerza-del-pueblo-aboga-seguir-lucha-contra-el-cancer-de-mamas","status":"publish","type":"post","link":"https:\/\/lasprimeras.com.do\/index.php\/2023\/10\/21\/fuerza-del-pueblo-aboga-seguir-lucha-contra-el-cancer-de-mamas\/","title":{"rendered":"Fuerza del Pueblo aboga seguir lucha contra el c\u00e1ncer de mamas"},"content":{"rendered":"\n<p>SANTO DOMINGO.- La secretaria de la Mujer de la circunscripci\u00f3n uno de Fuerza del Pueblo en Santo Domingo Este dijo que octubre es una gran oportunidad para seguir librando la batalla contra el c\u00e1ncer de mamas.<\/p>\n\n\n\n<p>Belkis Ram\u00edrez se\u00f1al\u00f3 que es preocupante pensar en las miles de mujeres que son diagnosticadas con esa enfermedad, tanto en Rep\u00fablica Dominicana como a nivel mundial.<\/p>\n\n\n\n<p>\u201cEsas son mujeres vitales, trabajadoras, rebosantes de ganas de vivir, comprometidas con sus familias y los afectos\u201d, manifest\u00f3.<\/p>\n\n\n\n<p>Toc\u00f3 el tema a prop\u00f3sito de la jornada de orientaci\u00f3n y prevenci\u00f3n del c\u00e1ncer de mamas organizada por la entidad.<\/p>\n\n\n\n<p>Dijo que en la actividad fueron distribuidos mensajes de orientaci\u00f3n y prevenci\u00f3n del mal.<\/p>\n\n\n\n<p>Fue realizada en la parada del metro en la avenida San Vicente de Paul casi esquina Carretera Mella, con una gran asistencia de mujeres.<\/p>\n","protected":false},"excerpt":{"rendered":"<p>SANTO DOMINGO.- La secretaria de la Mujer de la circunscripci\u00f3n uno de Fuerza del Pueblo en Santo Domingo Este dijo que octubre es una gran oportunidad para seguir librando la&hellip;<\/p>\n","protected":false},"author":3,"featured_media":64609,"comment_status":"open","ping_status":"open","sticky":false,"template":"","format":"standard","meta":{"content-type":"","jetpack_post_was_ever_published":false,"_jetpack_newsletter_access":"","_jetpack_dont_email_post_to_subs":false,"_jetpack_newsletter_tier_id":0,"_jetpack_memberships_contains_paywalled_content":false,"_jetpack_memberships_contains_paid_content":false,"footnotes":""},"categories":[1],"tags":[158],"class_list":["post-64607","post","type-post","status-publish","format-standard","has-post-thumbnail","hentry","category-sin-categoria","tag-fuerza-del-pueblo"],"jetpack_featured_media_url":"https:\/\/lasprimeras.com.do\/wp-content\/uploads\/2023\/10\/WhatsApp-Image-2023-10-21-at-12.51.33-PM.webp","jetpack-related-posts":[{"id":89711,"url":"https:\/\/lasprimeras.com.do\/index.php\/2024\/10\/03\/presidente-del-senado-encabeza-charla-sobre-prevencion-de-cancer-de-mama-a-colaboradores\/","url_meta":{"origin":64607,"position":0},"title":"Presidente del Senado encabeza charla sobre prevenci\u00f3n de c\u00e1ncer de mama a colaboradores","author":"Paola Castillo","date":"3 de octubre de 2024","format":false,"excerpt":"SANTO DOMINGO.- El presidente del Senado, Ricardo de los Santos encabez\u00f3 la charla \u201cDetecci\u00f3n Temprana de C\u00e1ncer de Mama\u201d, impartida a los colaboradores de la C\u00e1mara Alta, en el marco del mes de la Sensibilizaci\u00f3n sobre la prevenci\u00f3n el C\u00e1ncer de Mama. Ricardo de los Santos, destac\u00f3 la importancia de\u2026","rel":"","context":"En \u00abPORTADA\u00bb","block_context":{"text":"PORTADA","link":"https:\/\/lasprimeras.com.do\/index.php\/category\/portada\/"},"img":{"alt_text":"","src":"https:\/\/i0.wp.com\/lasprimeras.com.do\/wp-content\/uploads\/2024\/10\/senado11.jpeg?resize=350%2C200&ssl=1","width":350,"height":200,"srcset":"https:\/\/i0.wp.com\/lasprimeras.com.do\/wp-content\/uploads\/2024\/10\/senado11.jpeg?resize=350%2C200&ssl=1 1x, https:\/\/i0.wp.com\/lasprimeras.com.do\/wp-content\/uploads\/2024\/10\/senado11.jpeg?resize=525%2C300&ssl=1 1.5x, https:\/\/i0.wp.com\/lasprimeras.com.do\/wp-content\/uploads\/2024\/10\/senado11.jpeg?resize=700%2C400&ssl=1 2x, https:\/\/i0.wp.com\/lasprimeras.com.do\/wp-content\/uploads\/2024\/10\/senado11.jpeg?resize=1050%2C600&ssl=1 3x, https:\/\/i0.wp.com\/lasprimeras.com.do\/wp-content\/uploads\/2024\/10\/senado11.jpeg?resize=1400%2C800&ssl=1 4x"},"classes":[]},{"id":64221,"url":"https:\/\/lasprimeras.com.do\/index.php\/2023\/10\/18\/digev-sensibiliza-colaboradores-sobre-la-prevencion-del-cancer-de-mama\/","url_meta":{"origin":64607,"position":1},"title":"DIGEV sensibiliza colaboradores sobre la prevenci\u00f3n del c\u00e1ncer de mama","author":"Nelson Feliz","date":"18 de octubre de 2023","format":false,"excerpt":"Por Martin Restituyo La Direcci\u00f3n General de las Escuelas Vocacionales de las Fuerzas Armadas y de la Polic\u00eda Nacional (DIGEV) celebr\u00f3 hoy la conferencia \u201cConcientizaci\u00f3n y Prevenci\u00f3n del C\u00e1ncer de Mama\u201d, con el fin de abordar la importancia de prevenir y detectar a tiempo esa enfermedad. La actividad docente estuvo\u2026","rel":"","context":"En \u00abMILITARES\u00bb","block_context":{"text":"MILITARES","link":"https:\/\/lasprimeras.com.do\/index.php\/category\/militares\/"},"img":{"alt_text":"DIGEV","src":"https:\/\/i0.wp.com\/lasprimeras.com.do\/wp-content\/uploads\/2023\/10\/DIGEV-1.jpg?resize=350%2C200&ssl=1","width":350,"height":200,"srcset":"https:\/\/i0.wp.com\/lasprimeras.com.do\/wp-content\/uploads\/2023\/10\/DIGEV-1.jpg?resize=350%2C200&ssl=1 1x, https:\/\/i0.wp.com\/lasprimeras.com.do\/wp-content\/uploads\/2023\/10\/DIGEV-1.jpg?resize=525%2C300&ssl=1 1.5x, https:\/\/i0.wp.com\/lasprimeras.com.do\/wp-content\/uploads\/2023\/10\/DIGEV-1.jpg?resize=700%2C400&ssl=1 2x"},"classes":[]},{"id":112386,"url":"https:\/\/lasprimeras.com.do\/index.php\/2025\/10\/21\/propeep-imparte-charla-a-sus-colaboradoras-sobre-concientizacion-y-prevencion-del-cancer-de-mama\/","url_meta":{"origin":64607,"position":2},"title":"Propeep imparte charla a sus colaboradoras sobre concientizaci\u00f3n y prevenci\u00f3n del c\u00e1ncer de mama","author":"Nelson Feliz","date":"21 de octubre de 2025","format":false,"excerpt":"En el marco del Mes de la Lucha contra el C\u00e1ncer de Mama, la Direcci\u00f3n de Proyectos Estrat\u00e9gicos y Especiales de la Presidencia (Propeep) imparti\u00f3 este martes una charla de concientizaci\u00f3n y prevenci\u00f3n del c\u00e1ncer de mama a sus colaboradoras, a fin de promover la detecci\u00f3n temprana y fomentar una\u2026","rel":"","context":"En \u00abNACIONALES\u00bb","block_context":{"text":"NACIONALES","link":"https:\/\/lasprimeras.com.do\/index.php\/category\/nacionales\/"},"img":{"alt_text":"","src":"https:\/\/i0.wp.com\/lasprimeras.com.do\/wp-content\/uploads\/2025\/10\/propeep-1.jpg?resize=350%2C200&ssl=1","width":350,"height":200,"srcset":"https:\/\/i0.wp.com\/lasprimeras.com.do\/wp-content\/uploads\/2025\/10\/propeep-1.jpg?resize=350%2C200&ssl=1 1x, https:\/\/i0.wp.com\/lasprimeras.com.do\/wp-content\/uploads\/2025\/10\/propeep-1.jpg?resize=525%2C300&ssl=1 1.5x, https:\/\/i0.wp.com\/lasprimeras.com.do\/wp-content\/uploads\/2025\/10\/propeep-1.jpg?resize=700%2C400&ssl=1 2x"},"classes":[]},{"id":63528,"url":"https:\/\/lasprimeras.com.do\/index.php\/2023\/10\/13\/agentes-femeninas-de-la-pn-son-orientadas-sobre-la-prevencion-del-cancer-de-mama\/","url_meta":{"origin":64607,"position":3},"title":"Agentes femeninas de la PN son orientadas sobre la prevenci\u00f3n del C\u00e1ncer de Mama","author":"Nelson Feliz","date":"13 de octubre de 2023","format":false,"excerpt":"Por Mart\u00edn Restituyo Alrededor de 150 mujeres polic\u00edas y asimiladas participaron este jueves de la oportuna y emotiva charla \u201cNo esperes: M\u00edrate, t\u00f3cate y cu\u00eddate\u201d, la cual va orientada a la prevenci\u00f3n del C\u00e1ncer de Mama, y dar un merecido reconocimiento a esas damas que han salido victoriosas en la\u2026","rel":"","context":"En \u00abSin categor\u00eda\u00bb","block_context":{"text":"Sin categor\u00eda","link":"https:\/\/lasprimeras.com.do\/index.php\/category\/sin-categoria\/"},"img":{"alt_text":"cancer de mama","src":"https:\/\/i0.wp.com\/lasprimeras.com.do\/wp-content\/uploads\/2023\/10\/cancer-de-mama.jpg?resize=350%2C200&ssl=1","width":350,"height":200,"srcset":"https:\/\/i0.wp.com\/lasprimeras.com.do\/wp-content\/uploads\/2023\/10\/cancer-de-mama.jpg?resize=350%2C200&ssl=1 1x, https:\/\/i0.wp.com\/lasprimeras.com.do\/wp-content\/uploads\/2023\/10\/cancer-de-mama.jpg?resize=525%2C300&ssl=1 1.5x, https:\/\/i0.wp.com\/lasprimeras.com.do\/wp-content\/uploads\/2023\/10\/cancer-de-mama.jpg?resize=700%2C400&ssl=1 2x"},"classes":[]},{"id":64052,"url":"https:\/\/lasprimeras.com.do\/index.php\/2023\/10\/18\/senado-concluye-jornada-sobre-prevencion-cancer-de-mama\/","url_meta":{"origin":64607,"position":4},"title":"Senado concluye jornada sobre prevenci\u00f3n c\u00e1ncer de mama","author":"Nelson Feliz","date":"18 de octubre de 2023","format":false,"excerpt":"La actividad la encabez\u00f3 el presidente del Senado, Ricardo de los Santos, y estuvieron los senadores L\u00eda D\u00edaz Santana, Bautista Rojas G\u00f3mez, Virgilio Cedano, Franklin Pe\u00f1a y Antonio Marte. Por Martin Restituyo El presidente del Senado de la Rep\u00fablica, Ricardo de los Santos, implement\u00f3 jornadas de prevenci\u00f3n de c\u00e1ncer de\u2026","rel":"","context":"En \u00abPORTADA\u00bb","block_context":{"text":"PORTADA","link":"https:\/\/lasprimeras.com.do\/index.php\/category\/portada\/"},"img":{"alt_text":"Ricardo de los Santos","src":"https:\/\/i0.wp.com\/lasprimeras.com.do\/wp-content\/uploads\/2023\/10\/Ricardo-de-los-Santos-3.jpg?resize=350%2C200&ssl=1","width":350,"height":200,"srcset":"https:\/\/i0.wp.com\/lasprimeras.com.do\/wp-content\/uploads\/2023\/10\/Ricardo-de-los-Santos-3.jpg?resize=350%2C200&ssl=1 1x, https:\/\/i0.wp.com\/lasprimeras.com.do\/wp-content\/uploads\/2023\/10\/Ricardo-de-los-Santos-3.jpg?resize=525%2C300&ssl=1 1.5x, https:\/\/i0.wp.com\/lasprimeras.com.do\/wp-content\/uploads\/2023\/10\/Ricardo-de-los-Santos-3.jpg?resize=700%2C400&ssl=1 2x"},"classes":[]},{"id":90268,"url":"https:\/\/lasprimeras.com.do\/index.php\/2024\/10\/17\/revisarte-a-tiempo-es-cool-cool-heaven-promueve-la-prevencion-del-cancer-de-mama\/","url_meta":{"origin":64607,"position":5},"title":"\u201cRevisarte a Tiempo es Cool\u201d: Cool Heaven promueve la prevenci\u00f3n del C\u00e1ncer de Mama","author":"Nelson Feliz","date":"17 de octubre de 2024","format":false,"excerpt":"En conmemoraci\u00f3n del Mes de la Prevenci\u00f3n del C\u00e1ncer de Mama, Industrias San Miguel (ISM), a trav\u00e9s de su reconocida marca Cool Heaven, lanza la campa\u00f1a \"Revisarte a Tiempo es COOL\". Esta iniciativa busca concienciar a la poblaci\u00f3n sobre la importancia de la detecci\u00f3n temprana de esta enfermedad, que afecta\u2026","rel":"","context":"En \u00abSin categor\u00eda\u00bb","block_context":{"text":"Sin categor\u00eda","link":"https:\/\/lasprimeras.com.do\/index.php\/category\/sin-categoria\/"},"img":{"alt_text":"","src":"https:\/\/i0.wp.com\/lasprimeras.com.do\/wp-content\/uploads\/2024\/10\/Cool-Heaven-promueve-la-prevencion-del-Cancer-de-Mama.png?resize=350%2C200&ssl=1","width":350,"height":200,"srcset":"https:\/\/i0.wp.com\/lasprimeras.com.do\/wp-content\/uploads\/2024\/10\/Cool-Heaven-promueve-la-prevencion-del-Cancer-de-Mama.png?resize=350%2C200&ssl=1 1x, https:\/\/i0.wp.com\/lasprimeras.com.do\/wp-content\/uploads\/2024\/10\/Cool-Heaven-promueve-la-prevencion-del-Cancer-de-Mama.png?resize=525%2C300&ssl=1 1.5x, https:\/\/i0.wp.com\/lasprimeras.com.do\/wp-content\/uploads\/2024\/10\/Cool-Heaven-promueve-la-prevencion-del-Cancer-de-Mama.png?resize=700%2C400&ssl=1 2x, https:\/\/i0.wp.com\/lasprimeras.com.do\/wp-content\/uploads\/2024\/10\/Cool-Heaven-promueve-la-prevencion-del-Cancer-de-Mama.png?resize=1050%2C600&ssl=1 3x, https:\/\/i0.wp.com\/lasprimeras.com.do\/wp-content\/uploads\/2024\/10\/Cool-Heaven-promueve-la-prevencion-del-Cancer-de-Mama.png?resize=1400%2C800&ssl=1 4x"},"classes":[]}],"jetpack_sharing_enabled":true,"_links":{"self":[{"href":"https:\/\/lasprimeras.com.do\/index.php\/wp-json\/wp\/v2\/posts\/64607","targetHints":{"allow":["GET"]}}],"collection":[{"href":"https:\/\/lasprimeras.com.do\/index.php\/wp-json\/wp\/v2\/posts"}],"about":[{"href":"https:\/\/lasprimeras.com.do\/index.php\/wp-json\/wp\/v2\/types\/post"}],"author":[{"embeddable":true,"href":"https:\/\/lasprimeras.com.do\/index.php\/wp-json\/wp\/v2\/users\/3"}],"replies":[{"embeddable":true,"href":"https:\/\/lasprimeras.com.do\/index.php\/wp-json\/wp\/v2\/comments?post=64607"}],"version-history":[{"count":1,"href":"https:\/\/lasprimeras.com.do\/index.php\/wp-json\/wp\/v2\/posts\/64607\/revisions"}],"predecessor-version":[{"id":64610,"href":"https:\/\/lasprimeras.com.do\/index.php\/wp-json\/wp\/v2\/posts\/64607\/revisions\/64610"}],"wp:featuredmedia":[{"embeddable":true,"href":"https:\/\/lasprimeras.com.do\/index.php\/wp-json\/wp\/v2\/media\/64609"}],"wp:attachment":[{"href":"https:\/\/lasprimeras.com.do\/index.php\/wp-json\/wp\/v2\/media?parent=64607"}],"wp:term":[{"taxonomy":"category","embeddable":true,"href":"https:\/\/lasprimeras.com.do\/index.php\/wp-json\/wp\/v2\/categories?post=64607"},{"taxonomy":"post_tag","embeddable":true,"href":"https:\/\/lasprimeras.com.do\/index.php\/wp-json\/wp\/v2\/tags?post=64607"}],"curies":[{"name":"wp","href":"https:\/\/api.w.org\/{rel}","templated":true}]}}