{"id":64957,"date":"2023-10-24T22:33:38","date_gmt":"2023-10-25T02:33:38","guid":{"rendered":"https:\/\/lasprimeras.com.do\/?p=64957"},"modified":"2023-10-24T22:33:39","modified_gmt":"2023-10-25T02:33:39","slug":"fiscalia-solicita-apertura-a-juicio-contra-tres-personas-y-una-empresa-implicadas-en-estafa-contra-117-personas","status":"publish","type":"post","link":"https:\/\/lasprimeras.com.do\/index.php\/2023\/10\/24\/fiscalia-solicita-apertura-a-juicio-contra-tres-personas-y-una-empresa-implicadas-en-estafa-contra-117-personas\/","title":{"rendered":"Fiscal\u00eda solicita apertura a juicio contra tres personas y una empresa implicadas en estafa contra 117 personas"},"content":{"rendered":"\n<p>Por Martin Restituyo<\/p>\n\n\n\n<p>La Fiscal\u00eda de Santo Domingo Este y Norte solicit\u00f3 a un tribunal de esta jurisdicci\u00f3n que dicte auto de apertura a juicio en contra de tres personas y una empresa involucradas en una estafa financiera cometida en perjuicio de 117 personas.<\/p>\n\n\n\n<p>El Ministerio P\u00fablico present\u00f3 la acusaci\u00f3n formal y la solicitud de apertura a juicio en contra de Marvin Joel Soriano Robles, gerente de la empresa, as\u00ed como de Roxanna Milagros Villeta G\u00f3mez (pareja sentimental de Marvin) y la abogada notaria Noem\u00ed Ortiz De Salazar, as\u00ed como de una empresa dominicana, cuyo nombre se omite por razones legales.<\/p>\n\n\n\n<p>Seg\u00fan expresa el expediente acusatorio, Soriano Robles es el principal responsable de la estafa, extorsi\u00f3n y chantaje contra el grupo de estafados, la mayor\u00eda personas vulnerables por su situaci\u00f3n econ\u00f3mica, quienes residen en diferentes sectores del municipio Santo Domingo Este.<\/p>\n\n\n\n<p>La acusaci\u00f3n adem\u00e1s establece que las v\u00edctimas eran contactadas a trav\u00e9s de diferentes redes sociales y luego a trav\u00e9s de la aplicaci\u00f3n de mensajer\u00eda instant\u00e1nea WhatsApp, por medio de las cuales los estafadores le ofrec\u00edan limpiarles el historial crediticio, exigi\u00e9ndole previamente el pago de diferentes montos, entre ellos, por montos desde los RD$50 mil hasta los RD$200 mil, con el argumento de que lo utilizar\u00edan para llevar a cabo el proceso. Adem\u00e1s, le promet\u00edan gestionarles pr\u00e9stamos.<\/p>\n\n\n\n<p>Luego, los estafadores les informaban que ya ten\u00edan limpio su historial crediticio, otorg\u00e1ndole un plazo para que le hicieran el dep\u00f3sito de las referidas sumas, y le advert\u00edan que de no hacerlo le subir\u00edan el inter\u00e9s y le embargar\u00edan todas sus cuentas bancarias, adem\u00e1s de amenazarlos con quitarles sus veh\u00edculos y propiedades para que le pagaran contratos falsos.<\/p>\n\n\n\n<p>En otros casos, luego de que los acusados obten\u00edan copias de los documentos de identidad personal de las v\u00edctimas, le embargaban sus cuentas, utilizando para ello contratos y pagar\u00e9s notariales falsificados, los cuales eran enviados a distintas entidades bancarias, convirti\u00e9ndolos en deudores de la empresa.<\/p>\n\n\n\n<p>El procurador fiscal titular Milc\u00edades Guzm\u00e1n Leonardo, quien dirigi\u00f3 las investigaciones del caso, dio instrucciones estrictas para la elaboraci\u00f3n de un expediente robusto que d\u00e9 como resultado una condena ejemplar.<\/p>\n\n\n\n<p>La investigaci\u00f3n, que fue instrumentada por los fiscales Waldimir Reynoso Cabrera y Nehem\u00edas Salazar, indica que la empresa alteraba las firmas de las v\u00edctimas y seg\u00fan las experticias, falsificaban sus caligraf\u00edas, violando as\u00ed la Ley del Notario.<\/p>\n\n\n\n<p>El Ministerio P\u00fablico, le asign\u00f3 al expediente la calificaci\u00f3n jur\u00eddica contenida en los art\u00edculos 14, sobre obtenci\u00f3n il\u00edcita de fondos; 15, estafa; 16 chantaje; 17, robo de identidad; 18, de la falsedad de documentos y firmas, de la Ley 53-07, sobre Cr\u00edmenes y Delitos de Alta Tecnolog\u00eda.<\/p>\n\n\n\n<p>Tambi\u00e9n, la violaci\u00f3n a los art\u00edculos 147, 148, 265, 266 y 405, sobre falsedad en escritura p\u00fablica o privada, asociaci\u00f3n de malhechores y estafa, del C\u00f3digo Penal Dominicano, y los art\u00edculos 32 y 61 de la Ley 140-15 del Notario P\u00fablico, y los art\u00edculos 12 y 513 de la Ley General de las Sociedades Comerciales y Empresas Individuales de Responsabilidad Limitada 479-08.<\/p>\n\n\n\n<p>En la acusaci\u00f3n el \u00f3rgano persecutor tambi\u00e9n solicit\u00f3 la fusi\u00f3n de los expedientes, debido a que en un principio hubo 19 denuncias y luego surgieron otras 98, para un total de 117 denuncias presentadas por las v\u00edctimas de la estafa.<\/p>\n","protected":false},"excerpt":{"rendered":"<p>Por Martin Restituyo La Fiscal\u00eda de Santo Domingo Este y Norte solicit\u00f3 a un tribunal de esta jurisdicci\u00f3n que dicte auto de apertura a juicio en contra de tres personas&hellip;<\/p>\n","protected":false},"author":2,"featured_media":64958,"comment_status":"open","ping_status":"open","sticky":false,"template":"","format":"standard","meta":{"content-type":"","jetpack_post_was_ever_published":false,"_jetpack_newsletter_access":"","_jetpack_dont_email_post_to_subs":false,"_jetpack_newsletter_tier_id":0,"_jetpack_memberships_contains_paywalled_content":false,"_jetpack_memberships_contains_paid_content":false,"footnotes":""},"categories":[289],"tags":[1385,1668,879],"class_list":["post-64957","post","type-post","status-publish","format-standard","has-post-thumbnail","hentry","category-justicia","tag-estafa","tag-fiscalia","tag-juicio"],"jetpack_featured_media_url":"https:\/\/lasprimeras.com.do\/wp-content\/uploads\/2023\/10\/FISCALIA-SDE.jpg","jetpack-related-posts":[{"id":97425,"url":"https:\/\/lasprimeras.com.do\/index.php\/2025\/04\/20\/solicitan-apertura-de-juicio-contra-propietario-de-procredito-dominicana\/","url_meta":{"origin":64957,"position":0},"title":"Solicitan apertura de juicio contra propietario de Procr\u00e9dito dominicana","author":"Nelson Feliz","date":"20 de abril de 2025","format":false,"excerpt":"El Noveno Juzgado de la Instrucci\u00f3n de Santo Domingo Este, solicit\u00f3 formalmente apertura a Juicio y Fusi\u00f3n de Expediente contra el propietario de la empresa Procr\u00e9dito dominicana, SRLMJSR, S.R.L., Registro Mercantil No.137253SD, propiedad del se\u00f1or Marvin Joel Soriano Robles, Roxanna Milagros Villeta G\u00f3mez y Noem\u00ed Ortiz De Salazar, acusados de\u2026","rel":"","context":"En \u00abJUSTICIA\u00bb","block_context":{"text":"JUSTICIA","link":"https:\/\/lasprimeras.com.do\/index.php\/category\/justicia\/"},"img":{"alt_text":"FISCALIA SDE","src":"https:\/\/i0.wp.com\/lasprimeras.com.do\/wp-content\/uploads\/2023\/10\/FISCALIA-SDE.jpg?resize=350%2C200&ssl=1","width":350,"height":200,"srcset":"https:\/\/i0.wp.com\/lasprimeras.com.do\/wp-content\/uploads\/2023\/10\/FISCALIA-SDE.jpg?resize=350%2C200&ssl=1 1x, https:\/\/i0.wp.com\/lasprimeras.com.do\/wp-content\/uploads\/2023\/10\/FISCALIA-SDE.jpg?resize=525%2C300&ssl=1 1.5x, https:\/\/i0.wp.com\/lasprimeras.com.do\/wp-content\/uploads\/2023\/10\/FISCALIA-SDE.jpg?resize=700%2C400&ssl=1 2x"},"classes":[]},{"id":96762,"url":"https:\/\/lasprimeras.com.do\/index.php\/2025\/04\/08\/tribunal-de-sde-solicitan-apertura-de-juicio-contra-propietario-de-procredito-dominicana\/","url_meta":{"origin":64957,"position":1},"title":"Tribunal de SDE solicitan apertura de juicio contra propietario de Procr\u00e9dito dominicana","author":"Nelson Feliz","date":"8 de abril de 2025","format":false,"excerpt":"El Noveno Juzgado de la Instrucci\u00f3n de Santo Domingo Este, solicit\u00f3 formalmente apertura a Juicio y Fusi\u00f3n de Expediente contra el propietario de la empresa Procr\u00e9dito dominicana, SRLMJSR, S.R.L., Registro Mercantil No.137253SD, el se\u00f1or Marvin Joel Soriano Robles, Roxanna Milagros Villeta G\u00f3mez y Noem\u00ed Ortiz De Salazar, acusados de enga\u00f1ar\u2026","rel":"","context":"En \u00abJUSTICIA\u00bb","block_context":{"text":"JUSTICIA","link":"https:\/\/lasprimeras.com.do\/index.php\/category\/justicia\/"},"img":{"alt_text":"Fiscalia SDE","src":"https:\/\/i0.wp.com\/lasprimeras.com.do\/wp-content\/uploads\/2023\/09\/Fiscalia-SDE.jpg?resize=350%2C200&ssl=1","width":350,"height":200,"srcset":"https:\/\/i0.wp.com\/lasprimeras.com.do\/wp-content\/uploads\/2023\/09\/Fiscalia-SDE.jpg?resize=350%2C200&ssl=1 1x, https:\/\/i0.wp.com\/lasprimeras.com.do\/wp-content\/uploads\/2023\/09\/Fiscalia-SDE.jpg?resize=525%2C300&ssl=1 1.5x, https:\/\/i0.wp.com\/lasprimeras.com.do\/wp-content\/uploads\/2023\/09\/Fiscalia-SDE.jpg?resize=700%2C400&ssl=1 2x"},"classes":[]},{"id":99137,"url":"https:\/\/lasprimeras.com.do\/index.php\/2025\/05\/20\/primer-juzgado-de-instruccion-envia-auto-de-apertura-a-juicio-del-caso-procredito\/","url_meta":{"origin":64957,"position":2},"title":"Primer Juzgado de Instrucci\u00f3n env\u00eda \u201cAuto de Apertura a juicio del caso Procr\u00e9dito\u201d","author":"Nelson Feliz","date":"20 de mayo de 2025","format":false,"excerpt":"El Primer Juzgado de la Instrucci\u00f3n del Palacio de Justicia de Ciudad Nueva, Distrito Nacional, envi\u00f3 el \u201cAuto de Apertura a juicio del caso Procr\u00e9dito\u201d, en contra de dos personas y una empresa involucradas en una estafa financiera cometida en perjuicio de 117 personas. De acuerdo a una nota de\u2026","rel":"","context":"En \u00abJUSTICIA\u00bb","block_context":{"text":"JUSTICIA","link":"https:\/\/lasprimeras.com.do\/index.php\/category\/justicia\/"},"img":{"alt_text":"","src":"https:\/\/i0.wp.com\/lasprimeras.com.do\/wp-content\/uploads\/2023\/11\/Palacio-de-Justicia-Santiago.jpg?resize=350%2C200&ssl=1","width":350,"height":200,"srcset":"https:\/\/i0.wp.com\/lasprimeras.com.do\/wp-content\/uploads\/2023\/11\/Palacio-de-Justicia-Santiago.jpg?resize=350%2C200&ssl=1 1x, https:\/\/i0.wp.com\/lasprimeras.com.do\/wp-content\/uploads\/2023\/11\/Palacio-de-Justicia-Santiago.jpg?resize=525%2C300&ssl=1 1.5x, https:\/\/i0.wp.com\/lasprimeras.com.do\/wp-content\/uploads\/2023\/11\/Palacio-de-Justicia-Santiago.jpg?resize=700%2C400&ssl=1 2x"},"classes":[]},{"id":55468,"url":"https:\/\/lasprimeras.com.do\/index.php\/2023\/07\/21\/abogado-johnny-portorreal-continuara-en-prision-por-caso-de-estafa-a-la-familia-rosario\/","url_meta":{"origin":64957,"position":3},"title":"Abogado Johnny Portorreal continuar\u00e1 en prisi\u00f3n por caso de estafa a la familia Rosario","author":"Nelson Feliz","date":"21 de julio de 2023","format":false,"excerpt":"La audiencia fue aplazada para el 31 de agosto pr\u00f3ximo. La jueza de la Segunda Sala Penal del Distrito Nacional rechaz\u00f3 variar la medida coerci\u00f3n de prisi\u00f3n preventiva a prisi\u00f3n domiciliaria al abogado Johnny Portorreal Reyes, acusado por el Ministerio P\u00fablico de estafar a 283 personas de apellido Rosario, a\u2026","rel":"","context":"En \u00abJUSTICIA\u00bb","block_context":{"text":"JUSTICIA","link":"https:\/\/lasprimeras.com.do\/index.php\/category\/justicia\/"},"img":{"alt_text":"Johnny Portorreal Reyes, acusado por el Ministerio P\u00fablico de estafar a 283 personas de apellido Rosario.","src":"https:\/\/i0.wp.com\/lasprimeras.com.do\/wp-content\/uploads\/2023\/07\/Johnny-Portorreal-Reyes.jpg?resize=350%2C200&ssl=1","width":350,"height":200,"srcset":"https:\/\/i0.wp.com\/lasprimeras.com.do\/wp-content\/uploads\/2023\/07\/Johnny-Portorreal-Reyes.jpg?resize=350%2C200&ssl=1 1x, https:\/\/i0.wp.com\/lasprimeras.com.do\/wp-content\/uploads\/2023\/07\/Johnny-Portorreal-Reyes.jpg?resize=525%2C300&ssl=1 1.5x, https:\/\/i0.wp.com\/lasprimeras.com.do\/wp-content\/uploads\/2023\/07\/Johnny-Portorreal-Reyes.jpg?resize=700%2C400&ssl=1 2x"},"classes":[]},{"id":113535,"url":"https:\/\/lasprimeras.com.do\/index.php\/2025\/11\/03\/ex-empleado-penitenciario-debera-responder-ante-un-tribunal-por-estafar-a-comerciantes\/","url_meta":{"origin":64957,"position":4},"title":"Ex empleado penitenciario deber\u00e1 responder ante un tribunal por estafar a comerciantes","author":"Nelson Feliz","date":"3 de noviembre de 2025","format":false,"excerpt":"A solicitud del Ministerio P\u00fablico, un juez dict\u00f3 auto de apertura a juicio contra Antonio Beato Dionicio. A solicitud del Ministerio P\u00fablico, el Primer Juzgado de la Instrucci\u00f3n del Distrito Nacional dict\u00f3 auto de apertura a juicio contra un ex encargado del Departamento de Suministros de Alimentos de la Direcci\u00f3n\u2026","rel":"","context":"En \u00abJUSTICIA\u00bb","block_context":{"text":"JUSTICIA","link":"https:\/\/lasprimeras.com.do\/index.php\/category\/justicia\/"},"img":{"alt_text":"","src":"https:\/\/i0.wp.com\/lasprimeras.com.do\/wp-content\/uploads\/2025\/04\/mallete.png?resize=350%2C200&ssl=1","width":350,"height":200,"srcset":"https:\/\/i0.wp.com\/lasprimeras.com.do\/wp-content\/uploads\/2025\/04\/mallete.png?resize=350%2C200&ssl=1 1x, https:\/\/i0.wp.com\/lasprimeras.com.do\/wp-content\/uploads\/2025\/04\/mallete.png?resize=525%2C300&ssl=1 1.5x, https:\/\/i0.wp.com\/lasprimeras.com.do\/wp-content\/uploads\/2025\/04\/mallete.png?resize=700%2C400&ssl=1 2x"},"classes":[]},{"id":98314,"url":"https:\/\/lasprimeras.com.do\/index.php\/2025\/05\/06\/accion-rapida-piquetea-en-nyc-feria-inmobiliaria-vino-de-la-rd-dicen-seguiran-en-la-calle\/","url_meta":{"origin":64957,"position":5},"title":"Acci\u00f3n R\u00e1pida piquetea en NYC Feria Inmobiliaria vino de la RD; dicen seguir\u00e1n en la calle","author":"Nelson Feliz","date":"6 de mayo de 2025","format":false,"excerpt":"https:\/\/www.youtube.com\/watch?v=iGI02LBSxLA Por Ram\u00f3n Mercedes NUEVA YORK.- Una veintena de dominicanos pertenecientes al movimiento social \u00abAcci\u00f3n R\u00e1pida\u00bb en esta ciudad, que dirige la l\u00edder comunitaria Dayanara Borb\u00f3n, realizaron un piquete la ma\u00f1ana de este domingo en el lugar donde por tres d\u00edas se efectu\u00f3 la \u00abFeria Inmobiliaria-Dominican House Fest.\" Los manifestantes,\u2026","rel":"","context":"En \u00abINTERNACIONALES\u00bb","block_context":{"text":"INTERNACIONALES","link":"https:\/\/lasprimeras.com.do\/index.php\/category\/sin-categoria\/internacionales\/"},"img":{"alt_text":"Acci\u00f3n R\u00e1pida piquetea en NYC Feria Inmobiliaria vino de la RD; dicen seguir\u00e1n en la calle","src":"https:\/\/i0.wp.com\/lasprimeras.com.do\/wp-content\/uploads\/2025\/05\/WhatsApp-Image-2025-05-06-at-5.22.38-AM-1.jpeg?resize=350%2C200&ssl=1","width":350,"height":200,"srcset":"https:\/\/i0.wp.com\/lasprimeras.com.do\/wp-content\/uploads\/2025\/05\/WhatsApp-Image-2025-05-06-at-5.22.38-AM-1.jpeg?resize=350%2C200&ssl=1 1x, https:\/\/i0.wp.com\/lasprimeras.com.do\/wp-content\/uploads\/2025\/05\/WhatsApp-Image-2025-05-06-at-5.22.38-AM-1.jpeg?resize=525%2C300&ssl=1 1.5x, https:\/\/i0.wp.com\/lasprimeras.com.do\/wp-content\/uploads\/2025\/05\/WhatsApp-Image-2025-05-06-at-5.22.38-AM-1.jpeg?resize=700%2C400&ssl=1 2x, https:\/\/i0.wp.com\/lasprimeras.com.do\/wp-content\/uploads\/2025\/05\/WhatsApp-Image-2025-05-06-at-5.22.38-AM-1.jpeg?resize=1050%2C600&ssl=1 3x, https:\/\/i0.wp.com\/lasprimeras.com.do\/wp-content\/uploads\/2025\/05\/WhatsApp-Image-2025-05-06-at-5.22.38-AM-1.jpeg?resize=1400%2C800&ssl=1 4x"},"classes":[]}],"jetpack_sharing_enabled":true,"_links":{"self":[{"href":"https:\/\/lasprimeras.com.do\/index.php\/wp-json\/wp\/v2\/posts\/64957","targetHints":{"allow":["GET"]}}],"collection":[{"href":"https:\/\/lasprimeras.com.do\/index.php\/wp-json\/wp\/v2\/posts"}],"about":[{"href":"https:\/\/lasprimeras.com.do\/index.php\/wp-json\/wp\/v2\/types\/post"}],"author":[{"embeddable":true,"href":"https:\/\/lasprimeras.com.do\/index.php\/wp-json\/wp\/v2\/users\/2"}],"replies":[{"embeddable":true,"href":"https:\/\/lasprimeras.com.do\/index.php\/wp-json\/wp\/v2\/comments?post=64957"}],"version-history":[{"count":1,"href":"https:\/\/lasprimeras.com.do\/index.php\/wp-json\/wp\/v2\/posts\/64957\/revisions"}],"predecessor-version":[{"id":64959,"href":"https:\/\/lasprimeras.com.do\/index.php\/wp-json\/wp\/v2\/posts\/64957\/revisions\/64959"}],"wp:featuredmedia":[{"embeddable":true,"href":"https:\/\/lasprimeras.com.do\/index.php\/wp-json\/wp\/v2\/media\/64958"}],"wp:attachment":[{"href":"https:\/\/lasprimeras.com.do\/index.php\/wp-json\/wp\/v2\/media?parent=64957"}],"wp:term":[{"taxonomy":"category","embeddable":true,"href":"https:\/\/lasprimeras.com.do\/index.php\/wp-json\/wp\/v2\/categories?post=64957"},{"taxonomy":"post_tag","embeddable":true,"href":"https:\/\/lasprimeras.com.do\/index.php\/wp-json\/wp\/v2\/tags?post=64957"}],"curies":[{"name":"wp","href":"https:\/\/api.w.org\/{rel}","templated":true}]}}