{"id":64969,"date":"2023-10-24T23:09:28","date_gmt":"2023-10-25T03:09:28","guid":{"rendered":"https:\/\/lasprimeras.com.do\/?p=64969"},"modified":"2023-10-24T23:09:29","modified_gmt":"2023-10-25T03:09:29","slug":"tekashi-6ix9ine-agradece-a-la-vega-por-el-apoyo-la-promesa-sigue-firme","status":"publish","type":"post","link":"https:\/\/lasprimeras.com.do\/index.php\/2023\/10\/24\/tekashi-6ix9ine-agradece-a-la-vega-por-el-apoyo-la-promesa-sigue-firme\/","title":{"rendered":"Tekashi 6ix9ine agradece a La Vega por el apoyo: &#8220;La promesa sigue firme&#8221;"},"content":{"rendered":"\n<p>El artista estadounidense Daniel Hern\u00e1ndez, alias Tekashi 6ix9ine, agradeci\u00f3 a sus fan\u00e1ticos de La Vega por el &#8220;apoyo brindado&#8221; durante su proceso judicial por agresi\u00f3n a varios productores musicales y record\u00f3 que &#8220;la promesa sigue firme&#8221;.<\/p>\n\n\n\n<p>A trav\u00e9s de un video compartido en su historia de Instagram, agradeci\u00f3 a Dios, a Rep\u00fablica Dominicana, a la gente de La Vega y su abogado F\u00e9lix Portes.<\/p>\n\n\n\n<p>&#8220;Le quiero dar las gracias a Dios, Rep\u00fablica Dominicana, gracias que yo los amo a ustedes, gracias por el apoyo, gracias por el amor, la gente de La Vega. Ustedes desde la madrugada est\u00e1n ah\u00ed, la promesa es firme, yo voy a dejar a las autoridades que se encarguen de eso porque si me meto a una discoteca es muy peque\u00f1a. Gracias a mi abogado F\u00e9lix Portes&#8221;, expres\u00f3 en un video junto al abogado. Tekashi prometi\u00f3 hacer un show a sus seguidores si sal\u00eda en libertad.<\/p>\n\n\n\n<p>El urbano, que estuvo preso desde el pasado 16 de octubre. Este martes el tribunal de atenci\u00f3n permanente de La Vega le dict\u00f3 medidas de coerci\u00f3n.<\/p>\n\n\n\n<p>Tekashi prometi\u00f3 brindar un show gratuito en La Vega para celebrar con ellos si sal\u00eda de la c\u00e1rcel.<\/p>\n\n\n\n<p>En tanto que el abogado F\u00e9lix Portes, pidi\u00f3 a los fan\u00e1ticos mantener la calma y retornar a sus hogares.<\/p>\n\n\n\n<p>&#8220;Miren, es importante que ustedes se calmen, ya se pueden ir a sus casas, el procedimiento para ejecutar la libertad ya ha comenzado, Dios mediante \u00e9l estar\u00e1 libre ma\u00f1ana, as\u00ed que gracias por todo y v\u00e1yanse a sus casas. Gracias por el apoyo&#8221;, dijo Portes.<\/p>\n\n\n\n<p>Este martes, un grupo de personas acudi\u00f3 a las inmediaciones del Palacio de Justicia de La Vega pidiendo que sea liberado el artista internacional Daniel Hern\u00e1ndez, popularmente conocido como Tekashi 6ix9ine.<\/p>\n\n\n\n<p>Los manifestantes dijeron que se presentaron al lugar por entender que el int\u00e9rprete urbano es &#8220;inocente&#8221; sobre los hechos que le imputan sobre &#8220;tortura y barbarie&#8221;, en contra de tres productores musicales veganos.<\/p>\n\n\n\n<p>Lo que impuso el tribunal contra Tekashi<\/p>\n\n\n\n<p>El Tribunal de Atenci\u00f3n Permanente de La Vega impuso el pago de una garant\u00eda econ\u00f3mica de RD$500 mil, impedimento de salida y presentaci\u00f3n peri\u00f3dica en contra de Daniel Hern\u00e1ndez, alias Tekashi 6ix9ine, acusado de &#8220;tortura y barbarie&#8221; en contra de tres productores musicales veganos.<\/p>\n\n\n\n<p>El tribunal, adem\u00e1s, dispuso orden de alejamiento o protecci\u00f3n del imputado hacia las v\u00edctimas. Tambi\u00e9n la sala orden\u00f3 al artista someterse a tratamiento de ira.<\/p>\n","protected":false},"excerpt":{"rendered":"<p>El artista estadounidense Daniel Hern\u00e1ndez, alias Tekashi 6ix9ine, agradeci\u00f3 a sus fan\u00e1ticos de La Vega por el &#8220;apoyo brindado&#8221; durante su proceso judicial por agresi\u00f3n a varios productores musicales y&hellip;<\/p>\n","protected":false},"author":2,"featured_media":64970,"comment_status":"open","ping_status":"open","sticky":false,"template":"","format":"standard","meta":{"content-type":"","jetpack_post_was_ever_published":false,"_jetpack_newsletter_access":"","_jetpack_dont_email_post_to_subs":false,"_jetpack_newsletter_tier_id":0,"_jetpack_memberships_contains_paywalled_content":false,"_jetpack_memberships_contains_paid_content":false,"footnotes":""},"categories":[289],"tags":[2720,940,4862,5015],"class_list":["post-64969","post","type-post","status-publish","format-standard","has-post-thumbnail","hentry","category-justicia","tag-apoyo","tag-la-vega","tag-promesa","tag-tekashi"],"jetpack_featured_media_url":"https:\/\/lasprimeras.com.do\/wp-content\/uploads\/2023\/10\/Tekashi.jpg","jetpack-related-posts":[{"id":63895,"url":"https:\/\/lasprimeras.com.do\/index.php\/2023\/10\/16\/tekashi-6ix9ine-detenido-en-la-vega-enfrentara-a-la-justicia-por-agresion-a-productores-musicales\/","url_meta":{"origin":64969,"position":0},"title":"Tekashi 6ix9ine detenido en La Vega: Enfrentar\u00e1 a la Justicia por agresi\u00f3n a productores musicales","author":"BIMARY DE JES\u00daS Matos","date":"16 de octubre de 2023","format":false,"excerpt":"Santo Domingo.-En una operaci\u00f3n que involucr\u00f3 a numerosos agentes policiales, Daniel Hern\u00e1ndez, conocido como \u00abTekashi 6ix9ine\u00ab, lleg\u00f3 a la Direcci\u00f3n Regional en La Vega de la Polic\u00eda Nacional a las 1:25 a. m. El artista urbano hab\u00eda sido capturado por las autoridades judiciales y policiales el pasado domingo en un\u2026","rel":"","context":"En \u00abENTRETENIMIENTO\u00bb","block_context":{"text":"ENTRETENIMIENTO","link":"https:\/\/lasprimeras.com.do\/index.php\/category\/entretenimiento\/"},"img":{"alt_text":"","src":"https:\/\/i0.wp.com\/lasprimeras.com.do\/wp-content\/uploads\/2023\/10\/WhatsApp-Image-2023-10-16-at-11.32.47-AM-1-6.jpeg?resize=350%2C200&ssl=1","width":350,"height":200,"srcset":"https:\/\/i0.wp.com\/lasprimeras.com.do\/wp-content\/uploads\/2023\/10\/WhatsApp-Image-2023-10-16-at-11.32.47-AM-1-6.jpeg?resize=350%2C200&ssl=1 1x, https:\/\/i0.wp.com\/lasprimeras.com.do\/wp-content\/uploads\/2023\/10\/WhatsApp-Image-2023-10-16-at-11.32.47-AM-1-6.jpeg?resize=525%2C300&ssl=1 1.5x, https:\/\/i0.wp.com\/lasprimeras.com.do\/wp-content\/uploads\/2023\/10\/WhatsApp-Image-2023-10-16-at-11.32.47-AM-1-6.jpeg?resize=700%2C400&ssl=1 2x"},"classes":[]},{"id":74942,"url":"https:\/\/lasprimeras.com.do\/index.php\/2024\/01\/27\/apelaran-medidas-de-coercion-impuestas-al-arapero-tekashi-o-6ix9ine\/","url_meta":{"origin":64969,"position":1},"title":"Apelar\u00e1n medidas de coerci\u00f3n impuestas al arapero Tekashi o 6ix9ine","author":"Nelson Feliz","date":"27 de enero de 2024","format":false,"excerpt":"El Ministerio P\u00fablico inform\u00f3 que apelar\u00e1 las medidas de coerci\u00f3n impuestas por la jueza F\u00e1tima Veloz, de la Oficina Judicial de Servicios de Atenci\u00f3n Permanente del Distrito Nacional, al rapero estadounidense Daniel Hern\u00e1ndez, mejor conocido como Tekashi o 6ix9ine, quien es implicado en hechos de violencia de g\u00e9nero e intrafamiliar.\u2026","rel":"","context":"En \u00abJUSTICIA\u00bb","block_context":{"text":"JUSTICIA","link":"https:\/\/lasprimeras.com.do\/index.php\/category\/justicia\/"},"img":{"alt_text":"","src":"https:\/\/i0.wp.com\/lasprimeras.com.do\/wp-content\/uploads\/2024\/01\/apelaran-medidas-de-coercion-impuestas-al-arapero-tekashi-o-6ix9ine.jpg?resize=350%2C200&ssl=1","width":350,"height":200,"srcset":"https:\/\/i0.wp.com\/lasprimeras.com.do\/wp-content\/uploads\/2024\/01\/apelaran-medidas-de-coercion-impuestas-al-arapero-tekashi-o-6ix9ine.jpg?resize=350%2C200&ssl=1 1x, https:\/\/i0.wp.com\/lasprimeras.com.do\/wp-content\/uploads\/2024\/01\/apelaran-medidas-de-coercion-impuestas-al-arapero-tekashi-o-6ix9ine.jpg?resize=525%2C300&ssl=1 1.5x, https:\/\/i0.wp.com\/lasprimeras.com.do\/wp-content\/uploads\/2024\/01\/apelaran-medidas-de-coercion-impuestas-al-arapero-tekashi-o-6ix9ine.jpg?resize=700%2C400&ssl=1 2x, https:\/\/i0.wp.com\/lasprimeras.com.do\/wp-content\/uploads\/2024\/01\/apelaran-medidas-de-coercion-impuestas-al-arapero-tekashi-o-6ix9ine.jpg?resize=1050%2C600&ssl=1 3x, https:\/\/i0.wp.com\/lasprimeras.com.do\/wp-content\/uploads\/2024\/01\/apelaran-medidas-de-coercion-impuestas-al-arapero-tekashi-o-6ix9ine.jpg?resize=1400%2C800&ssl=1 4x"},"classes":[]},{"id":64518,"url":"https:\/\/lasprimeras.com.do\/index.php\/2023\/10\/20\/tekashi-querido-la-vega-esta-contigo-decenas-de-personas-se-reunen-en-apoyo-al-rapero\/","url_meta":{"origin":64969,"position":2},"title":"\u201cTekashi, querido, La Vega est\u00e1 contigo\u201d, decenas de personas se re\u00fanen en apoyo al rapero","author":"BIMARY DE JES\u00daS Matos","date":"20 de octubre de 2023","format":false,"excerpt":"Santo Domingo.-Decenas de personas se reunieron en los alrededores del destacamento y Palacio de Justicia de La Vega en apoyo al rapero Tekashi 69. A voz de \u201cTekashi, querido, La Vega est\u00e1 contigo\u201d y \u201cLibertad para Tekashi\u201d, las personas piden que se deje en libertad al cantante, quien est\u00e1 acusado\u2026","rel":"","context":"En \u00abENTRETENIMIENTO\u00bb","block_context":{"text":"ENTRETENIMIENTO","link":"https:\/\/lasprimeras.com.do\/index.php\/category\/entretenimiento\/"},"img":{"alt_text":"","src":"https:\/\/i0.wp.com\/lasprimeras.com.do\/wp-content\/uploads\/2023\/10\/WhatsApp-Image-2023-10-19-at-12.04.14-PM-6.jpeg?resize=350%2C200&ssl=1","width":350,"height":200,"srcset":"https:\/\/i0.wp.com\/lasprimeras.com.do\/wp-content\/uploads\/2023\/10\/WhatsApp-Image-2023-10-19-at-12.04.14-PM-6.jpeg?resize=350%2C200&ssl=1 1x, https:\/\/i0.wp.com\/lasprimeras.com.do\/wp-content\/uploads\/2023\/10\/WhatsApp-Image-2023-10-19-at-12.04.14-PM-6.jpeg?resize=525%2C300&ssl=1 1.5x, https:\/\/i0.wp.com\/lasprimeras.com.do\/wp-content\/uploads\/2023\/10\/WhatsApp-Image-2023-10-19-at-12.04.14-PM-6.jpeg?resize=700%2C400&ssl=1 2x"},"classes":[]},{"id":64104,"url":"https:\/\/lasprimeras.com.do\/index.php\/2023\/10\/18\/el-ministerio-publico-acusa-de-tortura-y-barbarie-a-tekashi\/","url_meta":{"origin":64969,"position":3},"title":"El Ministerio P\u00fablico acusa de &#8220;tortura y barbarie&#8221; a Tekashi","author":"BIMARY DE JES\u00daS Matos","date":"18 de octubre de 2023","format":false,"excerpt":"Santo Domingo.-El Ministerio P\u00fablico acusa al exponente urbano Tekashi 6ix9ine de asociaci\u00f3n de malhechores, tortura y barbarie en contra de dos hombres, a quienes supuestamente golpe\u00f3, junto a tres acompa\u00f1antes, en un estudio de grabaci\u00f3n en La Vega, \"por celos\" con su pareja Yailin La M\u00e1s Viral, quien hab\u00eda estado\u2026","rel":"","context":"En \u00abNACIONALES\u00bb","block_context":{"text":"NACIONALES","link":"https:\/\/lasprimeras.com.do\/index.php\/category\/nacionales\/"},"img":{"alt_text":"","src":"https:\/\/i0.wp.com\/lasprimeras.com.do\/wp-content\/uploads\/2023\/10\/WhatsApp-Image-2023-09-16-at-4.14.02-PM-2-2.jpeg?resize=350%2C200&ssl=1","width":350,"height":200,"srcset":"https:\/\/i0.wp.com\/lasprimeras.com.do\/wp-content\/uploads\/2023\/10\/WhatsApp-Image-2023-09-16-at-4.14.02-PM-2-2.jpeg?resize=350%2C200&ssl=1 1x, https:\/\/i0.wp.com\/lasprimeras.com.do\/wp-content\/uploads\/2023\/10\/WhatsApp-Image-2023-09-16-at-4.14.02-PM-2-2.jpeg?resize=525%2C300&ssl=1 1.5x, https:\/\/i0.wp.com\/lasprimeras.com.do\/wp-content\/uploads\/2023\/10\/WhatsApp-Image-2023-09-16-at-4.14.02-PM-2-2.jpeg?resize=700%2C400&ssl=1 2x"},"classes":[]},{"id":64128,"url":"https:\/\/lasprimeras.com.do\/index.php\/2023\/10\/18\/piden-18-meses-de-prision-preventiva-para-tekashi-y-que-sea-enviado-a-carcel-del-15-de-azua-2\/","url_meta":{"origin":64969,"position":4},"title":"Piden 18 meses de prisi\u00f3n preventiva para Tekashi y que sea enviado a c\u00e1rcel del 15 de Azua","author":"BIMARY DE JES\u00daS Matos","date":"18 de octubre de 2023","format":false,"excerpt":"Santo Domingo.-El Ministerio P\u00fablico solicit\u00f3 18 meses de prisi\u00f3n preventiva como medida de coerci\u00f3n en contra del artista estadounidense Tekashi 6ix9ine, acusado de golpear a dos personas en Azua durante la semana pasada. Asimismo, los fiscales pidieron que el rapero norteamericano sea enviado a la c\u00e1rcel p\u00fablica del 15 de\u2026","rel":"","context":"En \u00abENTRETENIMIENTO\u00bb","block_context":{"text":"ENTRETENIMIENTO","link":"https:\/\/lasprimeras.com.do\/index.php\/category\/entretenimiento\/"},"img":{"alt_text":"","src":"https:\/\/i0.wp.com\/lasprimeras.com.do\/wp-content\/uploads\/2023\/10\/WhatsApp-Image-2023-09-16-at-4.14.02-PM-2.png?resize=350%2C200&ssl=1","width":350,"height":200,"srcset":"https:\/\/i0.wp.com\/lasprimeras.com.do\/wp-content\/uploads\/2023\/10\/WhatsApp-Image-2023-09-16-at-4.14.02-PM-2.png?resize=350%2C200&ssl=1 1x, https:\/\/i0.wp.com\/lasprimeras.com.do\/wp-content\/uploads\/2023\/10\/WhatsApp-Image-2023-09-16-at-4.14.02-PM-2.png?resize=525%2C300&ssl=1 1.5x, https:\/\/i0.wp.com\/lasprimeras.com.do\/wp-content\/uploads\/2023\/10\/WhatsApp-Image-2023-09-16-at-4.14.02-PM-2.png?resize=700%2C400&ssl=1 2x"},"classes":[]},{"id":64080,"url":"https:\/\/lasprimeras.com.do\/index.php\/2023\/10\/17\/piden-18-meses-de-prision-preventiva-para-tekashi-y-que-sea-enviado-a-carcel-del-15-de-azua\/","url_meta":{"origin":64969,"position":5},"title":"Piden 18 meses de prisi\u00f3n preventiva para Tekashi y que sea enviado a c\u00e1rcel del 15 de Azua","author":"Nelson Feliz","date":"17 de octubre de 2023","format":false,"excerpt":"Tambi\u00e9n solicitaron que Tekashi sea condenado a 30 a\u00f1os de c\u00e1rcel en una prisi\u00f3n de m\u00e1xima seguridad. El Ministerio P\u00fablico solicit\u00f3 18 meses de prisi\u00f3n preventiva como medida de coerci\u00f3n en contra del artista estadounidense Tekashi 6ix9ine, acusado de golpear a dos personas en Azua durante la semana pasada. Asimismo,\u2026","rel":"","context":"En \u00abJUSTICIA\u00bb","block_context":{"text":"JUSTICIA","link":"https:\/\/lasprimeras.com.do\/index.php\/category\/justicia\/"},"img":{"alt_text":"Tekashi","src":"https:\/\/i0.wp.com\/lasprimeras.com.do\/wp-content\/uploads\/2023\/10\/Tekashi.png?resize=350%2C200&ssl=1","width":350,"height":200,"srcset":"https:\/\/i0.wp.com\/lasprimeras.com.do\/wp-content\/uploads\/2023\/10\/Tekashi.png?resize=350%2C200&ssl=1 1x, https:\/\/i0.wp.com\/lasprimeras.com.do\/wp-content\/uploads\/2023\/10\/Tekashi.png?resize=525%2C300&ssl=1 1.5x, https:\/\/i0.wp.com\/lasprimeras.com.do\/wp-content\/uploads\/2023\/10\/Tekashi.png?resize=700%2C400&ssl=1 2x"},"classes":[]}],"jetpack_sharing_enabled":true,"_links":{"self":[{"href":"https:\/\/lasprimeras.com.do\/index.php\/wp-json\/wp\/v2\/posts\/64969","targetHints":{"allow":["GET"]}}],"collection":[{"href":"https:\/\/lasprimeras.com.do\/index.php\/wp-json\/wp\/v2\/posts"}],"about":[{"href":"https:\/\/lasprimeras.com.do\/index.php\/wp-json\/wp\/v2\/types\/post"}],"author":[{"embeddable":true,"href":"https:\/\/lasprimeras.com.do\/index.php\/wp-json\/wp\/v2\/users\/2"}],"replies":[{"embeddable":true,"href":"https:\/\/lasprimeras.com.do\/index.php\/wp-json\/wp\/v2\/comments?post=64969"}],"version-history":[{"count":1,"href":"https:\/\/lasprimeras.com.do\/index.php\/wp-json\/wp\/v2\/posts\/64969\/revisions"}],"predecessor-version":[{"id":64971,"href":"https:\/\/lasprimeras.com.do\/index.php\/wp-json\/wp\/v2\/posts\/64969\/revisions\/64971"}],"wp:featuredmedia":[{"embeddable":true,"href":"https:\/\/lasprimeras.com.do\/index.php\/wp-json\/wp\/v2\/media\/64970"}],"wp:attachment":[{"href":"https:\/\/lasprimeras.com.do\/index.php\/wp-json\/wp\/v2\/media?parent=64969"}],"wp:term":[{"taxonomy":"category","embeddable":true,"href":"https:\/\/lasprimeras.com.do\/index.php\/wp-json\/wp\/v2\/categories?post=64969"},{"taxonomy":"post_tag","embeddable":true,"href":"https:\/\/lasprimeras.com.do\/index.php\/wp-json\/wp\/v2\/tags?post=64969"}],"curies":[{"name":"wp","href":"https:\/\/api.w.org\/{rel}","templated":true}]}}