{"id":65196,"date":"2023-10-26T13:46:42","date_gmt":"2023-10-26T17:46:42","guid":{"rendered":"https:\/\/lasprimeras.com.do\/?p=65196"},"modified":"2023-10-26T13:46:44","modified_gmt":"2023-10-26T17:46:44","slug":"carlos-slim-aboga-por-trabajar-12-horas-tres-dias-a-la-semana-y-retrasar-la-jubilacion-a-los-75-anos","status":"publish","type":"post","link":"https:\/\/lasprimeras.com.do\/index.php\/2023\/10\/26\/carlos-slim-aboga-por-trabajar-12-horas-tres-dias-a-la-semana-y-retrasar-la-jubilacion-a-los-75-anos\/","title":{"rendered":"Carlos Slim aboga por trabajar 12 horas tres d\u00edas a la semana y retrasar la jubilaci\u00f3n a los 75 a\u00f1os"},"content":{"rendered":"\n<p>Califica de &#8220;tonter\u00eda&#8221; la medida de PSOE y Sumar de reducir la jornada laboral a 37,5 horas semanales.<\/p>\n\n\n\n<p><strong>OVIEDO, EUROPA PRESS .-.<\/strong> El empresario mexicano Carlos Slim ha manifestado este jueves en Avil\u00e9s la necesidad de implantar una jornada laboral de doce horas, tres d\u00edas a la semana y retrasar la jubilaci\u00f3n hasta los 75 a\u00f1os, para lograr as\u00ed dar cabida en el mercado laboral a un mayor n\u00famero de trabajadores.<\/p>\n\n\n\n<p>Carlos Slim se manifestaba as\u00ed en declaraciones a los medios en Avil\u00e9s, donde participa en la XXVIII Reuni\u00f3n del Plenario de la Fundaci\u00f3n C\u00edrculo Montevideo, del que forma parte. Lo hac\u00eda al ser preguntado por su opini\u00f3n respecto a la reducci\u00f3n de la jornada laboral planteada en el acuerdo de Gobierno de PSOE y Sumar.<\/p>\n\n\n\n<p>&#8220;Yo creo que reducir el horario as\u00ed es una tonter\u00eda; pienso que lo que s\u00e9, lo he dicho varias veces, es que debe de trabajarse tres d\u00edas, doce horas diarias, tres d\u00edas para dar cabida a otras tres personas que trabajen los otros tres d\u00edas y jubilarse a los setenta y cinco a\u00f1os, no a los sesenta y cinco ni a los sesenta&#8221;, ha indicado el empresario.<\/p>\n\n\n\n<p>Carlos Slim ha recordado que &#8220;vivimos m\u00e1s a\u00f1os&#8221; y en todos los pa\u00edses del mundo que tienen pol\u00edticas sociales y de pensiones y de jubilaci\u00f3n, el pasivo laboral provocado por la jubilaci\u00f3n es muy alto, muy por encima de los recursos del Estado. &#8220;Es muy importante que la jubilaci\u00f3n no sea tan temprana&#8221;, ha insistido.<\/p>\n\n\n\n<p>El empresario ha destacado la necesidad de integrar a toda la poblaci\u00f3n en el sistema econ\u00f3mico y laboral y ha incidido en que la mejor inversi\u00f3n es combatir la pobreza, por lo que ve razonable que trabajen menos horas para dar cabida a otros trabajadores.<\/p>\n\n\n\n<p>Ha destacado adem\u00e1s que la inteligencia artificial (IA) va a aumentar la productividad y esto va a crear un poco m\u00e1s de problema para el empleo.<\/p>\n\n\n\n<p>&#8220;Entonces hay que hacer esto que comento, trabajar menos d\u00edas, tres d\u00edas, no cuatro, ni cinco, tres, m\u00e1s horas, m\u00e1s a\u00f1os, y al tener muchas personas, lo que va a provocar nueva demanda de actividades nuevas, el entretenimiento va a ser importante, el deporte, etc&#8221;, ha dicho Carlos Slim que ha insistido en que &#8220;es fundamental, es necesario que las personas marginadas se incorporen a la econom\u00eda, con buena educaci\u00f3n, capacitaci\u00f3n y trabajo&#8221;.<\/p>\n\n\n\n<p>Respecto a los conflictos b\u00e9licos que se est\u00e1n viviendo, considera el empresario mexicano que &#8220;son situaciones irracionales que no deber\u00edan darse&#8221;.<\/p>\n","protected":false},"excerpt":{"rendered":"<p>Califica de &#8220;tonter\u00eda&#8221; la medida de PSOE y Sumar de reducir la jornada laboral a 37,5 horas semanales. OVIEDO, EUROPA PRESS .-. El empresario mexicano Carlos Slim ha manifestado este&hellip;<\/p>\n","protected":false},"author":2,"featured_media":65197,"comment_status":"open","ping_status":"open","sticky":false,"template":"","format":"standard","meta":{"content-type":"","jetpack_post_was_ever_published":false,"_jetpack_newsletter_access":"","_jetpack_dont_email_post_to_subs":false,"_jetpack_newsletter_tier_id":0,"_jetpack_memberships_contains_paywalled_content":false,"_jetpack_memberships_contains_paid_content":false,"footnotes":""},"categories":[39],"tags":[8913,8911,8912,8910],"class_list":["post-65196","post","type-post","status-publish","format-standard","has-post-thumbnail","hentry","category-economia","tag-75-anos","tag-carlos-slim","tag-jubilacion","tag-retrasar"],"jetpack_featured_media_url":"https:\/\/lasprimeras.com.do\/wp-content\/uploads\/2023\/10\/Carlos-Slim.jpeg","jetpack-related-posts":[{"id":65530,"url":"https:\/\/lasprimeras.com.do\/index.php\/2023\/10\/29\/moises-gonzalez-entrevista-a-carlos-slim-en-madrid-rd-es-un-pais-bueno-no-solo-para-beisbol\/","url_meta":{"origin":65196,"position":0},"title":"Mois\u00e9s Gonz\u00e1lez entrevista a Carlos Slim en Madrid: \u201cRD es un pa\u00eds bueno, no solo para b\u00e9isbol\u201d","author":"Nelson Feliz","date":"29 de octubre de 2023","format":false,"excerpt":"Madrid.- El presidente del Grupo Carso, Carlos Slim valor\u00f3 el clima de inversi\u00f3n en la Rep\u00fablica Dominicana al indicar que en el pa\u00eds caribe\u00f1o hay buenas condiciones para hacer negocios. Esta semana el destacado empresario mexicano recibi\u00f3 el Premio Enrique V. Iglesias, otorgado por el Consejo Empresarial Alianza por Iberoam\u00e9rica\u2026","rel":"","context":"En \u00abECONOM\u00cdA\u00bb","block_context":{"text":"ECONOM\u00cdA","link":"https:\/\/lasprimeras.com.do\/index.php\/category\/economia\/"},"img":{"alt_text":"Mois\u00e9s Gonz\u00e1lez entrevista a Carlos Slim en Madrid","src":"https:\/\/i0.wp.com\/lasprimeras.com.do\/wp-content\/uploads\/2023\/10\/Moises-Gonzalez-entrevista-a-Carlos-Slim-en-Madrid.jpg?resize=350%2C200&ssl=1","width":350,"height":200,"srcset":"https:\/\/i0.wp.com\/lasprimeras.com.do\/wp-content\/uploads\/2023\/10\/Moises-Gonzalez-entrevista-a-Carlos-Slim-en-Madrid.jpg?resize=350%2C200&ssl=1 1x, https:\/\/i0.wp.com\/lasprimeras.com.do\/wp-content\/uploads\/2023\/10\/Moises-Gonzalez-entrevista-a-Carlos-Slim-en-Madrid.jpg?resize=525%2C300&ssl=1 1.5x, https:\/\/i0.wp.com\/lasprimeras.com.do\/wp-content\/uploads\/2023\/10\/Moises-Gonzalez-entrevista-a-Carlos-Slim-en-Madrid.jpg?resize=700%2C400&ssl=1 2x"},"classes":[]},{"id":73733,"url":"https:\/\/lasprimeras.com.do\/index.php\/2024\/01\/15\/ministerio-de-trabajo-lanza-plan-piloto-voluntario-semana-laboral-reducida\/","url_meta":{"origin":65196,"position":1},"title":"Ministerio de Trabajo lanza plan piloto voluntario Semana Laboral Reducida","author":"Nelson Feliz","date":"15 de enero de 2024","format":false,"excerpt":"Como parte del proyecto, que contar\u00e1 con el aval de PUCMM, se realizar\u00e1 un an\u00e1lisis del impacto de la reducci\u00f3n jornada laboral de 44 a 36 horas semanales. El Ministerio de Trabajo ha dado un paso sin precedentes con el lanzamiento del Plan Piloto Voluntario de Semana Laboral Reducida. Esta\u2026","rel":"","context":"En \u00abECONOM\u00cdA\u00bb","block_context":{"text":"ECONOM\u00cdA","link":"https:\/\/lasprimeras.com.do\/index.php\/category\/economia\/"},"img":{"alt_text":"Ministerio de Trabajo","src":"https:\/\/i0.wp.com\/lasprimeras.com.do\/wp-content\/uploads\/2024\/01\/Ministerio-de-Trabajo-1.jpg?resize=350%2C200&ssl=1","width":350,"height":200,"srcset":"https:\/\/i0.wp.com\/lasprimeras.com.do\/wp-content\/uploads\/2024\/01\/Ministerio-de-Trabajo-1.jpg?resize=350%2C200&ssl=1 1x, https:\/\/i0.wp.com\/lasprimeras.com.do\/wp-content\/uploads\/2024\/01\/Ministerio-de-Trabajo-1.jpg?resize=525%2C300&ssl=1 1.5x"},"classes":[]},{"id":91182,"url":"https:\/\/lasprimeras.com.do\/index.php\/2024\/11\/12\/denuncian-director-de-inposdom-viola-derechos-laborales-y-desacata-sentencias-judiciales\/","url_meta":{"origin":65196,"position":2},"title":"Denuncian director de INPOSDOM viola derechos laborales y desacata sentencias judiciales","author":"Nelson Feliz","date":"12 de noviembre de 2024","format":false,"excerpt":"Por concepto de salarios dejados de pagar y astreinte por retraso, la mala gesti\u00f3n de Erick Guzm\u00e1n le ha costado al Estado 178 mil pesos mensuales, desde marzo 2024, o sea RD$1,602,000 mil pesos y contando. El abogado Oliver Bat\u00eda denunci\u00f3 este martes que la administraci\u00f3n del Instituto Postal Dominicano\u2026","rel":"","context":"En \u00abECONOM\u00cdA\u00bb","block_context":{"text":"ECONOM\u00cdA","link":"https:\/\/lasprimeras.com.do\/index.php\/category\/economia\/"},"img":{"alt_text":"","src":"https:\/\/i0.wp.com\/lasprimeras.com.do\/wp-content\/uploads\/2024\/11\/ERICK-GUZMAN.jpg?resize=350%2C200&ssl=1","width":350,"height":200,"srcset":"https:\/\/i0.wp.com\/lasprimeras.com.do\/wp-content\/uploads\/2024\/11\/ERICK-GUZMAN.jpg?resize=350%2C200&ssl=1 1x, https:\/\/i0.wp.com\/lasprimeras.com.do\/wp-content\/uploads\/2024\/11\/ERICK-GUZMAN.jpg?resize=525%2C300&ssl=1 1.5x, https:\/\/i0.wp.com\/lasprimeras.com.do\/wp-content\/uploads\/2024\/11\/ERICK-GUZMAN.jpg?resize=700%2C400&ssl=1 2x"},"classes":[]},{"id":78481,"url":"https:\/\/lasprimeras.com.do\/index.php\/2024\/03\/17\/bernie-sanders-quiere-que-estados-unidos-adopte-una-semana-laboral-de-32-horas\/","url_meta":{"origin":65196,"position":3},"title":"Bernie Sanders quiere que Estados Unidos adopte una semana laboral de 32 horas","author":"Nelson Feliz","date":"17 de marzo de 2024","format":false,"excerpt":"\u00bfPodr\u00edan beneficiarse los trabajadores y las empresas? POR RUSS BYNUM La semana laboral de 40 horas ha sido est\u00e1ndar en Estados Unidos durante m\u00e1s de ocho d\u00e9cadas. Ahora algunos miembros del Congreso quieren dar a los trabajadores por horas un d\u00eda libre adicional. El senador Bernie Sanders, independiente de extrema\u2026","rel":"","context":"En \u00abSin categor\u00eda\u00bb","block_context":{"text":"Sin categor\u00eda","link":"https:\/\/lasprimeras.com.do\/index.php\/category\/sin-categoria\/"},"img":{"alt_text":"Bernie Sanders","src":"https:\/\/i0.wp.com\/lasprimeras.com.do\/wp-content\/uploads\/2024\/03\/Bernie-Sanders.jpg?resize=350%2C200&ssl=1","width":350,"height":200,"srcset":"https:\/\/i0.wp.com\/lasprimeras.com.do\/wp-content\/uploads\/2024\/03\/Bernie-Sanders.jpg?resize=350%2C200&ssl=1 1x, https:\/\/i0.wp.com\/lasprimeras.com.do\/wp-content\/uploads\/2024\/03\/Bernie-Sanders.jpg?resize=525%2C300&ssl=1 1.5x, https:\/\/i0.wp.com\/lasprimeras.com.do\/wp-content\/uploads\/2024\/03\/Bernie-Sanders.jpg?resize=700%2C400&ssl=1 2x"},"classes":[]},{"id":49534,"url":"https:\/\/lasprimeras.com.do\/index.php\/2023\/05\/11\/personal-de-egemerd-participan-en-programa-de-formacion-y-capacitacion\/","url_meta":{"origin":65196,"position":4},"title":"Personal de Egemerd participan en programa de formaci\u00f3n y capacitaci\u00f3n","author":"prenxa100","date":"11 de mayo de 2023","format":false,"excerpt":"Por Wilson P\u00e9rez Santo Domingo.-. El personal docente y administrativo de la Escuela de Graduados de Estudios Militares del Ej\u00e9rcito de Rep\u00fablica Dominicana, (EGEMERD), de la Facultad de Ciencias Militares del Instituto Superior Para la Defensa, (INSUDE) particip\u00f3 en el \u201cprograma de formaci\u00f3n y capacitaci\u00f3n \u201cCapac\u00edtate para el Empleo\u201d, a\u2026","rel":"","context":"En \u00abNACIONALES\u00bb","block_context":{"text":"NACIONALES","link":"https:\/\/lasprimeras.com.do\/index.php\/category\/nacionales\/"},"img":{"alt_text":"","src":"","width":0,"height":0},"classes":[]},{"id":67369,"url":"https:\/\/lasprimeras.com.do\/index.php\/2023\/11\/15\/sanchez-intentara-revalidar-el-cargo-en-espana-con-el-amplio-rechazo-de-la-derecha-y-ultraderecha\/","url_meta":{"origin":65196,"position":5},"title":"S\u00e1nchez intentar\u00e1 revalidar el cargo en Espa\u00f1a con el amplio rechazo de la derecha y ultraderecha","author":"Nelson Feliz","date":"15 de noviembre de 2023","format":false,"excerpt":"Por Nuria L\u00f3pez El l\u00edder socialista ya ha pactado el respaldo de 179 de los 350 esca\u00f1os del Congreso y, con ello, se garantizar\u00eda al menos dos a\u00f1os de legislatura. Casi cuatro meses despu\u00e9s de la celebraci\u00f3n de elecciones generales del pasado 23 de julio, es probable que Espa\u00f1a tenga\u2026","rel":"","context":"En \u00abSin categor\u00eda\u00bb","block_context":{"text":"Sin categor\u00eda","link":"https:\/\/lasprimeras.com.do\/index.php\/category\/sin-categoria\/"},"img":{"alt_text":"","src":"https:\/\/i0.wp.com\/lasprimeras.com.do\/wp-content\/uploads\/2023\/11\/pedro.jpg?resize=350%2C200&ssl=1","width":350,"height":200,"srcset":"https:\/\/i0.wp.com\/lasprimeras.com.do\/wp-content\/uploads\/2023\/11\/pedro.jpg?resize=350%2C200&ssl=1 1x, https:\/\/i0.wp.com\/lasprimeras.com.do\/wp-content\/uploads\/2023\/11\/pedro.jpg?resize=525%2C300&ssl=1 1.5x"},"classes":[]}],"jetpack_sharing_enabled":true,"_links":{"self":[{"href":"https:\/\/lasprimeras.com.do\/index.php\/wp-json\/wp\/v2\/posts\/65196","targetHints":{"allow":["GET"]}}],"collection":[{"href":"https:\/\/lasprimeras.com.do\/index.php\/wp-json\/wp\/v2\/posts"}],"about":[{"href":"https:\/\/lasprimeras.com.do\/index.php\/wp-json\/wp\/v2\/types\/post"}],"author":[{"embeddable":true,"href":"https:\/\/lasprimeras.com.do\/index.php\/wp-json\/wp\/v2\/users\/2"}],"replies":[{"embeddable":true,"href":"https:\/\/lasprimeras.com.do\/index.php\/wp-json\/wp\/v2\/comments?post=65196"}],"version-history":[{"count":1,"href":"https:\/\/lasprimeras.com.do\/index.php\/wp-json\/wp\/v2\/posts\/65196\/revisions"}],"predecessor-version":[{"id":65198,"href":"https:\/\/lasprimeras.com.do\/index.php\/wp-json\/wp\/v2\/posts\/65196\/revisions\/65198"}],"wp:featuredmedia":[{"embeddable":true,"href":"https:\/\/lasprimeras.com.do\/index.php\/wp-json\/wp\/v2\/media\/65197"}],"wp:attachment":[{"href":"https:\/\/lasprimeras.com.do\/index.php\/wp-json\/wp\/v2\/media?parent=65196"}],"wp:term":[{"taxonomy":"category","embeddable":true,"href":"https:\/\/lasprimeras.com.do\/index.php\/wp-json\/wp\/v2\/categories?post=65196"},{"taxonomy":"post_tag","embeddable":true,"href":"https:\/\/lasprimeras.com.do\/index.php\/wp-json\/wp\/v2\/tags?post=65196"}],"curies":[{"name":"wp","href":"https:\/\/api.w.org\/{rel}","templated":true}]}}