{"id":65220,"date":"2023-10-26T15:17:52","date_gmt":"2023-10-26T19:17:52","guid":{"rendered":"https:\/\/lasprimeras.com.do\/?p=65220"},"modified":"2023-10-26T15:17:53","modified_gmt":"2023-10-26T19:17:53","slug":"la-fiesta-del-chivo-regresa-con-dos-funciones-al-teatro-nacional","status":"publish","type":"post","link":"https:\/\/lasprimeras.com.do\/index.php\/2023\/10\/26\/la-fiesta-del-chivo-regresa-con-dos-funciones-al-teatro-nacional\/","title":{"rendered":"La Fiesta del Chivo regresa con dos funciones al Teatro Nacional"},"content":{"rendered":"\n<p>SANTO DOMINGO.- La Fiesta del Chivo, regresa a la sala Ravelo del Teatro Nacional, con dos \u00fanicas funciones, las cuales se estar\u00e1n presentando, el 10 de diciembre, a las 6: 00 de la tarde y a las 8: 00 de la noche.<\/p>\n\n\n\n<p>La novela del escritor Nobel de Literatura Mario Vargas Llosa, est\u00e1 adaptada a teatro por el guionista espa\u00f1ol Natalio Grueso.<\/p>\n\n\n\n<p>En \u201cLa Fiesta del Chivo\u201d se narran los \u00faltimos d\u00edas del dictador Rafael L. Trujillo en el pa\u00eds.<\/p>\n\n\n\n<p>Asimismo, el autor construy\u00f3 el personaje de Urania Cabral, una exitosa abogada que abandon\u00f3 el pa\u00eds de forma misteriosa siendo una ni\u00f1a. Tres d\u00e9cadas despu\u00e9s, regresa para visitar a su padre moribundo, el se\u00f1or Agust\u00edn \u201cCerebrito\u201d Cabral, un antiguo alto cargo del R\u00e9gimen que cay\u00f3 en desgracia. Durante ese viaje se desvelar\u00e1 el secreto que la protagonista ha guardado celosamente desde su huida.<\/p>\n\n\n\n<p>Adem\u00e1s, la obra es una lecci\u00f3n de vida, que nos recuerda que el valor y la dignidad son los \u00fanicos ant\u00eddotos contra la barbarie. D\u00e9cadas terribles de nuestra historia que no deben repetirse jam\u00e1s.<\/p>\n\n\n\n<p>Es un relato basado en hechos reales y de ficci\u00f3n, protagonizada por Augusto Feria, Elvira Taveras, Henssy Pichardo, Miguel Bucarelly, Fausto Rojas, Francis Cruz y Cindy Gal\u00e1n, bajo la direcci\u00f3n de Manuel Chapuseaux.<\/p>\n\n\n\n<p>En tanto, las boletas est\u00e1n a la venta en boleter\u00eda del Teatro Nacional y a trav\u00e9s de la web de Uepa Tickets.com a un costo de RD$1,100 pesos p\/p. Horario de las funciones domingo 10 de diciembre, 6:00\u202fde la tarde y 8:30\u202fde la noche.<\/p>\n","protected":false},"excerpt":{"rendered":"<p>SANTO DOMINGO.- La Fiesta del Chivo, regresa a la sala Ravelo del Teatro Nacional, con dos \u00fanicas funciones, las cuales se estar\u00e1n presentando, el 10 de diciembre, a las 6:&hellip;<\/p>\n","protected":false},"author":3,"featured_media":65221,"comment_status":"open","ping_status":"open","sticky":false,"template":"","format":"standard","meta":{"content-type":"","jetpack_post_was_ever_published":false,"_jetpack_newsletter_access":"","_jetpack_dont_email_post_to_subs":false,"_jetpack_newsletter_tier_id":0,"_jetpack_memberships_contains_paywalled_content":false,"_jetpack_memberships_contains_paid_content":false,"footnotes":""},"categories":[84],"tags":[],"class_list":["post-65220","post","type-post","status-publish","format-standard","has-post-thumbnail","hentry","category-entretenimiento"],"jetpack_featured_media_url":"https:\/\/lasprimeras.com.do\/wp-content\/uploads\/2023\/10\/WhatsApp-Image-2023-10-26-at-11.41.06-AM-2.webp","jetpack-related-posts":[{"id":128557,"url":"https:\/\/lasprimeras.com.do\/index.php\/2026\/04\/24\/cindy-galan-una-carrera-construida-desde-el-escenario-hacia-la-pantalla\/","url_meta":{"origin":65220,"position":0},"title":"Cindy Gal\u00e1n: una carrera construida desde el escenario hacia la pantalla","author":"Nelson Feliz","date":"24 de abril de 2026","format":false,"excerpt":"Con el estreno de la pel\u00edcula Milly, Reina del Merengue, se consolida como una de las actrices m\u00e1s camale\u00f3nicas y desafiantes del cine dominicano El estreno de la pel\u00edcula biogr\u00e1fica Milly marca un hito en la carrera de Cindy Gal\u00e1n, quien asume el reto de dar vida a Jocelyn, hermana\u2026","rel":"","context":"En \u00abENTRETENIMIENTO\u00bb","block_context":{"text":"ENTRETENIMIENTO","link":"https:\/\/lasprimeras.com.do\/index.php\/category\/entretenimiento\/"},"img":{"alt_text":"","src":"https:\/\/i0.wp.com\/lasprimeras.com.do\/wp-content\/uploads\/2026\/04\/Cindy-Galan.jpg?resize=350%2C200&ssl=1","width":350,"height":200,"srcset":"https:\/\/i0.wp.com\/lasprimeras.com.do\/wp-content\/uploads\/2026\/04\/Cindy-Galan.jpg?resize=350%2C200&ssl=1 1x, https:\/\/i0.wp.com\/lasprimeras.com.do\/wp-content\/uploads\/2026\/04\/Cindy-Galan.jpg?resize=525%2C300&ssl=1 1.5x, https:\/\/i0.wp.com\/lasprimeras.com.do\/wp-content\/uploads\/2026\/04\/Cindy-Galan.jpg?resize=700%2C400&ssl=1 2x"},"classes":[]},{"id":69192,"url":"https:\/\/lasprimeras.com.do\/index.php\/2023\/11\/30\/kany-garcia-tendra-una-tercera-funcion-en-el-teatro-nacional\/","url_meta":{"origin":65220,"position":1},"title":"Kany Garc\u00eda tendr\u00e1 una tercera funci\u00f3n en el Teatro Nacional","author":"BIMARY DE JES\u00daS Matos","date":"30 de noviembre de 2023","format":false,"excerpt":"Santo Domingo.-La cantautora puertorrique\u00f1a, Kany Garc\u00eda tendr\u00e1 un tercer encuentro con los dominicanos el 4 de febrero de 2024 en el Teatro Nacional. Tras vender las dos primeras fechas, el 2 y 3 de febrero en el mismo lugar, la artista anunci\u00f3 la nueva cita cita con los dominicanos. \u201c\u00a1Locura,\u2026","rel":"","context":"En \u00abENTRETENIMIENTO\u00bb","block_context":{"text":"ENTRETENIMIENTO","link":"https:\/\/lasprimeras.com.do\/index.php\/category\/entretenimiento\/"},"img":{"alt_text":"","src":"https:\/\/i0.wp.com\/lasprimeras.com.do\/wp-content\/uploads\/2023\/11\/Noticias-9.jpg?resize=350%2C200&ssl=1","width":350,"height":200,"srcset":"https:\/\/i0.wp.com\/lasprimeras.com.do\/wp-content\/uploads\/2023\/11\/Noticias-9.jpg?resize=350%2C200&ssl=1 1x, https:\/\/i0.wp.com\/lasprimeras.com.do\/wp-content\/uploads\/2023\/11\/Noticias-9.jpg?resize=525%2C300&ssl=1 1.5x"},"classes":[]},{"id":78792,"url":"https:\/\/lasprimeras.com.do\/index.php\/2024\/03\/20\/bellas-artes-regresa-con-la-magia-de-tartufo-para-celebrar-el-mes-del-teatro\/","url_meta":{"origin":65220,"position":2},"title":"Bellas Artes regresa con la magia de \u201cTartufo\u201d para celebrar el mes del teatro","author":"BIMARY DE JES\u00daS Matos","date":"20 de marzo de 2024","format":false,"excerpt":"Santo Domingo. \u2013 La Direcci\u00f3n General de Bellas Artes anunci\u00f3 la segunda temporada de la obra \u201cTartufo\u201d de Moliere, que volver\u00e1 a poner en escena la Compa\u00f1\u00eda Nacional de Teatro (CNTRD), bajo la direcci\u00f3n y adaptaci\u00f3n de Licelotte Nin y la producci\u00f3n de Fausto Rojas. El p\u00fablico podr\u00e1 disfrutar de\u2026","rel":"","context":"En \u00abENTRETENIMIENTO\u00bb","block_context":{"text":"ENTRETENIMIENTO","link":"https:\/\/lasprimeras.com.do\/index.php\/category\/entretenimiento\/"},"img":{"alt_text":"","src":"","width":0,"height":0},"classes":[]},{"id":69377,"url":"https:\/\/lasprimeras.com.do\/index.php\/2023\/12\/02\/el-teatro-nacional-eduardo-brito-recibe-la-navidad-con-el-tradicional-cascanueces\/","url_meta":{"origin":65220,"position":3},"title":"El Teatro Nacional Eduardo Brito recibe la Navidad con el tradicional &#8220;Cascanueces&#8221;","author":"BIMARY DE JES\u00daS Matos","date":"2 de diciembre de 2023","format":false,"excerpt":"Santo Domingo.-La sala Carlos Piantini del Teatro Nacional present\u00f3 ayer jueves la primera funci\u00f3n del tradicional \u00abCascanueces\u00bb, ballet cl\u00e1sico de la Navidad en el que participan los bailarines del Ballet Concierto Dominicano, Ballet Nacional Dominicano y Endanza. Compuesto por dos actos y cinco escenas, con la coreograf\u00eda del director general\u2026","rel":"","context":"En \u00abENTRETENIMIENTO\u00bb","block_context":{"text":"ENTRETENIMIENTO","link":"https:\/\/lasprimeras.com.do\/index.php\/category\/entretenimiento\/"},"img":{"alt_text":"","src":"https:\/\/i0.wp.com\/lasprimeras.com.do\/wp-content\/uploads\/2023\/12\/Noticias-9.jpg?resize=350%2C200&ssl=1","width":350,"height":200,"srcset":"https:\/\/i0.wp.com\/lasprimeras.com.do\/wp-content\/uploads\/2023\/12\/Noticias-9.jpg?resize=350%2C200&ssl=1 1x, https:\/\/i0.wp.com\/lasprimeras.com.do\/wp-content\/uploads\/2023\/12\/Noticias-9.jpg?resize=525%2C300&ssl=1 1.5x"},"classes":[]},{"id":68228,"url":"https:\/\/lasprimeras.com.do\/index.php\/2023\/11\/22\/mariposas-de-acero-regresa-al-gran-teatro-del-cibao\/","url_meta":{"origin":65220,"position":4},"title":"\u201cMariposas de Acero\u201d regresa al Gran Teatro del Cibao","author":"BIMARY DE JES\u00daS Matos","date":"22 de noviembre de 2023","format":false,"excerpt":"SANTIAGO DE LOS CABALLEROS.- \u201cMariposas de Acero\u201d, el espect\u00e1culo emocionante y conmovedor que narra la vida de nuestras hero\u00ednas nacionales, las Hermanas Mirabal, se presentar\u00e1 nueva vez en el Gran Teatro del Cibao el pr\u00f3ximo s\u00e1bado 25 de noviembre, para conmemorar el \u201cD\u00eda Internacional de la Eliminaci\u00f3n de la Violencia\u2026","rel":"","context":"En \u00abENTRETENIMIENTO\u00bb","block_context":{"text":"ENTRETENIMIENTO","link":"https:\/\/lasprimeras.com.do\/index.php\/category\/entretenimiento\/"},"img":{"alt_text":"","src":"https:\/\/i0.wp.com\/lasprimeras.com.do\/wp-content\/uploads\/2023\/11\/Noticias-de-energia-18.png?resize=350%2C200&ssl=1","width":350,"height":200},"classes":[]},{"id":51573,"url":"https:\/\/lasprimeras.com.do\/index.php\/2023\/06\/01\/luis-el-gallo-pide-abinader-deje-sin-efecto-otorgar-nacionalidad-a-vargas-llosa\/","url_meta":{"origin":65220,"position":5},"title":"Luis \u201cEl Gallo\u201d pide Abinader deje sin efecto otorgar nacionalidad a Vargas Llosa","author":"prenxa100","date":"1 de junio de 2023","format":false,"excerpt":"SANTO DOMINGO.-.La Uni\u00f3n Dem\u00f3crata Cristiana pidi\u00f3 hoy al presidente Luis Abinader que suspenda la disposici\u00f3n de darle la nacionalidad dominicana a Mario Vargas Llosa. El presidente de la UDC, Luis Acosta Moreta, Luis \u201cEl Gallo\u201d, dijo que esa medida anunciada por Abinader debe quedar sin vigencia, porque Vargas llosa es\u2026","rel":"","context":"En \u00abNACIONALES\u00bb","block_context":{"text":"NACIONALES","link":"https:\/\/lasprimeras.com.do\/index.php\/category\/nacionales\/"},"img":{"alt_text":"","src":"","width":0,"height":0},"classes":[]}],"jetpack_sharing_enabled":true,"_links":{"self":[{"href":"https:\/\/lasprimeras.com.do\/index.php\/wp-json\/wp\/v2\/posts\/65220","targetHints":{"allow":["GET"]}}],"collection":[{"href":"https:\/\/lasprimeras.com.do\/index.php\/wp-json\/wp\/v2\/posts"}],"about":[{"href":"https:\/\/lasprimeras.com.do\/index.php\/wp-json\/wp\/v2\/types\/post"}],"author":[{"embeddable":true,"href":"https:\/\/lasprimeras.com.do\/index.php\/wp-json\/wp\/v2\/users\/3"}],"replies":[{"embeddable":true,"href":"https:\/\/lasprimeras.com.do\/index.php\/wp-json\/wp\/v2\/comments?post=65220"}],"version-history":[{"count":1,"href":"https:\/\/lasprimeras.com.do\/index.php\/wp-json\/wp\/v2\/posts\/65220\/revisions"}],"predecessor-version":[{"id":65222,"href":"https:\/\/lasprimeras.com.do\/index.php\/wp-json\/wp\/v2\/posts\/65220\/revisions\/65222"}],"wp:featuredmedia":[{"embeddable":true,"href":"https:\/\/lasprimeras.com.do\/index.php\/wp-json\/wp\/v2\/media\/65221"}],"wp:attachment":[{"href":"https:\/\/lasprimeras.com.do\/index.php\/wp-json\/wp\/v2\/media?parent=65220"}],"wp:term":[{"taxonomy":"category","embeddable":true,"href":"https:\/\/lasprimeras.com.do\/index.php\/wp-json\/wp\/v2\/categories?post=65220"},{"taxonomy":"post_tag","embeddable":true,"href":"https:\/\/lasprimeras.com.do\/index.php\/wp-json\/wp\/v2\/tags?post=65220"}],"curies":[{"name":"wp","href":"https:\/\/api.w.org\/{rel}","templated":true}]}}