{"id":65247,"date":"2023-10-26T21:14:26","date_gmt":"2023-10-27T01:14:26","guid":{"rendered":"https:\/\/lasprimeras.com.do\/?p=65247"},"modified":"2023-10-26T21:14:27","modified_gmt":"2023-10-27T01:14:27","slug":"presidente-abinader-firma-pacto-de-nacion-por-crisis-haitiana","status":"publish","type":"post","link":"https:\/\/lasprimeras.com.do\/index.php\/2023\/10\/26\/presidente-abinader-firma-pacto-de-nacion-por-crisis-haitiana\/","title":{"rendered":"Presidente Abinader firma pacto de Naci\u00f3n por Crisis haitiana"},"content":{"rendered":"\n<p><strong>-Mandatario hace llamado a partidos pol\u00edticos ausentes a participar con un sentido nacional y patri\u00f3tico.<\/strong><\/p>\n\n\n\n<p><strong>-En el Pacto trabajaron y firmaron 28 partidos pol\u00edticos y 23 acad\u00e9micos e intelectuales, incluyendo siete rectores de universidades.<\/strong><\/p>\n\n\n\n<p>El presidente Luis Abinader firm\u00f3 al pa\u00eds el Pacto de Naci\u00f3n por la crisis de Hait\u00ed, con el apoyo del liderazgo pol\u00edtico y acad\u00e9mico nacional que est\u00e1 basado en cuatro pilares fundamentales que son, Pol\u00edtica de Relaciones Exteriores, Pol\u00edtica Migratoria, Pol\u00edtica Fronteriza y Pol\u00edtica Econ\u00f3mica.<\/p>\n\n\n\n<p>El Pacto fue producto de un llamado que hizo el presidente Abinader el 27 de febrero de este a\u00f1o al liderazgo pol\u00edtico nacional, que hoy se materializa.<br>La coordinaci\u00f3n general estuvo a cargo del ministro Administrativo de la Presidencia, Jos\u00e9 Ignacio Paliza y la ejecuci\u00f3n de los trabajos del viceministro de Gobierno y Sociedad, Andr\u00e9s Lugo Risk.<\/p>\n\n\n\n<p>Trabajaron y firmaron el pacto 28 partidos pol\u00edticos, incluyendo algunos de la oposici\u00f3n, que son: Partido Revolucionario Moderno (PRM), Partido Reformista Social Cristiano (PRSC), Dominicanos por el Cambio (DxC), Partido de Unidad Nacional (PUN), Bloque Institucional Social Dem\u00f3crata (BIS), Partido C\u00edvico Renovador (PCR), Partido Humanista Dominicano (PHD), Partido Movimiento Dem\u00f3crata Alternativo (MODA), Partido Revolucionario Social Dem\u00f3crata (PRSD), Frente Amplio por la Dignidad Nacional (Frente Amplio), Alianza por la Democracia (APD), Pa\u00eds Posible (PP), Partido Primero la Gente (PPG) y Partido Quisqueyano Dem\u00f3crata Cristiano (PQDC).<\/p>\n\n\n\n<p>Adem\u00e1s, Partido de Acci\u00f3n Liberal (PAL), Partido Uni\u00f3n Dem\u00f3crata Cristiana (UDC), Partido Liberal Reformista (PLR), Fuerza Nacional Progresista (FNP), Partido Revolucionario Independiente (PRI), Partido Dem\u00f3crata Popular (PDP), Partido Nacional Voluntad Ciudadana (PNVC), Partido Alianza Pa\u00eds (ALPA\u00cdS), Justicia Social (JS), Partido Dem\u00f3crata Institucional (PDI), Movimiento Nacional Balaguerista (MNB), Partido Verde Dominicano (VERDE), Partido Popular Progresista (PPP) y Movimiento Izquierda Unida (MIU).<\/p>\n\n\n\n<p>Tambi\u00e9n, una veintena de acad\u00e9micos e intelectuales, incluyendo siete rectores de universidades: Juan Daniel Balc\u00e1cer, Fernando Ferr\u00e1n, Eduardo Garc\u00eda Michel, Roberto Cass\u00e1, Bernardo Vega, Manuel N\u00fa\u00f1ez, Wilfredo Lozano, Manuel Robles, Julio Ortega Tous, Iv\u00e1n Gat\u00f3n, Ra\u00fal De Moya Espa\u00f1ol, Miguel Reyes S\u00e1nchez, Jos\u00e9 Miguel V\u00e1squez, Luis Humberto Vargas, Humberto P\u00e9rez, Manuel Berg\u00e9s. Los rectores de la UNPHU, Miguel Fiallo; de la UASD, Editrudis Beltr\u00e1n; de la PUCMM, Secilio Espinal; de UNIBE, Odile Camilo Vincent; de UNAPEC, Franflin Holgu\u00edn Hach\u00e9; de la UCSD, monse\u00f1or Benito \u00c1ngeles y de INTEC, Julio S\u00e1nchez Mar\u00ed\u00f1ez.<\/p>\n\n\n\n<p>Durante el acto de firma, el presidente Abinader felicit\u00f3 a cada uno de los partidos pol\u00edticos y los l\u00edderes de la sociedad civil, acad\u00e9micos que dijeron presente en esta firma porque dijo, esta es una respuesta al pa\u00eds, una respuesta patri\u00f3tica no partidista.<\/p>\n\n\n\n<p>\u201cY todav\u00eda espero que los partidos pol\u00edticos que no est\u00e9n aqu\u00ed presentes, tener siempre la puerta y la silla preparada para cada uno de ellos, para que participen en esta toma de decisiones que como dije, no debe de tener ning\u00fan cerco partidista sino un sentido nacional y patri\u00f3tico. Y eso es lo que esperamos\u201d, expres\u00f3 Abinader.<\/p>\n\n\n\n<p>El mandatario manifest\u00f3 que para este pacto se deber\u00e1n hacer comisiones que permitan dar seguimiento a cada una de las decisiones que se tomen.<\/p>\n\n\n\n<p>\u201cTiene que haber un equipo y una comisi\u00f3n ejecutiva para decisiones y consultas r\u00e1pidas de esta situaci\u00f3n muy din\u00e1mica que se da con la Rep\u00fablica de Hait\u00ed y en la cual nos gustar\u00eda y es nuestro compromiso tener siempre el consenso nacional para una situaci\u00f3n tan especial y cr\u00edtica como la que estamos viviendo nosotros en relaci\u00f3n con Hait\u00ed\u201d.<\/p>\n","protected":false},"excerpt":{"rendered":"<p>-Mandatario hace llamado a partidos pol\u00edticos ausentes a participar con un sentido nacional y patri\u00f3tico. -En el Pacto trabajaron y firmaron 28 partidos pol\u00edticos y 23 acad\u00e9micos e intelectuales, incluyendo&hellip;<\/p>\n","protected":false},"author":2,"featured_media":65248,"comment_status":"open","ping_status":"open","sticky":false,"template":"","format":"standard","meta":{"content-type":"","jetpack_post_was_ever_published":false,"_jetpack_newsletter_access":"","_jetpack_dont_email_post_to_subs":false,"_jetpack_newsletter_tier_id":0,"_jetpack_memberships_contains_paywalled_content":false,"_jetpack_memberships_contains_paid_content":false,"footnotes":""},"categories":[35,25],"tags":[216,1301,3781,67,610,611],"class_list":["post-65247","post","type-post","status-publish","format-standard","has-post-thumbnail","hentry","category-nacionales","category-portada","tag-crisis","tag-firma","tag-haitiana","tag-luis-abinader","tag-nacion","tag-pacto"],"jetpack_featured_media_url":"https:\/\/lasprimeras.com.do\/wp-content\/uploads\/2023\/10\/Luis-Abinader-3-2.jpg","jetpack-related-posts":[{"id":65208,"url":"https:\/\/lasprimeras.com.do\/index.php\/2023\/10\/26\/abinader-y-28-partidos-firman-un-pacto-para-lidiar-con-crisis-haiti\/","url_meta":{"origin":65247,"position":0},"title":"Abinader y 28 partidos firman un pacto para lidiar con crisis Hait\u00ed","author":"BIMARY DE JES\u00daS Matos","date":"26 de octubre de 2023","format":false,"excerpt":"SANTO DOMINGO.- El Gobierno y 20 intelectuales y representantes de partidos pol\u00edticos firmaron el Pacto Nacional para la Formulaci\u00f3n y Ejecuci\u00f3n de Pol\u00edticas de Estado para hacer frente a los efectos en el pa\u00eds de la crisis en Hait\u00ed. En la firma del acuerdo, que abarca las pol\u00edticas de Relaciones\u2026","rel":"","context":"En \u00abPORTADA\u00bb","block_context":{"text":"PORTADA","link":"https:\/\/lasprimeras.com.do\/index.php\/category\/portada\/"},"img":{"alt_text":"","src":"https:\/\/i0.wp.com\/lasprimeras.com.do\/wp-content\/uploads\/2023\/10\/WhatsApp-Image-2023-10-26-at-11.41.06-AM.webp?resize=350%2C200&ssl=1","width":350,"height":200,"srcset":"https:\/\/i0.wp.com\/lasprimeras.com.do\/wp-content\/uploads\/2023\/10\/WhatsApp-Image-2023-10-26-at-11.41.06-AM.webp?resize=350%2C200&ssl=1 1x, https:\/\/i0.wp.com\/lasprimeras.com.do\/wp-content\/uploads\/2023\/10\/WhatsApp-Image-2023-10-26-at-11.41.06-AM.webp?resize=525%2C300&ssl=1 1.5x, https:\/\/i0.wp.com\/lasprimeras.com.do\/wp-content\/uploads\/2023\/10\/WhatsApp-Image-2023-10-26-at-11.41.06-AM.webp?resize=700%2C400&ssl=1 2x"},"classes":[]},{"id":48941,"url":"https:\/\/lasprimeras.com.do\/index.php\/2023\/05\/05\/avanza-pacto-de-nacion-frente-crisis-haitiana-convocado-por-presidente-abinader\/","url_meta":{"origin":65247,"position":1},"title":"Avanza Pacto de Naci\u00f3n frente crisis haitiana convocado por presidente Abinader","author":"prenxa100","date":"5 de mayo de 2023","format":false,"excerpt":"El funcionario precis\u00f3 que los trabajos se han estado desarroll\u00e1ndose de manera amplia, plural y participativa durante las \u00faltimas semanas. Por Wilson P\u00e9rez Santo Domingo.- El viceministro Administrativo de la Presidencia, Andr\u00e9s Lugo Risk, inform\u00f3 este viernes que avanzan los trabajos para la firma de un gran Pacto de Naci\u00f3n\u2026","rel":"","context":"En \u00abNACIONALES\u00bb","block_context":{"text":"NACIONALES","link":"https:\/\/lasprimeras.com.do\/index.php\/category\/nacionales\/"},"img":{"alt_text":"","src":"","width":0,"height":0},"classes":[]},{"id":65344,"url":"https:\/\/lasprimeras.com.do\/index.php\/2023\/10\/27\/prm-califica-como-un-error-que-la-oposicion-no-haya-firmado-el-pacto-por-haiti\/","url_meta":{"origin":65247,"position":2},"title":"PRM califica como &#8220;un error&#8221; que la oposici\u00f3n no haya firmado el Pacto por Hait\u00ed","author":"Nelson Feliz","date":"27 de octubre de 2023","format":false,"excerpt":"El vicepresidente del partido, Eddy Olivares afirm\u00f3 que estas organizaciones antepusieron el inter\u00e9s de la naci\u00f3n por razones electorales. El vicepresidente del Partido Revolucionario Moderno (PRM), Eddy Olivares, afirm\u00f3 que \"es un error\" la abstenci\u00f3n de los partidos Fuerza del Pueblo (FP), de la Liberaci\u00f3n Dominicana (PLD) y Revolucionario Dominicano\u2026","rel":"","context":"En \u00abPORTADA\u00bb","block_context":{"text":"PORTADA","link":"https:\/\/lasprimeras.com.do\/index.php\/category\/portada\/"},"img":{"alt_text":"Eddy Olivares","src":"https:\/\/i0.wp.com\/lasprimeras.com.do\/wp-content\/uploads\/2023\/10\/Eddy-Olivares.jpg?resize=350%2C200&ssl=1","width":350,"height":200,"srcset":"https:\/\/i0.wp.com\/lasprimeras.com.do\/wp-content\/uploads\/2023\/10\/Eddy-Olivares.jpg?resize=350%2C200&ssl=1 1x, https:\/\/i0.wp.com\/lasprimeras.com.do\/wp-content\/uploads\/2023\/10\/Eddy-Olivares.jpg?resize=525%2C300&ssl=1 1.5x, https:\/\/i0.wp.com\/lasprimeras.com.do\/wp-content\/uploads\/2023\/10\/Eddy-Olivares.jpg?resize=700%2C400&ssl=1 2x"},"classes":[]},{"id":65440,"url":"https:\/\/lasprimeras.com.do\/index.php\/2023\/10\/28\/partidos-oposicion-dominicanos-explican-ausencia-en-firma-pacto\/","url_meta":{"origin":65247,"position":3},"title":"Partidos oposici\u00f3n dominicanos explican ausencia en firma pacto","author":"BIMARY DE JES\u00daS Matos","date":"28 de octubre de 2023","format":false,"excerpt":"Santo Domingo.-Los principales partidos pol\u00edticos de oposici\u00f3n dominicanos coincidieron hoy en que las medidas adoptadas por el Gobierno sobre Hait\u00ed \u00abson su exclusividad\u00bb, y por esa raz\u00f3n desistieron de la firma del Pacto de Naci\u00f3n. interrogados sobre los motivos que los llevaron a separarse del referido Pacto suscrito la v\u00edspera\u2026","rel":"","context":"En \u00abSin categor\u00eda\u00bb","block_context":{"text":"Sin categor\u00eda","link":"https:\/\/lasprimeras.com.do\/index.php\/category\/sin-categoria\/"},"img":{"alt_text":"","src":"https:\/\/i0.wp.com\/lasprimeras.com.do\/wp-content\/uploads\/2023\/10\/8_Nacionales_15_1p01-4.jpg?resize=350%2C200&ssl=1","width":350,"height":200,"srcset":"https:\/\/i0.wp.com\/lasprimeras.com.do\/wp-content\/uploads\/2023\/10\/8_Nacionales_15_1p01-4.jpg?resize=350%2C200&ssl=1 1x, https:\/\/i0.wp.com\/lasprimeras.com.do\/wp-content\/uploads\/2023\/10\/8_Nacionales_15_1p01-4.jpg?resize=525%2C300&ssl=1 1.5x"},"classes":[]},{"id":125512,"url":"https:\/\/lasprimeras.com.do\/index.php\/2026\/03\/23\/udc-apoya-medidas-de-abinader-para-enfrentar-alza-de-combustibles\/","url_meta":{"origin":65247,"position":4},"title":"UDC apoya medidas de Abinader para enfrentar alza de combustibles","author":"Nelson Feliz","date":"23 de marzo de 2026","format":false,"excerpt":"El l\u00edder de la Uni\u00f3n Dem\u00f3crata Cristiana \u2013UDC, Luis Acosta Moreta, Luis \u201cEl Gallo\u201d, respald\u00f3 hoy las medidas tomadas por el presidente Luis Abinader para hacer frente a la crisis de los combustibles, y llam\u00f3 a un pacto nacional para buscar soluciones inmediatas. Destac\u00f3 que el presidente Abinader est\u00e1 trabajando\u2026","rel":"","context":"En \u00abPOLITICA\u00bb","block_context":{"text":"POLITICA","link":"https:\/\/lasprimeras.com.do\/index.php\/category\/politica\/"},"img":{"alt_text":"Luis Acosta Moreta","src":"https:\/\/i0.wp.com\/lasprimeras.com.do\/wp-content\/uploads\/2025\/04\/Luis-Acosta-Moreta.jpg?resize=350%2C200&ssl=1","width":350,"height":200,"srcset":"https:\/\/i0.wp.com\/lasprimeras.com.do\/wp-content\/uploads\/2025\/04\/Luis-Acosta-Moreta.jpg?resize=350%2C200&ssl=1 1x, https:\/\/i0.wp.com\/lasprimeras.com.do\/wp-content\/uploads\/2025\/04\/Luis-Acosta-Moreta.jpg?resize=525%2C300&ssl=1 1.5x, https:\/\/i0.wp.com\/lasprimeras.com.do\/wp-content\/uploads\/2025\/04\/Luis-Acosta-Moreta.jpg?resize=700%2C400&ssl=1 2x"},"classes":[]},{"id":58638,"url":"https:\/\/lasprimeras.com.do\/index.php\/2023\/08\/26\/delegacion-de-rd-sostiene-encuentros-con-autoridades-canadienses-sobre-crisis-haiti\/","url_meta":{"origin":65247,"position":5},"title":"Delegaci\u00f3n de RD sostiene encuentros con autoridades canadienses sobre crisis Hait\u00ed","author":"Nelson Feliz","date":"26 de agosto de 2023","format":false,"excerpt":"Una nueva delegaci\u00f3n designada por el presidente Luis Abinader, integrado por representantes de partidos pol\u00edticos, del gobierno y acad\u00e9micos, viaj\u00f3 a Canad\u00e1 para desarrollar un programa de encuentros con autoridades y miembros de diversos sectores sobre la crisis en Hait\u00ed y su impacto en nuestro pa\u00eds. La comisi\u00f3n est\u00e1 conformada\u2026","rel":"","context":"En \u00abNACIONALES\u00bb","block_context":{"text":"NACIONALES","link":"https:\/\/lasprimeras.com.do\/index.php\/category\/nacionales\/"},"img":{"alt_text":"Delegaci\u00f3n de RD","src":"https:\/\/i0.wp.com\/lasprimeras.com.do\/wp-content\/uploads\/2023\/08\/Delegacion.jpg?resize=350%2C200&ssl=1","width":350,"height":200,"srcset":"https:\/\/i0.wp.com\/lasprimeras.com.do\/wp-content\/uploads\/2023\/08\/Delegacion.jpg?resize=350%2C200&ssl=1 1x, https:\/\/i0.wp.com\/lasprimeras.com.do\/wp-content\/uploads\/2023\/08\/Delegacion.jpg?resize=525%2C300&ssl=1 1.5x, https:\/\/i0.wp.com\/lasprimeras.com.do\/wp-content\/uploads\/2023\/08\/Delegacion.jpg?resize=700%2C400&ssl=1 2x"},"classes":[]}],"jetpack_sharing_enabled":true,"_links":{"self":[{"href":"https:\/\/lasprimeras.com.do\/index.php\/wp-json\/wp\/v2\/posts\/65247","targetHints":{"allow":["GET"]}}],"collection":[{"href":"https:\/\/lasprimeras.com.do\/index.php\/wp-json\/wp\/v2\/posts"}],"about":[{"href":"https:\/\/lasprimeras.com.do\/index.php\/wp-json\/wp\/v2\/types\/post"}],"author":[{"embeddable":true,"href":"https:\/\/lasprimeras.com.do\/index.php\/wp-json\/wp\/v2\/users\/2"}],"replies":[{"embeddable":true,"href":"https:\/\/lasprimeras.com.do\/index.php\/wp-json\/wp\/v2\/comments?post=65247"}],"version-history":[{"count":1,"href":"https:\/\/lasprimeras.com.do\/index.php\/wp-json\/wp\/v2\/posts\/65247\/revisions"}],"predecessor-version":[{"id":65249,"href":"https:\/\/lasprimeras.com.do\/index.php\/wp-json\/wp\/v2\/posts\/65247\/revisions\/65249"}],"wp:featuredmedia":[{"embeddable":true,"href":"https:\/\/lasprimeras.com.do\/index.php\/wp-json\/wp\/v2\/media\/65248"}],"wp:attachment":[{"href":"https:\/\/lasprimeras.com.do\/index.php\/wp-json\/wp\/v2\/media?parent=65247"}],"wp:term":[{"taxonomy":"category","embeddable":true,"href":"https:\/\/lasprimeras.com.do\/index.php\/wp-json\/wp\/v2\/categories?post=65247"},{"taxonomy":"post_tag","embeddable":true,"href":"https:\/\/lasprimeras.com.do\/index.php\/wp-json\/wp\/v2\/tags?post=65247"}],"curies":[{"name":"wp","href":"https:\/\/api.w.org\/{rel}","templated":true}]}}