{"id":65250,"date":"2023-10-26T22:07:59","date_gmt":"2023-10-27T02:07:59","guid":{"rendered":"https:\/\/lasprimeras.com.do\/?p=65250"},"modified":"2023-10-26T22:08:00","modified_gmt":"2023-10-27T02:08:00","slug":"el-comite-pro-asfalto-de-las-carreteras-el-naranjal-y-parra-de-san-jose-de-ocoa","status":"publish","type":"post","link":"https:\/\/lasprimeras.com.do\/index.php\/2023\/10\/26\/el-comite-pro-asfalto-de-las-carreteras-el-naranjal-y-parra-de-san-jose-de-ocoa\/","title":{"rendered":"El Comit\u00e9 Pro-Asfalto de las carreteras El Naranjal y Parra de San Jos\u00e9 de Ocoa"},"content":{"rendered":"\n<p>El Comit\u00e9 Pro-Asfalto de las carreteras El Naranjal y Parra de San Jos\u00e9 de Ocoa, inform\u00f3 que ha decidido protestar frente al Palacio Nacional, debido a las mentiras y enga\u00f1os que hemos sido v\u00edctimas las comunidades de El Naranjal y Parra de San Jos\u00e9 de Ocoa, por parte de las autoridades gubernamentales de esa provincia.<\/p>\n\n\n\n<p>La entidad, manifest\u00f3 que llevan d\u00e9cadas reclamando el asfalto de dos kil\u00f3metros y medio de la carretera El Naranjal y seis kil\u00f3metros de la comunidad de Parra.<\/p>\n\n\n\n<p>&#8220;Hemos realizado, marchas, denuncias, caravanas, enviamos cartas que la actual gobernadora de San Jos\u00e9 de Ocoa, rechazo con prepotencia, hemos realizado piquetes a esta misma instituci\u00f3n, y ni el pasado Gobierno, ni este que encabeza el presidente Luis Abinader, han sido capaces de atender nuestras demandas&#8221; enfatiz\u00f3 el Comit\u00e9 Pro-Asfalto.&nbsp;<\/p>\n\n\n\n<p>Se\u00f1ala que las autoridades de San Jos\u00e9 de Ocoa encabezada por la gobernadora provincial Oliva Castillo, el alcalde Aneudys Ortiz, el director del Distrito Municipal El Naranjal Roberto Abreu y Jes\u00fas V\u00e1squez Mart\u00ednez ministro de Interior y Polic\u00eda, se han burlado de nuestra gente de una manera descarada, incumpliendo todas sus promesas y acuerdos.<\/p>\n\n\n\n<p>De manera similar ha actuado el ministro de Obras P\u00fablicas Ing. Deligne Ascensi\u00f3n, quien se ha comportado como un funcionario mentiroso e incapaz, violando el acuerdo al que llegamos el d\u00eda 14 del mes de mayo pasado, el cual ten\u00eda como objetivo iniciar y concluir el asfalto de nuestra carretera.<\/p>\n\n\n\n<p>El Comit\u00e9 Pro-Asfalto de San Jos\u00e9 de Ocoa, considera, tambi\u00e9n que el presidente Luis Abinader se ha manejado de manera indolente frente a este caso; muy bien conocido por \u00e9l, pero que ha preferido apoyar la irresponsabilidad de las compa\u00f1\u00edas PAYTON y Acero Estrella encargadas de realizar las referidas obras.<\/p>\n","protected":false},"excerpt":{"rendered":"<p>El Comit\u00e9 Pro-Asfalto de las carreteras El Naranjal y Parra de San Jos\u00e9 de Ocoa, inform\u00f3 que ha decidido protestar frente al Palacio Nacional, debido a las mentiras y enga\u00f1os&hellip;<\/p>\n","protected":false},"author":2,"featured_media":65251,"comment_status":"open","ping_status":"open","sticky":false,"template":"","format":"standard","meta":{"content-type":"","jetpack_post_was_ever_published":false,"_jetpack_newsletter_access":"","_jetpack_dont_email_post_to_subs":false,"_jetpack_newsletter_tier_id":0,"_jetpack_memberships_contains_paywalled_content":false,"_jetpack_memberships_contains_paid_content":false,"footnotes":""},"categories":[35,25],"tags":[234,8929,7398,8928,4393],"class_list":["post-65250","post","type-post","status-publish","format-standard","has-post-thumbnail","hentry","category-nacionales","category-portada","tag-carretera","tag-comite-pro-asfalto","tag-el-naranjal","tag-parra","tag-san-jose-de-ocoa"],"jetpack_featured_media_url":"https:\/\/lasprimeras.com.do\/wp-content\/uploads\/2023\/10\/RECLAMOS-1.jpg","jetpack-related-posts":[{"id":123792,"url":"https:\/\/lasprimeras.com.do\/index.php\/2026\/03\/05\/senador-aneudy-ortiz-sajiun-valora-discurso-del-presidente-abinader-agradece-obras-en-ocoa\/","url_meta":{"origin":65250,"position":0},"title":"Senador Aneudy Ortiz Sajiun valora discurso del presidente Abinader, agradece obras en Ocoa","author":"Nelson Feliz","date":"5 de marzo de 2026","format":false,"excerpt":"Exhorta a \u201ccasarse con la gloria\u201d culminando proyectos en la zona alta del Pinar, Naranjal\u2013Parra y Ocoa\u2013Cruce de Ocoa. El senador por la provincia San Jos\u00e9 de Ocoa, Aneudy Ortiz Sajiun, catalog\u00f3 como uno de los mejores discursos de los \u00faltimos tiempos la alocuci\u00f3n pronunciada por el presidente Luis Abinader\u2026","rel":"","context":"En \u00abPOLITICA\u00bb","block_context":{"text":"POLITICA","link":"https:\/\/lasprimeras.com.do\/index.php\/category\/politica\/"},"img":{"alt_text":"","src":"https:\/\/i0.wp.com\/lasprimeras.com.do\/wp-content\/uploads\/2026\/03\/IMG-20260305-WA0166.jpg?resize=350%2C200&ssl=1","width":350,"height":200,"srcset":"https:\/\/i0.wp.com\/lasprimeras.com.do\/wp-content\/uploads\/2026\/03\/IMG-20260305-WA0166.jpg?resize=350%2C200&ssl=1 1x, https:\/\/i0.wp.com\/lasprimeras.com.do\/wp-content\/uploads\/2026\/03\/IMG-20260305-WA0166.jpg?resize=525%2C300&ssl=1 1.5x, https:\/\/i0.wp.com\/lasprimeras.com.do\/wp-content\/uploads\/2026\/03\/IMG-20260305-WA0166.jpg?resize=700%2C400&ssl=1 2x"},"classes":[]},{"id":60176,"url":"https:\/\/lasprimeras.com.do\/index.php\/2023\/09\/11\/presidente-de-la-unet-denuncia-alcalde-de-el-naranjal-se-apropia-de-terrenos-privados\/","url_meta":{"origin":65250,"position":1},"title":"Presidente de la UNET denuncia alcalde de El Naranjal, se apropia de terrenos privados","author":"Nelson Feliz","date":"11 de septiembre de 2023","format":false,"excerpt":"El presidente de la Uni\u00f3n Nacional de Empresas del Transporte (UNET), Reynaldo P\u00e9rez S\u00e1nchez (Moreno), hizo un llamado a la Junta Distrital del municipio El Naranjal de San Jos\u00e9 de Ocoa a que se abstengan de seguir extorsionando a los medios para desinformar y no decir la verdad de acuerdo\u2026","rel":"","context":"En \u00abNACIONALES\u00bb","block_context":{"text":"NACIONALES","link":"https:\/\/lasprimeras.com.do\/index.php\/category\/nacionales\/"},"img":{"alt_text":"Reinaldo Perez Sanchez","src":"https:\/\/i0.wp.com\/lasprimeras.com.do\/wp-content\/uploads\/2023\/09\/Reinaldo-Perez-Sanchez-1.jpg?resize=350%2C200&ssl=1","width":350,"height":200,"srcset":"https:\/\/i0.wp.com\/lasprimeras.com.do\/wp-content\/uploads\/2023\/09\/Reinaldo-Perez-Sanchez-1.jpg?resize=350%2C200&ssl=1 1x, https:\/\/i0.wp.com\/lasprimeras.com.do\/wp-content\/uploads\/2023\/09\/Reinaldo-Perez-Sanchez-1.jpg?resize=525%2C300&ssl=1 1.5x"},"classes":[]},{"id":107527,"url":"https:\/\/lasprimeras.com.do\/index.php\/2025\/08\/27\/mas-de-3500-ninos-reciben-utiles-escolares-en-san-jose-de-ocoa\/","url_meta":{"origin":65250,"position":2},"title":"M\u00e1s de 3,500 ni\u00f1os reciben \u00fatiles escolares en San Jos\u00e9 de Ocoa","author":"Nelson Feliz","date":"27 de agosto de 2025","format":false,"excerpt":"En San Jos\u00e9 de Ocoa, m\u00e1s de 3,500 ni\u00f1os y ni\u00f1as fueron beneficiados con kits de \u00fatiles escolares en una jornada social que m\u00e1s que un reparto de utensilios fue una fiesta de esperanza. La iniciativa fue encabezada por el empresario y pol\u00edtico Neury Tejeda, junto a la Fundaci\u00f3n SomosDeOcoa.org,\u2026","rel":"","context":"En \u00abNACIONALES\u00bb","block_context":{"text":"NACIONALES","link":"https:\/\/lasprimeras.com.do\/index.php\/category\/nacionales\/"},"img":{"alt_text":"","src":"https:\/\/i0.wp.com\/lasprimeras.com.do\/wp-content\/uploads\/2025\/08\/utiles-1.jpg?resize=350%2C200&ssl=1","width":350,"height":200,"srcset":"https:\/\/i0.wp.com\/lasprimeras.com.do\/wp-content\/uploads\/2025\/08\/utiles-1.jpg?resize=350%2C200&ssl=1 1x, https:\/\/i0.wp.com\/lasprimeras.com.do\/wp-content\/uploads\/2025\/08\/utiles-1.jpg?resize=525%2C300&ssl=1 1.5x, https:\/\/i0.wp.com\/lasprimeras.com.do\/wp-content\/uploads\/2025\/08\/utiles-1.jpg?resize=700%2C400&ssl=1 2x"},"classes":[]},{"id":76319,"url":"https:\/\/lasprimeras.com.do\/index.php\/2024\/02\/09\/margarita-cedeno-se-reune-con-los-candidatos-de-la-alianza-rescate-rd-en-san-jose-de-ocoa\/","url_meta":{"origin":65250,"position":3},"title":"Margarita Cede\u00f1o se re\u00fane con los candidatos de la &#8220;Alianza Rescate RD&#8221; en San Jos\u00e9 de Ocoa","author":"Nelson Feliz","date":"9 de febrero de 2024","format":false,"excerpt":"La ex vicepresidenta de la Rep\u00fablica y miembro del Comit\u00e9 Pol\u00edtico del Partido de la Liberaci\u00f3n Dominicana (PLD), Margarita Cede\u00f1o, sostuvo un encuentro con candidatos y l\u00edderes comunitarios de San Jos\u00e9 de Ocoa. En esta actividad, Cede\u00f1o se reuni\u00f3 con los candidatos de la Alianza Rescate RD, consolidando as\u00ed el\u2026","rel":"","context":"En \u00abPORTADA\u00bb","block_context":{"text":"PORTADA","link":"https:\/\/lasprimeras.com.do\/index.php\/category\/portada\/"},"img":{"alt_text":"Margarita Cede\u00f1o","src":"https:\/\/i0.wp.com\/lasprimeras.com.do\/wp-content\/uploads\/2024\/02\/Margarita-Cedeno.jpg?resize=350%2C200&ssl=1","width":350,"height":200,"srcset":"https:\/\/i0.wp.com\/lasprimeras.com.do\/wp-content\/uploads\/2024\/02\/Margarita-Cedeno.jpg?resize=350%2C200&ssl=1 1x, https:\/\/i0.wp.com\/lasprimeras.com.do\/wp-content\/uploads\/2024\/02\/Margarita-Cedeno.jpg?resize=525%2C300&ssl=1 1.5x"},"classes":[]},{"id":123630,"url":"https:\/\/lasprimeras.com.do\/index.php\/2026\/03\/03\/pld-en-san-jose-de-ocoa-indignacion-de-ocoa-con-anuncio-de-obras-inexistentes\/","url_meta":{"origin":65250,"position":4},"title":"PLD en San Jos\u00e9 de Ocoa: Indignaci\u00f3n de Ocoa con anuncio de obras inexistentes","author":"Nelson Feliz","date":"3 de marzo de 2026","format":false,"excerpt":"El PLD en San Jos\u00e9 de Ocoa responde al Presidente de la Rep\u00fablica. Niega la construcci\u00f3n de 25 obras en la provincia. El Partido de la Liberaci\u00f3n Dominicana (PLD), en San Jos\u00e9 de Ocoa, desminti\u00f3 que el gobierno del PRM haya construido 25 obras como se\u00f1al\u00f3 el presidente de la\u2026","rel":"","context":"En \u00abPOLITICA\u00bb","block_context":{"text":"POLITICA","link":"https:\/\/lasprimeras.com.do\/index.php\/category\/politica\/"},"img":{"alt_text":"","src":"https:\/\/i0.wp.com\/lasprimeras.com.do\/wp-content\/uploads\/2026\/03\/Foto.jpg?resize=350%2C200&ssl=1","width":350,"height":200,"srcset":"https:\/\/i0.wp.com\/lasprimeras.com.do\/wp-content\/uploads\/2026\/03\/Foto.jpg?resize=350%2C200&ssl=1 1x, https:\/\/i0.wp.com\/lasprimeras.com.do\/wp-content\/uploads\/2026\/03\/Foto.jpg?resize=525%2C300&ssl=1 1.5x, https:\/\/i0.wp.com\/lasprimeras.com.do\/wp-content\/uploads\/2026\/03\/Foto.jpg?resize=700%2C400&ssl=1 2x"},"classes":[]},{"id":68584,"url":"https:\/\/lasprimeras.com.do\/index.php\/2023\/11\/25\/roberto-angel-supervisa-ampliacion-de-acciones-sociales-del-gobierno-y-reparacion-de-viviendas-en-sj-de-ocoa\/","url_meta":{"origin":65250,"position":5},"title":"Roberto \u00c1ngel supervisa ampliaci\u00f3n de acciones sociales del Gobierno y reparaci\u00f3n de viviendas en SJ de Ocoa","author":"BIMARY DE JES\u00daS Matos","date":"25 de noviembre de 2023","format":false,"excerpt":"San Jos\u00e9 de Ocoa. - El director general de Proyectos Estrat\u00e9gicos y Especiales de la Presidencia, Roberto \u00c1ngel Salcedo, inici\u00f3 este viernes un programa masivo de fumigacion en esta provincia y supervis\u00f3 la ampliaci\u00f3n de las acciones sociales del Gobierno en beneficio de las miles de familias afectadas por las\u2026","rel":"","context":"En \u00abPORTADA\u00bb","block_context":{"text":"PORTADA","link":"https:\/\/lasprimeras.com.do\/index.php\/category\/portada\/"},"img":{"alt_text":"","src":"https:\/\/i0.wp.com\/lasprimeras.com.do\/wp-content\/uploads\/2023\/11\/WhatsApp-Image-2023-11-25-at-5.12.29-PM-3.jpeg?resize=350%2C200&ssl=1","width":350,"height":200,"srcset":"https:\/\/i0.wp.com\/lasprimeras.com.do\/wp-content\/uploads\/2023\/11\/WhatsApp-Image-2023-11-25-at-5.12.29-PM-3.jpeg?resize=350%2C200&ssl=1 1x, https:\/\/i0.wp.com\/lasprimeras.com.do\/wp-content\/uploads\/2023\/11\/WhatsApp-Image-2023-11-25-at-5.12.29-PM-3.jpeg?resize=525%2C300&ssl=1 1.5x, https:\/\/i0.wp.com\/lasprimeras.com.do\/wp-content\/uploads\/2023\/11\/WhatsApp-Image-2023-11-25-at-5.12.29-PM-3.jpeg?resize=700%2C400&ssl=1 2x"},"classes":[]}],"jetpack_sharing_enabled":true,"_links":{"self":[{"href":"https:\/\/lasprimeras.com.do\/index.php\/wp-json\/wp\/v2\/posts\/65250","targetHints":{"allow":["GET"]}}],"collection":[{"href":"https:\/\/lasprimeras.com.do\/index.php\/wp-json\/wp\/v2\/posts"}],"about":[{"href":"https:\/\/lasprimeras.com.do\/index.php\/wp-json\/wp\/v2\/types\/post"}],"author":[{"embeddable":true,"href":"https:\/\/lasprimeras.com.do\/index.php\/wp-json\/wp\/v2\/users\/2"}],"replies":[{"embeddable":true,"href":"https:\/\/lasprimeras.com.do\/index.php\/wp-json\/wp\/v2\/comments?post=65250"}],"version-history":[{"count":1,"href":"https:\/\/lasprimeras.com.do\/index.php\/wp-json\/wp\/v2\/posts\/65250\/revisions"}],"predecessor-version":[{"id":65252,"href":"https:\/\/lasprimeras.com.do\/index.php\/wp-json\/wp\/v2\/posts\/65250\/revisions\/65252"}],"wp:featuredmedia":[{"embeddable":true,"href":"https:\/\/lasprimeras.com.do\/index.php\/wp-json\/wp\/v2\/media\/65251"}],"wp:attachment":[{"href":"https:\/\/lasprimeras.com.do\/index.php\/wp-json\/wp\/v2\/media?parent=65250"}],"wp:term":[{"taxonomy":"category","embeddable":true,"href":"https:\/\/lasprimeras.com.do\/index.php\/wp-json\/wp\/v2\/categories?post=65250"},{"taxonomy":"post_tag","embeddable":true,"href":"https:\/\/lasprimeras.com.do\/index.php\/wp-json\/wp\/v2\/tags?post=65250"}],"curies":[{"name":"wp","href":"https:\/\/api.w.org\/{rel}","templated":true}]}}