{"id":65258,"date":"2023-10-26T22:48:37","date_gmt":"2023-10-27T02:48:37","guid":{"rendered":"https:\/\/lasprimeras.com.do\/?p=65258"},"modified":"2023-10-26T22:48:51","modified_gmt":"2023-10-27T02:48:51","slug":"rd-sera-sede-de-la-asamblea-parlamentaria-europea-latinoamericana-eurolat","status":"publish","type":"post","link":"https:\/\/lasprimeras.com.do\/index.php\/2023\/10\/26\/rd-sera-sede-de-la-asamblea-parlamentaria-europea-latinoamericana-eurolat\/","title":{"rendered":"RD ser\u00e1 sede de la Asamblea Parlamentaria Europea-Latinoamericana (EuroLat)"},"content":{"rendered":"\n<p><strong>Por primera vez los parlamentarios de Europa y Latinoam\u00e9rica sesionar\u00e1n en El Caribe.<\/strong><\/p>\n\n\n\n<p>Por Martin Restituyo<\/p>\n\n\n\n<p>El Senado de la Rep\u00fablica Dominicana ser\u00e1 la sede para recibir a 150 miembros de la Asamblea Parlamentaria Europea-Latinoamericana (EuroLat), que se celebrar\u00e1 del 30 de octubre al 02 de noviembre del a\u00f1o en curso, con la asistencia de Javier L\u00f3pez, presidente del componente europeo de la Asamblea Eurolat y Amado Cerrud Acevedo, presidente latinoamericano de la Asamblea Eurolat.<\/p>\n\n\n\n<p>Este evento que se realiza por primera vez en la Rep\u00fablica Dominicana, tiene como prop\u00f3sito analizar y buscar soluciones sobre diferentes temas de inter\u00e9s nacional e internacional.<\/p>\n\n\n\n<p>Esta ser\u00e1 la D\u00e9cimo Sexta reuni\u00f3n plenaria y por primera vez en la regi\u00f3n del Caribe, se llevar\u00e1 a cabo en el edificio del Senado de la Rep\u00fablica, para dar cumplimiento a una amplia agenda compuesta por un grupo de trabajo, cuatro comisiones parlamentarias y dos foros.<\/p>\n\n\n\n<p>Durante la actividad los representantes de la Asamblea Parlamentaria Europea-Latinoamericana (EuroLat), formar\u00e1n un grupo de trabajo para tratar temas como la seguridad alimentaria, cambio clim\u00e1tico, y el empoderamiento de las mujeres.<\/p>\n\n\n\n<p>En los trabajos, tambi\u00e9n est\u00e1 contemplado tratar el tema del desarrollo sostenible, pol\u00edtica energ\u00e9tica, investigaci\u00f3n, innovaci\u00f3n y tecnolog\u00eda.<\/p>\n","protected":false},"excerpt":{"rendered":"<p>Por primera vez los parlamentarios de Europa y Latinoam\u00e9rica sesionar\u00e1n en El Caribe. Por Martin Restituyo El Senado de la Rep\u00fablica Dominicana ser\u00e1 la sede para recibir a 150 miembros&hellip;<\/p>\n","protected":false},"author":2,"featured_media":65259,"comment_status":"open","ping_status":"open","sticky":false,"template":"","format":"standard","meta":{"content-type":"","jetpack_post_was_ever_published":false,"_jetpack_newsletter_access":"","_jetpack_dont_email_post_to_subs":false,"_jetpack_newsletter_tier_id":0,"_jetpack_memberships_contains_paywalled_content":false,"_jetpack_memberships_contains_paid_content":false,"footnotes":""},"categories":[35],"tags":[2481,8932,8931,5185,8930,1226],"class_list":["post-65258","post","type-post","status-publish","format-standard","has-post-thumbnail","hentry","category-nacionales","tag-asamblea","tag-eurolat","tag-europea","tag-latinoamericana","tag-parlamentaria","tag-republica-dominicana"],"jetpack_featured_media_url":"https:\/\/lasprimeras.com.do\/wp-content\/uploads\/2023\/10\/Senado-de-la-Republica.jpg","jetpack-related-posts":[{"id":65812,"url":"https:\/\/lasprimeras.com.do\/index.php\/2023\/10\/31\/senado-inaugura-xvi-asamblea-parlamentaria-europea-latinoamericana-eurolat\/","url_meta":{"origin":65258,"position":0},"title":"Senado inaugura XVI Asamblea Parlamentaria Europea-Latinoamericana (EuroLat)","author":"Nelson Feliz","date":"31 de octubre de 2023","format":false,"excerpt":"Legisladores de Europa y Latinoam\u00e9rica analizan temas como la seguridad alimentaria, cambio clim\u00e1tico, empoderamiento de las mujeres, desarrollo sostenible, pol\u00edtica energ\u00e9tica, investigaci\u00f3n, innovaci\u00f3n y tecnolog\u00eda. El Congreso Nacional de la Rep\u00fablica Dominicana inaugur\u00f3 este martes la XVI Asamblea Parlamentaria Europea-Latinoamericano 2023, con la participaci\u00f3n de m\u00e1s de 150 parlamentarios. El\u2026","rel":"","context":"En \u00abNACIONALES\u00bb","block_context":{"text":"NACIONALES","link":"https:\/\/lasprimeras.com.do\/index.php\/category\/nacionales\/"},"img":{"alt_text":"EuroLat","src":"https:\/\/i0.wp.com\/lasprimeras.com.do\/wp-content\/uploads\/2023\/10\/EuroLat-1.jpg?resize=350%2C200&ssl=1","width":350,"height":200,"srcset":"https:\/\/i0.wp.com\/lasprimeras.com.do\/wp-content\/uploads\/2023\/10\/EuroLat-1.jpg?resize=350%2C200&ssl=1 1x, https:\/\/i0.wp.com\/lasprimeras.com.do\/wp-content\/uploads\/2023\/10\/EuroLat-1.jpg?resize=525%2C300&ssl=1 1.5x, https:\/\/i0.wp.com\/lasprimeras.com.do\/wp-content\/uploads\/2023\/10\/EuroLat-1.jpg?resize=700%2C400&ssl=1 2x"},"classes":[]},{"id":66064,"url":"https:\/\/lasprimeras.com.do\/index.php\/2023\/11\/02\/parlamentarios-de-eurolat-concluyen-asamblea-con-temas-de-seguridad-alimentaria-cambio-climatico-y-crisis-rd-haiti\/","url_meta":{"origin":65258,"position":1},"title":"Parlamentarios de EuroLat concluyen asamblea con temas de seguridad alimentaria, cambio clim\u00e1tico y crisis RD-Hait\u00ed","author":"Nelson Feliz","date":"2 de noviembre de 2023","format":false,"excerpt":"Con una reuni\u00f3n abierta con miembros de la sociedad civil, concluy\u00f3 la d\u00e9cimo sexta Asamblea Parlamentaria Europea-Latinoamericana (EuroLat), con la participaci\u00f3n de m\u00e1s de 200 parlamentarios que se reunieron en el Senado de la Rep\u00fablica del 31 de octubre al 2 de noviembre. Los parlamentarios europeos, de centro y Suram\u00e9rica,\u2026","rel":"","context":"En \u00abNACIONALES\u00bb","block_context":{"text":"NACIONALES","link":"https:\/\/lasprimeras.com.do\/index.php\/category\/nacionales\/"},"img":{"alt_text":"EuroLat","src":"https:\/\/i0.wp.com\/lasprimeras.com.do\/wp-content\/uploads\/2023\/11\/EuroLat-4.jpg?resize=350%2C200&ssl=1","width":350,"height":200,"srcset":"https:\/\/i0.wp.com\/lasprimeras.com.do\/wp-content\/uploads\/2023\/11\/EuroLat-4.jpg?resize=350%2C200&ssl=1 1x, https:\/\/i0.wp.com\/lasprimeras.com.do\/wp-content\/uploads\/2023\/11\/EuroLat-4.jpg?resize=525%2C300&ssl=1 1.5x, https:\/\/i0.wp.com\/lasprimeras.com.do\/wp-content\/uploads\/2023\/11\/EuroLat-4.jpg?resize=700%2C400&ssl=1 2x"},"classes":[]},{"id":76458,"url":"https:\/\/lasprimeras.com.do\/index.php\/2024\/02\/11\/parlacen-expresa-condolencias-por-el-fallecimiento-del-expresidente-sebastian-pinera\/","url_meta":{"origin":65258,"position":2},"title":"Parlacen expresa condolencias por el fallecimiento del Expresidente Sebasti\u00e1n Pi\u00f1era","author":"Nelson Feliz","date":"11 de febrero de 2024","format":false,"excerpt":"Adem\u00e1s, se solidariza ante los catastr\u00f3ficos incendios en Chile Guatemala, Centroam\u00e9rica. La Presidenta del Parlamento Centroamericano, Silvia Garc\u00eda Polanco, junto con la Junta Directiva, emiten el d\u00eda de hoy una profunda declaraci\u00f3n de condolencias y solidaridad tras los recientes eventos ocurridos en la Rep\u00fablica de Chile. Es con gran pesar\u2026","rel":"","context":"En \u00abNACIONALES\u00bb","block_context":{"text":"NACIONALES","link":"https:\/\/lasprimeras.com.do\/index.php\/category\/nacionales\/"},"img":{"alt_text":"Parlacen","src":"https:\/\/i0.wp.com\/lasprimeras.com.do\/wp-content\/uploads\/2024\/02\/Parlacen.jpg?resize=350%2C200&ssl=1","width":350,"height":200,"srcset":"https:\/\/i0.wp.com\/lasprimeras.com.do\/wp-content\/uploads\/2024\/02\/Parlacen.jpg?resize=350%2C200&ssl=1 1x, https:\/\/i0.wp.com\/lasprimeras.com.do\/wp-content\/uploads\/2024\/02\/Parlacen.jpg?resize=525%2C300&ssl=1 1.5x, https:\/\/i0.wp.com\/lasprimeras.com.do\/wp-content\/uploads\/2024\/02\/Parlacen.jpg?resize=700%2C400&ssl=1 2x"},"classes":[]},{"id":88047,"url":"https:\/\/lasprimeras.com.do\/index.php\/2024\/08\/21\/juramentan-bancadas-parlamentarias-de-panama-y-republica-dominicana-en-el-senado-dominicano\/","url_meta":{"origin":65258,"position":3},"title":"Juramentan Bancadas Parlamentarias de Panam\u00e1 y Rep\u00fablica Dominicana en el Senado dominicano","author":"Nelson Feliz","date":"21 de agosto de 2024","format":false,"excerpt":"Con un acto protocolar se llev\u00f3 a cabo la juramentaci\u00f3n de las y los integrantes de las Bancadas Parlamentarias de la Rep\u00fablica de Panam\u00e1 y de la Rep\u00fablica Dominicana, en el auditorio del Senado Dominicano. El evento fue encabezado por el Presidente en funciones, Guillermo Daniel Ortega Reyes; en la\u2026","rel":"","context":"En \u00abPORTADA\u00bb","block_context":{"text":"PORTADA","link":"https:\/\/lasprimeras.com.do\/index.php\/category\/portada\/"},"img":{"alt_text":"diputados parlamentarios","src":"https:\/\/i0.wp.com\/lasprimeras.com.do\/wp-content\/uploads\/2024\/08\/diputados-parlamentarios.jpeg?resize=350%2C200&ssl=1","width":350,"height":200,"srcset":"https:\/\/i0.wp.com\/lasprimeras.com.do\/wp-content\/uploads\/2024\/08\/diputados-parlamentarios.jpeg?resize=350%2C200&ssl=1 1x, https:\/\/i0.wp.com\/lasprimeras.com.do\/wp-content\/uploads\/2024\/08\/diputados-parlamentarios.jpeg?resize=525%2C300&ssl=1 1.5x, https:\/\/i0.wp.com\/lasprimeras.com.do\/wp-content\/uploads\/2024\/08\/diputados-parlamentarios.jpeg?resize=700%2C400&ssl=1 2x, https:\/\/i0.wp.com\/lasprimeras.com.do\/wp-content\/uploads\/2024\/08\/diputados-parlamentarios.jpeg?resize=1050%2C600&ssl=1 3x, https:\/\/i0.wp.com\/lasprimeras.com.do\/wp-content\/uploads\/2024\/08\/diputados-parlamentarios.jpeg?resize=1400%2C800&ssl=1 4x"},"classes":[]},{"id":128080,"url":"https:\/\/lasprimeras.com.do\/index.php\/2026\/04\/19\/alfredo-pacheco-preside-152-a-asamblea-de-la-union-interparlamentaria-uip-en-estambul-turquia\/","url_meta":{"origin":65258,"position":4},"title":"Alfredo Pacheco preside 152.\u00aa Asamblea de la Uni\u00f3n Interparlamentaria (UIP) en Estambul, Turqu\u00eda","author":"Nelson Feliz","date":"19 de abril de 2026","format":false,"excerpt":"El presidente de la C\u00e1mara de Diputados Alfredo Pacheco, presidi\u00f3 la 152.\u00aa Asamblea de la Uni\u00f3n Interparlamentaria (UIP), en Estambul, Turqu\u00eda, siendo esta la primera vez que un dominicano preside los debates de este \u00f3rgano, compuesto por 186 parlamentos a nivel global; donde se trataron temas para garantizar la esperanza,\u2026","rel":"","context":"En \u00abPOLITICA\u00bb","block_context":{"text":"POLITICA","link":"https:\/\/lasprimeras.com.do\/index.php\/category\/politica\/"},"img":{"alt_text":"Alfredo Pacheco","src":"https:\/\/i0.wp.com\/lasprimeras.com.do\/wp-content\/uploads\/2023\/08\/Alfredo-Pacheco.jpg?resize=350%2C200&ssl=1","width":350,"height":200,"srcset":"https:\/\/i0.wp.com\/lasprimeras.com.do\/wp-content\/uploads\/2023\/08\/Alfredo-Pacheco.jpg?resize=350%2C200&ssl=1 1x, https:\/\/i0.wp.com\/lasprimeras.com.do\/wp-content\/uploads\/2023\/08\/Alfredo-Pacheco.jpg?resize=525%2C300&ssl=1 1.5x, https:\/\/i0.wp.com\/lasprimeras.com.do\/wp-content\/uploads\/2023\/08\/Alfredo-Pacheco.jpg?resize=700%2C400&ssl=1 2x"},"classes":[]},{"id":86338,"url":"https:\/\/lasprimeras.com.do\/index.php\/2024\/07\/22\/senado-recibe-visita-de-asambleistas-de-vietnam\/","url_meta":{"origin":65258,"position":5},"title":"Senado recibe visita de asamble\u00edstas de Vietnam","author":"Nelson Feliz","date":"22 de julio de 2024","format":false,"excerpt":"Ricardo de los Santos destaca la relaci\u00f3n cordial y de cooperaci\u00f3n en el \u00e1mbito pol\u00edtico, econ\u00f3mico, cultural y educativo entre ambas naciones. El presidente del Senado de la Rep\u00fablica, Ricardo de los Santos, junto a una delegaci\u00f3n de senadores, recibi\u00f3 la visita de una Comisi\u00f3n de Relaciones Exteriores de la\u2026","rel":"","context":"En \u00abNACIONALES\u00bb","block_context":{"text":"NACIONALES","link":"https:\/\/lasprimeras.com.do\/index.php\/category\/nacionales\/"},"img":{"alt_text":"","src":"https:\/\/i0.wp.com\/lasprimeras.com.do\/wp-content\/uploads\/2024\/07\/Ricardo-de-los-Santos-1-1.jpg?resize=350%2C200&ssl=1","width":350,"height":200,"srcset":"https:\/\/i0.wp.com\/lasprimeras.com.do\/wp-content\/uploads\/2024\/07\/Ricardo-de-los-Santos-1-1.jpg?resize=350%2C200&ssl=1 1x, https:\/\/i0.wp.com\/lasprimeras.com.do\/wp-content\/uploads\/2024\/07\/Ricardo-de-los-Santos-1-1.jpg?resize=525%2C300&ssl=1 1.5x"},"classes":[]}],"jetpack_sharing_enabled":true,"_links":{"self":[{"href":"https:\/\/lasprimeras.com.do\/index.php\/wp-json\/wp\/v2\/posts\/65258","targetHints":{"allow":["GET"]}}],"collection":[{"href":"https:\/\/lasprimeras.com.do\/index.php\/wp-json\/wp\/v2\/posts"}],"about":[{"href":"https:\/\/lasprimeras.com.do\/index.php\/wp-json\/wp\/v2\/types\/post"}],"author":[{"embeddable":true,"href":"https:\/\/lasprimeras.com.do\/index.php\/wp-json\/wp\/v2\/users\/2"}],"replies":[{"embeddable":true,"href":"https:\/\/lasprimeras.com.do\/index.php\/wp-json\/wp\/v2\/comments?post=65258"}],"version-history":[{"count":2,"href":"https:\/\/lasprimeras.com.do\/index.php\/wp-json\/wp\/v2\/posts\/65258\/revisions"}],"predecessor-version":[{"id":65261,"href":"https:\/\/lasprimeras.com.do\/index.php\/wp-json\/wp\/v2\/posts\/65258\/revisions\/65261"}],"wp:featuredmedia":[{"embeddable":true,"href":"https:\/\/lasprimeras.com.do\/index.php\/wp-json\/wp\/v2\/media\/65259"}],"wp:attachment":[{"href":"https:\/\/lasprimeras.com.do\/index.php\/wp-json\/wp\/v2\/media?parent=65258"}],"wp:term":[{"taxonomy":"category","embeddable":true,"href":"https:\/\/lasprimeras.com.do\/index.php\/wp-json\/wp\/v2\/categories?post=65258"},{"taxonomy":"post_tag","embeddable":true,"href":"https:\/\/lasprimeras.com.do\/index.php\/wp-json\/wp\/v2\/tags?post=65258"}],"curies":[{"name":"wp","href":"https:\/\/api.w.org\/{rel}","templated":true}]}}