{"id":65284,"date":"2023-10-27T06:57:37","date_gmt":"2023-10-27T10:57:37","guid":{"rendered":"https:\/\/lasprimeras.com.do\/?p=65284"},"modified":"2023-10-27T06:57:38","modified_gmt":"2023-10-27T10:57:38","slug":"educa-y-banco-popular-anuncian-aprendo-2023","status":"publish","type":"post","link":"https:\/\/lasprimeras.com.do\/index.php\/2023\/10\/27\/educa-y-banco-popular-anuncian-aprendo-2023\/","title":{"rendered":"Educa y Banco Popular anuncian Aprendo 2023"},"content":{"rendered":"\n<p>Santo Domingo.-El Banco Popular Dominicano y Acci\u00f3n Empresarial por la Educaci\u00f3n (Educa) anunciaron la vig\u00e9simo s\u00e9ptima edici\u00f3n del Congreso Internacional de Educaci\u00f3n Aprendo 2023, a celebrarse del 17 al 18 de noviembre, en el Sal\u00f3n La Fiesta del Hotel Jaragua de esta ciudad.<\/p>\n\n\n\n<p>\u201cMaestros profesionales, familias comprometidas\u201d es el tema que convoca esta nueva edici\u00f3n del c\u00f3nclave educativo, que considera que el fortalecimiento del binomio escuela-familia constituye el sost\u00e9n de un aprendizaje efectivo y del logro de la educaci\u00f3n de calidad que el pa\u00eds necesita.<\/p>\n\n\n\n<p>En tal contexto, se abordar\u00e1 el papel del hogar como socio estrat\u00e9gico en el aprendizaje de los estudiantes y c\u00f3mo los educadores deben apoyarse en la familia.<\/p>\n\n\n\n<p>Las informaciones se compartieron en un almuerzo conversatorio, auspiciado por el Banco Popular, al que asisti\u00f3 un nutrido grupo de l\u00edderes de opini\u00f3n y de medios de comunicaci\u00f3n, representantes de la comunidad educativa y empresarial, autoridades oficiales y relacionados del \u00e1mbito pedag\u00f3gico.<\/p>\n\n\n\n<p>El evento estuvo encabezado por los se\u00f1ores Mariel Bera, vicepresidenta de Relaciones Corporativas y Banca Responsable del Banco Popular; Mar\u00eda Waleska \u00c1lvarez, presidenta de Educa; Franklin Garc\u00eda Ferm\u00edn, ministro de Educaci\u00f3n Superior, Ciencia y Tecnolog\u00eda y Pablo Ulloa, defensor del Pueblo.<\/p>\n\n\n\n<p>Busca dotar de herramientas y de estrategias para acercar a la familia<\/p>\n\n\n\n<p>Los organizadores explicaron que el involucramiento de la familia es clave para asegurar un mejor nivel de desempe\u00f1o de los estudiantes en todos los niveles de la ense\u00f1anza.<\/p>\n\n\n\n<p>La presidenta de EDUCA resalt\u00f3 que la organizaci\u00f3n procura el objetivo de que la familia regrese al entorno de la escuela y se convierta en un socio del aprendizaje.<\/p>\n\n\n\n<p>\u201cLos niveles de aprendizaje que hoy registran las pruebas nacionales, regionales e internacionales siguen mostrando una gran oportunidad de mejora para nuestro pa\u00eds. De ah\u00ed que en Educa creamos firmemente en el profesionalismo, en la meritocracia y en la dedicaci\u00f3n de los maestros dominicanos, as\u00ed como en la necesidad de continuar fortaleciendo sus competencias para alcanzar la tan anhelada calidad educativa\u201d, enfatiz\u00f3 Mar\u00eda Waleska \u00c1lvarez.<\/p>\n\n\n\n<p>En tanto, la vicepresidenta del \u00c1rea de Relaciones Corporativas y Banca Responsable expres\u00f3 que el apoyo que el Popular presta a la educaci\u00f3n de calidad forma parte de su visi\u00f3n sostenible y subray\u00f3 la importancia del congreso de este a\u00f1o para motivar el trabajo conjunto de educadores y familias<br>\u201cSin el trabajo aunado de estos dos actores protag\u00f3nicos no ser\u00e1 posible que la educaci\u00f3n en nuestro pa\u00eds logre el salto de calidad que tanto ans\u00eda la sociedad dominicana\u201d, dijo Mariel Bera.<\/p>\n\n\n\n<p>Principal foro de la educaci\u00f3n<\/p>\n\n\n\n<p>Aprendo es el principal y m\u00e1s exitoso foro de profesionales de la educaci\u00f3n dominicana, de transcendencia nacional e internacional. Organizado por Educa, re\u00fane a una veintena de empresas, encabezadas por el Banco Popular y la Fundaci\u00f3n Propagas. La misi\u00f3n de Aprendo es reivindicar, fortalecer y redefinir el rol de los educadores en el proceso de aprendizaje como la piedra angular del sistema, y orientarles a estar a la vanguardia de los procesos educativos.<\/p>\n\n\n\n<p>Como es tradici\u00f3n, el congreso concita una amplia expectativa, alcanza ya una cifra r\u00e9cord de 500 educadores inscritos y la intervenci\u00f3n de m\u00e1s de 300 padres, madres y tutores, que han sido seleccionados y convocados a las plenarias de reflexi\u00f3n colectiva.<\/p>\n\n\n\n<p>Estudio sobre el presupuesto Educaci\u00f3n<\/p>\n\n\n\n<p>Un informe de Educa revela que desde la aprobaci\u00f3n del 4% para la educaci\u00f3n en el a\u00f1o 2013, al Ministerio de Educaci\u00f3n le han asignado un presupuesto de US$4.8 billones, inversi\u00f3n que no se ha visto reflejada en el desarrollo cognitivo de los estudiantes.<\/p>\n\n\n\n<p>La presidenta de Educa, Mar\u00eda Waleska \u00c1lvarez, hizo un llamado a la Asociaci\u00f3n Dominicana de Profesores (ADP) a honrar esos compromisos con los que se responsabiliz\u00f3 ante las familias dominicanas, que 10 a\u00f1os atr\u00e1s lograron la victoria de obtener el 4% para la educaci\u00f3n.<\/p>\n\n\n\n<p>El director ejecutivo de Educa, Darwin Caraballo, detall\u00f3 los resultados del informe que habla de las inversiones que se han hecho para mejorar los niveles cognitivos de los estudiantes en la Rep\u00fablica Dominicana.<\/p>\n\n\n\n<p>El documento muestra la comparaci\u00f3n entre los presupuestos de cada a\u00f1o correspondiente y los resultados obtenidos durante las pruebas nacionales de los mismos.<\/p>\n\n\n\n<p>En este explic\u00f3 que la inversi\u00f3n en los presupuestos del 2012 hasta el 2022 fue en aumento, sin embargo los resultados en el nivel cognitivo de los estudiantes no fueron los esperados, debido a que no hubo variaci\u00f3n con los de los a\u00f1os anteriores.<\/p>\n","protected":false},"excerpt":{"rendered":"<p>Santo Domingo.-El Banco Popular Dominicano y Acci\u00f3n Empresarial por la Educaci\u00f3n (Educa) anunciaron la vig\u00e9simo s\u00e9ptima edici\u00f3n del Congreso Internacional de Educaci\u00f3n Aprendo 2023, a celebrarse del 17 al 18&hellip;<\/p>\n","protected":false},"author":3,"featured_media":65285,"comment_status":"open","ping_status":"open","sticky":false,"template":"","format":"standard","meta":{"content-type":"","jetpack_post_was_ever_published":false,"_jetpack_newsletter_access":"","_jetpack_dont_email_post_to_subs":false,"_jetpack_newsletter_tier_id":0,"_jetpack_memberships_contains_paywalled_content":false,"_jetpack_memberships_contains_paid_content":false,"footnotes":""},"categories":[35],"tags":[3152,5717],"class_list":["post-65284","post","type-post","status-publish","format-standard","has-post-thumbnail","hentry","category-nacionales","tag-banco-popular","tag-educa"],"jetpack_featured_media_url":"https:\/\/lasprimeras.com.do\/wp-content\/uploads\/2023\/10\/WhatsApp-Image-2023-10-26-at-6.18.01-PM-1.jpeg","jetpack-related-posts":[{"id":68361,"url":"https:\/\/lasprimeras.com.do\/index.php\/2023\/11\/23\/educa-llama-a-robustecer-el-acceso-a-las-tecnologias-en-centros-educativos\/","url_meta":{"origin":65284,"position":0},"title":"EDUCA llama a robustecer el acceso a las tecnolog\u00edas en centros educativos","author":"Nelson Feliz","date":"23 de noviembre de 2023","format":false,"excerpt":"Instituir el rol del mentor o tutor en los centros educativos es otra de las recomendaciones. Las familias y docentes expresan a viva voz que quieren ser reconocidos, Acci\u00f3n Empresarial por la Educaci\u00f3n (EDUCA) present\u00f3 las conclusiones emanadas del XXVII Congreso Internacional de Educaci\u00f3n Aprendo 2023, planteando entre varias recomendaciones,\u2026","rel":"","context":"En \u00abNACIONALES\u00bb","block_context":{"text":"NACIONALES","link":"https:\/\/lasprimeras.com.do\/index.php\/category\/nacionales\/"},"img":{"alt_text":"","src":"https:\/\/i0.wp.com\/lasprimeras.com.do\/wp-content\/uploads\/2023\/11\/DARWIN-CARABALLO.jpg?resize=350%2C200&ssl=1","width":350,"height":200,"srcset":"https:\/\/i0.wp.com\/lasprimeras.com.do\/wp-content\/uploads\/2023\/11\/DARWIN-CARABALLO.jpg?resize=350%2C200&ssl=1 1x, https:\/\/i0.wp.com\/lasprimeras.com.do\/wp-content\/uploads\/2023\/11\/DARWIN-CARABALLO.jpg?resize=525%2C300&ssl=1 1.5x, https:\/\/i0.wp.com\/lasprimeras.com.do\/wp-content\/uploads\/2023\/11\/DARWIN-CARABALLO.jpg?resize=700%2C400&ssl=1 2x"},"classes":[]},{"id":69599,"url":"https:\/\/lasprimeras.com.do\/index.php\/2023\/12\/04\/estudio-del-bid-revela-el-poder-de-las-tutorias-remotas-para-superar-el-rezago-educativo\/","url_meta":{"origin":65284,"position":1},"title":"Estudio\u00a0del BID revela\u00a0el\u00a0poder\u00a0de las tutor\u00edas remotas\u00a0para superar\u00a0el\u00a0rezago\u00a0educativo","author":"Nelson Feliz","date":"4 de diciembre de 2023","format":false,"excerpt":"Un nuevo informe del Banco Interamericano de Desarrollo (BID) concluye que las estrategias de aceleraci\u00f3n de aprendizajes, y en especial las tutor\u00edas remotas por tel\u00e9fono, son un m\u00e9todo altamente eficaz y costo-efectivo para recuperar lo perdido durante la pandemia y superar el rezago educativo en Am\u00e9rica Latina y el Caribe.\u2026","rel":"","context":"En \u00abECONOM\u00cdA\u00bb","block_context":{"text":"ECONOM\u00cdA","link":"https:\/\/lasprimeras.com.do\/index.php\/category\/economia\/"},"img":{"alt_text":"Sede BID","src":"https:\/\/i0.wp.com\/lasprimeras.com.do\/wp-content\/uploads\/2023\/11\/Sede-BID.jpg?resize=350%2C200&ssl=1","width":350,"height":200,"srcset":"https:\/\/i0.wp.com\/lasprimeras.com.do\/wp-content\/uploads\/2023\/11\/Sede-BID.jpg?resize=350%2C200&ssl=1 1x, https:\/\/i0.wp.com\/lasprimeras.com.do\/wp-content\/uploads\/2023\/11\/Sede-BID.jpg?resize=525%2C300&ssl=1 1.5x, https:\/\/i0.wp.com\/lasprimeras.com.do\/wp-content\/uploads\/2023\/11\/Sede-BID.jpg?resize=700%2C400&ssl=1 2x"},"classes":[]},{"id":52156,"url":"https:\/\/lasprimeras.com.do\/index.php\/2023\/06\/07\/banco-popular-lidera-en-transformacion-digital-y-agilidad-de-aprendizaje\/","url_meta":{"origin":65284,"position":2},"title":"Banco Popular lidera en transformaci\u00f3n digital y agilidad de aprendizaje","author":"prenxa100","date":"7 de junio de 2023","format":false,"excerpt":"El Banco Popular Dominicano fue elegido como la empresa dominicana con mayores logros en transformaci\u00f3n digital y agilidad de aprendizaje, situ\u00e1ndose en el top 10 de la regi\u00f3n, seg\u00fan un sondeo realizado por la revista de negocios Summa entre sus lectores de Centroam\u00e9rica y el Caribe. Estos reconocimientos se rese\u00f1an\u2026","rel":"","context":"En \u00abECONOM\u00cdA\u00bb","block_context":{"text":"ECONOM\u00cdA","link":"https:\/\/lasprimeras.com.do\/index.php\/category\/economia\/"},"img":{"alt_text":"","src":"","width":0,"height":0},"classes":[]},{"id":88096,"url":"https:\/\/lasprimeras.com.do\/index.php\/2024\/08\/22\/aseopna-agradece-donacion-de-mochilas-y-utiles-escolares-del-banco-popular-dominicano\/","url_meta":{"origin":65284,"position":3},"title":"Aseopna agradece donaci\u00f3n de mochilas y \u00fatiles escolares del Banco Popular Dominicano","author":"Nelson Feliz","date":"22 de agosto de 2024","format":false,"excerpt":"Por Martin Restituyo La Asociaci\u00f3n de Esposas de Oficiales de la Polic\u00eda Nacional (Aseopna), a cargo de la se\u00f1ora Ingrid Castro de Guzm\u00e1n, expres\u00f3 su m\u00e1s sincero agradecimiento al Banco Popular Dominicano por la generosa donaci\u00f3n de mil mochilas equipadas con \u00fatiles escolares, destinadas a los hijos de los polic\u00edas.\u2026","rel":"","context":"En \u00abMILITARES\u00bb","block_context":{"text":"MILITARES","link":"https:\/\/lasprimeras.com.do\/index.php\/category\/militares\/"},"img":{"alt_text":"","src":"https:\/\/i0.wp.com\/lasprimeras.com.do\/wp-content\/uploads\/2024\/08\/mochilas-1.jpg?resize=350%2C200&ssl=1","width":350,"height":200,"srcset":"https:\/\/i0.wp.com\/lasprimeras.com.do\/wp-content\/uploads\/2024\/08\/mochilas-1.jpg?resize=350%2C200&ssl=1 1x, https:\/\/i0.wp.com\/lasprimeras.com.do\/wp-content\/uploads\/2024\/08\/mochilas-1.jpg?resize=525%2C300&ssl=1 1.5x, https:\/\/i0.wp.com\/lasprimeras.com.do\/wp-content\/uploads\/2024\/08\/mochilas-1.jpg?resize=700%2C400&ssl=1 2x"},"classes":[]},{"id":67979,"url":"https:\/\/lasprimeras.com.do\/index.php\/2023\/11\/20\/banco-popular-donara-rd60-millones-a-familias-afectadas\/","url_meta":{"origin":65284,"position":4},"title":"Banco Popular donar\u00e1 RD$60 millones a familias afectadas","author":"Nelson Feliz","date":"20 de noviembre de 2023","format":false,"excerpt":"El Banco Popular Dominicano anunci\u00f3 la donaci\u00f3n de RD$60 millones para asistir a las comunidades y familias afectadas por el disturbio tropical y la vaguada que impactaron al pa\u00eds. Los recursos entregados ser\u00e1n canalizados a trav\u00e9s del Centro de Operaciones de Emergencias (COE), la arquidi\u00f3cesis de Santo Domingo, las di\u00f3cesis\u2026","rel":"","context":"En \u00abECONOM\u00cdA\u00bb","block_context":{"text":"ECONOM\u00cdA","link":"https:\/\/lasprimeras.com.do\/index.php\/category\/economia\/"},"img":{"alt_text":"","src":"","width":0,"height":0},"classes":[]},{"id":73241,"url":"https:\/\/lasprimeras.com.do\/index.php\/2024\/01\/08\/minerd-llama-a-enviar-estudiantes-a-clases\/","url_meta":{"origin":65284,"position":5},"title":"Minerd llama a enviar estudiantes a clases","author":"BIMARY DE JES\u00daS Matos","date":"8 de enero de 2024","format":false,"excerpt":"SANTO DOMINGO.\u2013 Concluido el asueto de Navidad, el ministro de Educaci\u00f3n, \u00c1ngel Hern\u00e1ndez, exhort\u00f3 a los padres a que env\u00eden a sus hijos a los centros educativos, y que asistan con ellos, donde docentes y directivos les recibir\u00e1n con gran vocaci\u00f3n de servicio. Record\u00f3 que este 8 de enero es\u2026","rel":"","context":"En \u00abPORTADA\u00bb","block_context":{"text":"PORTADA","link":"https:\/\/lasprimeras.com.do\/index.php\/category\/portada\/"},"img":{"alt_text":"","src":"https:\/\/i0.wp.com\/lasprimeras.com.do\/wp-content\/uploads\/2024\/01\/Presidente-Abinader-inaugura-7-obras-en-Monsenor-Nouel-y-La-Vega.webp?resize=350%2C200&ssl=1","width":350,"height":200,"srcset":"https:\/\/i0.wp.com\/lasprimeras.com.do\/wp-content\/uploads\/2024\/01\/Presidente-Abinader-inaugura-7-obras-en-Monsenor-Nouel-y-La-Vega.webp?resize=350%2C200&ssl=1 1x, https:\/\/i0.wp.com\/lasprimeras.com.do\/wp-content\/uploads\/2024\/01\/Presidente-Abinader-inaugura-7-obras-en-Monsenor-Nouel-y-La-Vega.webp?resize=525%2C300&ssl=1 1.5x"},"classes":[]}],"jetpack_sharing_enabled":true,"_links":{"self":[{"href":"https:\/\/lasprimeras.com.do\/index.php\/wp-json\/wp\/v2\/posts\/65284","targetHints":{"allow":["GET"]}}],"collection":[{"href":"https:\/\/lasprimeras.com.do\/index.php\/wp-json\/wp\/v2\/posts"}],"about":[{"href":"https:\/\/lasprimeras.com.do\/index.php\/wp-json\/wp\/v2\/types\/post"}],"author":[{"embeddable":true,"href":"https:\/\/lasprimeras.com.do\/index.php\/wp-json\/wp\/v2\/users\/3"}],"replies":[{"embeddable":true,"href":"https:\/\/lasprimeras.com.do\/index.php\/wp-json\/wp\/v2\/comments?post=65284"}],"version-history":[{"count":1,"href":"https:\/\/lasprimeras.com.do\/index.php\/wp-json\/wp\/v2\/posts\/65284\/revisions"}],"predecessor-version":[{"id":65286,"href":"https:\/\/lasprimeras.com.do\/index.php\/wp-json\/wp\/v2\/posts\/65284\/revisions\/65286"}],"wp:featuredmedia":[{"embeddable":true,"href":"https:\/\/lasprimeras.com.do\/index.php\/wp-json\/wp\/v2\/media\/65285"}],"wp:attachment":[{"href":"https:\/\/lasprimeras.com.do\/index.php\/wp-json\/wp\/v2\/media?parent=65284"}],"wp:term":[{"taxonomy":"category","embeddable":true,"href":"https:\/\/lasprimeras.com.do\/index.php\/wp-json\/wp\/v2\/categories?post=65284"},{"taxonomy":"post_tag","embeddable":true,"href":"https:\/\/lasprimeras.com.do\/index.php\/wp-json\/wp\/v2\/tags?post=65284"}],"curies":[{"name":"wp","href":"https:\/\/api.w.org\/{rel}","templated":true}]}}