{"id":65291,"date":"2023-10-27T07:05:25","date_gmt":"2023-10-27T11:05:25","guid":{"rendered":"https:\/\/lasprimeras.com.do\/?p=65291"},"modified":"2023-10-27T07:06:25","modified_gmt":"2023-10-27T11:06:25","slug":"capturan-a-los-supuestos-delincuentes-onasi-y-maseta-en-bani","status":"publish","type":"post","link":"https:\/\/lasprimeras.com.do\/index.php\/2023\/10\/27\/capturan-a-los-supuestos-delincuentes-onasi-y-maseta-en-bani\/","title":{"rendered":"Capturan a los supuestos delincuentes &#8220;Onasi&#8221; y &#8220;Maseta&#8221; en Bani"},"content":{"rendered":"\n<p>Por F\u00e9lix Julio R\u00e1mirez<\/p>\n\n\n\n<p>La Direcci\u00f3n Regional Sur Central de la Polic\u00eda Nacional, con sede en Bani, bajo la destacada direcci\u00f3n del coronel Francisco Senci\u00f3n de la Cruz, informa sobre el exitoso allanamiento realizado en b\u00fasqueda de los individuos conocidos como &#8220;Onasi&#8221; y &#8220;Maseta&#8221;, quienes ten\u00edan \u00f3rdenes de arresto en su contra.<\/p>\n\n\n\n<p>Esta operaci\u00f3n conjunta fue llevada a cabo por miembros de la Subdirecci\u00f3n Regional de Investigaciones DICRIM y efectivos de la Polic\u00eda Preventiva, bajo la supervisi\u00f3n del magistrado fiscal Lic. Rafael Melo.<\/p>\n\n\n\n<p>El allanamiento, registrado con el n\u00famero 01733-2023, tuvo lugar el 25 de octubre de 2023 en una residencia ubicada en la parte trasera del sector La Areca 2, en Briza de Guazuma.<\/p>\n\n\n\n<p>Durante el allanamiento se incautaron los siguientes elementos:<\/p>\n\n\n\n<p>\u2022 Una pistola de marca P80, calibre 9MM, con n\u00famero de serie 9X19-17SS, de color negro, junto con su cargador de 6 c\u00e1psulas.<\/p>\n\n\n\n<p>\u2022 Dos pistolas de juguete, una de color negro rellena de concreto y la segunda de color gris con negro.<\/p>\n\n\n\n<p>\u2022 Dos motocicletas de marca Z3000, de color negro, con los n\u00fameros de chasis LBEPCX23TMB200554 y LBEPCX24TMB208336 respectivamente.<\/p>\n\n\n\n<p>Estos elementos ser\u00e1n sometidos a un proceso de depuraci\u00f3n en el Sistema de Plan Piloto.<\/p>\n\n\n\n<p>Cabe destacar que, como resultado de una meticulosa labor de inteligencia, fueron detenidos los reconocidos delincuentes, identificados como Estarlin Adalberto Pe\u00f1a Bautista, alias &#8220;Maseta&#8221;, de 39 a\u00f1os y residente del sector Villa Majega en Bani, y Richard Onasis Romero de la Cruz, alias &#8220;Onasis&#8221;, de 36 a\u00f1os y residente del sector Santa Elena en Bani.<\/p>\n\n\n\n<p>Ambos individuos estaban siendo buscados activamente debido a \u00f3rdenes de arresto en su contra con n\u00famero 01466-2023, emitidas el mismo 25 de octubre de 2023.<\/p>\n\n\n\n<p>Estas \u00f3rdenes de arresto se relacionan con un incidente en perjuicio del se\u00f1or Ronaldy Arturo Garc\u00eda Garc\u00eda, residente en Paya Arriba, n\u00famero 10, Paya, Peravia.<\/p>\n\n\n\n<p>Seg\u00fan la denuncia presentada por la v\u00edctima, el 14 de septiembre de 2023, los individuos Maseta y Onasis lo interceptaron mientras conduc\u00eda su motocicleta, la cual usaba para entregar pedidos en la Farmacia Las Tres Rosas.<\/p>\n\n\n\n<p>Los dos delincuentes, a bordo de la motocicleta de marca CG de color negro, amenazaron a la v\u00edctima con un arma de fuego tipo pistola y le robaron su cadena de oro de 14k, valorada en RD$ 25,000.00 pesos dominicanos.<\/p>\n\n\n\n<p>Este acto delictivo se considera una violaci\u00f3n al art\u00edculo 379 del C\u00f3digo Penal Dominicano y a la Ley 631-16 para el Control y Regulaci\u00f3n de Armas, Municiones y Materiales Relacionados.<\/p>\n\n\n\n<p>La Polic\u00eda Nacional, a trav\u00e9s de la Direcci\u00f3n Regional Sur Central, reafirma su compromiso con la seguridad de la ciudadan\u00eda y la lucha contra la delincuencia.<\/p>\n\n\n\n<p>Los detenidos ser\u00e1n puestos a disposici\u00f3n de la justicia para enfrentar los cargos en su contra y asegurar que respondan por sus acciones.<\/p>\n","protected":false},"excerpt":{"rendered":"<p>Por F\u00e9lix Julio R\u00e1mirez La Direcci\u00f3n Regional Sur Central de la Polic\u00eda Nacional, con sede en Bani, bajo la destacada direcci\u00f3n del coronel Francisco Senci\u00f3n de la Cruz, informa sobre&hellip;<\/p>\n","protected":false},"author":2,"featured_media":65298,"comment_status":"open","ping_status":"open","sticky":false,"template":"","format":"standard","meta":{"content-type":"","jetpack_post_was_ever_published":false,"_jetpack_newsletter_access":"","_jetpack_dont_email_post_to_subs":false,"_jetpack_newsletter_tier_id":0,"_jetpack_memberships_contains_paywalled_content":false,"_jetpack_memberships_contains_paid_content":false,"footnotes":""},"categories":[3057,25],"tags":[6886,3661,3906,4873,8946,8947,8945],"class_list":["post-65291","post","type-post","status-publish","format-standard","has-post-thumbnail","hentry","category-militares","category-portada","tag-allanamiento","tag-arresto","tag-bani-2","tag-delincuentes","tag-maseta","tag-onasi","tag-ordenes"],"jetpack_featured_media_url":"https:\/\/lasprimeras.com.do\/wp-content\/uploads\/2023\/10\/POLICIA.jpg","jetpack-related-posts":[{"id":74895,"url":"https:\/\/lasprimeras.com.do\/index.php\/2024\/01\/27\/operativos-policiales-en-bani-realiza-la-incautacion-de-armas-durante-allanamientos\/","url_meta":{"origin":65291,"position":0},"title":"Operativos policiales en Ban\u00ed realiza la incautaci\u00f3n de armas durante allanamientos","author":"BIMARY DE JES\u00daS Matos","date":"27 de enero de 2024","format":false,"excerpt":"Martin Restituyo Bani.-En una serie de cinco allanamientos llevados a cabo por miembros de la Subdirecci\u00f3n de Investigaciones DICRIM, la Polic\u00eda Preventiva y el Ministerio P\u00fablico, se han confiscado armas de fuego ilegales en la localidad de Ban\u00ed. Durante un allanamiento autorizado por la Orden n\u00famero 00178-2024, dirigido contra un\u2026","rel":"","context":"En \u00abMILITARES\u00bb","block_context":{"text":"MILITARES","link":"https:\/\/lasprimeras.com.do\/index.php\/category\/militares\/"},"img":{"alt_text":"","src":"https:\/\/i0.wp.com\/lasprimeras.com.do\/wp-content\/uploads\/2024\/01\/WhatsApp-Image-2024-01-27-at-10.31.18-AM.jpeg?resize=350%2C200&ssl=1","width":350,"height":200,"srcset":"https:\/\/i0.wp.com\/lasprimeras.com.do\/wp-content\/uploads\/2024\/01\/WhatsApp-Image-2024-01-27-at-10.31.18-AM.jpeg?resize=350%2C200&ssl=1 1x, https:\/\/i0.wp.com\/lasprimeras.com.do\/wp-content\/uploads\/2024\/01\/WhatsApp-Image-2024-01-27-at-10.31.18-AM.jpeg?resize=525%2C300&ssl=1 1.5x, https:\/\/i0.wp.com\/lasprimeras.com.do\/wp-content\/uploads\/2024\/01\/WhatsApp-Image-2024-01-27-at-10.31.18-AM.jpeg?resize=700%2C400&ssl=1 2x, https:\/\/i0.wp.com\/lasprimeras.com.do\/wp-content\/uploads\/2024\/01\/WhatsApp-Image-2024-01-27-at-10.31.18-AM.jpeg?resize=1050%2C600&ssl=1 3x"},"classes":[]},{"id":55433,"url":"https:\/\/lasprimeras.com.do\/index.php\/2023\/07\/21\/capturan-y-solucionan-caso-de-delincuente-con-varias-ordenes-de-arresto-en-bani\/","url_meta":{"origin":65291,"position":1},"title":"Capturan y solucionan caso de delincuente con varias ordenes de arresto en Ban\u00ed","author":"Nelson Feliz","date":"21 de julio de 2023","format":false,"excerpt":"La Subdirecci\u00f3n Regional Sur Central de Investigaci\u00f3n (Dicrim) de la Polic\u00eda Nacional con asiento en Ban\u00ed, ha logrado la captura y soluci\u00f3n de un peligroso delincuente conocido como Alison Eleikel V\u00e9lez Avalo, alias \"Diente\". Este individuo, residente en el sector El Man\u00ed, ha sido apresado tras la emisi\u00f3n de \u00f3rdenes\u2026","rel":"","context":"En \u00abMILITARES\u00bb","block_context":{"text":"MILITARES","link":"https:\/\/lasprimeras.com.do\/index.php\/category\/militares\/"},"img":{"alt_text":"Dicrim","src":"https:\/\/i0.wp.com\/lasprimeras.com.do\/wp-content\/uploads\/2023\/07\/Capturado.jpg?resize=350%2C200&ssl=1","width":350,"height":200,"srcset":"https:\/\/i0.wp.com\/lasprimeras.com.do\/wp-content\/uploads\/2023\/07\/Capturado.jpg?resize=350%2C200&ssl=1 1x, https:\/\/i0.wp.com\/lasprimeras.com.do\/wp-content\/uploads\/2023\/07\/Capturado.jpg?resize=525%2C300&ssl=1 1.5x, https:\/\/i0.wp.com\/lasprimeras.com.do\/wp-content\/uploads\/2023\/07\/Capturado.jpg?resize=700%2C400&ssl=1 2x"},"classes":[]},{"id":77619,"url":"https:\/\/lasprimeras.com.do\/index.php\/2024\/02\/23\/pn-junto-a-la-pgr-fard-dncd-y-migracion-asestan-duro-golpe-a-la-delincuencia-y-el-microtrafico-en-operativos-en-bani\/","url_meta":{"origin":65291,"position":2},"title":"PN, junto a la PGR, FARD, DNCD y Migraci\u00f3n asestan duro golpe a la delincuencia y el microtr\u00e1fico en operativos en Ban\u00ed","author":"BIMARY DE JES\u00daS Matos","date":"23 de febrero de 2024","format":false,"excerpt":"Martin Restituyo Ban\u00ed.-Agentes policiales, adscritos a la Direcci\u00f3n Regional Sur Central de la Polic\u00eda Nacional, con sede en Ban\u00ed, lograron sacar de las calles sustancias narc\u00f3ticas, balanzas, armas de fuego y cortopunzantes, municiones, entre otros elementos, durante la ejecuci\u00f3n de 57 operativos simult\u00e1neos en diversos puntos de la provincia Peravia,\u2026","rel":"","context":"En \u00abPORTADA\u00bb","block_context":{"text":"PORTADA","link":"https:\/\/lasprimeras.com.do\/index.php\/category\/portada\/"},"img":{"alt_text":"","src":"https:\/\/i0.wp.com\/lasprimeras.com.do\/wp-content\/uploads\/2024\/02\/IMG-20240223-WA0019.jpg?resize=350%2C200&ssl=1","width":350,"height":200,"srcset":"https:\/\/i0.wp.com\/lasprimeras.com.do\/wp-content\/uploads\/2024\/02\/IMG-20240223-WA0019.jpg?resize=350%2C200&ssl=1 1x, https:\/\/i0.wp.com\/lasprimeras.com.do\/wp-content\/uploads\/2024\/02\/IMG-20240223-WA0019.jpg?resize=525%2C300&ssl=1 1.5x, https:\/\/i0.wp.com\/lasprimeras.com.do\/wp-content\/uploads\/2024\/02\/IMG-20240223-WA0019.jpg?resize=700%2C400&ssl=1 2x"},"classes":[]},{"id":82645,"url":"https:\/\/lasprimeras.com.do\/index.php\/2024\/05\/06\/policia-mp-y-aduanas-ocupan-cinco-armas-de-fuego-y-mas-de-200-municiones-procedentes-del-exterior\/","url_meta":{"origin":65291,"position":3},"title":"Polic\u00eda, MP y Aduanas ocupan cinco armas de fuego y m\u00e1s de 200 municiones procedentes del exterior","author":"BIMARY DE JES\u00daS Matos","date":"6 de mayo de 2024","format":false,"excerpt":"Agentes policiales, adscritos a la Divisi\u00f3n Especial de Investigaci\u00f3n de Delitos Transnacionales (DEIDET), junto a la Direcci\u00f3n General de Aduanas (DGA), bajo la coordinaci\u00f3n de la Fiscal\u00eda de Puerto Plata, realizaron operativos simult\u00e1neos en los municipios Santo Domingo Este y Ban\u00ed, donde lograron ocupar cinco pistolas, 250 municiones, seis cargadores\u2026","rel":"","context":"En \u00abNACIONALES\u00bb","block_context":{"text":"NACIONALES","link":"https:\/\/lasprimeras.com.do\/index.php\/category\/nacionales\/"},"img":{"alt_text":"","src":"https:\/\/i0.wp.com\/lasprimeras.com.do\/wp-content\/uploads\/2024\/05\/WhatsApp-Image-2024-05-06-at-12.01.56-PM.jpeg?resize=350%2C200&ssl=1","width":350,"height":200},"classes":[]},{"id":76109,"url":"https:\/\/lasprimeras.com.do\/index.php\/2024\/02\/07\/incautan-escopeta-pistola-y-dinero-en-efectivo-en-residencia-de-bani\/","url_meta":{"origin":65291,"position":4},"title":"Incautan escopeta, pistola y dinero en efectivo en una Residencia de Bani","author":"Nelson Feliz","date":"7 de febrero de 2024","format":false,"excerpt":"La Subdirecci\u00f3n de Investigaciones Sur Central de la Polic\u00eda Nacional junto con la Polic\u00eda Preventiva y el magistrado fiscal Rafael Melo, llev\u00f3 a cabo un allanamiento (No. 00242-2024, fecha 06-02-2024) en la residencia de \u00c1ngel Onasy Bernab\u00e9 Marte, de 53 a\u00f1os, ubicada en la calle B del residencial Costa Sur\u2026","rel":"","context":"En \u00abMILITARES\u00bb","block_context":{"text":"MILITARES","link":"https:\/\/lasprimeras.com.do\/index.php\/category\/militares\/"},"img":{"alt_text":"allanamiento","src":"https:\/\/i0.wp.com\/lasprimeras.com.do\/wp-content\/uploads\/2024\/02\/allanamiento.jpg?resize=350%2C200&ssl=1","width":350,"height":200,"srcset":"https:\/\/i0.wp.com\/lasprimeras.com.do\/wp-content\/uploads\/2024\/02\/allanamiento.jpg?resize=350%2C200&ssl=1 1x, https:\/\/i0.wp.com\/lasprimeras.com.do\/wp-content\/uploads\/2024\/02\/allanamiento.jpg?resize=525%2C300&ssl=1 1.5x, https:\/\/i0.wp.com\/lasprimeras.com.do\/wp-content\/uploads\/2024\/02\/allanamiento.jpg?resize=700%2C400&ssl=1 2x"},"classes":[]},{"id":89740,"url":"https:\/\/lasprimeras.com.do\/index.php\/2024\/10\/03\/pn-y-mp-allanan-y-detienen-dos-personas-en-moca\/","url_meta":{"origin":65291,"position":5},"title":"PN y MP allanan y detienen dos personas en Moca","author":"Nelson Feliz","date":"3 de octubre de 2024","format":false,"excerpt":"Miembros de la Polic\u00eda Nacional, a trav\u00e9s de la Direcci\u00f3n Regional Espaillat y adscritos a la Subdirecci\u00f3n de Investigaci\u00f3n (DICRIM), Inteligencia (DINTEL) y de Prevenci\u00f3n, en coordinaci\u00f3n con el Ministerio P\u00fablico, ejecutaron la orden de allanamiento No. 598-1-2024-SAUT-00354 en un establecimiento de repuestos, resultando en la detenci\u00f3n de dos personas\u2026","rel":"","context":"En \u00abMILITARES\u00bb","block_context":{"text":"MILITARES","link":"https:\/\/lasprimeras.com.do\/index.php\/category\/militares\/"},"img":{"alt_text":"","src":"https:\/\/i0.wp.com\/lasprimeras.com.do\/wp-content\/uploads\/2024\/10\/WhatsApp-Image-2024-10-03-at-1.12.08-PM.jpeg?resize=350%2C200&ssl=1","width":350,"height":200,"srcset":"https:\/\/i0.wp.com\/lasprimeras.com.do\/wp-content\/uploads\/2024\/10\/WhatsApp-Image-2024-10-03-at-1.12.08-PM.jpeg?resize=350%2C200&ssl=1 1x, https:\/\/i0.wp.com\/lasprimeras.com.do\/wp-content\/uploads\/2024\/10\/WhatsApp-Image-2024-10-03-at-1.12.08-PM.jpeg?resize=525%2C300&ssl=1 1.5x, https:\/\/i0.wp.com\/lasprimeras.com.do\/wp-content\/uploads\/2024\/10\/WhatsApp-Image-2024-10-03-at-1.12.08-PM.jpeg?resize=700%2C400&ssl=1 2x"},"classes":[]}],"jetpack_sharing_enabled":true,"_links":{"self":[{"href":"https:\/\/lasprimeras.com.do\/index.php\/wp-json\/wp\/v2\/posts\/65291","targetHints":{"allow":["GET"]}}],"collection":[{"href":"https:\/\/lasprimeras.com.do\/index.php\/wp-json\/wp\/v2\/posts"}],"about":[{"href":"https:\/\/lasprimeras.com.do\/index.php\/wp-json\/wp\/v2\/types\/post"}],"author":[{"embeddable":true,"href":"https:\/\/lasprimeras.com.do\/index.php\/wp-json\/wp\/v2\/users\/2"}],"replies":[{"embeddable":true,"href":"https:\/\/lasprimeras.com.do\/index.php\/wp-json\/wp\/v2\/comments?post=65291"}],"version-history":[{"count":1,"href":"https:\/\/lasprimeras.com.do\/index.php\/wp-json\/wp\/v2\/posts\/65291\/revisions"}],"predecessor-version":[{"id":65299,"href":"https:\/\/lasprimeras.com.do\/index.php\/wp-json\/wp\/v2\/posts\/65291\/revisions\/65299"}],"wp:featuredmedia":[{"embeddable":true,"href":"https:\/\/lasprimeras.com.do\/index.php\/wp-json\/wp\/v2\/media\/65298"}],"wp:attachment":[{"href":"https:\/\/lasprimeras.com.do\/index.php\/wp-json\/wp\/v2\/media?parent=65291"}],"wp:term":[{"taxonomy":"category","embeddable":true,"href":"https:\/\/lasprimeras.com.do\/index.php\/wp-json\/wp\/v2\/categories?post=65291"},{"taxonomy":"post_tag","embeddable":true,"href":"https:\/\/lasprimeras.com.do\/index.php\/wp-json\/wp\/v2\/tags?post=65291"}],"curies":[{"name":"wp","href":"https:\/\/api.w.org\/{rel}","templated":true}]}}