{"id":65305,"date":"2023-10-27T07:10:10","date_gmt":"2023-10-27T11:10:10","guid":{"rendered":"https:\/\/lasprimeras.com.do\/?p=65305"},"modified":"2023-10-27T07:10:11","modified_gmt":"2023-10-27T11:10:11","slug":"reik-celebra-sus-20-anos-con-un-regreso-a-nuestro-pop","status":"publish","type":"post","link":"https:\/\/lasprimeras.com.do\/index.php\/2023\/10\/27\/reik-celebra-sus-20-anos-con-un-regreso-a-nuestro-pop\/","title":{"rendered":"Reik celebra sus 20 a\u00f1os con un regreso &#8220;a nuestro pop&#8221;"},"content":{"rendered":"\n<p>EFE-La banda mexicana Reik celebra este 2023 sus primeras dos d\u00e9cadas con un \u00e1lbum en el que retoma el pop cl\u00e1sico que la caracteriz\u00f3 en sus inicios, y muestra de ello es su nuevo sencillo, \u00abEl correcto\u00bb, una colaboraci\u00f3n con su compatriota Carin Le\u00f3n, seg\u00fan dijeron sus integrantes en una entrevista con EFE.<\/p>\n\n\n\n<p>Todos los temas del \u00e1lbum retratar\u00e1n \u00abqui\u00e9nes somos ahora, en este momento\u00bb, dijo a EFE Julio Mej\u00eda, guitarrista de la agrupaci\u00f3n que estrenar\u00e1 este jueves \u00abEl correcto\u00bb en la primera edici\u00f3n de los Premios Rolling Stone en Espa\u00f1ol en Miami Beach.<\/p>\n\n\n\n<p>Una de esas fotograf\u00edas musicales es ese sencillo, una balada moderna con un sofisticado bajo el\u00e9ctrico y sintetizadores sutiles, que recuerda los temas m\u00e1s cl\u00e1sicos de Reik como \u00abYo quisiera\u00bb.<\/p>\n\n\n\n<p>Por su parte Gilberto \u00abBibi\u00bb Mar\u00edn, dijo que est\u00e1n justo terminando el repertorio para lo que ser\u00e1 el siguiente disco.<\/p>\n\n\n\n<p>Sus compa\u00f1eros Mej\u00eda y Jes\u00fas \u00abChuy\u00bb Navarro asintieron cuando asegur\u00f3 que \u00aben la primera mitad del siguiente a\u00f1o estar\u00e1 listo el disco, sin duda\u00bb.<\/p>\n\n\n\n<p>\u00abNos juntamos por ah\u00ed del 2003 y logramos nuestro primer disco en el verano del 2004 y lo sacamos en marzo del 2005. Desde que nos conocemos son 20 a\u00f1os. Son muchos a\u00f1os de amistad\u00bb, reflexion\u00f3 Mar\u00edn.<\/p>\n\n\n\n<p>Aunque los artistas, oriundos de la ciudad noroccidental de Mexicali, se conocieron cuando cada uno estaba en un camino musical diferente, hoy se consideran en \u00absinton\u00eda total\u00bb.<\/p>\n\n\n\n<p>Por eso aseguran que no hubo discusi\u00f3n al escoger qu\u00e9 rumbo tomar\u00edan en su pr\u00f3ximo \u00e1lbum, el s\u00e9ptimo de estudio y decimoprimero en total, incluyendo grabaciones en vivo y EPs, como se llama a las producciones con menos de siete canciones.<\/p>\n\n\n\n<p>\u00abComo individuos, como compositores, como grupo, necesitamos y queremos sonar a nuestro pop otra vez\u00bb, explic\u00f3 Navarro.<\/p>\n\n\n\n<p>Durante a\u00f1os, Reik ha experimentado musicalmente, fusionando el pop con todo tipo de g\u00e9neros latinos, incluyendo reguet\u00f3n, trap, ritmos tropicales y rock.<\/p>\n\n\n\n<p>Sus voces se han mezclado con las de estrellas como Ricky Martin, Sebasti\u00e1n Yatra, Wisin, Ozuna, Maluma, Nicky Jam y muchos otros.<\/p>\n\n\n\n<p>\u00abHay discos, para m\u00ed, muy clave en nuestra carrera, como fue el primero (\u00abReik\u00bb, 2005), como fue \u00abPeligro\u00bb (2011), como fue \u00abDes\/Amor\u00bb (2016). Nunca quit\u00e1ndole m\u00e9rito a los dem\u00e1s porque todos han sido especiales. Pero esos son los m\u00e1s nuestros. Por esto vamos a apostar ahorita y creo que se siente una energ\u00eda otra vez\u00bb, agreg\u00f3 Navarro, el l\u00edder vocal del tr\u00edo.<\/p>\n\n\n\n<p>A la vanguardia<\/p>\n\n\n\n<p>Reik suele estar a la vanguardia del pop. En 2016, antes de la ola de fusiones de artistas del g\u00e9nero, el tr\u00edo ya hab\u00eda grabado una versi\u00f3n urbana de su \u00e9xito \u00abYa me enter\u00e9\u00bb con Nicky Jam. De las nueve canciones del \u00e1lbum \u00abAhora\u00bb (2019), siete eran colaboraciones con exponentes urbanos.<\/p>\n\n\n\n<p>Su EP \u00abM\u00e9xico\u00bb (2020) fue precursor de la tendencia actual de abrazar al g\u00e9nero regional mexicano. Se trat\u00f3 de una recopilaci\u00f3n de canciones populares de \u00eddolos como Marco Antonio Sol\u00eds y Vicente Fern\u00e1ndez, adapt\u00e1ndolas al pop rom\u00e1ntico y a banda ac\u00fastica.<\/p>\n\n\n\n<p>\u00abNosotros siempre trabajamos siendo fieles a nuestros gustos, lo que nos influencia y a quienes admiramos\u00bb, dijo Mej\u00eda.<\/p>\n\n\n\n<p>Sin embargo, para la nueva producci\u00f3n quieren ir m\u00e1s all\u00e1.<\/p>\n\n\n\n<p>\u00abEste disco estamos haci\u00e9ndolo nuestro hasta en el lenguaje. Hay una canci\u00f3n que se llama \u2018Panorama\u2019, que hablamos como nosotros, como de Mexicali\u00bb, indic\u00f3 Navarro, y explic\u00f3 que fueron inspirados por artistas urbanos puertorrique\u00f1os y colombianos que usan el lenguaje coloquial de sus pa\u00edses y ciudades.<\/p>\n\n\n\n<p>Mej\u00eda por otro lado asegur\u00f3 que los tres miembros del conjunto son fans de Carin Le\u00f3n y la colaboraci\u00f3n se dio sin complicaciones. \u00abFue un rollo colaborativo muy natural. Lo conocimos hace ya un ratito y se dio una confianza muy linda. Como al final somos norte\u00f1os mexicanos, hubo un sentimiento de familiaridad muy inmediato\u00bb, sostuvo.<\/p>\n\n\n\n<p>\u00abA eso agr\u00e9gale que Carin tambi\u00e9n es un artista muy curioso y muy vers\u00e1til. Porque su mundo es el que es, porque as\u00ed lo ha decidido, pero puede cantar lo que quiera. Entonces fue lindo invitarlo a nuestro mundo y verlo brillar tan f\u00e1cilmente como lo hizo\u00bb, expres\u00f3.<\/p>\n\n\n\n<p>El trabajo se cerr\u00f3 con la filmaci\u00f3n del video en el desierto de Sonora en una calurosa tarde de agosto bajo la direcci\u00f3n de Camila Grandi.<\/p>\n\n\n\n<p>\u00abNos toc\u00f3 un atardecer espectacular. Ah\u00ed est\u00e1bamos, en el desierto muri\u00e9ndonos de calor. Estuvo un poquito intenso, pero el resultado sali\u00f3 muy bello\u00bb, consider\u00f3 Navarro.<\/p>\n","protected":false},"excerpt":{"rendered":"<p>EFE-La banda mexicana Reik celebra este 2023 sus primeras dos d\u00e9cadas con un \u00e1lbum en el que retoma el pop cl\u00e1sico que la caracteriz\u00f3 en sus inicios, y muestra de&hellip;<\/p>\n","protected":false},"author":3,"featured_media":65306,"comment_status":"open","ping_status":"open","sticky":false,"template":"","format":"standard","meta":{"content-type":"","jetpack_post_was_ever_published":false,"_jetpack_newsletter_access":"","_jetpack_dont_email_post_to_subs":false,"_jetpack_newsletter_tier_id":0,"_jetpack_memberships_contains_paywalled_content":false,"_jetpack_memberships_contains_paid_content":false,"footnotes":""},"categories":[84],"tags":[2113],"class_list":["post-65305","post","type-post","status-publish","format-standard","has-post-thumbnail","hentry","category-entretenimiento","tag-disco"],"jetpack_featured_media_url":"https:\/\/lasprimeras.com.do\/wp-content\/uploads\/2023\/10\/WhatsApp-Image-2023-10-26-at-6.18.01-PM-5.jpeg","jetpack-related-posts":[{"id":80268,"url":"https:\/\/lasprimeras.com.do\/index.php\/2024\/04\/06\/reik-lanza-panorama-el-disco-y-gira-mas-libres-de-su-trayectoria\/","url_meta":{"origin":65305,"position":0},"title":"Reik lanza &#8216;Panorama&#8217;, el disco y gira m\u00e1s &#8220;libres&#8221; de su trayectoria","author":"BIMARY DE JES\u00daS Matos","date":"6 de abril de 2024","format":false,"excerpt":"Reik present\u00f3 esta semana en Miami su nuevo \u00e1lbum y gira mundial 'Panorama', \"una producci\u00f3n pulcra y profesional\", seg\u00fan dijeron los integrantes de esta banda mexicana en entrevista con EFE. Jes\u00fas Navarro, Gilberto 'Bibi' Mar\u00edn y Julio Ram\u00edrez explicaron que se trata del proyecto \"m\u00e1s intencional\" que han hecho desde\u2026","rel":"","context":"En \u00abENTRETENIMIENTO\u00bb","block_context":{"text":"ENTRETENIMIENTO","link":"https:\/\/lasprimeras.com.do\/index.php\/category\/entretenimiento\/"},"img":{"alt_text":"","src":"https:\/\/i0.wp.com\/lasprimeras.com.do\/wp-content\/uploads\/2024\/04\/7732165e-59b5-469e-b387-0f6a1c64e0ad-1024x576-3.jpeg?resize=350%2C200&ssl=1","width":350,"height":200,"srcset":"https:\/\/i0.wp.com\/lasprimeras.com.do\/wp-content\/uploads\/2024\/04\/7732165e-59b5-469e-b387-0f6a1c64e0ad-1024x576-3.jpeg?resize=350%2C200&ssl=1 1x, https:\/\/i0.wp.com\/lasprimeras.com.do\/wp-content\/uploads\/2024\/04\/7732165e-59b5-469e-b387-0f6a1c64e0ad-1024x576-3.jpeg?resize=525%2C300&ssl=1 1.5x, https:\/\/i0.wp.com\/lasprimeras.com.do\/wp-content\/uploads\/2024\/04\/7732165e-59b5-469e-b387-0f6a1c64e0ad-1024x576-3.jpeg?resize=700%2C400&ssl=1 2x"},"classes":[]},{"id":66111,"url":"https:\/\/lasprimeras.com.do\/index.php\/2023\/11\/03\/noviembre-sin-ti-la-cancion-mas-romantica-de-este-mes-desde-hace-18-anos\/","url_meta":{"origin":65305,"position":1},"title":"&#8220;Noviembre sin ti&#8221;, la canci\u00f3n m\u00e1s rom\u00e1ntica de este mes desde hace 18 a\u00f1os","author":"BIMARY DE JES\u00daS Matos","date":"3 de noviembre de 2023","format":false,"excerpt":"Santo Domingo.-Llega noviembre y con \u00e9l la reproducci\u00f3n de \u201cNoviembre sin ti\u201d, la canci\u00f3n de la banda mexicana Reik, estrenada en 2005, que a partir del 1 de noviembre los fan\u00e1ticos de la agrupaci\u00f3n aprovechan para escuchar a todo volumen. La letra relata la historia de una relaci\u00f3n que ya\u2026","rel":"","context":"En \u00abENTRETENIMIENTO\u00bb","block_context":{"text":"ENTRETENIMIENTO","link":"https:\/\/lasprimeras.com.do\/index.php\/category\/entretenimiento\/"},"img":{"alt_text":"","src":"https:\/\/i0.wp.com\/lasprimeras.com.do\/wp-content\/uploads\/2023\/11\/WhatsApp-Image-2023-11-02-at-7.42.09-PM-2.jpeg?resize=350%2C200&ssl=1","width":350,"height":200,"srcset":"https:\/\/i0.wp.com\/lasprimeras.com.do\/wp-content\/uploads\/2023\/11\/WhatsApp-Image-2023-11-02-at-7.42.09-PM-2.jpeg?resize=350%2C200&ssl=1 1x, https:\/\/i0.wp.com\/lasprimeras.com.do\/wp-content\/uploads\/2023\/11\/WhatsApp-Image-2023-11-02-at-7.42.09-PM-2.jpeg?resize=525%2C300&ssl=1 1.5x, https:\/\/i0.wp.com\/lasprimeras.com.do\/wp-content\/uploads\/2023\/11\/WhatsApp-Image-2023-11-02-at-7.42.09-PM-2.jpeg?resize=700%2C400&ssl=1 2x"},"classes":[]},{"id":63927,"url":"https:\/\/lasprimeras.com.do\/index.php\/2023\/10\/17\/farruko-dice-nuevo-album-incluira-otras-canciones-ademas-de-las-cristianas\/","url_meta":{"origin":65305,"position":2},"title":"Farruko dice nuevo \u00e1lbum incluir\u00e1 otras canciones adem\u00e1s de las cristianas","author":"BIMARY DE JES\u00daS Matos","date":"17 de octubre de 2023","format":false,"excerpt":"Santo Domingo.-El reguetonero puertorrique\u00f1o\u00a0Farruko\u00a0prepara un nuevo disco en el que adem\u00e1s de las canciones de corte religioso que acogi\u00f3 desde 2022, incluir\u00e1 otras en las que mantiene su esencia y el estilo bailable, seg\u00fan dijo en una entrevista con EFE. \"Claro que tiene canciones cristianas. Obviamente, no es un secreto\u2026","rel":"","context":"En \u00abENTRETENIMIENTO\u00bb","block_context":{"text":"ENTRETENIMIENTO","link":"https:\/\/lasprimeras.com.do\/index.php\/category\/entretenimiento\/"},"img":{"alt_text":"","src":"https:\/\/i0.wp.com\/lasprimeras.com.do\/wp-content\/uploads\/2023\/10\/Captura-de-pantalla-2023-10-16-172822-1.jpg?resize=350%2C200&ssl=1","width":350,"height":200,"srcset":"https:\/\/i0.wp.com\/lasprimeras.com.do\/wp-content\/uploads\/2023\/10\/Captura-de-pantalla-2023-10-16-172822-1.jpg?resize=350%2C200&ssl=1 1x, https:\/\/i0.wp.com\/lasprimeras.com.do\/wp-content\/uploads\/2023\/10\/Captura-de-pantalla-2023-10-16-172822-1.jpg?resize=525%2C300&ssl=1 1.5x, https:\/\/i0.wp.com\/lasprimeras.com.do\/wp-content\/uploads\/2023\/10\/Captura-de-pantalla-2023-10-16-172822-1.jpg?resize=700%2C400&ssl=1 2x, https:\/\/i0.wp.com\/lasprimeras.com.do\/wp-content\/uploads\/2023\/10\/Captura-de-pantalla-2023-10-16-172822-1.jpg?resize=1050%2C600&ssl=1 3x, https:\/\/i0.wp.com\/lasprimeras.com.do\/wp-content\/uploads\/2023\/10\/Captura-de-pantalla-2023-10-16-172822-1.jpg?resize=1400%2C800&ssl=1 4x"},"classes":[]},{"id":65860,"url":"https:\/\/lasprimeras.com.do\/index.php\/2023\/11\/01\/natalia-jimenez-presenta-antologia-20-anos-un-album-con-temas-renovados-e-ineditos\/","url_meta":{"origin":65305,"position":3},"title":"Natalia Jim\u00e9nez presenta &#8220;Antolog\u00eda 20 a\u00f1os&#8221;, un \u00e1lbum con temas renovados e in\u00e9ditos","author":"BIMARY DE JES\u00daS Matos","date":"1 de noviembre de 2023","format":false,"excerpt":"Santo Domingo.-La cantautora Natalia Jim\u00e9nez lanza su esperado nuevo \u00e1lbum \"Antolog\u00eda 20 a\u00f1os\", en el que comparte con su p\u00fablico renovadas versiones de los mayores \u00e9xitos de su carrera, as\u00ed como tres temas in\u00e9ditos. Para este \u00e1lbum con 14 temas, Natalia Jim\u00e9nez re-grab\u00f3 una recopilaci\u00f3n de sus mejores canciones a\u2026","rel":"","context":"En \u00abENTRETENIMIENTO\u00bb","block_context":{"text":"ENTRETENIMIENTO","link":"https:\/\/lasprimeras.com.do\/index.php\/category\/entretenimiento\/"},"img":{"alt_text":"","src":"https:\/\/i0.wp.com\/lasprimeras.com.do\/wp-content\/uploads\/2023\/11\/WhatsApp-Image-2023-10-30-at-2.58.48-PM-7.jpeg?resize=350%2C200&ssl=1","width":350,"height":200,"srcset":"https:\/\/i0.wp.com\/lasprimeras.com.do\/wp-content\/uploads\/2023\/11\/WhatsApp-Image-2023-10-30-at-2.58.48-PM-7.jpeg?resize=350%2C200&ssl=1 1x, https:\/\/i0.wp.com\/lasprimeras.com.do\/wp-content\/uploads\/2023\/11\/WhatsApp-Image-2023-10-30-at-2.58.48-PM-7.jpeg?resize=525%2C300&ssl=1 1.5x, https:\/\/i0.wp.com\/lasprimeras.com.do\/wp-content\/uploads\/2023\/11\/WhatsApp-Image-2023-10-30-at-2.58.48-PM-7.jpeg?resize=700%2C400&ssl=1 2x"},"classes":[]},{"id":76692,"url":"https:\/\/lasprimeras.com.do\/index.php\/2024\/02\/13\/myriam-hernandez-vuelve-a-al-teatro-nacional-eduardo-brito\/","url_meta":{"origin":65305,"position":4},"title":"Myriam Hern\u00e1ndez vuelve a al Teatro Nacional Eduardo Brito","author":"BIMARY DE JES\u00daS Matos","date":"13 de febrero de 2024","format":false,"excerpt":"Chile.- La artista chilena Myriam Hrn\u00e1ndez regresa a Santo Domingo el pr\u00f3ximo 15 de junio para presentar su espect\u00e1culo \u2018Invencible\u2019 y nuevo \u00e1lbum \u2018Tauro\u2019. Un concierto cargado de cl\u00e1sicos y sus grandes \u00e9xitos junto con las canciones destacadas de su m\u00e1s reciente lanzamiento. Es una cantautora, compositora y presentadora de\u2026","rel":"","context":"En \u00abENTRETENIMIENTO\u00bb","block_context":{"text":"ENTRETENIMIENTO","link":"https:\/\/lasprimeras.com.do\/index.php\/category\/entretenimiento\/"},"img":{"alt_text":"","src":"https:\/\/i0.wp.com\/lasprimeras.com.do\/wp-content\/uploads\/2024\/02\/WhatsApp-Image-2024-02-13-at-1.46.45-PM.webp?resize=350%2C200&ssl=1","width":350,"height":200,"srcset":"https:\/\/i0.wp.com\/lasprimeras.com.do\/wp-content\/uploads\/2024\/02\/WhatsApp-Image-2024-02-13-at-1.46.45-PM.webp?resize=350%2C200&ssl=1 1x, https:\/\/i0.wp.com\/lasprimeras.com.do\/wp-content\/uploads\/2024\/02\/WhatsApp-Image-2024-02-13-at-1.46.45-PM.webp?resize=525%2C300&ssl=1 1.5x, https:\/\/i0.wp.com\/lasprimeras.com.do\/wp-content\/uploads\/2024\/02\/WhatsApp-Image-2024-02-13-at-1.46.45-PM.webp?resize=700%2C400&ssl=1 2x, https:\/\/i0.wp.com\/lasprimeras.com.do\/wp-content\/uploads\/2024\/02\/WhatsApp-Image-2024-02-13-at-1.46.45-PM.webp?resize=1050%2C600&ssl=1 3x, https:\/\/i0.wp.com\/lasprimeras.com.do\/wp-content\/uploads\/2024\/02\/WhatsApp-Image-2024-02-13-at-1.46.45-PM.webp?resize=1400%2C800&ssl=1 4x"},"classes":[]},{"id":88815,"url":"https:\/\/lasprimeras.com.do\/index.php\/2024\/09\/07\/arrestan-hombre-tras-asesinar-a-su-pareja-sentimental-en-navarrete\/","url_meta":{"origin":65305,"position":5},"title":"Arrestan hombre tras asesinar a su pareja sentimental en Navarrete","author":"Nelson Feliz","date":"7 de septiembre de 2024","format":false,"excerpt":"Agentes policiales arrestaron a Reiker Reyes de 31 a\u00f1os, acusado de herir de varias estocadas a su pareja sentimental en el municipio de Navarrete, provincia Santiago. Se trata de Mar\u00eda del Carmen Mat\u00edas P\u00e9rez, de 21 a\u00f1os, quien falleci\u00f3 mientras recib\u00eda atenciones m\u00e9dicas en un centro hospitalario de Navarrete. Seg\u00fan\u2026","rel":"","context":"En \u00abMILITARES\u00bb","block_context":{"text":"MILITARES","link":"https:\/\/lasprimeras.com.do\/index.php\/category\/militares\/"},"img":{"alt_text":"","src":"https:\/\/i0.wp.com\/lasprimeras.com.do\/wp-content\/uploads\/2024\/08\/preso.jpg?resize=350%2C200&ssl=1","width":350,"height":200},"classes":[]}],"jetpack_sharing_enabled":true,"_links":{"self":[{"href":"https:\/\/lasprimeras.com.do\/index.php\/wp-json\/wp\/v2\/posts\/65305","targetHints":{"allow":["GET"]}}],"collection":[{"href":"https:\/\/lasprimeras.com.do\/index.php\/wp-json\/wp\/v2\/posts"}],"about":[{"href":"https:\/\/lasprimeras.com.do\/index.php\/wp-json\/wp\/v2\/types\/post"}],"author":[{"embeddable":true,"href":"https:\/\/lasprimeras.com.do\/index.php\/wp-json\/wp\/v2\/users\/3"}],"replies":[{"embeddable":true,"href":"https:\/\/lasprimeras.com.do\/index.php\/wp-json\/wp\/v2\/comments?post=65305"}],"version-history":[{"count":1,"href":"https:\/\/lasprimeras.com.do\/index.php\/wp-json\/wp\/v2\/posts\/65305\/revisions"}],"predecessor-version":[{"id":65307,"href":"https:\/\/lasprimeras.com.do\/index.php\/wp-json\/wp\/v2\/posts\/65305\/revisions\/65307"}],"wp:featuredmedia":[{"embeddable":true,"href":"https:\/\/lasprimeras.com.do\/index.php\/wp-json\/wp\/v2\/media\/65306"}],"wp:attachment":[{"href":"https:\/\/lasprimeras.com.do\/index.php\/wp-json\/wp\/v2\/media?parent=65305"}],"wp:term":[{"taxonomy":"category","embeddable":true,"href":"https:\/\/lasprimeras.com.do\/index.php\/wp-json\/wp\/v2\/categories?post=65305"},{"taxonomy":"post_tag","embeddable":true,"href":"https:\/\/lasprimeras.com.do\/index.php\/wp-json\/wp\/v2\/tags?post=65305"}],"curies":[{"name":"wp","href":"https:\/\/api.w.org\/{rel}","templated":true}]}}