{"id":65330,"date":"2023-10-27T08:55:41","date_gmt":"2023-10-27T12:55:41","guid":{"rendered":"https:\/\/lasprimeras.com.do\/?p=65330"},"modified":"2023-10-27T08:55:43","modified_gmt":"2023-10-27T12:55:43","slug":"incendio-destruye-fabrica-textil-en-santiago","status":"publish","type":"post","link":"https:\/\/lasprimeras.com.do\/index.php\/2023\/10\/27\/incendio-destruye-fabrica-textil-en-santiago\/","title":{"rendered":"Incendio destruye f\u00e1brica textil en Santiago"},"content":{"rendered":"\n<p><strong>Unidades de los bomberos de varias localidades se suman para controlar el fuego.<\/strong><\/p>\n\n\n\n<p>Desde la noche del viernes, unidades del Cuerpo de Bomberos de Santiago intentan apagar un incendio que afecta la instalaci\u00f3n de una zona franca especial, dedicada a la fabricaci\u00f3n de textiles, en Villa Liberaci\u00f3n, la Otra Banda al suroeste de la ciudad.<\/p>\n\n\n\n<p>Las unidades de los bomberos otras localidades como La Canela y Hato del Yaque se sumaron a las labores para controlar las llamas y evitar su propagaci\u00f3n.<\/p>\n\n\n\n<p>Seg\u00fan Natalio Abreu, propietario de la empresa Fashion Textil, a las 10:00 de la noche lleg\u00f3 la energ\u00eda el\u00e9ctrica y se produjo una explosi\u00f3n que desencaden\u00f3 en el incendio.<\/p>\n\n\n\n<p>Dijo que su f\u00e1brica est\u00e1 totalmente destruida, que all\u00ed trabajan 200 personas y estima las perdidas en unos diez millones de d\u00f3lares.<\/p>\n\n\n\n<p>La empresa opera desde hace 30 a\u00f1os, afirm\u00f3 el se\u00f1or Abreu.<\/p>\n","protected":false},"excerpt":{"rendered":"<p>Unidades de los bomberos de varias localidades se suman para controlar el fuego. Desde la noche del viernes, unidades del Cuerpo de Bomberos de Santiago intentan apagar un incendio que&hellip;<\/p>\n","protected":false},"author":2,"featured_media":65331,"comment_status":"open","ping_status":"open","sticky":false,"template":"","format":"standard","meta":{"content-type":"","jetpack_post_was_ever_published":false,"_jetpack_newsletter_access":"","_jetpack_dont_email_post_to_subs":false,"_jetpack_newsletter_tier_id":0,"_jetpack_memberships_contains_paywalled_content":false,"_jetpack_memberships_contains_paid_content":false,"footnotes":""},"categories":[35,25],"tags":[1492,8964,1399,1049],"class_list":["post-65330","post","type-post","status-publish","format-standard","has-post-thumbnail","hentry","category-nacionales","category-portada","tag-destruye","tag-fabrica-textil","tag-incendio","tag-santiago"],"jetpack_featured_media_url":"https:\/\/lasprimeras.com.do\/wp-content\/uploads\/2023\/10\/Incendio.jpeg","jetpack-related-posts":[{"id":65358,"url":"https:\/\/lasprimeras.com.do\/index.php\/2023\/10\/27\/bomberos-aun-intentan-sofocar-incendio-en-fabrica-textil-de-santiago-vecinos-temen-que-se-propague\/","url_meta":{"origin":65330,"position":0},"title":"Bomberos a\u00fan intentan sofocar incendio en f\u00e1brica textil de Santiago: vecinos temen que se propague","author":"BIMARY DE JES\u00daS Matos","date":"27 de octubre de 2023","format":false,"excerpt":"Santiago.-Varias unidades del cuerpo de bomberos de la provincia de Santiago a\u00fan contin\u00faan en los esfuerzos por sofocar el incendio producido la madrugada de este viernes en la f\u00e1brica textil \u201cFashion Textil\u201d, ubicada en el sector Villa Liberaci\u00f3n, de la Otra Banda, en la zona Oeste. Mientras en las inmediaciones\u2026","rel":"","context":"En \u00abPORTADA\u00bb","block_context":{"text":"PORTADA","link":"https:\/\/lasprimeras.com.do\/index.php\/category\/portada\/"},"img":{"alt_text":"","src":"https:\/\/i0.wp.com\/lasprimeras.com.do\/wp-content\/uploads\/2023\/10\/WhatsApp-Image-2023-10-27-at-10.33.57-AM.jpeg?resize=350%2C200&ssl=1","width":350,"height":200,"srcset":"https:\/\/i0.wp.com\/lasprimeras.com.do\/wp-content\/uploads\/2023\/10\/WhatsApp-Image-2023-10-27-at-10.33.57-AM.jpeg?resize=350%2C200&ssl=1 1x, https:\/\/i0.wp.com\/lasprimeras.com.do\/wp-content\/uploads\/2023\/10\/WhatsApp-Image-2023-10-27-at-10.33.57-AM.jpeg?resize=525%2C300&ssl=1 1.5x, https:\/\/i0.wp.com\/lasprimeras.com.do\/wp-content\/uploads\/2023\/10\/WhatsApp-Image-2023-10-27-at-10.33.57-AM.jpeg?resize=700%2C400&ssl=1 2x"},"classes":[]},{"id":60744,"url":"https:\/\/lasprimeras.com.do\/index.php\/2023\/09\/18\/ocho-vehiculos-destruidos-y-otros-11-afectados-en-incendio-en-santiago\/","url_meta":{"origin":65330,"position":1},"title":"Ocho veh\u00edculos destruidos y otros 11 afectados en incendio en Santiago","author":"Nelson Feliz","date":"18 de septiembre de 2023","format":false,"excerpt":"No hay reportes de personas afectadas por el incendio ocurrido en parqueo subterr\u00e1neo. Ocho veh\u00edculos fueron destruidos y otros 11 resultaron afectados en un incendio que ocurri\u00f3 en el parqueo subterr\u00e1neo de un residencial en el sector El Dorado, al norte de Santiago. Los residentes del complejo habitacional Milhojas fueron\u2026","rel":"","context":"En \u00abNACIONALES\u00bb","block_context":{"text":"NACIONALES","link":"https:\/\/lasprimeras.com.do\/index.php\/category\/nacionales\/"},"img":{"alt_text":"incendio","src":"https:\/\/i0.wp.com\/lasprimeras.com.do\/wp-content\/uploads\/2023\/09\/incendio.jpg?resize=350%2C200&ssl=1","width":350,"height":200,"srcset":"https:\/\/i0.wp.com\/lasprimeras.com.do\/wp-content\/uploads\/2023\/09\/incendio.jpg?resize=350%2C200&ssl=1 1x, https:\/\/i0.wp.com\/lasprimeras.com.do\/wp-content\/uploads\/2023\/09\/incendio.jpg?resize=525%2C300&ssl=1 1.5x, https:\/\/i0.wp.com\/lasprimeras.com.do\/wp-content\/uploads\/2023\/09\/incendio.jpg?resize=700%2C400&ssl=1 2x"},"classes":[]},{"id":86773,"url":"https:\/\/lasprimeras.com.do\/index.php\/2024\/08\/01\/incendio-devora-varios-locales-en-plaza-comercial-en-santiago\/","url_meta":{"origin":65330,"position":2},"title":"Incendio devora varios locales en plaza comercial en Santiago","author":"Nelson Feliz","date":"1 de agosto de 2024","format":false,"excerpt":"Este jueves un incendio afecta varios locales incluyendo una tienda de una Plaza Comercial, ubicada en la calle El Sol, barrio Centro Hist\u00f3rico, provincia Santiago. El siniestro ha afecto varios locales, otras estructuras aleda\u00f1as; el Sistema Nacional de Atenci\u00f3n a Emergencias y Seguridad 911 moviliz\u00f3 m\u00faltiples unidades de emergencia para\u2026","rel":"","context":"En \u00abNACIONALES\u00bb","block_context":{"text":"NACIONALES","link":"https:\/\/lasprimeras.com.do\/index.php\/category\/nacionales\/"},"img":{"alt_text":"","src":"https:\/\/i0.wp.com\/lasprimeras.com.do\/wp-content\/uploads\/2024\/08\/INCENDIO.png?resize=350%2C200&ssl=1","width":350,"height":200,"srcset":"https:\/\/i0.wp.com\/lasprimeras.com.do\/wp-content\/uploads\/2024\/08\/INCENDIO.png?resize=350%2C200&ssl=1 1x, https:\/\/i0.wp.com\/lasprimeras.com.do\/wp-content\/uploads\/2024\/08\/INCENDIO.png?resize=525%2C300&ssl=1 1.5x"},"classes":[]},{"id":89730,"url":"https:\/\/lasprimeras.com.do\/index.php\/2024\/10\/03\/911-sofoca-incendio-de-fabrica-en-zona-industrial-de-santiago\/","url_meta":{"origin":65330,"position":3},"title":"911 sofoca incendio de f\u00e1brica en zona industrial de Santiago","author":"Nelson Feliz","date":"3 de octubre de 2024","format":false,"excerpt":"El Sistema Nacional de Atenci\u00f3n a Emergencias y Seguridad 911 coordina la respuesta ante un incendio que se desat\u00f3 en una f\u00e1brica de pl\u00e1stico y papel, ubicada en el sector Pontezuela Arriba, municipio Santiago, la tarde de este jueves. El siniestro afect\u00f3 una nave industrial de dos niveles en la\u2026","rel":"","context":"En \u00abNACIONALES\u00bb","block_context":{"text":"NACIONALES","link":"https:\/\/lasprimeras.com.do\/index.php\/category\/nacionales\/"},"img":{"alt_text":"","src":"https:\/\/i0.wp.com\/lasprimeras.com.do\/wp-content\/uploads\/2024\/10\/incendio-3.jpg?resize=350%2C200&ssl=1","width":350,"height":200,"srcset":"https:\/\/i0.wp.com\/lasprimeras.com.do\/wp-content\/uploads\/2024\/10\/incendio-3.jpg?resize=350%2C200&ssl=1 1x, https:\/\/i0.wp.com\/lasprimeras.com.do\/wp-content\/uploads\/2024\/10\/incendio-3.jpg?resize=525%2C300&ssl=1 1.5x, https:\/\/i0.wp.com\/lasprimeras.com.do\/wp-content\/uploads\/2024\/10\/incendio-3.jpg?resize=700%2C400&ssl=1 2x"},"classes":[]},{"id":57856,"url":"https:\/\/lasprimeras.com.do\/index.php\/2023\/08\/16\/incendio-destruye-varios-locales-en-plaza-comercial-las-terrenas\/","url_meta":{"origin":65330,"position":4},"title":"Incendio destruye varios locales en plaza comercial Las Terrenas","author":"Nelson Feliz","date":"16 de agosto de 2023","format":false,"excerpt":"Un incendio afect\u00f3 este mi\u00e9rcoles a una plaza comercial de municipio de Las Terrenas, Saman\u00e1, quemando varios establecimientos, aunque el incendio se ha sofocado sin que se hayan registrados da\u00f1os personales, inform\u00f3 el alcalde la localidad, Eduardo Esteban. El funcionario se\u00f1al\u00f3 a EFE que el fuego se origin\u00f3 en la\u2026","rel":"","context":"En \u00abNACIONALES\u00bb","block_context":{"text":"NACIONALES","link":"https:\/\/lasprimeras.com.do\/index.php\/category\/nacionales\/"},"img":{"alt_text":"incendio","src":"https:\/\/i0.wp.com\/lasprimeras.com.do\/wp-content\/uploads\/2023\/08\/incendio.jpg?resize=350%2C200&ssl=1","width":350,"height":200,"srcset":"https:\/\/i0.wp.com\/lasprimeras.com.do\/wp-content\/uploads\/2023\/08\/incendio.jpg?resize=350%2C200&ssl=1 1x, https:\/\/i0.wp.com\/lasprimeras.com.do\/wp-content\/uploads\/2023\/08\/incendio.jpg?resize=525%2C300&ssl=1 1.5x"},"classes":[]},{"id":121992,"url":"https:\/\/lasprimeras.com.do\/index.php\/2026\/02\/12\/sistema-911-coordina-respuesta-ante-incendio-en-fabrica-de-plastico-en-bajos-de-haina\/","url_meta":{"origin":65330,"position":5},"title":"Sistema 911 coordina respuesta ante incendio en f\u00e1brica de pl\u00e1stico en Bajos de Haina","author":"Nelson Feliz","date":"12 de febrero de 2026","format":false,"excerpt":"_No se reportan personas afectadas._ El Sistema Nacional de Atenci\u00f3n a Emergencias y Seguridad 911 coordin\u00f3 la asistencia ante un incendio de gran magnitud registrado en una f\u00e1brica dedicada a la producci\u00f3n de art\u00edculos pl\u00e1sticos, ubicada en el municipio Bajos de Haina, provincia San Crist\u00f3bal. Al momento del incidente, el\u2026","rel":"","context":"En \u00abNACIONALES\u00bb","block_context":{"text":"NACIONALES","link":"https:\/\/lasprimeras.com.do\/index.php\/category\/nacionales\/"},"img":{"alt_text":"","src":"https:\/\/i0.wp.com\/lasprimeras.com.do\/wp-content\/uploads\/2026\/02\/IMG-20260212-WA0293.jpg?resize=350%2C200&ssl=1","width":350,"height":200,"srcset":"https:\/\/i0.wp.com\/lasprimeras.com.do\/wp-content\/uploads\/2026\/02\/IMG-20260212-WA0293.jpg?resize=350%2C200&ssl=1 1x, https:\/\/i0.wp.com\/lasprimeras.com.do\/wp-content\/uploads\/2026\/02\/IMG-20260212-WA0293.jpg?resize=525%2C300&ssl=1 1.5x, https:\/\/i0.wp.com\/lasprimeras.com.do\/wp-content\/uploads\/2026\/02\/IMG-20260212-WA0293.jpg?resize=700%2C400&ssl=1 2x, https:\/\/i0.wp.com\/lasprimeras.com.do\/wp-content\/uploads\/2026\/02\/IMG-20260212-WA0293.jpg?resize=1050%2C600&ssl=1 3x"},"classes":[]}],"jetpack_sharing_enabled":true,"_links":{"self":[{"href":"https:\/\/lasprimeras.com.do\/index.php\/wp-json\/wp\/v2\/posts\/65330","targetHints":{"allow":["GET"]}}],"collection":[{"href":"https:\/\/lasprimeras.com.do\/index.php\/wp-json\/wp\/v2\/posts"}],"about":[{"href":"https:\/\/lasprimeras.com.do\/index.php\/wp-json\/wp\/v2\/types\/post"}],"author":[{"embeddable":true,"href":"https:\/\/lasprimeras.com.do\/index.php\/wp-json\/wp\/v2\/users\/2"}],"replies":[{"embeddable":true,"href":"https:\/\/lasprimeras.com.do\/index.php\/wp-json\/wp\/v2\/comments?post=65330"}],"version-history":[{"count":1,"href":"https:\/\/lasprimeras.com.do\/index.php\/wp-json\/wp\/v2\/posts\/65330\/revisions"}],"predecessor-version":[{"id":65332,"href":"https:\/\/lasprimeras.com.do\/index.php\/wp-json\/wp\/v2\/posts\/65330\/revisions\/65332"}],"wp:featuredmedia":[{"embeddable":true,"href":"https:\/\/lasprimeras.com.do\/index.php\/wp-json\/wp\/v2\/media\/65331"}],"wp:attachment":[{"href":"https:\/\/lasprimeras.com.do\/index.php\/wp-json\/wp\/v2\/media?parent=65330"}],"wp:term":[{"taxonomy":"category","embeddable":true,"href":"https:\/\/lasprimeras.com.do\/index.php\/wp-json\/wp\/v2\/categories?post=65330"},{"taxonomy":"post_tag","embeddable":true,"href":"https:\/\/lasprimeras.com.do\/index.php\/wp-json\/wp\/v2\/tags?post=65330"}],"curies":[{"name":"wp","href":"https:\/\/api.w.org\/{rel}","templated":true}]}}