{"id":65336,"date":"2023-10-27T10:39:17","date_gmt":"2023-10-27T14:39:17","guid":{"rendered":"https:\/\/lasprimeras.com.do\/?p=65336"},"modified":"2023-10-27T10:39:18","modified_gmt":"2023-10-27T14:39:18","slug":"leonel-fernandez-hemos-vuelto-a-la-epoca-de-las-velas-y-los-inversores-por-la-incapacidad-del-prm","status":"publish","type":"post","link":"https:\/\/lasprimeras.com.do\/index.php\/2023\/10\/27\/leonel-fernandez-hemos-vuelto-a-la-epoca-de-las-velas-y-los-inversores-por-la-incapacidad-del-prm\/","title":{"rendered":"Leonel Fern\u00e1ndez: \u201cHemos vuelto a la \u00e9poca de las velas y los inversores, por la incapacidad del PRM\u201d"},"content":{"rendered":"\n<p><strong>LF promete volver a establecer el Programa 24 Horas de energ\u00eda el\u00e9ctrica.<\/strong><\/p>\n\n\n\n<p>El presidente del partido Fuerza del Pueblo (FP), Leonel Fern\u00e1ndez, asegur\u00f3 que la ola de apagones que se vive en el pa\u00eds se debe a la incapacidad del gobierno del Partido Revolucionario Moderno (PRM), encabezado por Luis Abinader.<\/p>\n\n\n\n<p>\u201cHoy la Rep\u00fablica Dominicana vive momentos sombr\u00edos. Por la incapacidad de este gobierno hemos vuelto a la \u00e9poca de las velas y los inversores\u201d, denunci\u00f3 el expresidente de la Rep\u00fablica, en un video publicado en sus redes sociales.<\/p>\n\n\n\n<p>Fern\u00e1ndez explica que, al gobierno no le ha bastado con las interrupciones constantes del servicio el\u00e9ctrico, \u201cpara el colmo\u201d, estas vienen acompa\u00f1adas con aumento de la tarifa el\u00e9ctrica.<\/p>\n\n\n\n<p>El exmandatario revel\u00f3 que, \u201cEs decepcionante observar c\u00f3mo, en estos \u00faltimos tres a\u00f1os el sector el\u00e9ctrico ha experimentado un deterioro acelerado. Los apagones son cada vez m\u00e1s prolongados y est\u00e1n teniendo un impacto devastador en el desarrollo nacional, en particular, en las micro y peque\u00f1as empresas, que son la columna vertebral de nuestra econom\u00eda\u201d.<\/p>\n\n\n\n<p>El l\u00edder pol\u00edtico de la oposici\u00f3n indic\u00f3 en ese sentido que: \u201cEsta situaci\u00f3n no solo representa un obst\u00e1culo para el crecimiento econ\u00f3mico, sino que tambi\u00e9n afecta la calidad de vida de todos los ciudadanos. Es inadmisible que en pleno siglo XXI, un pa\u00eds con tanto potencial econ\u00f3mico, siga sufriendo apagones cr\u00f3nicos que afectan negativamente a todos los sectores de la sociedad\u201d.<\/p>\n\n\n\n<p>Promete que servicios volver\u00e1n a la normalidad:<\/p>\n\n\n\n<p>El tambi\u00e9n aspirante presidencial por la Fuerza del Pueblo prometi\u00f3 que en su pr\u00f3ximo gobierno trabajar\u00e1, \u201cincansablemente para garantizar que se tomen las medidas necesarias para solucionar esta situaci\u00f3n y, proporcionar a los dominicanos un sistema energ\u00e9tico confiable\u201d.<\/p>\n\n\n\n<p>Fern\u00e1ndez termin\u00f3 el video diciendo que la prosperidad de nuestro pa\u00eds depende de resolver problemas b\u00e1sicos como la energ\u00eda el\u00e9ctrica, adem\u00e1s record\u00f3 que cuando le correspondi\u00f3 dirigir los destinos del pa\u00eds se logr\u00f3, \u201cel Programa 24 Horas de Energ\u00eda\u201d, que hoy es a\u00f1orado por los dominicanos.<\/p>\n","protected":false},"excerpt":{"rendered":"<p>LF promete volver a establecer el Programa 24 Horas de energ\u00eda el\u00e9ctrica. El presidente del partido Fuerza del Pueblo (FP), Leonel Fern\u00e1ndez, asegur\u00f3 que la ola de apagones que se&hellip;<\/p>\n","protected":false},"author":2,"featured_media":65187,"comment_status":"open","ping_status":"open","sticky":false,"template":"","format":"standard","meta":{"content-type":"","jetpack_post_was_ever_published":false,"_jetpack_newsletter_access":"","_jetpack_dont_email_post_to_subs":false,"_jetpack_newsletter_tier_id":0,"_jetpack_memberships_contains_paywalled_content":false,"_jetpack_memberships_contains_paid_content":false,"footnotes":""},"categories":[25],"tags":[585,8968,51,8967],"class_list":["post-65336","post","type-post","status-publish","format-standard","has-post-thumbnail","hentry","category-portada","tag-incapacidad","tag-inversores","tag-leonel-fernandez","tag-velas"],"jetpack_featured_media_url":"https:\/\/lasprimeras.com.do\/wp-content\/uploads\/2023\/10\/Leonel-Fernandez-4.jpg","jetpack-related-posts":[{"id":126127,"url":"https:\/\/lasprimeras.com.do\/index.php\/2026\/03\/29\/leonel-afirma-que-los-precios-ya-subian-por-la-ineficiencia-del-prm\/","url_meta":{"origin":65336,"position":0},"title":"Leonel afirma que los precios ya sub\u00edan por la ineficiencia del PRM","author":"Nelson Feliz","date":"29 de marzo de 2026","format":false,"excerpt":"El expresidente asegura que el pueblo dominicano se siente frustrado y afirma que el Gobierno del PRM no est\u00e1 para excusas, sino para resolver los problemas del pa\u00eds. Hermanas Mirabal.\u2013 El presidente del partido Fuerza del Pueblo (FP) y expresidente de la Rep\u00fablica, Leonel Fern\u00e1ndez, afirm\u00f3 que el alza en\u2026","rel":"","context":"En \u00abECONOM\u00cdA\u00bb","block_context":{"text":"ECONOM\u00cdA","link":"https:\/\/lasprimeras.com.do\/index.php\/category\/economia\/"},"img":{"alt_text":"Leonel Fern\u00e1ndez","src":"https:\/\/i0.wp.com\/lasprimeras.com.do\/wp-content\/uploads\/2026\/03\/Leonel-Fernandez.jpg?resize=350%2C200&ssl=1","width":350,"height":200,"srcset":"https:\/\/i0.wp.com\/lasprimeras.com.do\/wp-content\/uploads\/2026\/03\/Leonel-Fernandez.jpg?resize=350%2C200&ssl=1 1x, https:\/\/i0.wp.com\/lasprimeras.com.do\/wp-content\/uploads\/2026\/03\/Leonel-Fernandez.jpg?resize=525%2C300&ssl=1 1.5x, https:\/\/i0.wp.com\/lasprimeras.com.do\/wp-content\/uploads\/2026\/03\/Leonel-Fernandez.jpg?resize=700%2C400&ssl=1 2x"},"classes":[]},{"id":106653,"url":"https:\/\/lasprimeras.com.do\/index.php\/2025\/08\/17\/incapacidad-del-gobierno-del-prm-tiene-al-pueblo-hastiado-con-los-apagones-afirma-radhames-jimenez\/","url_meta":{"origin":65336,"position":1},"title":"\u201cIncapacidad del gobierno del PRM tiene al pueblo hastiado con los apagones\u201d, afirma Radham\u00e9s Jim\u00e9nez","author":"Nelson Feliz","date":"17 de agosto de 2025","format":false,"excerpt":"El vicepresidente y coordinador pol\u00edtico de la Fuerza del Pueblo Radham\u00e9s Jim\u00e9nez Pe\u00f1a, afirm\u00f3 que la incapacidad del gobierno del PRM tiene al pueblo hastiado con las largas tandas de apagones en todo el territorio nacional, y las autoridades no dan la cara. Expres\u00f3 que a pesar de ser el\u2026","rel":"","context":"En \u00abPOLITICA\u00bb","block_context":{"text":"POLITICA","link":"https:\/\/lasprimeras.com.do\/index.php\/category\/politica\/"},"img":{"alt_text":"Radhames Jimenez","src":"https:\/\/i0.wp.com\/lasprimeras.com.do\/wp-content\/uploads\/2023\/12\/Radhames-Jimenez.jpg?resize=350%2C200&ssl=1","width":350,"height":200,"srcset":"https:\/\/i0.wp.com\/lasprimeras.com.do\/wp-content\/uploads\/2023\/12\/Radhames-Jimenez.jpg?resize=350%2C200&ssl=1 1x, https:\/\/i0.wp.com\/lasprimeras.com.do\/wp-content\/uploads\/2023\/12\/Radhames-Jimenez.jpg?resize=525%2C300&ssl=1 1.5x, https:\/\/i0.wp.com\/lasprimeras.com.do\/wp-content\/uploads\/2023\/12\/Radhames-Jimenez.jpg?resize=700%2C400&ssl=1 2x"},"classes":[]},{"id":116329,"url":"https:\/\/lasprimeras.com.do\/index.php\/2025\/11\/30\/leonel-fernandez-advierte-al-prm-que-recojan-sus-maletas-se-van-en-2028\/","url_meta":{"origin":65336,"position":2},"title":"Leonel Fern\u00e1ndez advierte al PRM: \u201cQue recojan sus maletas, se van en 2028\u201d","author":"Nelson Feliz","date":"30 de noviembre de 2025","format":false,"excerpt":"El expresidente Leonel Fern\u00e1ndez afirm\u00f3 este domingo que el Partido Revolucionario Moderno (PRM) debe \u201crecoger sus maletas\u201d, porque dejar\u00e1 el poder en 2028, al encabezar la denominada \u201cMarcha del Pueblo\u201d. Durante la actividad, calific\u00f3 a la actual gesti\u00f3n como \u201cinepta\u201d y asegur\u00f3 que el pa\u00eds atraviesa una crisis que \u201csolo\u2026","rel":"","context":"En \u00abPOLITICA\u00bb","block_context":{"text":"POLITICA","link":"https:\/\/lasprimeras.com.do\/index.php\/category\/politica\/"},"img":{"alt_text":"","src":"https:\/\/i0.wp.com\/lasprimeras.com.do\/wp-content\/uploads\/2025\/11\/leonel.jpg?resize=350%2C200&ssl=1","width":350,"height":200,"srcset":"https:\/\/i0.wp.com\/lasprimeras.com.do\/wp-content\/uploads\/2025\/11\/leonel.jpg?resize=350%2C200&ssl=1 1x, https:\/\/i0.wp.com\/lasprimeras.com.do\/wp-content\/uploads\/2025\/11\/leonel.jpg?resize=525%2C300&ssl=1 1.5x, https:\/\/i0.wp.com\/lasprimeras.com.do\/wp-content\/uploads\/2025\/11\/leonel.jpg?resize=700%2C400&ssl=1 2x"},"classes":[]},{"id":118469,"url":"https:\/\/lasprimeras.com.do\/index.php\/2025\/12\/29\/coordinador-de-los-300-con-leonel-dice-franklin-garcia-esta-muy-divorciado-de-la-realidad-dominicana\/","url_meta":{"origin":65336,"position":3},"title":"Coordinador de los 300 con Leonel dice Franklin Garc\u00eda esta muy divorciado de la realidad dominicana","author":"Nelson Feliz","date":"29 de diciembre de 2025","format":false,"excerpt":"Por Ram\u00f3n Mercedes NUEVA YORK.- El coordinador general del Proyecto \u00ab300 con Leonel\u00bb en esta ciudad, Geraldo Rosario, se\u00f1al\u00f3 que el actual miembro de la Direcci\u00f3n Ejecutiva del Partido Revolucionario Moderno (PRM), Franklin Garc\u00eda Ferm\u00edn, se encuentra muy divorciado de la realidad de la Rep\u00fablica Dominicana. Rosario basa su criterio\u2026","rel":"","context":"En \u00abPOLITICA\u00bb","block_context":{"text":"POLITICA","link":"https:\/\/lasprimeras.com.do\/index.php\/category\/politica\/"},"img":{"alt_text":"","src":"https:\/\/i0.wp.com\/lasprimeras.com.do\/wp-content\/uploads\/2025\/12\/IMG-20251229-WA0076.jpg?resize=350%2C200&ssl=1","width":350,"height":200,"srcset":"https:\/\/i0.wp.com\/lasprimeras.com.do\/wp-content\/uploads\/2025\/12\/IMG-20251229-WA0076.jpg?resize=350%2C200&ssl=1 1x, https:\/\/i0.wp.com\/lasprimeras.com.do\/wp-content\/uploads\/2025\/12\/IMG-20251229-WA0076.jpg?resize=525%2C300&ssl=1 1.5x"},"classes":[]},{"id":114218,"url":"https:\/\/lasprimeras.com.do\/index.php\/2025\/11\/11\/leonel-fernandez-ve-ineficiencia-del-gobierno-provoco-el-apagon\/","url_meta":{"origin":65336,"position":4},"title":"Leonel Fern\u00e1ndez ve \u201cineficiencia del Gobierno\u201d provoc\u00f3 el apag\u00f3n","author":"Nelson Feliz","date":"11 de noviembre de 2025","format":false,"excerpt":"El expresidente Leonel Fern\u00e1ndez conden\u00f3 el apag\u00f3n general que se ha producido este martes en la Rep\u00fablica Dominicana se\u00f1alando, entre otras cosas, que \u201cla ineficiencia del gobierno del PRM no podr\u00eda ser mayor\u201d. En un primer mensaje publicado en redes sociales, Fern\u00e1ndez, presidente del opositor Partido Fuerza del Pueblo, dijo\u2026","rel":"","context":"En \u00abPOLITICA\u00bb","block_context":{"text":"POLITICA","link":"https:\/\/lasprimeras.com.do\/index.php\/category\/politica\/"},"img":{"alt_text":"Leonel Fern\u00e1ndez","src":"https:\/\/i0.wp.com\/lasprimeras.com.do\/wp-content\/uploads\/2025\/11\/Leonel-Fernandez.jpg?resize=350%2C200&ssl=1","width":350,"height":200,"srcset":"https:\/\/i0.wp.com\/lasprimeras.com.do\/wp-content\/uploads\/2025\/11\/Leonel-Fernandez.jpg?resize=350%2C200&ssl=1 1x, https:\/\/i0.wp.com\/lasprimeras.com.do\/wp-content\/uploads\/2025\/11\/Leonel-Fernandez.jpg?resize=525%2C300&ssl=1 1.5x"},"classes":[]},{"id":121205,"url":"https:\/\/lasprimeras.com.do\/index.php\/2026\/02\/01\/leonel-acusa-al-prm-de-quebrar-a-los-productores-locales-y-advierte-esta-vez-o-jugamos-todos-o-se-rompe-la-baraja\/","url_meta":{"origin":65336,"position":5},"title":"Leonel acusa al PRM de quebrar a los productores locales y advierte: \u201cEsta vez o jugamos todos o se rompe la baraja\u201d","author":"Nelson Feliz","date":"1 de febrero de 2026","format":false,"excerpt":"Tras juramentar a Jos\u00e9 del Castillo Savi\u00f1\u00f3n y a su equipo pol\u00edtico como nuevos miembros de la Fuerza del Pueblo, el presidente de la organizaci\u00f3n, Leonel Fern\u00e1ndez, acus\u00f3 al gobierno del Partido Revolucionario Moderno (PRM) de quebrar a los productores locales mediante pol\u00edticas que privilegian las importaciones de allegados del\u2026","rel":"","context":"En \u00abPOLITICA\u00bb","block_context":{"text":"POLITICA","link":"https:\/\/lasprimeras.com.do\/index.php\/category\/politica\/"},"img":{"alt_text":"","src":"https:\/\/i0.wp.com\/img.youtube.com\/vi\/Ia3oXC75YQQ\/0.jpg?resize=350%2C200","width":350,"height":200},"classes":[]}],"jetpack_sharing_enabled":true,"_links":{"self":[{"href":"https:\/\/lasprimeras.com.do\/index.php\/wp-json\/wp\/v2\/posts\/65336","targetHints":{"allow":["GET"]}}],"collection":[{"href":"https:\/\/lasprimeras.com.do\/index.php\/wp-json\/wp\/v2\/posts"}],"about":[{"href":"https:\/\/lasprimeras.com.do\/index.php\/wp-json\/wp\/v2\/types\/post"}],"author":[{"embeddable":true,"href":"https:\/\/lasprimeras.com.do\/index.php\/wp-json\/wp\/v2\/users\/2"}],"replies":[{"embeddable":true,"href":"https:\/\/lasprimeras.com.do\/index.php\/wp-json\/wp\/v2\/comments?post=65336"}],"version-history":[{"count":1,"href":"https:\/\/lasprimeras.com.do\/index.php\/wp-json\/wp\/v2\/posts\/65336\/revisions"}],"predecessor-version":[{"id":65337,"href":"https:\/\/lasprimeras.com.do\/index.php\/wp-json\/wp\/v2\/posts\/65336\/revisions\/65337"}],"wp:featuredmedia":[{"embeddable":true,"href":"https:\/\/lasprimeras.com.do\/index.php\/wp-json\/wp\/v2\/media\/65187"}],"wp:attachment":[{"href":"https:\/\/lasprimeras.com.do\/index.php\/wp-json\/wp\/v2\/media?parent=65336"}],"wp:term":[{"taxonomy":"category","embeddable":true,"href":"https:\/\/lasprimeras.com.do\/index.php\/wp-json\/wp\/v2\/categories?post=65336"},{"taxonomy":"post_tag","embeddable":true,"href":"https:\/\/lasprimeras.com.do\/index.php\/wp-json\/wp\/v2\/tags?post=65336"}],"curies":[{"name":"wp","href":"https:\/\/api.w.org\/{rel}","templated":true}]}}