{"id":65338,"date":"2023-10-27T11:44:56","date_gmt":"2023-10-27T15:44:56","guid":{"rendered":"https:\/\/lasprimeras.com.do\/?p=65338"},"modified":"2023-10-27T11:44:58","modified_gmt":"2023-10-27T15:44:58","slug":"luis-alberto-incrementa-operativos-de-fumigacion-ante-descontrolado-brote-del-dengue","status":"publish","type":"post","link":"https:\/\/lasprimeras.com.do\/index.php\/2023\/10\/27\/luis-alberto-incrementa-operativos-de-fumigacion-ante-descontrolado-brote-del-dengue\/","title":{"rendered":"Luis Alberto incrementa operativos de fumigaci\u00f3n ante descontrolado brote del Dengue"},"content":{"rendered":"\n<p><strong>Munic\u00edpes SDE expresan preocupaci\u00f3n por el virus.<\/strong><\/p>\n\n\n\n<p>Ante el descontrolado aumento de los casos del Dengue que han saturado los hospitales y cl\u00ednicas privadas, el candidato a alcalde del Partido de la Liberaci\u00f3n Dominicana (PLD), por Santo Domingo Este, Luis Alberto Tejeda, a trav\u00e9s de su equipo log\u00edstico ha incrementado los operativos de fumigaci\u00f3n en diferentes barriadas del municipio.<\/p>\n\n\n\n<p>Un despacho period\u00edstico de la campa\u00f1a de Luis Alberto Alcalde, inform\u00f3 que los sectores donde se han realizados los operativos son: Villa Duarte, Brisa del Este, Coramba, Savica-Esperanza, Almirante, Villa Liberaci\u00f3n, Ensanche Isabelita, Los Frailes, Los Tres Brazos, Mendoza, entre otros.<\/p>\n\n\n\n<p>En los operativos tambi\u00e9n se entregaron brochurs y kits de limpieza que incluye cloro y otras sustancias, con la finalidad de erradicar los criaderos de mosquitos. El personal ha sido integrado por miembros de los movimientos del Sector Externo.<\/p>\n\n\n\n<p>De acuerdo a la informaci\u00f3n, los moradores de las barriadas expresaban agradecimiento, como es el caso de la se\u00f1ora Mar\u00eda In\u00e9s, que manifest\u00f3 valorar la iniciativa.<\/p>\n\n\n\n<p>\u201cNo hemos visto al gobierno ni a nadie, solo este operativo de Luis Alberto, que el se\u00f1or se lo pague, porque estamos preocupados por nuestros ni\u00f1os que se est\u00e1n muriendo\u201d, exclam\u00f3 la se\u00f1ora al ver a los brigadistas fumigar.<\/p>\n\n\n\n<p>Mientras el se\u00f1or Pablo Jos\u00e9 Matos, critic\u00f3 al gobierno de solo anunciar medidas \u201cpero no cumplirlas\u201d.<\/p>\n\n\n\n<p>Se recuerda que Luis Alberto hace unas semanas atr\u00e1s hab\u00eda expresado que la Rep\u00fablica Dominicana afectada por un gran brote de Dengue y las autoridades adem\u00e1s de mentir sobre las estad\u00edsticas, no han declarado al pa\u00eds y a Santo Domingo Este en Estado de Emergencia.<\/p>\n\n\n\n<p>\u201cEsta situaci\u00f3n se le ha salido de las manos, no est\u00e1n expresando la realidad\u201d, reiter\u00f3 el candidato peledeista.<\/p>\n\n\n\n<p>Esta semana la Secretar\u00eda de Salud del PLD denunci\u00f3 que hay manipulaci\u00f3n de las estad\u00edsticas del dengue, enfermedad que se ha salido del control de las autoridades agravado por la desinformaci\u00f3n que de ello se desprende.<\/p>\n\n\n\n<p>El \u00f3rgano de trabajo pelede\u00edsta afirm\u00f3 que el Gobierno manipula los boletines epidemiol\u00f3gicos, sumado a una ausencia de campa\u00f1a de orientaci\u00f3n para abordar la enfermedad y una notoria insensibilidad de sus funcionarios.<\/p>\n\n\n\n<p><strong>ANDECLIP enfrenta al director del SNS y lo tilda de irresponsable en sus declaraciones<\/strong><\/p>\n\n\n\n<p>Las declaraciones del doctor Mario Lama, director del Servicio Nacional de Salud (SNS), sobre la supuesta negaci\u00f3n de servicios y el desv\u00edo de pacientes a hospitales p\u00fablicos por parte de cl\u00ednicas privadas fueron rechazadas contundentemente por la Asociaci\u00f3n Nacional de Cl\u00ednicas y Hospitales Privados, Inc. (ANDECLIP), calific\u00e1ndolas como desafortunadas, irrespetuosas y calumniosas.<\/p>\n\n\n\n<p>La controversia surge en medio de la creciente preocupaci\u00f3n por el desbordamiento de pacientes con dengue y otras enfermedades respiratorias en cl\u00ednicas privadas y hospitales p\u00fablicos.<\/p>\n\n\n\n<p>El doctor Lama responsabiliz\u00f3 a las instituciones privadas de esta situaci\u00f3n, argumentando que estas rechazan la atenci\u00f3n de pacientes, lo que ha generado la saturaci\u00f3n en los hospitales p\u00fablicos.<\/p>\n\n\n\n<p>ANDECLIP, por su parte, defiende su compromiso con la salud de la poblaci\u00f3n y se\u00f1ala que han respondido al m\u00e1ximo de sus capacidades para atender a los pacientes sintom\u00e1ticos.<\/p>\n","protected":false},"excerpt":{"rendered":"<p>Munic\u00edpes SDE expresan preocupaci\u00f3n por el virus. Ante el descontrolado aumento de los casos del Dengue que han saturado los hospitales y cl\u00ednicas privadas, el candidato a alcalde del Partido&hellip;<\/p>\n","protected":false},"author":2,"featured_media":65339,"comment_status":"open","ping_status":"open","sticky":false,"template":"","format":"standard","meta":{"content-type":"","jetpack_post_was_ever_published":false,"_jetpack_newsletter_access":"","_jetpack_dont_email_post_to_subs":false,"_jetpack_newsletter_tier_id":0,"_jetpack_memberships_contains_paywalled_content":false,"_jetpack_memberships_contains_paid_content":false,"footnotes":""},"categories":[35,25],"tags":[1346,458,8969,3034,4694,2493],"class_list":["post-65338","post","type-post","status-publish","format-standard","has-post-thumbnail","hentry","category-nacionales","category-portada","tag-brote","tag-dengue","tag-descontrolado","tag-fumigacion","tag-luis-alberto","tag-operativos"],"jetpack_featured_media_url":"https:\/\/lasprimeras.com.do\/wp-content\/uploads\/2023\/10\/Fumigacion-1.jpg","jetpack-related-posts":[{"id":60966,"url":"https:\/\/lasprimeras.com.do\/index.php\/2023\/09\/20\/ante-el-gran-brote-de-dengue-luis-alberto-dice-las-autoridades-ni-ven-ni-escuchan-ni-entienden\/","url_meta":{"origin":65338,"position":0},"title":"Ante el gran brote de Dengue, Luis Alberto dice \u201cLas autoridades ni ven ni escuchan ni entienden\u201d","author":"Nelson Feliz","date":"20 de septiembre de 2023","format":false,"excerpt":"Reiter\u00f3 que Santo Domingo Este y el pa\u00eds deben ser declarado en Estado de Emergencia. El aspirante a alcalde del Partido de la Liberaci\u00f3n Dominicana (PLD), por Santo Domingo Este, Luis Alberto Tejeda, realiz\u00f3 este mi\u00e9rcoles un operativo de fumigaci\u00f3n en la localidad de Villa Duarte-La Francia, a prop\u00f3sito de\u2026","rel":"","context":"En \u00abPORTADA\u00bb","block_context":{"text":"PORTADA","link":"https:\/\/lasprimeras.com.do\/index.php\/category\/portada\/"},"img":{"alt_text":"Luis Alberto","src":"https:\/\/i0.wp.com\/lasprimeras.com.do\/wp-content\/uploads\/2023\/09\/Luis-Alberto-2.jpg?resize=350%2C200&ssl=1","width":350,"height":200,"srcset":"https:\/\/i0.wp.com\/lasprimeras.com.do\/wp-content\/uploads\/2023\/09\/Luis-Alberto-2.jpg?resize=350%2C200&ssl=1 1x, https:\/\/i0.wp.com\/lasprimeras.com.do\/wp-content\/uploads\/2023\/09\/Luis-Alberto-2.jpg?resize=525%2C300&ssl=1 1.5x, https:\/\/i0.wp.com\/lasprimeras.com.do\/wp-content\/uploads\/2023\/09\/Luis-Alberto-2.jpg?resize=700%2C400&ssl=1 2x"},"classes":[]},{"id":66804,"url":"https:\/\/lasprimeras.com.do\/index.php\/2023\/11\/09\/reconocido-comerciante-ofrece-apoyo-a-luis-alberto\/","url_meta":{"origin":65338,"position":1},"title":"Reconocido comerciante ofrece apoyo a Luis Alberto","author":"Nelson Feliz","date":"9 de noviembre de 2023","format":false,"excerpt":"El candidato a alcalde recorri\u00f3 varios sectores de la circunscripci\u00f3n 2. El empresario y dirigente comunitario Pedro Gil se sum\u00f3 este jueves a la campa\u00f1a del candidato a alcalde por Santo Domingo Este del Partido de la Liberaci\u00f3n Dominicana (PLD) Luis Alberto Tejeda. Pedro Gil, quien es un reconocido comerciante\u2026","rel":"","context":"En \u00abPORTADA\u00bb","block_context":{"text":"PORTADA","link":"https:\/\/lasprimeras.com.do\/index.php\/category\/portada\/"},"img":{"alt_text":"Luis Alberto Tejeda","src":"https:\/\/i0.wp.com\/lasprimeras.com.do\/wp-content\/uploads\/2023\/11\/Luis-Alberto-Tejeda-1.jpg?resize=350%2C200&ssl=1","width":350,"height":200,"srcset":"https:\/\/i0.wp.com\/lasprimeras.com.do\/wp-content\/uploads\/2023\/11\/Luis-Alberto-Tejeda-1.jpg?resize=350%2C200&ssl=1 1x, https:\/\/i0.wp.com\/lasprimeras.com.do\/wp-content\/uploads\/2023\/11\/Luis-Alberto-Tejeda-1.jpg?resize=525%2C300&ssl=1 1.5x"},"classes":[]},{"id":60715,"url":"https:\/\/lasprimeras.com.do\/index.php\/2023\/09\/18\/tony-marte-realiza-operativo-de-fumigacion-para-erradicar-dengue-en-sdn\/","url_meta":{"origin":65338,"position":2},"title":"Tony Marte realiza operativo de fumigaci\u00f3n para erradicar dengue en SDN","author":"Nelson Feliz","date":"18 de septiembre de 2023","format":false,"excerpt":"El aspirante a alcalde del municipio Santo Domingo Norte, por el Partido Primero la Gente (PPG), Tony Marte, realiz\u00f3 un extenso operativo de fumigaci\u00f3n y limpieza en Sabana Perdida, para salvaguardar la salud de sus mun\u00edcipes y evitar la propagaci\u00f3n del dengue que mantiene preocupados a padres ante el aumento\u2026","rel":"","context":"En \u00abPORTADA\u00bb","block_context":{"text":"PORTADA","link":"https:\/\/lasprimeras.com.do\/index.php\/category\/portada\/"},"img":{"alt_text":"Tony Marte","src":"https:\/\/i0.wp.com\/lasprimeras.com.do\/wp-content\/uploads\/2023\/09\/Tony-Marte-1.jpg?resize=350%2C200&ssl=1","width":350,"height":200,"srcset":"https:\/\/i0.wp.com\/lasprimeras.com.do\/wp-content\/uploads\/2023\/09\/Tony-Marte-1.jpg?resize=350%2C200&ssl=1 1x, https:\/\/i0.wp.com\/lasprimeras.com.do\/wp-content\/uploads\/2023\/09\/Tony-Marte-1.jpg?resize=525%2C300&ssl=1 1.5x"},"classes":[]},{"id":65047,"url":"https:\/\/lasprimeras.com.do\/index.php\/2023\/10\/25\/lluberes-vizcaino-realiza-operativos-de-fumigacion-contra-el-dengue-en-sc\/","url_meta":{"origin":65338,"position":3},"title":"Lluberes Vizca\u00edno realiza operativos de fumigaci\u00f3n contra el dengue en \u00a0SC","author":"Nelson Feliz","date":"25 de octubre de 2023","format":false,"excerpt":"El candidato a Senador del PLD por San Crist\u00f3bal, Ing. Demetrio Lluberes Vizca\u00edno, desarrolla una amplia jornada de fumigaci\u00f3n y de orientaci\u00f3n contra el dengue, el cual ha abarcado los sectores: Barrio Nuevo,\u00a0 La Pi\u00f1a,\u00a0\u00a0 Madre Vieja Norte, La Jungla, Lava Pies y Ca\u00f1ada Honda. Lluberes Vizca\u00edno, expres\u00f3 que dicha\u2026","rel":"","context":"En \u00abPORTADA\u00bb","block_context":{"text":"PORTADA","link":"https:\/\/lasprimeras.com.do\/index.php\/category\/portada\/"},"img":{"alt_text":"Demetrio Lluberes","src":"https:\/\/i0.wp.com\/lasprimeras.com.do\/wp-content\/uploads\/2023\/10\/Demetrio-Lluberes-1.jpg?resize=350%2C200&ssl=1","width":350,"height":200,"srcset":"https:\/\/i0.wp.com\/lasprimeras.com.do\/wp-content\/uploads\/2023\/10\/Demetrio-Lluberes-1.jpg?resize=350%2C200&ssl=1 1x, https:\/\/i0.wp.com\/lasprimeras.com.do\/wp-content\/uploads\/2023\/10\/Demetrio-Lluberes-1.jpg?resize=525%2C300&ssl=1 1.5x, https:\/\/i0.wp.com\/lasprimeras.com.do\/wp-content\/uploads\/2023\/10\/Demetrio-Lluberes-1.jpg?resize=700%2C400&ssl=1 2x"},"classes":[]},{"id":66140,"url":"https:\/\/lasprimeras.com.do\/index.php\/2023\/11\/03\/udc-pide-fumigacion-de-emergencia-en-todos-los-cementerios-del-pais-en-prevencion-dengue\/","url_meta":{"origin":65338,"position":4},"title":"UDC pide fumigaci\u00f3n de emergencia en todos los cementerios del pa\u00eds, en prevenci\u00f3n dengue","author":"Nelson Feliz","date":"3 de noviembre de 2023","format":false,"excerpt":"El presidente de la Uni\u00f3n Dem\u00f3crata Cristiana -UDC-, Luis Acosta Moreta, Luis \u201cEl Gallo\u201d. pidi\u00f3 hoy que se realice una fumigaci\u00f3n en todos los cementerios del territorio nacional, para prevenir la reproducci\u00f3n del mosquito propagador del dengue. Asever\u00f3 que con motivo del D\u00eda de los Fieles Difuntos, o \u201cD\u00eda de\u2026","rel":"","context":"En \u00abPORTADA\u00bb","block_context":{"text":"PORTADA","link":"https:\/\/lasprimeras.com.do\/index.php\/category\/portada\/"},"img":{"alt_text":"Luis Acosta Moreta","src":"https:\/\/i0.wp.com\/lasprimeras.com.do\/wp-content\/uploads\/2023\/11\/Luis-Acosta-Moreta.jpg?resize=350%2C200&ssl=1","width":350,"height":200,"srcset":"https:\/\/i0.wp.com\/lasprimeras.com.do\/wp-content\/uploads\/2023\/11\/Luis-Acosta-Moreta.jpg?resize=350%2C200&ssl=1 1x, https:\/\/i0.wp.com\/lasprimeras.com.do\/wp-content\/uploads\/2023\/11\/Luis-Acosta-Moreta.jpg?resize=525%2C300&ssl=1 1.5x, https:\/\/i0.wp.com\/lasprimeras.com.do\/wp-content\/uploads\/2023\/11\/Luis-Acosta-Moreta.jpg?resize=700%2C400&ssl=1 2x"},"classes":[]},{"id":74218,"url":"https:\/\/lasprimeras.com.do\/index.php\/2024\/01\/20\/cristian-tejada-lleva-operativo-medico-y-jornada-de-fumigacion-a-villa-verde\/","url_meta":{"origin":65338,"position":5},"title":"Cristian Tejada lleva Operativo M\u00e9dico y Jornada de Fumigaci\u00f3n a Villa Verde","author":"BIMARY DE JES\u00daS Matos","date":"20 de enero de 2024","format":false,"excerpt":"Santo Domingo.-En una demostraci\u00f3n tangible de compromiso con la salud de la comunidad, la Iglesia Nuestra Se\u00f1ora de Guadalupe fue el epicentro de un operativo m\u00e9dico y jornada de fumigaci\u00f3n que abord\u00f3 eficazmente la amenaza de enfermedades como el dengue, malaria y chikungunya, transmitidas por mosquitos, en el sector de\u2026","rel":"","context":"En \u00abPORTADA\u00bb","block_context":{"text":"PORTADA","link":"https:\/\/lasprimeras.com.do\/index.php\/category\/portada\/"},"img":{"alt_text":"","src":"https:\/\/i0.wp.com\/lasprimeras.com.do\/wp-content\/uploads\/2024\/01\/CANDIDATO-A-REGIDOR-Justicia-Social-JOSUE-MENDEZ-APOYARA-A-DIO-ASTACIO-DEL-PRM-scaled.jpg?resize=350%2C200&ssl=1","width":350,"height":200,"srcset":"https:\/\/i0.wp.com\/lasprimeras.com.do\/wp-content\/uploads\/2024\/01\/CANDIDATO-A-REGIDOR-Justicia-Social-JOSUE-MENDEZ-APOYARA-A-DIO-ASTACIO-DEL-PRM-scaled.jpg?resize=350%2C200&ssl=1 1x, https:\/\/i0.wp.com\/lasprimeras.com.do\/wp-content\/uploads\/2024\/01\/CANDIDATO-A-REGIDOR-Justicia-Social-JOSUE-MENDEZ-APOYARA-A-DIO-ASTACIO-DEL-PRM-scaled.jpg?resize=525%2C300&ssl=1 1.5x, https:\/\/i0.wp.com\/lasprimeras.com.do\/wp-content\/uploads\/2024\/01\/CANDIDATO-A-REGIDOR-Justicia-Social-JOSUE-MENDEZ-APOYARA-A-DIO-ASTACIO-DEL-PRM-scaled.jpg?resize=700%2C400&ssl=1 2x, https:\/\/i0.wp.com\/lasprimeras.com.do\/wp-content\/uploads\/2024\/01\/CANDIDATO-A-REGIDOR-Justicia-Social-JOSUE-MENDEZ-APOYARA-A-DIO-ASTACIO-DEL-PRM-scaled.jpg?resize=1050%2C600&ssl=1 3x, https:\/\/i0.wp.com\/lasprimeras.com.do\/wp-content\/uploads\/2024\/01\/CANDIDATO-A-REGIDOR-Justicia-Social-JOSUE-MENDEZ-APOYARA-A-DIO-ASTACIO-DEL-PRM-scaled.jpg?resize=1400%2C800&ssl=1 4x"},"classes":[]}],"jetpack_sharing_enabled":true,"_links":{"self":[{"href":"https:\/\/lasprimeras.com.do\/index.php\/wp-json\/wp\/v2\/posts\/65338","targetHints":{"allow":["GET"]}}],"collection":[{"href":"https:\/\/lasprimeras.com.do\/index.php\/wp-json\/wp\/v2\/posts"}],"about":[{"href":"https:\/\/lasprimeras.com.do\/index.php\/wp-json\/wp\/v2\/types\/post"}],"author":[{"embeddable":true,"href":"https:\/\/lasprimeras.com.do\/index.php\/wp-json\/wp\/v2\/users\/2"}],"replies":[{"embeddable":true,"href":"https:\/\/lasprimeras.com.do\/index.php\/wp-json\/wp\/v2\/comments?post=65338"}],"version-history":[{"count":1,"href":"https:\/\/lasprimeras.com.do\/index.php\/wp-json\/wp\/v2\/posts\/65338\/revisions"}],"predecessor-version":[{"id":65340,"href":"https:\/\/lasprimeras.com.do\/index.php\/wp-json\/wp\/v2\/posts\/65338\/revisions\/65340"}],"wp:featuredmedia":[{"embeddable":true,"href":"https:\/\/lasprimeras.com.do\/index.php\/wp-json\/wp\/v2\/media\/65339"}],"wp:attachment":[{"href":"https:\/\/lasprimeras.com.do\/index.php\/wp-json\/wp\/v2\/media?parent=65338"}],"wp:term":[{"taxonomy":"category","embeddable":true,"href":"https:\/\/lasprimeras.com.do\/index.php\/wp-json\/wp\/v2\/categories?post=65338"},{"taxonomy":"post_tag","embeddable":true,"href":"https:\/\/lasprimeras.com.do\/index.php\/wp-json\/wp\/v2\/tags?post=65338"}],"curies":[{"name":"wp","href":"https:\/\/api.w.org\/{rel}","templated":true}]}}