{"id":65341,"date":"2023-10-27T11:50:35","date_gmt":"2023-10-27T15:50:35","guid":{"rendered":"https:\/\/lasprimeras.com.do\/?p=65341"},"modified":"2023-10-27T11:50:37","modified_gmt":"2023-10-27T15:50:37","slug":"medio-ambiente-mejorara-centros-de-vigilancia-en-areas-protegidas-de-puerto-plata-y-montecristi","status":"publish","type":"post","link":"https:\/\/lasprimeras.com.do\/index.php\/2023\/10\/27\/medio-ambiente-mejorara-centros-de-vigilancia-en-areas-protegidas-de-puerto-plata-y-montecristi\/","title":{"rendered":"Medio Ambiente mejorar\u00e1 centros de vigilancia en \u00e1reas protegidas de Puerto Plata y Montecristi"},"content":{"rendered":"\n<p><strong>El Viceministerio de \u00c1reas Protegidas inici\u00f3 el remozamiento de los espacios destinados a guardaparques en Estero Hondo y Laguna Cabarete y Goleta.<\/strong><\/p>\n\n\n\n<p>El Ministerio de Medio Ambiente y Recursos Naturales (MMARN) inici\u00f3, con la cooperaci\u00f3n de la Fundaci\u00f3n Rosaida Gonz\u00e1lez, los trabajos para restaurar los centros de control y vigilancia de los guardaparques ubicados en Estero Hondo y la Laguna de Cabarete y Goleta en Puerto Plata.<\/p>\n\n\n\n<p>La alianza, que busca integrar el compromiso ciudadano a la protecci\u00f3n de las \u00e1reas, la fundaci\u00f3n asumir\u00e1 la construcci\u00f3n y la supervisi\u00f3n t\u00e9cnica de los centros, mientras el Estado aporta los recursos.<\/p>\n\n\n\n<p>La meta del Viceministerio de \u00c1reas Protegidas incluye reparar o construir, en los casos necesarios, todos los centros de control y vigilancia de las \u00e1reas protegidas del pa\u00eds.<\/p>\n\n\n\n<p>\u201cLa construcci\u00f3n de estos centros a nivel nacional responde a un plan enfocado en habilitar espacios y suministrar equipos que faciliten la labor de los guardaparques de todas las \u00e1reas protegidas\u201d, explic\u00f3 Franco.<\/p>\n\n\n\n<p>En Estero Hondo se incluye la readecuaci\u00f3n de la antigua casa de guardaparques como un centro para camping que contemple un manejo adecuado de residuos s\u00f3lidos.<\/p>\n\n\n\n<p>\u201cCreemos que esta colaboraci\u00f3n representa un compromiso profundo con un futuro sostenible y una sociedad m\u00e1s justa\u201d, explic\u00f3 Rosaida Gonz\u00e1lez, presidenta de la fundaci\u00f3n que lleva su nombre.<\/p>\n\n\n\n<p>\u201cAl unirnos a esta iniciativa, no solo protegemos nuestros valiosos recursos naturales, sino que tambi\u00e9n brindamos empleo y oportunidades a comunidades locales, permiti\u00e9ndoles ser guardianes de la naturaleza y mejorar sus condiciones de vida\u201d, dijo.<\/p>\n","protected":false},"excerpt":{"rendered":"<p>El Viceministerio de \u00c1reas Protegidas inici\u00f3 el remozamiento de los espacios destinados a guardaparques en Estero Hondo y Laguna Cabarete y Goleta. El Ministerio de Medio Ambiente y Recursos Naturales&hellip;<\/p>\n","protected":false},"author":2,"featured_media":65342,"comment_status":"open","ping_status":"open","sticky":false,"template":"","format":"standard","meta":{"content-type":"","jetpack_post_was_ever_published":false,"_jetpack_newsletter_access":"","_jetpack_dont_email_post_to_subs":false,"_jetpack_newsletter_tier_id":0,"_jetpack_memberships_contains_paywalled_content":false,"_jetpack_memberships_contains_paid_content":false,"footnotes":""},"categories":[35,25],"tags":[8970,643,563,2022,687,725],"class_list":["post-65341","post","type-post","status-publish","format-standard","has-post-thumbnail","hentry","category-nacionales","category-portada","tag-areas-protegidas","tag-centros","tag-medio-ambiente","tag-montecristi","tag-puerto-plata","tag-vigilancia"],"jetpack_featured_media_url":"https:\/\/lasprimeras.com.do\/wp-content\/uploads\/2023\/10\/Medio-Ambiente-mejorara-centros-de-vigilancia-en-areas-protegidas-de-Puerto-Plata-y-Montecristi-2.jpg","jetpack-related-posts":[{"id":107095,"url":"https:\/\/lasprimeras.com.do\/index.php\/2025\/08\/22\/infotep-gradua-44-nuevos-guardaparques-en-puerto-plata\/","url_meta":{"origin":65341,"position":0},"title":"INFOTEP grad\u00faa 44 nuevos guardaparques en Puerto Plata","author":"Nelson Feliz","date":"22 de agosto de 2025","format":false,"excerpt":"El Instituto Nacional de Formaci\u00f3n T\u00e9cnico Profesional (INFOTEP) gradu\u00f3 44 nuevos guarda parques en la provincia de Puerto Plata, quienes fueron dotados de conocimientos en el marco legal ambiental, la ecolog\u00eda, la biodiversidad y el manejo de \u00e1reas protegidas. Con esta promoci\u00f3n de egresados, el INFOTEP reafirma su papel como\u2026","rel":"","context":"En \u00abNACIONALES\u00bb","block_context":{"text":"NACIONALES","link":"https:\/\/lasprimeras.com.do\/index.php\/category\/nacionales\/"},"img":{"alt_text":"","src":"https:\/\/i0.wp.com\/lasprimeras.com.do\/wp-content\/uploads\/2025\/08\/INFOTEP-1-3.jpg?resize=350%2C200&ssl=1","width":350,"height":200,"srcset":"https:\/\/i0.wp.com\/lasprimeras.com.do\/wp-content\/uploads\/2025\/08\/INFOTEP-1-3.jpg?resize=350%2C200&ssl=1 1x, https:\/\/i0.wp.com\/lasprimeras.com.do\/wp-content\/uploads\/2025\/08\/INFOTEP-1-3.jpg?resize=525%2C300&ssl=1 1.5x, https:\/\/i0.wp.com\/lasprimeras.com.do\/wp-content\/uploads\/2025\/08\/INFOTEP-1-3.jpg?resize=700%2C400&ssl=1 2x"},"classes":[]},{"id":49052,"url":"https:\/\/lasprimeras.com.do\/index.php\/2023\/05\/07\/ceara-hatton-supervisa-labores-de-vigilancia-del-parque-nacional-sierra-de-bahoruco\/","url_meta":{"origin":65341,"position":1},"title":"Ceara Hatton supervisa labores de vigilancia del Parque Nacional Sierra de Bahoruco\u00a0","author":"prenxa100","date":"7 de mayo de 2023","format":false,"excerpt":"Pondera el trabajo de los guardaparques y\u00a0los esfuerzos de su gesti\u00f3n por mejorar sus condiciones laborales\u00a0 Pedernales (RD). -\u00a0El ministro de Medio Ambiente y Recursos Naturales (MMARN), Miguel Ceara Hatton, realiz\u00f3 un extenso recorrido de supervisi\u00f3n de los caminos y la infraestructura de vigilancia del Parque Nacional Sierra de Bahoruco,\u2026","rel":"","context":"En \u00abNACIONALES\u00bb","block_context":{"text":"NACIONALES","link":"https:\/\/lasprimeras.com.do\/index.php\/category\/nacionales\/"},"img":{"alt_text":"","src":"","width":0,"height":0},"classes":[]},{"id":48501,"url":"https:\/\/lasprimeras.com.do\/index.php\/2023\/05\/01\/ceara-hatton-realiza-recorrido-de-inspeccion-en-el-parque-nacional-jaragua\/","url_meta":{"origin":65341,"position":2},"title":"Ceara Hatton realiza recorrido de inspecci\u00f3n en el Parque Nacional Jaragua","author":"prenxa100","date":"1 de mayo de 2023","format":false,"excerpt":"PEDERNALES (RD). \u2013 El ministro de Medio Ambiente y Recursos Naturales, Miguel Ceara Hatton, sobrevol\u00f3 parte del Parque Nacional Jaragua para verificar posibles impactos de desaprensivos al \u00e1rea protegida e hizo un recorrido de inspecci\u00f3n en el que verific\u00f3 la mejor\u00eda de la v\u00eda de acceso al hoyo de Pelempito.\u2026","rel":"","context":"En \u00abNACIONALES\u00bb","block_context":{"text":"NACIONALES","link":"https:\/\/lasprimeras.com.do\/index.php\/category\/nacionales\/"},"img":{"alt_text":"","src":"","width":0,"height":0},"classes":[]},{"id":78974,"url":"https:\/\/lasprimeras.com.do\/index.php\/2024\/03\/21\/apresan-haitiano-que-hirio-a-guardaparque-de-los-haitises-y-le-robo-la-escopeta\/","url_meta":{"origin":65341,"position":3},"title":"Apresan haitiano que hiri\u00f3 a guardaparque de Los Haitises y le rob\u00f3 la escopeta","author":"Nelson Feliz","date":"21 de marzo de 2024","format":false,"excerpt":"El Servicio Nacional de Protecci\u00f3n Ambiental (Senpa) inform\u00f3 este s\u00e1bado que apres\u00f3 al ciudadano haitiano que hiri\u00f3 con un machete y despoj\u00f3 de su escopeta al se\u00f1or Augusto And\u00fajar Ramos, quien es uno de los vigilantes del Parque Nacional Los Haitises. El hombre fue identificado como William Pierre, conocido como\u2026","rel":"","context":"En \u00abNACIONALES\u00bb","block_context":{"text":"NACIONALES","link":"https:\/\/lasprimeras.com.do\/index.php\/category\/nacionales\/"},"img":{"alt_text":"Augusto And\u00fajar Ramos","src":"https:\/\/i0.wp.com\/lasprimeras.com.do\/wp-content\/uploads\/2024\/03\/Augusto-Andujar-Ramos.jpg?resize=350%2C200&ssl=1","width":350,"height":200,"srcset":"https:\/\/i0.wp.com\/lasprimeras.com.do\/wp-content\/uploads\/2024\/03\/Augusto-Andujar-Ramos.jpg?resize=350%2C200&ssl=1 1x, https:\/\/i0.wp.com\/lasprimeras.com.do\/wp-content\/uploads\/2024\/03\/Augusto-Andujar-Ramos.jpg?resize=525%2C300&ssl=1 1.5x"},"classes":[]},{"id":93940,"url":"https:\/\/lasprimeras.com.do\/index.php\/2025\/02\/23\/hipocresia-ambiental-en-manzanillo-medio-ambiente-paraliza-construccion-viviendas-en-manzanillo\/","url_meta":{"origin":65341,"position":4},"title":"Hipocres\u00eda ambiental en Manzanillo: Medio Ambiente paraliza construcci\u00f3n viviendas en Manzanillo","author":"Nelson Feliz","date":"23 de febrero de 2025","format":false,"excerpt":"https:\/\/www.youtube.com\/shorts\/PeRf698BNkg El Centro Bah\u00eda de Manzanillo para el Desarrollo Regional (CEBAMDER) denunci\u00f3 la falsa protecci\u00f3n ambiental del Ministerio de Medio Ambiente, que, mientras paraliza la construcci\u00f3n de viviendas en los sectores humildes Altos de las Palomas y Manhattan, en plena comunidad de Manzanillo, permite la destrucci\u00f3n de Playa Estero Balsa,\u2026","rel":"","context":"En \u00abNACIONALES\u00bb","block_context":{"text":"NACIONALES","link":"https:\/\/lasprimeras.com.do\/index.php\/category\/nacionales\/"},"img":{"alt_text":"","src":"https:\/\/i0.wp.com\/lasprimeras.com.do\/wp-content\/uploads\/2025\/02\/Otra-vivienda-en-construccion.jpg?resize=350%2C200&ssl=1","width":350,"height":200,"srcset":"https:\/\/i0.wp.com\/lasprimeras.com.do\/wp-content\/uploads\/2025\/02\/Otra-vivienda-en-construccion.jpg?resize=350%2C200&ssl=1 1x, https:\/\/i0.wp.com\/lasprimeras.com.do\/wp-content\/uploads\/2025\/02\/Otra-vivienda-en-construccion.jpg?resize=525%2C300&ssl=1 1.5x"},"classes":[]},{"id":51961,"url":"https:\/\/lasprimeras.com.do\/index.php\/2023\/06\/05\/academia-de-ciencias-dice-barcaza-instalada-en-azua-en-area-protegida-condena-muerte-de-peces\/","url_meta":{"origin":65341,"position":5},"title":"Academia de Ciencias dice barcaza instalada en Azua en \u00e1rea protegida, condena muerte de peces\u00a0","author":"prenxa100","date":"5 de junio de 2023","format":false,"excerpt":"Al celebrarse este 5 de junio el D\u00eda Mundial del Medio Ambiente. Al celebrarse este 5 de junio el D\u00eda Mundial del Medio Ambiente, la Academia de Ciencias de la Rep\u00fablica Dominicana (ACRD), pidi\u00f3 al Ministerio de Medio Ambiente, investigar la muerte de decenas de peces que fueron hallados muertos\u2026","rel":"","context":"En \u00abNACIONALES\u00bb","block_context":{"text":"NACIONALES","link":"https:\/\/lasprimeras.com.do\/index.php\/category\/nacionales\/"},"img":{"alt_text":"","src":"https:\/\/i0.wp.com\/atento.com.do\/wp-content\/uploads\/2023\/06\/Peces-muertos.jpg?resize=350%2C200&ssl=1","width":350,"height":200,"srcset":"https:\/\/i0.wp.com\/atento.com.do\/wp-content\/uploads\/2023\/06\/Peces-muertos.jpg?resize=350%2C200&ssl=1 1x, https:\/\/i0.wp.com\/atento.com.do\/wp-content\/uploads\/2023\/06\/Peces-muertos.jpg?resize=525%2C300&ssl=1 1.5x"},"classes":[]}],"jetpack_sharing_enabled":true,"_links":{"self":[{"href":"https:\/\/lasprimeras.com.do\/index.php\/wp-json\/wp\/v2\/posts\/65341","targetHints":{"allow":["GET"]}}],"collection":[{"href":"https:\/\/lasprimeras.com.do\/index.php\/wp-json\/wp\/v2\/posts"}],"about":[{"href":"https:\/\/lasprimeras.com.do\/index.php\/wp-json\/wp\/v2\/types\/post"}],"author":[{"embeddable":true,"href":"https:\/\/lasprimeras.com.do\/index.php\/wp-json\/wp\/v2\/users\/2"}],"replies":[{"embeddable":true,"href":"https:\/\/lasprimeras.com.do\/index.php\/wp-json\/wp\/v2\/comments?post=65341"}],"version-history":[{"count":1,"href":"https:\/\/lasprimeras.com.do\/index.php\/wp-json\/wp\/v2\/posts\/65341\/revisions"}],"predecessor-version":[{"id":65343,"href":"https:\/\/lasprimeras.com.do\/index.php\/wp-json\/wp\/v2\/posts\/65341\/revisions\/65343"}],"wp:featuredmedia":[{"embeddable":true,"href":"https:\/\/lasprimeras.com.do\/index.php\/wp-json\/wp\/v2\/media\/65342"}],"wp:attachment":[{"href":"https:\/\/lasprimeras.com.do\/index.php\/wp-json\/wp\/v2\/media?parent=65341"}],"wp:term":[{"taxonomy":"category","embeddable":true,"href":"https:\/\/lasprimeras.com.do\/index.php\/wp-json\/wp\/v2\/categories?post=65341"},{"taxonomy":"post_tag","embeddable":true,"href":"https:\/\/lasprimeras.com.do\/index.php\/wp-json\/wp\/v2\/tags?post=65341"}],"curies":[{"name":"wp","href":"https:\/\/api.w.org\/{rel}","templated":true}]}}