{"id":65344,"date":"2023-10-27T12:26:04","date_gmt":"2023-10-27T16:26:04","guid":{"rendered":"https:\/\/lasprimeras.com.do\/?p=65344"},"modified":"2023-10-27T12:26:06","modified_gmt":"2023-10-27T16:26:06","slug":"prm-califica-como-un-error-que-la-oposicion-no-haya-firmado-el-pacto-por-haiti","status":"publish","type":"post","link":"https:\/\/lasprimeras.com.do\/index.php\/2023\/10\/27\/prm-califica-como-un-error-que-la-oposicion-no-haya-firmado-el-pacto-por-haiti\/","title":{"rendered":"PRM califica como &#8220;un error&#8221; que la oposici\u00f3n no haya firmado el Pacto por Hait\u00ed"},"content":{"rendered":"\n<p><strong>El vicepresidente del partido, Eddy Olivares afirm\u00f3 que estas organizaciones antepusieron el inter\u00e9s de la naci\u00f3n por razones electorales.<\/strong><\/p>\n\n\n\n<p>El vicepresidente del Partido Revolucionario Moderno (PRM), Eddy Olivares, afirm\u00f3 que &#8220;es un error&#8221; la abstenci\u00f3n de los partidos Fuerza del Pueblo (FP), de la Liberaci\u00f3n Dominicana (PLD) y Revolucionario Dominicano (PRD), de firmar el pacto nacional respecto a la crisis haitiana.<\/p>\n\n\n\n<p>&#8220;Se pusieron muy lejos de la prioridad del pueblo, se desconectaron de la realidad y creo que fue un error, sin embargo, el pacto est\u00e1 ah\u00ed para que, si ellos lo consideran, puedan tambi\u00e9n adherirse&#8221;, expres\u00f3.<\/p>\n\n\n\n<p>En una entrevista con Diario Libre, el dirigente pol\u00edtico agreg\u00f3 que esta negativa solo puede justificarse porque las referidas organizaciones antepusieron &#8220;el inter\u00e9s nacional por razones electorales&#8221;.<\/p>\n\n\n\n<p><strong>&#8220;Se trata de anteponer el inter\u00e9s de la naci\u00f3n por razones electorales me parece; esa es la \u00fanica explicaci\u00f3n para que los partidos no suscribieran, en este momento tan importante, el pacto.&#8221;<br>Eddy Olivares\/Vicepresidente del PRM<\/strong><\/p>\n\n\n\n<p>Al cuestionar a Olivares sobre lo que motiv\u00f3 al gobierno a consensuar medidas con diversos sectores sobre el conflicto fronterizo, el perreme\u00edsta consider\u00f3 que se trata de una alternativa para actuar de manera conjunta y la integraci\u00f3n de criterios.<\/p>\n\n\n\n<p>&#8220;En lugar de tomar medidas coyunturales, la situaci\u00f3n que el pa\u00eds ha atravesado en los \u00faltimos tiempos con relaci\u00f3n a la crisis en Hait\u00ed motiv\u00f3 una decisi\u00f3n mucho m\u00e1s all\u00e1, hay que planificar las sanciones m\u00e1s all\u00e1 del momento&#8221;, explic\u00f3.<\/p>\n\n\n\n<p>Olivares reiter\u00f3 que la oposici\u00f3n &#8220;coloc\u00f3 al margen los intereses nacionales&#8221; y valor\u00f3 la reuni\u00f3n como muy positiva por la diversidad de actores acad\u00e9micos, empresariales y civiles que se suscribieron al acuerdo.<\/p>\n\n\n\n<p>El dirigente concluy\u00f3 diciendo que la iniciativa no es del PRM y que &#8220;lo m\u00e1s importante es que es un pacto en el que ha participado toda la sociedad y alrededor de 29 partidos pol\u00edticos&#8221;.<\/p>\n\n\n\n<p>Ayer el presidente Luis Abinader, junto diversos representantes de la sociedad firmaron una alianza nacional para abordar la crisis haitiana como una estrategia para fijar la ruta que seguir\u00e1 la Rep\u00fablica Dominicana con relaci\u00f3n a la crisis fronteriza. En este contexto, los tres principales partidos opositores (PLD, FP y PRD) rechazaron el acuerdo.<\/p>\n\n\n\n<p>Fuente Diario Libre<\/p>\n","protected":false},"excerpt":{"rendered":"<p>El vicepresidente del partido, Eddy Olivares afirm\u00f3 que estas organizaciones antepusieron el inter\u00e9s de la naci\u00f3n por razones electorales. El vicepresidente del Partido Revolucionario Moderno (PRM), Eddy Olivares, afirm\u00f3 que&hellip;<\/p>\n","protected":false},"author":2,"featured_media":65345,"comment_status":"open","ping_status":"open","sticky":false,"template":"","format":"standard","meta":{"content-type":"","jetpack_post_was_ever_published":false,"_jetpack_newsletter_access":"","_jetpack_dont_email_post_to_subs":false,"_jetpack_newsletter_tier_id":0,"_jetpack_memberships_contains_paywalled_content":false,"_jetpack_memberships_contains_paid_content":false,"footnotes":""},"categories":[25],"tags":[1927,217,341,611,31],"class_list":["post-65344","post","type-post","status-publish","format-standard","has-post-thumbnail","hentry","category-portada","tag-error","tag-haiti","tag-oposicion","tag-pacto","tag-prm"],"jetpack_featured_media_url":"https:\/\/lasprimeras.com.do\/wp-content\/uploads\/2023\/10\/Eddy-Olivares.jpg","jetpack-related-posts":[{"id":105102,"url":"https:\/\/lasprimeras.com.do\/index.php\/2025\/07\/30\/johnny-pujols-advierte-sobre-riesgos-para-la-democracia-y-senala-errores-del-prm\/","url_meta":{"origin":65344,"position":0},"title":"Johnny Pujols advierte sobre riesgos para la democracia y se\u00f1ala errores del PRM","author":"Nelson Feliz","date":"30 de julio de 2025","format":false,"excerpt":"\u201cLa Rep\u00fablica Dominicana tiene un sistema de partidos fuerte que debemos cuidar como un tesoro, pues de ello depende la estabilidad pol\u00edtica y social del pa\u00eds\u201d, sostuvo Johnny Pujols, Sec Gral. del PLD. El Secretario General del Partido de la Liberaci\u00f3n Dominicana (PLD), Johnny Pujols, afirm\u00f3 que es vital preservar\u2026","rel":"","context":"En \u00abPOLITICA\u00bb","block_context":{"text":"POLITICA","link":"https:\/\/lasprimeras.com.do\/index.php\/category\/politica\/"},"img":{"alt_text":"Johnny Pujols","src":"https:\/\/i0.wp.com\/lasprimeras.com.do\/wp-content\/uploads\/2025\/07\/Johnny-Pujols-2.jpg?resize=350%2C200&ssl=1","width":350,"height":200,"srcset":"https:\/\/i0.wp.com\/lasprimeras.com.do\/wp-content\/uploads\/2025\/07\/Johnny-Pujols-2.jpg?resize=350%2C200&ssl=1 1x, https:\/\/i0.wp.com\/lasprimeras.com.do\/wp-content\/uploads\/2025\/07\/Johnny-Pujols-2.jpg?resize=525%2C300&ssl=1 1.5x, https:\/\/i0.wp.com\/lasprimeras.com.do\/wp-content\/uploads\/2025\/07\/Johnny-Pujols-2.jpg?resize=700%2C400&ssl=1 2x"},"classes":[]},{"id":85493,"url":"https:\/\/lasprimeras.com.do\/index.php\/2024\/06\/30\/eddy-olivares-cuestiona-intromision-de-lf-al-tema-constitucional\/","url_meta":{"origin":65344,"position":1},"title":"Eddy Olivares cuestiona intromisi\u00f3n de LF al tema Constitucional","author":"Nelson Feliz","date":"30 de junio de 2024","format":false,"excerpt":"Advierte Leonel Fern\u00e1ndez no es el due\u00f1o de la Constituci\u00f3n para decir que dicho texto no se toca. El vice presidente Ejecutivo del Partido Revolucionario Moderno, PRM, Eddy olivares, advirti\u00f3 al expresidente Leonel Fern\u00e1ndez que \u00e9l no es due\u00f1o de la Constituci\u00f3n para decir que la Carta Magna no se\u2026","rel":"","context":"En \u00abPORTADA\u00bb","block_context":{"text":"PORTADA","link":"https:\/\/lasprimeras.com.do\/index.php\/category\/portada\/"},"img":{"alt_text":"Eddy Olivares","src":"https:\/\/i0.wp.com\/lasprimeras.com.do\/wp-content\/uploads\/2024\/06\/Eddy-Olivares.jpg?resize=350%2C200&ssl=1","width":350,"height":200,"srcset":"https:\/\/i0.wp.com\/lasprimeras.com.do\/wp-content\/uploads\/2024\/06\/Eddy-Olivares.jpg?resize=350%2C200&ssl=1 1x, https:\/\/i0.wp.com\/lasprimeras.com.do\/wp-content\/uploads\/2024\/06\/Eddy-Olivares.jpg?resize=525%2C300&ssl=1 1.5x"},"classes":[]},{"id":50652,"url":"https:\/\/lasprimeras.com.do\/index.php\/2023\/05\/23\/eddy-olivares-advierte-habra-controles-impedira-uso-recursos-del-estado-en-campana\/","url_meta":{"origin":65344,"position":2},"title":"Eddy Olivares advierte habr\u00e1 controles impedir\u00e1 uso recursos del Estado en campa\u00f1a","author":"prenxa100","date":"23 de mayo de 2023","format":false,"excerpt":"SANTO DOMINGO.- El vicepresidente ejecutivo del Partido Revolucionario Moderno (PRM) Eddy Olivares, advirti\u00f3 que existe la firme voluntad de establecer controles para impedir que se utilicen los recursos del Estado para sacar ventajas en las elecciones internas de esa organizaci\u00f3n. Dijo que por primera vez en la historia democr\u00e1tica del\u2026","rel":"","context":"En \u00abSin categor\u00eda\u00bb","block_context":{"text":"Sin categor\u00eda","link":"https:\/\/lasprimeras.com.do\/index.php\/category\/sin-categoria\/"},"img":{"alt_text":"","src":"","width":0,"height":0},"classes":[]},{"id":69488,"url":"https:\/\/lasprimeras.com.do\/index.php\/2023\/12\/03\/prm-con-alianza-y-sin-alianza-yohan-lopez-gano-las-elecciones-del-colegio-de-abogados\/","url_meta":{"origin":65344,"position":3},"title":"PRM: &#8220;Con alianza y sin alianza Yohan L\u00f3pez gan\u00f3 las elecciones del Colegio de Abogados&#8221;","author":"Nelson Feliz","date":"3 de diciembre de 2023","format":false,"excerpt":"-Se\u00f1ala que la oposici\u00f3n solicit\u00f3 una alianza fuera de los plazos legales, pero que a\u00fan asi L\u00f3pez result\u00f3 el triunfador. El vicepresidente del Partido Revolucionario Moderno (PRM), Eddy Olivares, asegur\u00f3 que Yohan L\u00f3pez gan\u00f3 la presidencia del Colegio de Abogados de la Rep\u00fablica Dominicana (CARD) a\u00fan sum\u00e1ndose los votos de\u2026","rel":"","context":"En \u00abPORTADA\u00bb","block_context":{"text":"PORTADA","link":"https:\/\/lasprimeras.com.do\/index.php\/category\/portada\/"},"img":{"alt_text":"Eddy Olivares","src":"https:\/\/i0.wp.com\/lasprimeras.com.do\/wp-content\/uploads\/2023\/12\/Eddy-Olivares.jpg?resize=350%2C200&ssl=1","width":350,"height":200,"srcset":"https:\/\/i0.wp.com\/lasprimeras.com.do\/wp-content\/uploads\/2023\/12\/Eddy-Olivares.jpg?resize=350%2C200&ssl=1 1x, https:\/\/i0.wp.com\/lasprimeras.com.do\/wp-content\/uploads\/2023\/12\/Eddy-Olivares.jpg?resize=525%2C300&ssl=1 1.5x, https:\/\/i0.wp.com\/lasprimeras.com.do\/wp-content\/uploads\/2023\/12\/Eddy-Olivares.jpg?resize=700%2C400&ssl=1 2x"},"classes":[]},{"id":65440,"url":"https:\/\/lasprimeras.com.do\/index.php\/2023\/10\/28\/partidos-oposicion-dominicanos-explican-ausencia-en-firma-pacto\/","url_meta":{"origin":65344,"position":4},"title":"Partidos oposici\u00f3n dominicanos explican ausencia en firma pacto","author":"BIMARY DE JES\u00daS Matos","date":"28 de octubre de 2023","format":false,"excerpt":"Santo Domingo.-Los principales partidos pol\u00edticos de oposici\u00f3n dominicanos coincidieron hoy en que las medidas adoptadas por el Gobierno sobre Hait\u00ed \u00abson su exclusividad\u00bb, y por esa raz\u00f3n desistieron de la firma del Pacto de Naci\u00f3n. interrogados sobre los motivos que los llevaron a separarse del referido Pacto suscrito la v\u00edspera\u2026","rel":"","context":"En \u00abSin categor\u00eda\u00bb","block_context":{"text":"Sin categor\u00eda","link":"https:\/\/lasprimeras.com.do\/index.php\/category\/sin-categoria\/"},"img":{"alt_text":"","src":"https:\/\/i0.wp.com\/lasprimeras.com.do\/wp-content\/uploads\/2023\/10\/8_Nacionales_15_1p01-4.jpg?resize=350%2C200&ssl=1","width":350,"height":200,"srcset":"https:\/\/i0.wp.com\/lasprimeras.com.do\/wp-content\/uploads\/2023\/10\/8_Nacionales_15_1p01-4.jpg?resize=350%2C200&ssl=1 1x, https:\/\/i0.wp.com\/lasprimeras.com.do\/wp-content\/uploads\/2023\/10\/8_Nacionales_15_1p01-4.jpg?resize=525%2C300&ssl=1 1.5x"},"classes":[]},{"id":77915,"url":"https:\/\/lasprimeras.com.do\/index.php\/2024\/02\/27\/prm-responde-a-criticas-de-la-oposicion-por-elecciones-municipales\/","url_meta":{"origin":65344,"position":5},"title":"PRM responde a cr\u00edticas de la oposici\u00f3n por elecciones municipales","author":"Nelson Feliz","date":"27 de febrero de 2024","format":false,"excerpt":"El partido oficialista revela detalles sobre la transparencia en las elecciones municipales. El Partido Revolucionario Moderno (PRM) respondi\u00f3 que las elecciones municipales del pasado 18 de febrero han sido uno de los procesos m\u00e1s transparentes de la historia. El vicepresidente de la organizaci\u00f3n pol\u00edtica, Eddy Olivares, defini\u00f3 los comicios como\u2026","rel":"","context":"En \u00abSin categor\u00eda\u00bb","block_context":{"text":"Sin categor\u00eda","link":"https:\/\/lasprimeras.com.do\/index.php\/category\/sin-categoria\/"},"img":{"alt_text":"elecciones municipales","src":"https:\/\/i0.wp.com\/lasprimeras.com.do\/wp-content\/uploads\/2024\/02\/elecciones-municipales-1.jpg?resize=350%2C200&ssl=1","width":350,"height":200,"srcset":"https:\/\/i0.wp.com\/lasprimeras.com.do\/wp-content\/uploads\/2024\/02\/elecciones-municipales-1.jpg?resize=350%2C200&ssl=1 1x, https:\/\/i0.wp.com\/lasprimeras.com.do\/wp-content\/uploads\/2024\/02\/elecciones-municipales-1.jpg?resize=525%2C300&ssl=1 1.5x, https:\/\/i0.wp.com\/lasprimeras.com.do\/wp-content\/uploads\/2024\/02\/elecciones-municipales-1.jpg?resize=700%2C400&ssl=1 2x"},"classes":[]}],"jetpack_sharing_enabled":true,"_links":{"self":[{"href":"https:\/\/lasprimeras.com.do\/index.php\/wp-json\/wp\/v2\/posts\/65344","targetHints":{"allow":["GET"]}}],"collection":[{"href":"https:\/\/lasprimeras.com.do\/index.php\/wp-json\/wp\/v2\/posts"}],"about":[{"href":"https:\/\/lasprimeras.com.do\/index.php\/wp-json\/wp\/v2\/types\/post"}],"author":[{"embeddable":true,"href":"https:\/\/lasprimeras.com.do\/index.php\/wp-json\/wp\/v2\/users\/2"}],"replies":[{"embeddable":true,"href":"https:\/\/lasprimeras.com.do\/index.php\/wp-json\/wp\/v2\/comments?post=65344"}],"version-history":[{"count":1,"href":"https:\/\/lasprimeras.com.do\/index.php\/wp-json\/wp\/v2\/posts\/65344\/revisions"}],"predecessor-version":[{"id":65346,"href":"https:\/\/lasprimeras.com.do\/index.php\/wp-json\/wp\/v2\/posts\/65344\/revisions\/65346"}],"wp:featuredmedia":[{"embeddable":true,"href":"https:\/\/lasprimeras.com.do\/index.php\/wp-json\/wp\/v2\/media\/65345"}],"wp:attachment":[{"href":"https:\/\/lasprimeras.com.do\/index.php\/wp-json\/wp\/v2\/media?parent=65344"}],"wp:term":[{"taxonomy":"category","embeddable":true,"href":"https:\/\/lasprimeras.com.do\/index.php\/wp-json\/wp\/v2\/categories?post=65344"},{"taxonomy":"post_tag","embeddable":true,"href":"https:\/\/lasprimeras.com.do\/index.php\/wp-json\/wp\/v2\/tags?post=65344"}],"curies":[{"name":"wp","href":"https:\/\/api.w.org\/{rel}","templated":true}]}}