{"id":65347,"date":"2023-10-27T12:37:12","date_gmt":"2023-10-27T16:37:12","guid":{"rendered":"https:\/\/lasprimeras.com.do\/?p=65347"},"modified":"2023-10-27T12:37:12","modified_gmt":"2023-10-27T16:37:12","slug":"danilo-medina-el-pld-es-el-partido-que-mas-ha-hecho-por-la-republica-dominicana","status":"publish","type":"post","link":"https:\/\/lasprimeras.com.do\/index.php\/2023\/10\/27\/danilo-medina-el-pld-es-el-partido-que-mas-ha-hecho-por-la-republica-dominicana\/","title":{"rendered":"Danilo Medina: &#8220;El PLD es el partido que m\u00e1s ha hecho por la Rep\u00fablica Dominicana&#8221;"},"content":{"rendered":"\n<p>El expresidente de la Rep\u00fablica, Danilo Medina, presidente del Partido de la Liberaci\u00f3n Dominicana (PLD), defini\u00f3 esa organizaci\u00f3n como el partido pol\u00edtico que m\u00e1s ha hecho por la Rep\u00fablica Dominicana, pues ha resuelto los problemas ancestrales del pa\u00eds.<\/p>\n\n\n\n<p>&#8220;Es la organizaci\u00f3n pol\u00edtica que m\u00e1s ha hecho por la Rep\u00fablica Dominicana. En todos los renglones: En salud, vivienda, en educaci\u00f3n, energ\u00eda, el sector agropecuario, en empleos&#8221;, dijo el exmandatario en el encuentro realizado la tarde en Villa la Mata, municipio de la provincia S\u00e1nchez Ram\u00edrez en donde se reuni\u00f3 con productores agropecuarios de all\u00ed, con miembros del PLD y los comunitarios.<\/p>\n\n\n\n<p>El dirigente pelede\u00edsta indic\u00f3 que en los periodos que les toc\u00f3 dirigir se crearon un mill\u00f3n de empleos, es decir 125 mil empleos por a\u00f1o, &#8220;y a eso es que viene Abel (Mart\u00ednez) a la presidencia de la Rep\u00fablica a dar continuidad a ese tipo de acciones&#8221;, agreg\u00f3, exhortando a madrugar para votar morado por el PLD, tanto en las elecciones de febrero como de mayo de 2022.<\/p>\n\n\n\n<p>Medina dijo que el abstencionismo de m\u00e1s de un mill\u00f3n de ciudadanos en las pasadas elecciones, ocasion\u00f3 la situaci\u00f3n de desastre y limitaciones en las que el pueblo dominicano se desenvuelve en la actual gesti\u00f3n de gobierno.<\/p>\n\n\n\n<p>&#8220;Que no se piense en segunda vuelta, pensar en el triunfo en primera vuelta es el objetivo del PLD. Esperamos que el castigo que se est\u00e1 recibiendo en los momentos actuales los obligue a madrugar y votar por todos los candidatos a la alcald\u00eda de la provincia y en mayo masivamente por Abel Mart\u00ednez&#8221;, dijo Danilo Medina.<\/p>\n\n\n\n<p>Defini\u00f3 al PLD como una escuela de servicio que se establece desde su lema &#8220;Servir al Partido para Servir al Pueblo&#8221;. Esa fue la ense\u00f1anza que recibimos del profesor Juan Bosch para servirle al pueblo dominicano, apunt\u00f3.<\/p>\n\n\n\n<p>Danilo Medina le transmiti\u00f3 a los productores agropecuarios y comunitarios de Villa La Mata el Mensaje del candidato presidencial del PLD, Abel Mart\u00ednez, que dar\u00e1 continuidad a todas las obras iniciadas en el pasado gobierno, que han sido abandonadas.<\/p>\n\n\n\n<p>&#8220;Abel les manda a decir, adem\u00e1s, que \u00e9l sabe lo que est\u00e1n pasado, que no se desesperen, que aguanten porque falta poco&#8221;, manifest\u00f3.<\/p>\n\n\n\n<p>Agreg\u00f3 que falta poco para que regrese al Palacio Nacional el partido que hist\u00f3ricamente se ha identificado con el dolor de la gente.<\/p>\n\n\n\n<p>Danilo Medina pronostic\u00f3 un triunfo seguro del PLD y de Abel Mart\u00ednez: &#8220;El PLD ganar\u00e1 las pr\u00f3ximas elecciones y Abel Mart\u00ednez ser\u00e1 el pr\u00f3ximo presidente de la Rep\u00fablica&#8221;.<\/p>\n\n\n\n<p>En esta parte de su intervenci\u00f3n, Danilo Medina dijo que el PLD trabaja con otros partidos para concentrar alianzas, dejando entrever que candidatos de otras organizaciones estar\u00e1n en la boleta peledeista, pero que al momento de asistir al colegio electoral deben votar por el color morado.<\/p>\n\n\n\n<p>Fuente Diario Libre<\/p>\n","protected":false},"excerpt":{"rendered":"<p>El expresidente de la Rep\u00fablica, Danilo Medina, presidente del Partido de la Liberaci\u00f3n Dominicana (PLD), defini\u00f3 esa organizaci\u00f3n como el partido pol\u00edtico que m\u00e1s ha hecho por la Rep\u00fablica Dominicana,&hellip;<\/p>\n","protected":false},"author":2,"featured_media":65348,"comment_status":"open","ping_status":"open","sticky":false,"template":"","format":"standard","meta":{"content-type":"","jetpack_post_was_ever_published":false,"_jetpack_newsletter_access":"","_jetpack_dont_email_post_to_subs":false,"_jetpack_newsletter_tier_id":0,"_jetpack_memberships_contains_paywalled_content":false,"_jetpack_memberships_contains_paid_content":false,"footnotes":""},"categories":[25],"tags":[501,694,269,1226],"class_list":["post-65347","post","type-post","status-publish","format-standard","has-post-thumbnail","hentry","category-portada","tag-danilo-medina","tag-partido","tag-pld","tag-republica-dominicana"],"jetpack_featured_media_url":"https:\/\/lasprimeras.com.do\/wp-content\/uploads\/2023\/10\/Danilo-Medina.jpg","jetpack-related-posts":[{"id":123121,"url":"https:\/\/lasprimeras.com.do\/index.php\/2026\/02\/26\/danilo-lamenta-la-ocurrencia-de-dos-apagones-generales-en-tres-meses-video\/","url_meta":{"origin":65347,"position":0},"title":"Danilo lamenta la ocurrencia de dos apagones generales en tres meses | Video","author":"Nelson Feliz","date":"26 de febrero de 2026","format":false,"excerpt":"El presidente del PLD se muestra esperanzado de los inconvenientes que han generado los Blackout puedan corregirse, porque representan una mala imagen para el pa\u00eds El ex presidente de la Rep\u00fablica, Danilo Medina, presidente del Partido de la Liberaci\u00f3n Dominicana (PLD), al lamentar la ocurrencia de dos apagones generales en\u2026","rel":"","context":"En \u00abPOLITICA\u00bb","block_context":{"text":"POLITICA","link":"https:\/\/lasprimeras.com.do\/index.php\/category\/politica\/"},"img":{"alt_text":"Danilo Medina","src":"https:\/\/i0.wp.com\/lasprimeras.com.do\/wp-content\/uploads\/2026\/02\/Danilo-Medina-4.jpg?resize=350%2C200&ssl=1","width":350,"height":200,"srcset":"https:\/\/i0.wp.com\/lasprimeras.com.do\/wp-content\/uploads\/2026\/02\/Danilo-Medina-4.jpg?resize=350%2C200&ssl=1 1x, https:\/\/i0.wp.com\/lasprimeras.com.do\/wp-content\/uploads\/2026\/02\/Danilo-Medina-4.jpg?resize=525%2C300&ssl=1 1.5x, https:\/\/i0.wp.com\/lasprimeras.com.do\/wp-content\/uploads\/2026\/02\/Danilo-Medina-4.jpg?resize=700%2C400&ssl=1 2x, https:\/\/i0.wp.com\/lasprimeras.com.do\/wp-content\/uploads\/2026\/02\/Danilo-Medina-4.jpg?resize=1050%2C600&ssl=1 3x, https:\/\/i0.wp.com\/lasprimeras.com.do\/wp-content\/uploads\/2026\/02\/Danilo-Medina-4.jpg?resize=1400%2C800&ssl=1 4x"},"classes":[]},{"id":107798,"url":"https:\/\/lasprimeras.com.do\/index.php\/2025\/08\/31\/danilo-medina-la-gente-reconoce-que-con-el-pld-se-vivia-mejor\/","url_meta":{"origin":65347,"position":1},"title":"Danilo Medina : La gente reconoce que con el PLD se vivia mejor","author":"Nelson Feliz","date":"31 de agosto de 2025","format":false,"excerpt":"Danilo Medina: \u201cTenemos la certeza de que el a\u00f1o que viene, a m\u00e1s tardar, el PLD estar\u00e1 encabezando la preferencia electoral en la Rep\u00fablica Dominicana\u201d. El expresidente de la Rep\u00fablica y actual presidente del Partido de la Liberaci\u00f3n Dominicana (PLD), Danilo Medina, afirm\u00f3 que el repunte que muestran las recientes\u2026","rel":"","context":"En \u00abPOLITICA\u00bb","block_context":{"text":"POLITICA","link":"https:\/\/lasprimeras.com.do\/index.php\/category\/politica\/"},"img":{"alt_text":"","src":"https:\/\/i0.wp.com\/lasprimeras.com.do\/wp-content\/uploads\/2025\/08\/DANILO-MEDINA-1-1.jpg?resize=350%2C200&ssl=1","width":350,"height":200,"srcset":"https:\/\/i0.wp.com\/lasprimeras.com.do\/wp-content\/uploads\/2025\/08\/DANILO-MEDINA-1-1.jpg?resize=350%2C200&ssl=1 1x, https:\/\/i0.wp.com\/lasprimeras.com.do\/wp-content\/uploads\/2025\/08\/DANILO-MEDINA-1-1.jpg?resize=525%2C300&ssl=1 1.5x, https:\/\/i0.wp.com\/lasprimeras.com.do\/wp-content\/uploads\/2025\/08\/DANILO-MEDINA-1-1.jpg?resize=700%2C400&ssl=1 2x"},"classes":[]},{"id":125565,"url":"https:\/\/lasprimeras.com.do\/index.php\/2026\/03\/24\/danilo-medina-y-johnny-pujols-se-reunen-con-productores-agropecuarios-y-dirigentes-campesinos\/","url_meta":{"origin":65347,"position":2},"title":"Danilo Medina y Johnny Pujols se re\u00fanen con productores agropecuarios y dirigentes campesinos","author":"Nelson Feliz","date":"24 de marzo de 2026","format":false,"excerpt":"El expresidente de la Rep\u00fablica, Danilo Medina, Presidente del Partido de la Liberaci\u00f3n Dominicana; y Johnny Pujols, Secretario General; recibir\u00e1n este mi\u00e9rcoles representaciones de asociaciones de productores agropecuarios y dirigentes campesinos, con el prop\u00f3sito de escuchar la situaci\u00f3n que les afecta, caracterizada por limitaciones, precariedades y desatenci\u00f3n por parte del\u2026","rel":"","context":"En \u00abPOLITICA\u00bb","block_context":{"text":"POLITICA","link":"https:\/\/lasprimeras.com.do\/index.php\/category\/politica\/"},"img":{"alt_text":"","src":"https:\/\/i0.wp.com\/lasprimeras.com.do\/wp-content\/uploads\/2026\/03\/c9520ebb-2c33-429e-ad03-3a93ba20e11c.jpg?resize=350%2C200&ssl=1","width":350,"height":200,"srcset":"https:\/\/i0.wp.com\/lasprimeras.com.do\/wp-content\/uploads\/2026\/03\/c9520ebb-2c33-429e-ad03-3a93ba20e11c.jpg?resize=350%2C200&ssl=1 1x, https:\/\/i0.wp.com\/lasprimeras.com.do\/wp-content\/uploads\/2026\/03\/c9520ebb-2c33-429e-ad03-3a93ba20e11c.jpg?resize=525%2C300&ssl=1 1.5x, https:\/\/i0.wp.com\/lasprimeras.com.do\/wp-content\/uploads\/2026\/03\/c9520ebb-2c33-429e-ad03-3a93ba20e11c.jpg?resize=700%2C400&ssl=1 2x, https:\/\/i0.wp.com\/lasprimeras.com.do\/wp-content\/uploads\/2026\/03\/c9520ebb-2c33-429e-ad03-3a93ba20e11c.jpg?resize=1050%2C600&ssl=1 3x, https:\/\/i0.wp.com\/lasprimeras.com.do\/wp-content\/uploads\/2026\/03\/c9520ebb-2c33-429e-ad03-3a93ba20e11c.jpg?resize=1400%2C800&ssl=1 4x"},"classes":[]},{"id":107629,"url":"https:\/\/lasprimeras.com.do\/index.php\/2025\/08\/28\/danilo-medina-reafirma-los-simbolos-historicos-del-pld\/","url_meta":{"origin":65347,"position":3},"title":"Danilo Medina reafirma los s\u00edmbolos hist\u00f3ricos del PLD","author":"Nelson Feliz","date":"28 de agosto de 2025","format":false,"excerpt":"Danilo Medina: \u201cSolo existe un Partido de la Liberaci\u00f3n Dominicana, es el de la bandera morada con la estrella amarilla y las siglas PLD\u201d. \u201cSolo existe un Partido de la Liberaci\u00f3n Dominicana, es el de la bandera morada con la estrella amarilla y las siglas PLD\u201d, la aseveraci\u00f3n es del\u2026","rel":"","context":"En \u00abPOLITICA\u00bb","block_context":{"text":"POLITICA","link":"https:\/\/lasprimeras.com.do\/index.php\/category\/politica\/"},"img":{"alt_text":"","src":"https:\/\/i0.wp.com\/lasprimeras.com.do\/wp-content\/uploads\/2025\/08\/Danilo-en-Moca.jpg?resize=350%2C200&ssl=1","width":350,"height":200,"srcset":"https:\/\/i0.wp.com\/lasprimeras.com.do\/wp-content\/uploads\/2025\/08\/Danilo-en-Moca.jpg?resize=350%2C200&ssl=1 1x, https:\/\/i0.wp.com\/lasprimeras.com.do\/wp-content\/uploads\/2025\/08\/Danilo-en-Moca.jpg?resize=525%2C300&ssl=1 1.5x, https:\/\/i0.wp.com\/lasprimeras.com.do\/wp-content\/uploads\/2025\/08\/Danilo-en-Moca.jpg?resize=700%2C400&ssl=1 2x"},"classes":[]},{"id":115319,"url":"https:\/\/lasprimeras.com.do\/index.php\/2025\/11\/20\/danilo-medina-el-gobierno-del-prm-se-deteriora-cada-dia\/","url_meta":{"origin":65347,"position":4},"title":"Danilo Medina: El Gobierno del PRM se deteriora cada d\u00eda","author":"Nelson Feliz","date":"20 de noviembre de 2025","format":false,"excerpt":"Medina asegura que las condiciones est\u00e1n dadas para que el Partido de la Liberaci\u00f3n Dominicana regrese al poder. Exhorta a las y los peledeistas a trabajar sin descanso. El ex presidente de la Rep\u00fablica, Danilo Medina, presidente del Partido de la Liberaci\u00f3n Dominicana (PLD), proclam\u00f3 que son los cuadros de\u2026","rel":"","context":"En \u00abPOLITICA\u00bb","block_context":{"text":"POLITICA","link":"https:\/\/lasprimeras.com.do\/index.php\/category\/politica\/"},"img":{"alt_text":"","src":"https:\/\/i0.wp.com\/lasprimeras.com.do\/wp-content\/uploads\/2025\/11\/jura-sub-4.jpg?resize=350%2C200&ssl=1","width":350,"height":200,"srcset":"https:\/\/i0.wp.com\/lasprimeras.com.do\/wp-content\/uploads\/2025\/11\/jura-sub-4.jpg?resize=350%2C200&ssl=1 1x, https:\/\/i0.wp.com\/lasprimeras.com.do\/wp-content\/uploads\/2025\/11\/jura-sub-4.jpg?resize=525%2C300&ssl=1 1.5x, https:\/\/i0.wp.com\/lasprimeras.com.do\/wp-content\/uploads\/2025\/11\/jura-sub-4.jpg?resize=700%2C400&ssl=1 2x"},"classes":[]},{"id":123124,"url":"https:\/\/lasprimeras.com.do\/index.php\/2026\/02\/25\/gobierno-del-prm-ignora-la-importancia-de-los-profesionales-agropecuarios\/","url_meta":{"origin":65347,"position":5},"title":"Gobierno del PRM ignora la importancia de los profesionales agropecuarios","author":"Nelson Feliz","date":"25 de febrero de 2026","format":false,"excerpt":"Danilo Medina brinda el respaldo del Partido de la Liberaci\u00f3n Dominicana (PLD) a los reclamos de la Asociaci\u00f3n Nacional de Profesionales Agr\u00edcolas (ANPA). El Presidente del Partido de la Liberaci\u00f3n Dominicana (PLD), Danilo Medina, declar\u00f3 que esa organizaci\u00f3n pol\u00edtica brinda su inquebrantable respaldo a la Asociaci\u00f3n Nacional de Profesionales Agr\u00edcolas\u2026","rel":"","context":"En \u00abSin categor\u00eda\u00bb","block_context":{"text":"Sin categor\u00eda","link":"https:\/\/lasprimeras.com.do\/index.php\/category\/sin-categoria\/"},"img":{"alt_text":"","src":"https:\/\/i0.wp.com\/lasprimeras.com.do\/wp-content\/uploads\/2026\/02\/profesionales-agropecuarios.jpg?resize=350%2C200&ssl=1","width":350,"height":200,"srcset":"https:\/\/i0.wp.com\/lasprimeras.com.do\/wp-content\/uploads\/2026\/02\/profesionales-agropecuarios.jpg?resize=350%2C200&ssl=1 1x, https:\/\/i0.wp.com\/lasprimeras.com.do\/wp-content\/uploads\/2026\/02\/profesionales-agropecuarios.jpg?resize=525%2C300&ssl=1 1.5x, https:\/\/i0.wp.com\/lasprimeras.com.do\/wp-content\/uploads\/2026\/02\/profesionales-agropecuarios.jpg?resize=700%2C400&ssl=1 2x"},"classes":[]}],"jetpack_sharing_enabled":true,"_links":{"self":[{"href":"https:\/\/lasprimeras.com.do\/index.php\/wp-json\/wp\/v2\/posts\/65347","targetHints":{"allow":["GET"]}}],"collection":[{"href":"https:\/\/lasprimeras.com.do\/index.php\/wp-json\/wp\/v2\/posts"}],"about":[{"href":"https:\/\/lasprimeras.com.do\/index.php\/wp-json\/wp\/v2\/types\/post"}],"author":[{"embeddable":true,"href":"https:\/\/lasprimeras.com.do\/index.php\/wp-json\/wp\/v2\/users\/2"}],"replies":[{"embeddable":true,"href":"https:\/\/lasprimeras.com.do\/index.php\/wp-json\/wp\/v2\/comments?post=65347"}],"version-history":[{"count":1,"href":"https:\/\/lasprimeras.com.do\/index.php\/wp-json\/wp\/v2\/posts\/65347\/revisions"}],"predecessor-version":[{"id":65349,"href":"https:\/\/lasprimeras.com.do\/index.php\/wp-json\/wp\/v2\/posts\/65347\/revisions\/65349"}],"wp:featuredmedia":[{"embeddable":true,"href":"https:\/\/lasprimeras.com.do\/index.php\/wp-json\/wp\/v2\/media\/65348"}],"wp:attachment":[{"href":"https:\/\/lasprimeras.com.do\/index.php\/wp-json\/wp\/v2\/media?parent=65347"}],"wp:term":[{"taxonomy":"category","embeddable":true,"href":"https:\/\/lasprimeras.com.do\/index.php\/wp-json\/wp\/v2\/categories?post=65347"},{"taxonomy":"post_tag","embeddable":true,"href":"https:\/\/lasprimeras.com.do\/index.php\/wp-json\/wp\/v2\/tags?post=65347"}],"curies":[{"name":"wp","href":"https:\/\/api.w.org\/{rel}","templated":true}]}}