{"id":65353,"date":"2023-10-27T13:06:39","date_gmt":"2023-10-27T17:06:39","guid":{"rendered":"https:\/\/lasprimeras.com.do\/?p=65353"},"modified":"2023-10-27T13:06:39","modified_gmt":"2023-10-27T17:06:39","slug":"luis-el-gallo-ve-una-vil-mentira-informe-relaciona-rd-con-armas","status":"publish","type":"post","link":"https:\/\/lasprimeras.com.do\/index.php\/2023\/10\/27\/luis-el-gallo-ve-una-vil-mentira-informe-relaciona-rd-con-armas\/","title":{"rendered":"Luis \u201cEl Gallo\u201d ve una vil mentira informe relaciona RD con armas"},"content":{"rendered":"\n<p>La Uni\u00f3n Dem\u00f3crata Cristiana -UDC- moviliz\u00f3 a cientos de personas al montar un piquee ante la oficina local de las Naciones Unidas, en protesta por las acusaciones de que la Rep\u00fablica Dominicana es co-responsable del trasiego de armas para las pandillas haitianas.<\/p>\n\n\n\n<p>El presidente de la UDC, Luis Acosta Moreta, Luis \u201cEl Gallo\u201d, entreg\u00f3 una carta dirigida al secretario general de la ONU, Antonio Guterrez, donde califica de una mentira vil y un insulto insoportable, el informe elaborado por una comisi\u00f3n de ese organismo internacional.<\/p>\n\n\n\n<p>Unos 200 motoristas iniciaron el piquete, desfilando con banderas nacionales a todo lo alto, seguidos por las integrantes de Batton Batlle, mientras se escuchaba m\u00fasica popular y notas marciales interpretadas por la Banda Imperial de la UDC.<\/p>\n\n\n\n<p>Amas de casa, madres solteras, j\u00f3venes y obreros se integraron al piquete efectuado en la avenida Anacaona, frente a la delegaci\u00f3n de la ONU en el pa\u00eds.<\/p>\n\n\n\n<p>Los protestantes dec\u00edan con orgullo que eran en su mayor\u00eda residentes en los barrios populares de Santo Domingo, y que a pesar de su pobreza tienen un sentimiento patri\u00f3tico y est\u00e1n siempre listos a luchar por el bien del pa\u00eds.<\/p>\n\n\n\n<p>Dijeron que junto a la UDC y Luis \u201cEl Gallo\u201d apoyan al presidente Luis Abinader por la forma en que ha manejado la provocaci\u00f3n de los haitianos de construir un dique en el cauce del r\u00edo Masacre.<\/p>\n\n\n\n<p>En las palabras centrales del acto, Luis \u201cEl Gallo\u201d subido en el techo de una guagua y con un meg\u00e1fono en las manos, alert\u00f3 al pueblo dominicano de que tenga mucho cuidado al digerir los informes envenenados de organismos internacionales sobre la crisis haitiana.<\/p>\n\n\n\n<p>Destac\u00f3 que tanto la ONU, como la Organizaci\u00f3n de Estados Americanos, calumnian al pa\u00eds y se atrincheran en posiciones de puro corte pro-haitiano, lo cual rechazamos con todas nuestras fuerzas.<\/p>\n\n\n\n<p>A\u00f1adi\u00f3 que la \u00faltima versi\u00f3n falsa y calumniosa fue la emitida por un grupo de expertos de la ONU, donde indicaron que parte de las armas que tienen los pandilleros haitianos, fueron enviadas desde la Rep\u00fablica Dominicana.<\/p>\n\n\n\n<p>Respald\u00f3 la posici\u00f3n del presidente Luis Abinader que rechaz\u00f3 el informe-acusaci\u00f3n de las Naciones Unidas, y lo calific\u00f3 de falso.<\/p>\n","protected":false},"excerpt":{"rendered":"<p>La Uni\u00f3n Dem\u00f3crata Cristiana -UDC- moviliz\u00f3 a cientos de personas al montar un piquee ante la oficina local de las Naciones Unidas, en protesta por las acusaciones de que la&hellip;<\/p>\n","protected":false},"author":2,"featured_media":65354,"comment_status":"open","ping_status":"open","sticky":false,"template":"","format":"standard","meta":{"content-type":"","jetpack_post_was_ever_published":false,"_jetpack_newsletter_access":"","_jetpack_dont_email_post_to_subs":false,"_jetpack_newsletter_tier_id":0,"_jetpack_memberships_contains_paywalled_content":false,"_jetpack_memberships_contains_paid_content":false,"footnotes":""},"categories":[25],"tags":[1923,455,93,1202,1226,2234],"class_list":["post-65353","post","type-post","status-publish","format-standard","has-post-thumbnail","hentry","category-portada","tag-armas","tag-informe","tag-onu","tag-protesta","tag-republica-dominicana","tag-udc"],"jetpack_featured_media_url":"https:\/\/lasprimeras.com.do\/wp-content\/uploads\/2023\/10\/Luis-Acosta-Moreta-4.jpg","jetpack-related-posts":[{"id":115275,"url":"https:\/\/lasprimeras.com.do\/index.php\/2025\/11\/20\/luis-el-gallo-rechaza-denuncias-de-amnistia-internacional-y-senala-son-viles-mentiras\/","url_meta":{"origin":65353,"position":0},"title":"Luis \u201cEl Gallo\u201d rechaza denuncias de Amnist\u00eda Internacional y se\u00f1ala son viles mentiras","author":"Nelson Feliz","date":"20 de noviembre de 2025","format":false,"excerpt":"El presidente de la Uni\u00f3n Dem\u00f3crata Cristiana -UDC-, Luis Acosta Moreta, Luis \u201cEl Gallo\u201d, rechaz\u00f3 hoy por mentirosas y viles las denuncias de Amnist\u00eda Internacional de que en el pa\u00eds se da a las parturientas haitianas un trato racista, discriminatorio y violador de los derechos humanos. Dijo que por el\u2026","rel":"","context":"En \u00abPOLITICA\u00bb","block_context":{"text":"POLITICA","link":"https:\/\/lasprimeras.com.do\/index.php\/category\/politica\/"},"img":{"alt_text":"","src":"https:\/\/i0.wp.com\/lasprimeras.com.do\/wp-content\/uploads\/2025\/11\/Luis-Acosta-Moreta.jpeg?resize=350%2C200&ssl=1","width":350,"height":200,"srcset":"https:\/\/i0.wp.com\/lasprimeras.com.do\/wp-content\/uploads\/2025\/11\/Luis-Acosta-Moreta.jpeg?resize=350%2C200&ssl=1 1x, https:\/\/i0.wp.com\/lasprimeras.com.do\/wp-content\/uploads\/2025\/11\/Luis-Acosta-Moreta.jpeg?resize=525%2C300&ssl=1 1.5x, https:\/\/i0.wp.com\/lasprimeras.com.do\/wp-content\/uploads\/2025\/11\/Luis-Acosta-Moreta.jpeg?resize=700%2C400&ssl=1 2x"},"classes":[]},{"id":72775,"url":"https:\/\/lasprimeras.com.do\/index.php\/2024\/01\/03\/luis-el-gallo-respalda-gobierno-dominicano-por-respuesta-clara-y-tajante-a-senadores-de-ee-uu\/","url_meta":{"origin":65353,"position":1},"title":"Luis \u201cEl Gallo\u201d respalda gobierno dominicano por respuesta clara y tajante a senadores de EE.UU.","author":"Nelson Feliz","date":"3 de enero de 2024","format":false,"excerpt":"Los senadores norteamericanos mienten al acusar a RD de traficar armas a Hait\u00ed. El presidente de la Uni\u00f3n Dem\u00f3crata Cristiana \u2013UDC-, Luis Acosta Moreta, Luis \u201cEl Gallo\u201d, respaldo hoy de modo vertical y tajante, la respuesta del Gobierno a seis senadores dem\u00f3cratas norteamericanos, que acusan a la Rep\u00fablica Dominicana de\u2026","rel":"","context":"En \u00abSin categor\u00eda\u00bb","block_context":{"text":"Sin categor\u00eda","link":"https:\/\/lasprimeras.com.do\/index.php\/category\/sin-categoria\/"},"img":{"alt_text":"Luis Acosta Moreta","src":"https:\/\/i0.wp.com\/lasprimeras.com.do\/wp-content\/uploads\/2024\/01\/WhatsApp-Image-2024-01-02-at-2.04.35-PM-1.webp?resize=350%2C200&ssl=1","width":350,"height":200,"srcset":"https:\/\/i0.wp.com\/lasprimeras.com.do\/wp-content\/uploads\/2024\/01\/WhatsApp-Image-2024-01-02-at-2.04.35-PM-1.webp?resize=350%2C200&ssl=1 1x, https:\/\/i0.wp.com\/lasprimeras.com.do\/wp-content\/uploads\/2024\/01\/WhatsApp-Image-2024-01-02-at-2.04.35-PM-1.webp?resize=525%2C300&ssl=1 1.5x"},"classes":[]},{"id":80121,"url":"https:\/\/lasprimeras.com.do\/index.php\/2024\/04\/04\/luis-el-gallo-rechaza-en-rd-se-practique-racismo-y-plantea-hay-que-deportar-todos-los-ilegales-haitianos\/","url_meta":{"origin":65353,"position":2},"title":"Luis \u201cEl Gallo\u201d rechaza en RD se practique racismo, y plantea hay que deportar todos los ilegales haitianos","author":"BIMARY DE JES\u00daS Matos","date":"4 de abril de 2024","format":false,"excerpt":"Santo Domingo.-El presidente de la Uni\u00f3n Dem\u00f3crata Cristiana \u2013UDC-, Luis Acosta Moreta, Luis \u201cEl Gallo\u201d rechaz\u00f3 hoy que en la Rep\u00fablica Dominicana se practique el racismo y la violaci\u00f3n de los derechos humanos de los haitianos, y destac\u00f3 que las deportaciones de ilegales tienen que continuar. Se\u00f1al\u00f3 que la organizaci\u00f3n\u2026","rel":"","context":"En \u00abSin categor\u00eda\u00bb","block_context":{"text":"Sin categor\u00eda","link":"https:\/\/lasprimeras.com.do\/index.php\/category\/sin-categoria\/"},"img":{"alt_text":"","src":"https:\/\/i0.wp.com\/lasprimeras.com.do\/wp-content\/uploads\/2024\/04\/WhatsApp-Image-2024-04-04-at-7.51.08-AM.jpeg?resize=350%2C200&ssl=1","width":350,"height":200,"srcset":"https:\/\/i0.wp.com\/lasprimeras.com.do\/wp-content\/uploads\/2024\/04\/WhatsApp-Image-2024-04-04-at-7.51.08-AM.jpeg?resize=350%2C200&ssl=1 1x, https:\/\/i0.wp.com\/lasprimeras.com.do\/wp-content\/uploads\/2024\/04\/WhatsApp-Image-2024-04-04-at-7.51.08-AM.jpeg?resize=525%2C300&ssl=1 1.5x, https:\/\/i0.wp.com\/lasprimeras.com.do\/wp-content\/uploads\/2024\/04\/WhatsApp-Image-2024-04-04-at-7.51.08-AM.jpeg?resize=700%2C400&ssl=1 2x, https:\/\/i0.wp.com\/lasprimeras.com.do\/wp-content\/uploads\/2024\/04\/WhatsApp-Image-2024-04-04-at-7.51.08-AM.jpeg?resize=1050%2C600&ssl=1 3x"},"classes":[]},{"id":101361,"url":"https:\/\/lasprimeras.com.do\/index.php\/2025\/06\/20\/luis-el-gallo-denuncia-calumnia-de-la-prensa-internacional-con-rd\/","url_meta":{"origin":65353,"position":3},"title":"Luis \u201cEl Gallo\u201d denuncia calumnia de la prensa internacional con RD","author":"Nelson Feliz","date":"20 de junio de 2025","format":false,"excerpt":"Miente datos de pol\u00edtica migratoria dominicana. El presidente de la Uni\u00f3n Dem\u00f3crata Cristiana \u2013UDC- rechaz\u00f3 hoy la campa\u00f1a de descr\u00e9dito al pa\u00eds que llevan a cabo peri\u00f3dicos y medios de prensa internacionales, bajo el alegato de que se maltrata a los haitianos. Luis Acosta Moreta, Luis \u201cEl Gallo\u201d, pareci\u00f3 que\u2026","rel":"","context":"En \u00abPOLITICA\u00bb","block_context":{"text":"POLITICA","link":"https:\/\/lasprimeras.com.do\/index.php\/category\/politica\/"},"img":{"alt_text":"Luis Acosta Moreta","src":"https:\/\/i0.wp.com\/lasprimeras.com.do\/wp-content\/uploads\/2024\/11\/Luis-Acosta-Moreta.jpg?resize=350%2C200&ssl=1","width":350,"height":200,"srcset":"https:\/\/i0.wp.com\/lasprimeras.com.do\/wp-content\/uploads\/2024\/11\/Luis-Acosta-Moreta.jpg?resize=350%2C200&ssl=1 1x, https:\/\/i0.wp.com\/lasprimeras.com.do\/wp-content\/uploads\/2024\/11\/Luis-Acosta-Moreta.jpg?resize=525%2C300&ssl=1 1.5x, https:\/\/i0.wp.com\/lasprimeras.com.do\/wp-content\/uploads\/2024\/11\/Luis-Acosta-Moreta.jpg?resize=700%2C400&ssl=1 2x"},"classes":[]},{"id":76744,"url":"https:\/\/lasprimeras.com.do\/index.php\/2024\/02\/14\/luis-el-gallo-dice-discurso-abinader-en-onu-fue-valiente-patriotico-y-nacionalista\/","url_meta":{"origin":65353,"position":4},"title":"Luis \u201cEl Gallo\u201d dice discurso Abinader en ONU fue valiente, patri\u00f3tico y nacionalista","author":"Nelson Feliz","date":"14 de febrero de 2024","format":false,"excerpt":"La Uni\u00f3n Dem\u00f3crata Cristiana -UDC- y su l\u00edder Luis Acosta Moreta, Luis \u201cEl Gallo\u201d, saludaron hoy la forma valiente, firme, y patri\u00f3tica en que el presidente Luis Abinader defendi\u00f3 los intereses nacionales, ante el Consejo de Seguridad de las Naciones Unidas, donde habl\u00f3 claro sobre la crisis haitiana. Enfatiz\u00f3 que\u2026","rel":"","context":"En \u00abPORTADA\u00bb","block_context":{"text":"PORTADA","link":"https:\/\/lasprimeras.com.do\/index.php\/category\/portada\/"},"img":{"alt_text":"Luis Abinader","src":"https:\/\/i0.wp.com\/lasprimeras.com.do\/wp-content\/uploads\/2024\/02\/Luis-Abinader-5.jpg?resize=350%2C200&ssl=1","width":350,"height":200,"srcset":"https:\/\/i0.wp.com\/lasprimeras.com.do\/wp-content\/uploads\/2024\/02\/Luis-Abinader-5.jpg?resize=350%2C200&ssl=1 1x, https:\/\/i0.wp.com\/lasprimeras.com.do\/wp-content\/uploads\/2024\/02\/Luis-Abinader-5.jpg?resize=525%2C300&ssl=1 1.5x, https:\/\/i0.wp.com\/lasprimeras.com.do\/wp-content\/uploads\/2024\/02\/Luis-Abinader-5.jpg?resize=700%2C400&ssl=1 2x"},"classes":[]},{"id":101691,"url":"https:\/\/lasprimeras.com.do\/index.php\/2025\/06\/25\/luis-el-gallo-la-udc-tiene-compromiso-con-el-fortalecimiento-de-la-democracia-e-institucionalidad\/","url_meta":{"origin":65353,"position":5},"title":"Luis \u201cEl Gallo\u201d: \u201cLa UDC tiene compromiso con el fortalecimiento de la democracia e institucionalidad\u201d","author":"Nelson Feliz","date":"25 de junio de 2025","format":false,"excerpt":"El presidente de la Uni\u00f3n Dem\u00f3crata Cristiana \u2013UDC-, Luis Acosta Moreta, Luis \u201cEl Gallo\u201d, dijo hoy que tiene un compromiso con el fortalecimiento de la democracia, las libertades p\u00fablicas y la acci\u00f3n social. Destac\u00f3 que los principios b\u00e1sicos de la UDC llevan a su partido a ser un baluarte en\u2026","rel":"","context":"En \u00abPOLITICA\u00bb","block_context":{"text":"POLITICA","link":"https:\/\/lasprimeras.com.do\/index.php\/category\/politica\/"},"img":{"alt_text":"Luis Acosta Moreta","src":"https:\/\/i0.wp.com\/lasprimeras.com.do\/wp-content\/uploads\/2025\/06\/Luis-Acosta-Moreta-1.jpg?resize=350%2C200&ssl=1","width":350,"height":200,"srcset":"https:\/\/i0.wp.com\/lasprimeras.com.do\/wp-content\/uploads\/2025\/06\/Luis-Acosta-Moreta-1.jpg?resize=350%2C200&ssl=1 1x, https:\/\/i0.wp.com\/lasprimeras.com.do\/wp-content\/uploads\/2025\/06\/Luis-Acosta-Moreta-1.jpg?resize=525%2C300&ssl=1 1.5x, https:\/\/i0.wp.com\/lasprimeras.com.do\/wp-content\/uploads\/2025\/06\/Luis-Acosta-Moreta-1.jpg?resize=700%2C400&ssl=1 2x"},"classes":[]}],"jetpack_sharing_enabled":true,"_links":{"self":[{"href":"https:\/\/lasprimeras.com.do\/index.php\/wp-json\/wp\/v2\/posts\/65353","targetHints":{"allow":["GET"]}}],"collection":[{"href":"https:\/\/lasprimeras.com.do\/index.php\/wp-json\/wp\/v2\/posts"}],"about":[{"href":"https:\/\/lasprimeras.com.do\/index.php\/wp-json\/wp\/v2\/types\/post"}],"author":[{"embeddable":true,"href":"https:\/\/lasprimeras.com.do\/index.php\/wp-json\/wp\/v2\/users\/2"}],"replies":[{"embeddable":true,"href":"https:\/\/lasprimeras.com.do\/index.php\/wp-json\/wp\/v2\/comments?post=65353"}],"version-history":[{"count":1,"href":"https:\/\/lasprimeras.com.do\/index.php\/wp-json\/wp\/v2\/posts\/65353\/revisions"}],"predecessor-version":[{"id":65355,"href":"https:\/\/lasprimeras.com.do\/index.php\/wp-json\/wp\/v2\/posts\/65353\/revisions\/65355"}],"wp:featuredmedia":[{"embeddable":true,"href":"https:\/\/lasprimeras.com.do\/index.php\/wp-json\/wp\/v2\/media\/65354"}],"wp:attachment":[{"href":"https:\/\/lasprimeras.com.do\/index.php\/wp-json\/wp\/v2\/media?parent=65353"}],"wp:term":[{"taxonomy":"category","embeddable":true,"href":"https:\/\/lasprimeras.com.do\/index.php\/wp-json\/wp\/v2\/categories?post=65353"},{"taxonomy":"post_tag","embeddable":true,"href":"https:\/\/lasprimeras.com.do\/index.php\/wp-json\/wp\/v2\/tags?post=65353"}],"curies":[{"name":"wp","href":"https:\/\/api.w.org\/{rel}","templated":true}]}}